{"id":6139,"date":"2023-06-06T12:13:17","date_gmt":"2023-06-06T12:13:17","guid":{"rendered":"https:\/\/macite.tg\/?p=6139"},"modified":"2023-06-06T12:46:02","modified_gmt":"2023-06-06T12:46:02","slug":"du-sport-a-la-politique-top-12-des-legendes-sportives-devenues-celebres","status":"publish","type":"post","link":"https:\/\/macite.tg\/?p=6139","title":{"rendered":"DU SPORT A LA POLITIQUE\u00a0: Top 14 de ces l\u00e9gendes sportives devenues \u2026"},"content":{"rendered":"\n<p class=\"wp-block-paragraph\"><strong><em>Du sport \u00e0 la politique. Ils sont nombreux \u00e0 franchir cette ligne mince comme un filon. Beaucoup ont tent\u00e9 le coup et \u00e7a leur marche \u00e0 merveille, vue leur statut de l\u00e9gendes sportives, ils ont \u00e9t\u00e9 vite accept\u00e9s dans leur nouveau cadre professionnel, la politique. De P\u00e9l\u00e9 \u00e0 Vitali Klitschko, en passant par Romario, Manny Pacquiao, \u2026la liste est longue.<\/em><\/strong><\/p>\n\n\n\n<p class=\"wp-block-paragraph\"><strong><em>D\u00e9couvrez ces figures embl\u00e9matiques du sport qui ont pr\u00e9f\u00e9r\u00e9 d\u00e9sormais les belles vestes\u2026.<\/em><\/strong><strong><em><\/em><\/strong><\/p>\n\n\n<div class=\"wp-block-image\">\n<figure class=\"alignright size-full is-resized\"><img loading=\"lazy\" decoding=\"async\" src=\"https:\/\/macite.tg\/wp-content\/uploads\/2023\/06\/Pele.jpg\" alt=\"\" class=\"wp-image-6142\" width=\"179\" height=\"115\" srcset=\"https:\/\/macite.tg\/wp-content\/uploads\/2023\/06\/Pele.jpg 645w, https:\/\/macite.tg\/wp-content\/uploads\/2023\/06\/Pele-300x193.jpg 300w, https:\/\/macite.tg\/wp-content\/uploads\/2023\/06\/Pele-625x400.jpg 625w\" sizes=\"auto, (max-width: 179px) 100vw, 179px\" \/><\/figure>\n<\/div>\n\n\n<p class=\"wp-block-paragraph\">1- Le l\u00e9gendaire joueur br\u00e9silien Pel\u00e9 \u00e9tait ministre des sports.<\/p>\n\n\n<div class=\"wp-block-image\">\n<figure class=\"alignleft size-full is-resized\"><img loading=\"lazy\" decoding=\"async\" src=\"https:\/\/macite.tg\/wp-content\/uploads\/2023\/06\/Romario.jpg\" alt=\"\" class=\"wp-image-6143\" width=\"214\" height=\"133\" srcset=\"https:\/\/macite.tg\/wp-content\/uploads\/2023\/06\/Romario.jpg 667w, https:\/\/macite.tg\/wp-content\/uploads\/2023\/06\/Romario-300x187.jpg 300w, https:\/\/macite.tg\/wp-content\/uploads\/2023\/06\/Romario-664x415.jpg 664w\" sizes=\"auto, (max-width: 214px) 100vw, 214px\" \/><\/figure>\n<\/div>\n\n\n<p class=\"wp-block-paragraph\"><\/p>\n\n\n\n<p class=\"wp-block-paragraph\">2- L&rsquo;ancien attaquant br\u00e9silien Romario en 2021 nomm\u00e9 au poste de vice-pr\u00e9sident du S\u00e9nat<\/p>\n\n\n<div class=\"wp-block-image\">\n<figure class=\"alignright size-full is-resized\"><img loading=\"lazy\" decoding=\"async\" src=\"https:\/\/macite.tg\/wp-content\/uploads\/2023\/06\/Vitali-Klitschko-boxe.jpg\" alt=\"\" class=\"wp-image-6144\" width=\"218\" height=\"124\" srcset=\"https:\/\/macite.tg\/wp-content\/uploads\/2023\/06\/Vitali-Klitschko-boxe.jpg 725w, https:\/\/macite.tg\/wp-content\/uploads\/2023\/06\/Vitali-Klitschko-boxe-300x172.jpg 300w\" sizes=\"auto, (max-width: 218px) 100vw, 218px\" \/><\/figure>\n<\/div>\n\n\n<p class=\"wp-block-paragraph\"><\/p>\n\n\n\n<p class=\"wp-block-paragraph\">3- L&rsquo;ancien champion du monde de boxe poids lourd, Vitali Klitschko, a \u00e9t\u00e9 r\u00e9\u00e9lu maire de Kiev en 2015.<\/p>\n\n\n<div class=\"wp-block-image\">\n<figure class=\"alignleft size-full is-resized\"><img loading=\"lazy\" decoding=\"async\" src=\"https:\/\/macite.tg\/wp-content\/uploads\/2023\/06\/Arnold.jpg\" alt=\"\" class=\"wp-image-6145\" width=\"250\" height=\"150\" srcset=\"https:\/\/macite.tg\/wp-content\/uploads\/2023\/06\/Arnold.jpg 690w, https:\/\/macite.tg\/wp-content\/uploads\/2023\/06\/Arnold-300x180.jpg 300w\" sizes=\"auto, (max-width: 250px) 100vw, 250px\" \/><\/figure>\n<\/div>\n\n\n<p class=\"wp-block-paragraph\"><\/p>\n\n\n\n<p class=\"wp-block-paragraph\"><\/p>\n\n\n\n<p class=\"wp-block-paragraph\"><\/p>\n\n\n\n<p class=\"wp-block-paragraph\"><\/p>\n\n\n\n<p class=\"wp-block-paragraph\">4- Arnold Schwarzenegger, l&rsquo;un des plus grands culturistes de tous les temps, a \u00e9t\u00e9 gouverneur de Californie de 2003 \u00e0 2011.<\/p>\n\n\n<div class=\"wp-block-image\">\n<figure class=\"alignright size-full is-resized\"><img loading=\"lazy\" decoding=\"async\" src=\"https:\/\/macite.tg\/wp-content\/uploads\/2023\/06\/AA1c966o.jpg\" alt=\"\" class=\"wp-image-6153\" width=\"287\" height=\"176\" srcset=\"https:\/\/macite.tg\/wp-content\/uploads\/2023\/06\/AA1c966o.jpg 673w, https:\/\/macite.tg\/wp-content\/uploads\/2023\/06\/AA1c966o-300x185.jpg 300w\" sizes=\"auto, (max-width: 287px) 100vw, 287px\" \/><\/figure>\n<\/div>\n\n\n<p class=\"wp-block-paragraph\"><\/p>\n\n\n\n<p class=\"wp-block-paragraph\"><\/p>\n\n\n\n<p class=\"wp-block-paragraph\">5- George Weah, ancien attaquant du Milan AC, a \u00e9t\u00e9 \u00e9lu pr\u00e9sident du Liberia en 2018.<\/p>\n\n\n\n<p class=\"wp-block-paragraph\"><\/p>\n\n\n\n<p class=\"wp-block-paragraph\"><\/p>\n\n\n\n<p class=\"wp-block-paragraph\">6-L&rsquo;un des meilleurs gardiens de but des ann\u00e9es 1980, ancien de la Fiorentina, de Milan, de Naples, de Turin et de Parme, Giovanni Galli a \u00e9t\u00e9 candidat \u00e0 la mairie de Florence lors des \u00e9lections locales de 2009.<\/p>\n\n\n<div class=\"wp-block-image\">\n<figure class=\"alignleft size-full is-resized\"><img loading=\"lazy\" decoding=\"async\" src=\"https:\/\/macite.tg\/wp-content\/uploads\/2023\/06\/Giovani.jpg\" alt=\"\" class=\"wp-image-6146\" width=\"275\" height=\"157\" srcset=\"https:\/\/macite.tg\/wp-content\/uploads\/2023\/06\/Giovani.jpg 730w, https:\/\/macite.tg\/wp-content\/uploads\/2023\/06\/Giovani-300x171.jpg 300w\" sizes=\"auto, (max-width: 275px) 100vw, 275px\" \/><\/figure>\n<\/div>\n\n\n<p class=\"wp-block-paragraph\"><\/p>\n\n\n\n<p class=\"wp-block-paragraph\"><\/p>\n\n\n\n<p class=\"wp-block-paragraph\">7- Gianni Rivera, l\u00e9gende du Milan AC, a \u00e9t\u00e9 sous-secr\u00e9taire \u00e0 la d\u00e9fense et membre du Parlement europ\u00e9en.<\/p>\n\n\n\n<p class=\"wp-block-paragraph\">8- La star de l&rsquo;escrime Valentina Vezzali a \u00e9t\u00e9 sous-secr\u00e9taire charg\u00e9e des sports dans le gouvernement Draghi en Italie.<\/p>\n\n\n<div class=\"wp-block-image\">\n<figure class=\"alignright size-full is-resized\"><img loading=\"lazy\" decoding=\"async\" src=\"https:\/\/macite.tg\/wp-content\/uploads\/2023\/06\/Gianni-Rivera.jpg\" alt=\"\" class=\"wp-image-6147\" width=\"243\" height=\"159\" srcset=\"https:\/\/macite.tg\/wp-content\/uploads\/2023\/06\/Gianni-Rivera.jpg 636w, https:\/\/macite.tg\/wp-content\/uploads\/2023\/06\/Gianni-Rivera-300x196.jpg 300w\" sizes=\"auto, (max-width: 243px) 100vw, 243px\" \/><\/figure>\n<\/div>\n\n\n<p class=\"wp-block-paragraph\"><\/p>\n\n\n\n<p class=\"wp-block-paragraph\">9- Manny Pacquiao : l\u00e9gende de la boxe et s\u00e9nateur des Philippines depuis 6 ans<\/p>\n\n\n\n<p class=\"wp-block-paragraph\">10- Pilote de Formule 1 pendant onze saisons (il a pilot\u00e9 Brabham, Ferrari, Lotus et Williams), Carlos Reutemann a \u00e9t\u00e9 gouverneur de la province de Santa Fe de 2003 \u00e0 2021, ann\u00e9e de son d\u00e9c\u00e8s.<\/p>\n\n\n<div class=\"wp-block-image\">\n<figure class=\"alignleft size-full is-resized\"><img loading=\"lazy\" decoding=\"async\" src=\"https:\/\/macite.tg\/wp-content\/uploads\/2023\/06\/Josefa-Idem.jpg\" alt=\"\" class=\"wp-image-6148\" width=\"321\" height=\"184\" srcset=\"https:\/\/macite.tg\/wp-content\/uploads\/2023\/06\/Josefa-Idem.jpg 722w, https:\/\/macite.tg\/wp-content\/uploads\/2023\/06\/Josefa-Idem-300x172.jpg 300w\" sizes=\"auto, (max-width: 321px) 100vw, 321px\" \/><\/figure>\n<\/div>\n\n\n<p class=\"wp-block-paragraph\">11- L&rsquo;ancienne championne de cano\u00eb, Josefa Idem, cinq m\u00e9daill\u00e9s olympiques dans sa carri\u00e8re, a \u00e9t\u00e9 ministre de l&rsquo;\u00e9galit\u00e9 des chances et des sports.<\/p>\n\n\n\n<p class=\"wp-block-paragraph\"><\/p>\n\n\n<div class=\"wp-block-image\">\n<figure class=\"alignright size-full is-resized\"><img loading=\"lazy\" decoding=\"async\" src=\"https:\/\/macite.tg\/wp-content\/uploads\/2023\/06\/Jon-Runyan.jpg\" alt=\"\" class=\"wp-image-6150\" width=\"259\" height=\"146\" srcset=\"https:\/\/macite.tg\/wp-content\/uploads\/2023\/06\/Jon-Runyan.jpg 738w, https:\/\/macite.tg\/wp-content\/uploads\/2023\/06\/Jon-Runyan-300x169.jpg 300w, https:\/\/macite.tg\/wp-content\/uploads\/2023\/06\/Jon-Runyan-730x415.jpg 730w\" sizes=\"auto, (max-width: 259px) 100vw, 259px\" \/><\/figure>\n<\/div>\n\n\n<p class=\"wp-block-paragraph\">12- \u00c9lu maire de V\u00e9rone en 2022, Damiano Tommasi a jou\u00e9 pendant 10 saisons en S\u00e9rie A avec la Roma.<\/p>\n\n\n\n<p class=\"wp-block-paragraph\">13-Jon Runyan : ancien joueur de la NFL et membre du parti r\u00e9publicain des \u00c9tats-Unis.<\/p>\n\n\n\n<p class=\"wp-block-paragraph\">14+-Samuel Eto&rsquo;o Fils, la star camerounaise de football, est devenue, il y a quelques mois, pr\u00e9sident de la f\u00e9d\u00e9ration nationale de football.<\/p>\n\n\n\n<p class=\"wp-block-paragraph\"><strong><em>@macite.tg<\/em><\/strong><\/p>\n\n\n\n<p class=\"wp-block-paragraph\"><strong><em>E-mail&nbsp;: <\/em><\/strong><a href=\"mailto:maciteinfo@gmail.com\"><strong><em>maciteinfo@gmail.com<\/em><\/strong><\/a><strong><em>; <\/em><\/strong><a href=\"mailto:bawela1@gmail.com\"><strong><em>bawela1@gmail.com<\/em><\/strong><\/a><\/p>\n\n\n\n<p class=\"wp-block-paragraph\"><strong><em>Pour vos annonces, (publi)reportages, etc., joignez nous au (00228)91515309\/<strong>79872224 <\/strong>www.macite.tg, L\u2019information, la bonne&nbsp;!<\/em><\/strong><\/p>\n","protected":false},"excerpt":{"rendered":"<p class=\"text-justify mb-2\" >Du sport \u00e0 la politique. Ils sont nombreux \u00e0 franchir cette ligne mince comme un filon. Beaucoup ont tent\u00e9 le coup et \u00e7a leur marche \u00e0 merveille, vue leur statut de l\u00e9gendes sportives, ils ont \u00e9t\u00e9 vite accept\u00e9s dans leur nouveau cadre professionnel, la politique. [&hellip;]<\/p>\n","protected":false},"author":2,"featured_media":6152,"comment_status":"open","ping_status":"open","sticky":false,"template":"","format":"standard","meta":{"footnotes":""},"categories":[20,7],"tags":[],"class_list":["post-6139","post","type-post","status-publish","format-standard","has-post-thumbnail","hentry","category-actualite","category-sports"],"yoast_head":"<!-- This site is optimized with the Yoast SEO plugin v28.4 - https:\/\/yoast.com\/product\/yoast-seo-wordpress\/ -->\n<title>DU SPORT A LA POLITIQUE\u00a0: Top 14 de ces l\u00e9gendes sportives devenues \u2026 -<\/title>\n<meta name=\"robots\" content=\"index, follow, max-snippet:-1, max-image-preview:large, max-video-preview:-1\" \/>\n<link rel=\"canonical\" href=\"https:\/\/macite.tg\/?p=6139\" \/>\n<meta property=\"og:locale\" content=\"fr_FR\" \/>\n<meta property=\"og:type\" content=\"article\" \/>\n<meta property=\"og:title\" content=\"DU SPORT A LA POLITIQUE\u00a0: Top 14 de ces l\u00e9gendes sportives devenues \u2026 -\" \/>\n<meta property=\"og:description\" content=\"Du sport \u00e0 la politique. Ils sont nombreux \u00e0 franchir cette ligne mince comme un filon. Beaucoup ont tent\u00e9 le coup et \u00e7a leur marche \u00e0 merveille, vue leur statut de l\u00e9gendes sportives, ils ont \u00e9t\u00e9 vite accept\u00e9s dans leur nouveau cadre professionnel, la politique. [&hellip;]\" \/>\n<meta property=\"og:url\" content=\"https:\/\/macite.tg\/?p=6139\" \/>\n<meta property=\"article:published_time\" content=\"2023-06-06T12:13:17+00:00\" \/>\n<meta property=\"article:modified_time\" content=\"2023-06-06T12:46:02+00:00\" \/>\n<meta property=\"og:image\" content=\"https:\/\/macite.tg\/wp-content\/uploads\/2023\/06\/Du-sport-a-la-politique.jpg\" \/>\n\t<meta property=\"og:image:width\" content=\"500\" \/>\n\t<meta property=\"og:image:height\" content=\"253\" \/>\n\t<meta property=\"og:image:type\" content=\"image\/jpeg\" \/>\n<meta name=\"author\" content=\"Jean Pierre BAWELA\" \/>\n<meta name=\"twitter:card\" content=\"summary_large_image\" \/>\n<meta name=\"twitter:label1\" content=\"\u00c9crit par\" \/>\n\t<meta name=\"twitter:data1\" content=\"Jean Pierre BAWELA\" \/>\n\t<meta name=\"twitter:label2\" content=\"Dur\u00e9e de lecture estim\u00e9e\" \/>\n\t<meta name=\"twitter:data2\" content=\"2 minutes\" \/>\n<script type=\"application\/ld+json\" class=\"yoast-schema-graph\">{\"@context\":\"https:\\\/\\\/schema.org\",\"@graph\":[{\"@type\":\"Article\",\"@id\":\"https:\\\/\\\/macite.tg\\\/?p=6139#article\",\"isPartOf\":{\"@id\":\"https:\\\/\\\/macite.tg\\\/?p=6139\"},\"author\":{\"name\":\"Jean Pierre BAWELA\",\"@id\":\"https:\\\/\\\/macite.tg\\\/#\\\/schema\\\/person\\\/e9f2de7e5dbbe7770a9402c7ce82f5c2\"},\"headline\":\"DU SPORT A LA POLITIQUE\u00a0: Top 14 de ces l\u00e9gendes sportives devenues \u2026\",\"datePublished\":\"2023-06-06T12:13:17+00:00\",\"dateModified\":\"2023-06-06T12:46:02+00:00\",\"mainEntityOfPage\":{\"@id\":\"https:\\\/\\\/macite.tg\\\/?p=6139\"},\"wordCount\":418,\"commentCount\":0,\"image\":{\"@id\":\"https:\\\/\\\/macite.tg\\\/?p=6139#primaryimage\"},\"thumbnailUrl\":\"https:\\\/\\\/macite.tg\\\/wp-content\\\/uploads\\\/2023\\\/06\\\/Du-sport-a-la-politique.jpg\",\"articleSection\":[\"ACTUALITE\",\"SPORTS\"],\"inLanguage\":\"fr-FR\",\"potentialAction\":[{\"@type\":\"CommentAction\",\"name\":\"Comment\",\"target\":[\"https:\\\/\\\/macite.tg\\\/?p=6139#respond\"]}]},{\"@type\":\"WebPage\",\"@id\":\"https:\\\/\\\/macite.tg\\\/?p=6139\",\"url\":\"https:\\\/\\\/macite.tg\\\/?p=6139\",\"name\":\"DU SPORT A LA POLITIQUE\u00a0: Top 14 de ces l\u00e9gendes sportives devenues \u2026 -\",\"isPartOf\":{\"@id\":\"https:\\\/\\\/macite.tg\\\/#website\"},\"primaryImageOfPage\":{\"@id\":\"https:\\\/\\\/macite.tg\\\/?p=6139#primaryimage\"},\"image\":{\"@id\":\"https:\\\/\\\/macite.tg\\\/?p=6139#primaryimage\"},\"thumbnailUrl\":\"https:\\\/\\\/macite.tg\\\/wp-content\\\/uploads\\\/2023\\\/06\\\/Du-sport-a-la-politique.jpg\",\"datePublished\":\"2023-06-06T12:13:17+00:00\",\"dateModified\":\"2023-06-06T12:46:02+00:00\",\"author\":{\"@id\":\"https:\\\/\\\/macite.tg\\\/#\\\/schema\\\/person\\\/e9f2de7e5dbbe7770a9402c7ce82f5c2\"},\"breadcrumb\":{\"@id\":\"https:\\\/\\\/macite.tg\\\/?p=6139#breadcrumb\"},\"inLanguage\":\"fr-FR\",\"potentialAction\":[{\"@type\":\"ReadAction\",\"target\":[\"https:\\\/\\\/macite.tg\\\/?p=6139\"]}]},{\"@type\":\"ImageObject\",\"inLanguage\":\"fr-FR\",\"@id\":\"https:\\\/\\\/macite.tg\\\/?p=6139#primaryimage\",\"url\":\"https:\\\/\\\/macite.tg\\\/wp-content\\\/uploads\\\/2023\\\/06\\\/Du-sport-a-la-politique.jpg\",\"contentUrl\":\"https:\\\/\\\/macite.tg\\\/wp-content\\\/uploads\\\/2023\\\/06\\\/Du-sport-a-la-politique.jpg\",\"width\":500,\"height\":253},{\"@type\":\"BreadcrumbList\",\"@id\":\"https:\\\/\\\/macite.tg\\\/?p=6139#breadcrumb\",\"itemListElement\":[{\"@type\":\"ListItem\",\"position\":1,\"name\":\"Accueil\",\"item\":\"https:\\\/\\\/macite.tg\\\/\"},{\"@type\":\"ListItem\",\"position\":2,\"name\":\"DU SPORT A LA POLITIQUE\u00a0: Top 14 de ces l\u00e9gendes sportives devenues \u2026\"}]},{\"@type\":\"WebSite\",\"@id\":\"https:\\\/\\\/macite.tg\\\/#website\",\"url\":\"https:\\\/\\\/macite.tg\\\/\",\"name\":\"\",\"description\":\"L&#039;information, la bonne!!!\",\"potentialAction\":[{\"@type\":\"SearchAction\",\"target\":{\"@type\":\"EntryPoint\",\"urlTemplate\":\"https:\\\/\\\/macite.tg\\\/?s={search_term_string}\"},\"query-input\":{\"@type\":\"PropertyValueSpecification\",\"valueRequired\":true,\"valueName\":\"search_term_string\"}}],\"inLanguage\":\"fr-FR\"},{\"@type\":\"Person\",\"@id\":\"https:\\\/\\\/macite.tg\\\/#\\\/schema\\\/person\\\/e9f2de7e5dbbe7770a9402c7ce82f5c2\",\"name\":\"Jean Pierre BAWELA\",\"image\":{\"@type\":\"ImageObject\",\"inLanguage\":\"fr-FR\",\"@id\":\"https:\\\/\\\/macite.tg\\\/wp-content\\\/uploads\\\/2023\\\/09\\\/WhatsApp-Image-2023-09-19-at-14.44.41-122x122.jpeg\",\"url\":\"https:\\\/\\\/macite.tg\\\/wp-content\\\/uploads\\\/2023\\\/09\\\/WhatsApp-Image-2023-09-19-at-14.44.41-122x122.jpeg\",\"contentUrl\":\"https:\\\/\\\/macite.tg\\\/wp-content\\\/uploads\\\/2023\\\/09\\\/WhatsApp-Image-2023-09-19-at-14.44.41-122x122.jpeg\",\"caption\":\"Jean Pierre BAWELA\"},\"url\":\"https:\\\/\\\/macite.tg\\\/?author=2\"}]}<\/script>\n<!-- \/ Yoast SEO plugin. -->","yoast_head_json":{"title":"DU SPORT A LA POLITIQUE\u00a0: Top 14 de ces l\u00e9gendes sportives devenues \u2026 -","robots":{"index":"index","follow":"follow","max-snippet":"max-snippet:-1","max-image-preview":"max-image-preview:large","max-video-preview":"max-video-preview:-1"},"canonical":"https:\/\/macite.tg\/?p=6139","og_locale":"fr_FR","og_type":"article","og_title":"DU SPORT A LA POLITIQUE\u00a0: Top 14 de ces l\u00e9gendes sportives devenues \u2026 -","og_description":"Du sport \u00e0 la politique. Ils sont nombreux \u00e0 franchir cette ligne mince comme un filon. Beaucoup ont tent\u00e9 le coup et \u00e7a leur marche \u00e0 merveille, vue leur statut de l\u00e9gendes sportives, ils ont \u00e9t\u00e9 vite accept\u00e9s dans leur nouveau cadre professionnel, la politique. [&hellip;]","og_url":"https:\/\/macite.tg\/?p=6139","article_published_time":"2023-06-06T12:13:17+00:00","article_modified_time":"2023-06-06T12:46:02+00:00","og_image":[{"width":500,"height":253,"url":"https:\/\/macite.tg\/wp-content\/uploads\/2023\/06\/Du-sport-a-la-politique.jpg","type":"image\/jpeg"}],"author":"Jean Pierre BAWELA","twitter_card":"summary_large_image","twitter_misc":{"\u00c9crit par":"Jean Pierre BAWELA","Dur\u00e9e de lecture estim\u00e9e":"2 minutes"},"schema":{"@context":"https:\/\/schema.org","@graph":[{"@type":"Article","@id":"https:\/\/macite.tg\/?p=6139#article","isPartOf":{"@id":"https:\/\/macite.tg\/?p=6139"},"author":{"name":"Jean Pierre BAWELA","@id":"https:\/\/macite.tg\/#\/schema\/person\/e9f2de7e5dbbe7770a9402c7ce82f5c2"},"headline":"DU SPORT A LA POLITIQUE\u00a0: Top 14 de ces l\u00e9gendes sportives devenues \u2026","datePublished":"2023-06-06T12:13:17+00:00","dateModified":"2023-06-06T12:46:02+00:00","mainEntityOfPage":{"@id":"https:\/\/macite.tg\/?p=6139"},"wordCount":418,"commentCount":0,"image":{"@id":"https:\/\/macite.tg\/?p=6139#primaryimage"},"thumbnailUrl":"https:\/\/macite.tg\/wp-content\/uploads\/2023\/06\/Du-sport-a-la-politique.jpg","articleSection":["ACTUALITE","SPORTS"],"inLanguage":"fr-FR","potentialAction":[{"@type":"CommentAction","name":"Comment","target":["https:\/\/macite.tg\/?p=6139#respond"]}]},{"@type":"WebPage","@id":"https:\/\/macite.tg\/?p=6139","url":"https:\/\/macite.tg\/?p=6139","name":"DU SPORT A LA POLITIQUE\u00a0: Top 14 de ces l\u00e9gendes sportives devenues \u2026 -","isPartOf":{"@id":"https:\/\/macite.tg\/#website"},"primaryImageOfPage":{"@id":"https:\/\/macite.tg\/?p=6139#primaryimage"},"image":{"@id":"https:\/\/macite.tg\/?p=6139#primaryimage"},"thumbnailUrl":"https:\/\/macite.tg\/wp-content\/uploads\/2023\/06\/Du-sport-a-la-politique.jpg","datePublished":"2023-06-06T12:13:17+00:00","dateModified":"2023-06-06T12:46:02+00:00","author":{"@id":"https:\/\/macite.tg\/#\/schema\/person\/e9f2de7e5dbbe7770a9402c7ce82f5c2"},"breadcrumb":{"@id":"https:\/\/macite.tg\/?p=6139#breadcrumb"},"inLanguage":"fr-FR","potentialAction":[{"@type":"ReadAction","target":["https:\/\/macite.tg\/?p=6139"]}]},{"@type":"ImageObject","inLanguage":"fr-FR","@id":"https:\/\/macite.tg\/?p=6139#primaryimage","url":"https:\/\/macite.tg\/wp-content\/uploads\/2023\/06\/Du-sport-a-la-politique.jpg","contentUrl":"https:\/\/macite.tg\/wp-content\/uploads\/2023\/06\/Du-sport-a-la-politique.jpg","width":500,"height":253},{"@type":"BreadcrumbList","@id":"https:\/\/macite.tg\/?p=6139#breadcrumb","itemListElement":[{"@type":"ListItem","position":1,"name":"Accueil","item":"https:\/\/macite.tg\/"},{"@type":"ListItem","position":2,"name":"DU SPORT A LA POLITIQUE\u00a0: Top 14 de ces l\u00e9gendes sportives devenues \u2026"}]},{"@type":"WebSite","@id":"https:\/\/macite.tg\/#website","url":"https:\/\/macite.tg\/","name":"","description":"L&#039;information, la bonne!!!","potentialAction":[{"@type":"SearchAction","target":{"@type":"EntryPoint","urlTemplate":"https:\/\/macite.tg\/?s={search_term_string}"},"query-input":{"@type":"PropertyValueSpecification","valueRequired":true,"valueName":"search_term_string"}}],"inLanguage":"fr-FR"},{"@type":"Person","@id":"https:\/\/macite.tg\/#\/schema\/person\/e9f2de7e5dbbe7770a9402c7ce82f5c2","name":"Jean Pierre BAWELA","image":{"@type":"ImageObject","inLanguage":"fr-FR","@id":"https:\/\/macite.tg\/wp-content\/uploads\/2023\/09\/WhatsApp-Image-2023-09-19-at-14.44.41-122x122.jpeg","url":"https:\/\/macite.tg\/wp-content\/uploads\/2023\/09\/WhatsApp-Image-2023-09-19-at-14.44.41-122x122.jpeg","contentUrl":"https:\/\/macite.tg\/wp-content\/uploads\/2023\/09\/WhatsApp-Image-2023-09-19-at-14.44.41-122x122.jpeg","caption":"Jean Pierre BAWELA"},"url":"https:\/\/macite.tg\/?author=2"}]}},"_links":{"self":[{"href":"https:\/\/macite.tg\/index.php?rest_route=\/wp\/v2\/posts\/6139","targetHints":{"allow":["GET"]}}],"collection":[{"href":"https:\/\/macite.tg\/index.php?rest_route=\/wp\/v2\/posts"}],"about":[{"href":"https:\/\/macite.tg\/index.php?rest_route=\/wp\/v2\/types\/post"}],"author":[{"embeddable":true,"href":"https:\/\/macite.tg\/index.php?rest_route=\/wp\/v2\/users\/2"}],"replies":[{"embeddable":true,"href":"https:\/\/macite.tg\/index.php?rest_route=%2Fwp%2Fv2%2Fcomments&post=6139"}],"version-history":[{"count":0,"href":"https:\/\/macite.tg\/index.php?rest_route=\/wp\/v2\/posts\/6139\/revisions"}],"wp:featuredmedia":[{"embeddable":true,"href":"https:\/\/macite.tg\/index.php?rest_route=\/wp\/v2\/media\/6152"}],"wp:attachment":[{"href":"https:\/\/macite.tg\/index.php?rest_route=%2Fwp%2Fv2%2Fmedia&parent=6139"}],"wp:term":[{"taxonomy":"category","embeddable":true,"href":"https:\/\/macite.tg\/index.php?rest_route=%2Fwp%2Fv2%2Fcategories&post=6139"},{"taxonomy":"post_tag","embeddable":true,"href":"https:\/\/macite.tg\/index.php?rest_route=%2Fwp%2Fv2%2Ftags&post=6139"}],"curies":[{"name":"wp","href":"https:\/\/api.w.org\/{rel}","templated":true}]}}