{"id":6136,"date":"2023-06-06T11:32:26","date_gmt":"2023-06-06T11:32:26","guid":{"rendered":"https:\/\/macite.tg\/?p=6136"},"modified":"2023-06-06T11:32:37","modified_gmt":"2023-06-06T11:32:37","slug":"appui-aux-populations-vulnerables-une-unite-de-soins-peripheriques-inauguree-a-fiocondji-lacs","status":"publish","type":"post","link":"https:\/\/macite.tg\/?p=6136","title":{"rendered":"APPUI AUX POPULATIONS VULN\u00c9RABLES\u00a0: Une unit\u00e9 de soins p\u00e9riph\u00e9riques inaugur\u00e9e \u00e0 Fiocondji (Lacs)"},"content":{"rendered":"\n<p class=\"wp-block-paragraph\"><strong><em>Dans le cadre de la mise en \u0153uvre du Programme d\u2019appui aux populations vuln\u00e9rables (PAPV) initi\u00e9 par les plus hautes autorit\u00e9s du pays, une unit\u00e9 de soins p\u00e9riph\u00e9riques a \u00e9t\u00e9 inaugur\u00e9e, vendredi 02 juin dernier, par la ministre et Secr\u00e9taire g\u00e9n\u00e9rale de la Pr\u00e9sidence de la R\u00e9publique,\u00a0Mme Sandra Ablamba Johnson, en pr\u00e9sence des autorit\u00e9s locales mais aussi du ministre du D\u00e9veloppement \u00e0 la base, Myriam Dossou-d\u2019Almeida.<\/em><\/strong><\/p>\n\n\n\n<p class=\"wp-block-paragraph\">Apr\u00e8s l\u2019abattoir moderne, c\u2019est une unit\u00e9 de soins p\u00e9riph\u00e9riques qui a \u00e9t\u00e9 officiellement remise aux autorit\u00e9s locales des Lacs, fin de semaine derni\u00e8re, par les \u00e9missaire de l\u2019ex\u00e9cutif togolais, conduits par la ministre et Secr\u00e9taire g\u00e9n\u00e9rale de la Pr\u00e9sidence.<\/p>\n\n\n\n<figure class=\"wp-block-image size-large\"><img loading=\"lazy\" decoding=\"async\" width=\"1024\" height=\"212\" src=\"https:\/\/macite.tg\/wp-content\/uploads\/2023\/06\/IMG-20230514-WA00962-1024x212.jpg\" alt=\"\" class=\"wp-image-5991\" srcset=\"https:\/\/macite.tg\/wp-content\/uploads\/2023\/06\/IMG-20230514-WA00962-1024x212.jpg 1024w, https:\/\/macite.tg\/wp-content\/uploads\/2023\/06\/IMG-20230514-WA00962-300x62.jpg 300w, https:\/\/macite.tg\/wp-content\/uploads\/2023\/06\/IMG-20230514-WA00962-768x159.jpg 768w, https:\/\/macite.tg\/wp-content\/uploads\/2023\/06\/IMG-20230514-WA00962-1536x318.jpg 1536w, https:\/\/macite.tg\/wp-content\/uploads\/2023\/06\/IMG-20230514-WA00962.jpg 1600w\" sizes=\"auto, (max-width: 1024px) 100vw, 1024px\" \/><\/figure>\n\n\n\n<p class=\"wp-block-paragraph\">Cette unit\u00e9 de soins, r\u00e9alis\u00e9 dans le cadre du Programme d\u2019appui aux populations vuln\u00e9rables (PAPV) a \u00e9t\u00e9 financ\u00e9 par la Soci\u00e9t\u00e9 Autonome de Financement de l\u2019Entretien Routier (SAFER). Elle devra contribuer, par sa proximit\u00e9, \u00e0 faciliter l\u2019acc\u00e8s aux soins des populations de cette zone.<\/p>\n\n\n\n<p class=\"wp-block-paragraph\">Compos\u00e9 de salles de consultation, de soins, d\u2019accouchement et ses suites, de petite chirurgie, d\u2019une pharmacie, entre autres, cet ouvrage r\u00e9alis\u00e9 gr\u00e2ce \u00e0 la volont\u00e9 du chef de l\u2019Etat de r\u00e9pondre aux besoins des populations des Lacs en mati\u00e8re de sant\u00e9 publique, offre d\u00e9j\u00e0 des prestations, notamment en maternit\u00e9, imagerie, consultations, chirurgie, analyses m\u00e9dicales, s\u00e9ances de vaccination, ceci avec des \u00e9quipements modernes, financ\u00e9s par le num\u00e9ro 1 togolais.<\/p>\n\n\n\n<p class=\"wp-block-paragraph\">Cette unit\u00e9 de soins devra permettre aux populations des Lacs, non seulement de se soigner \u00e0 moindre co\u00fbt, mais aussi et surtout de b\u00e9n\u00e9ficier des programmes pr\u00e9sidentiels d\u00e9di\u00e9s \u00e0 la sant\u00e9, entre autres le programme W\u00e9zou. &nbsp;<\/p>\n\n\n<div class=\"wp-block-image\">\n<figure class=\"aligncenter size-large is-resized\"><img loading=\"lazy\" decoding=\"async\" src=\"https:\/\/macite.tg\/wp-content\/uploads\/2023\/06\/Panneau-1-12m2-bis-1024x768.jpg\" alt=\"\" class=\"wp-image-6022\" width=\"532\" height=\"399\" srcset=\"https:\/\/macite.tg\/wp-content\/uploads\/2023\/06\/Panneau-1-12m2-bis-1024x768.jpg 1024w, https:\/\/macite.tg\/wp-content\/uploads\/2023\/06\/Panneau-1-12m2-bis-300x225.jpg 300w, https:\/\/macite.tg\/wp-content\/uploads\/2023\/06\/Panneau-1-12m2-bis-768x576.jpg 768w, https:\/\/macite.tg\/wp-content\/uploads\/2023\/06\/Panneau-1-12m2-bis-1536x1152.jpg 1536w, https:\/\/macite.tg\/wp-content\/uploads\/2023\/06\/Panneau-1-12m2-bis-2048x1536.jpg 2048w\" sizes=\"auto, (max-width: 532px) 100vw, 532px\" \/><\/figure>\n<\/div>\n\n\n<p class=\"wp-block-paragraph\">Ce geste du Chef de l\u2019Etat n\u2019a pas laiss\u00e9 insensibles les b\u00e9n\u00e9ficiaires qui ont t\u00e9moign\u00e9 leur reconnaissance au Pr\u00e9sident de la R\u00e9publique. \u00ab&nbsp;\u00ab&nbsp;<em>Nous remercions beaucoup le chef de l\u2019Etat pour ce joyau qu&rsquo;il a \u00e9quip\u00e9. Nous avons presque tout pour offrir des services de qualit\u00e9 aux patients. La population est contente de cette unit\u00e9 sanitaire parce qu&rsquo;elle ne parcourt plus une grande distance pour se faire soigner<\/em>&nbsp;\u00bb, a soulign\u00e9 le premier responsable de cette formation sanitaire, Hunl\u00e9d\u00e9 Ayayi, Infirmier dipl\u00f4m\u00e9 d\u2019Etat.<\/p>\n\n\n\n<p class=\"wp-block-paragraph\"><strong>La R\u00e9daction<\/strong><\/p>\n\n\n\n<p class=\"wp-block-paragraph\"><strong><em>@macite.tg<\/em><\/strong><\/p>\n\n\n\n<p class=\"wp-block-paragraph\"><strong><em>E-mail&nbsp;: <\/em><\/strong><a href=\"mailto:maciteinfo@gmail.com\"><strong><em>maciteinfo@gmail.com<\/em><\/strong><\/a><strong><em>; <\/em><\/strong><a href=\"mailto:bawela1@gmail.com\"><strong><em>bawela1@gmail.com<\/em><\/strong><\/a><strong><em><\/em><\/strong><\/p>\n\n\n\n<p class=\"wp-block-paragraph\"><strong><em>Pour vos annonces, (publi)reportages, etc., joignez nous au (00228)91515309\/<strong>79872224 <\/strong>www.macite.tg, L\u2019information, la bonne&nbsp;!<\/em><\/strong><\/p>\n","protected":false},"excerpt":{"rendered":"<p class=\"text-justify mb-2\" >Dans le cadre de la mise en \u0153uvre du Programme d\u2019appui aux populations vuln\u00e9rables (PAPV) initi\u00e9 par les plus hautes autorit\u00e9s du pays, une unit\u00e9 de soins p\u00e9riph\u00e9riques a \u00e9t\u00e9 inaugur\u00e9e, vendredi 02 juin dernier, par la ministre et Secr\u00e9taire g\u00e9n\u00e9rale de la Pr\u00e9sidence de [&hellip;]<\/p>\n","protected":false},"author":2,"featured_media":6140,"comment_status":"open","ping_status":"open","sticky":false,"template":"","format":"standard","meta":{"footnotes":""},"categories":[20,5],"tags":[],"class_list":["post-6136","post","type-post","status-publish","format-standard","has-post-thumbnail","hentry","category-actualite","category-sante"],"yoast_head":"<!-- This site is optimized with the Yoast SEO plugin v28.4 - https:\/\/yoast.com\/product\/yoast-seo-wordpress\/ -->\n<title>APPUI AUX POPULATIONS VULN\u00c9RABLES\u00a0: Une unit\u00e9 de soins p\u00e9riph\u00e9riques inaugur\u00e9e \u00e0 Fiocondji (Lacs) -<\/title>\n<meta name=\"robots\" content=\"index, follow, max-snippet:-1, max-image-preview:large, max-video-preview:-1\" \/>\n<link rel=\"canonical\" href=\"https:\/\/macite.tg\/?p=6136\" \/>\n<meta property=\"og:locale\" content=\"fr_FR\" \/>\n<meta property=\"og:type\" content=\"article\" \/>\n<meta property=\"og:title\" content=\"APPUI AUX POPULATIONS VULN\u00c9RABLES\u00a0: Une unit\u00e9 de soins p\u00e9riph\u00e9riques inaugur\u00e9e \u00e0 Fiocondji (Lacs) -\" \/>\n<meta property=\"og:description\" content=\"Dans le cadre de la mise en \u0153uvre du Programme d\u2019appui aux populations vuln\u00e9rables (PAPV) initi\u00e9 par les plus hautes autorit\u00e9s du pays, une unit\u00e9 de soins p\u00e9riph\u00e9riques a \u00e9t\u00e9 inaugur\u00e9e, vendredi 02 juin dernier, par la ministre et Secr\u00e9taire g\u00e9n\u00e9rale de la Pr\u00e9sidence de [&hellip;]\" \/>\n<meta property=\"og:url\" content=\"https:\/\/macite.tg\/?p=6136\" \/>\n<meta property=\"article:published_time\" content=\"2023-06-06T11:32:26+00:00\" \/>\n<meta property=\"article:modified_time\" content=\"2023-06-06T11:32:37+00:00\" \/>\n<meta property=\"og:image\" content=\"https:\/\/macite.tg\/wp-content\/uploads\/2023\/06\/USP-Lacs.jpg\" \/>\n\t<meta property=\"og:image:width\" content=\"500\" \/>\n\t<meta property=\"og:image:height\" content=\"218\" \/>\n\t<meta property=\"og:image:type\" content=\"image\/jpeg\" \/>\n<meta name=\"author\" content=\"Jean Pierre BAWELA\" \/>\n<meta name=\"twitter:card\" content=\"summary_large_image\" \/>\n<meta name=\"twitter:label1\" content=\"\u00c9crit par\" \/>\n\t<meta name=\"twitter:data1\" content=\"Jean Pierre BAWELA\" \/>\n\t<meta name=\"twitter:label2\" content=\"Dur\u00e9e de lecture estim\u00e9e\" \/>\n\t<meta name=\"twitter:data2\" content=\"2 minutes\" \/>\n<script type=\"application\/ld+json\" class=\"yoast-schema-graph\">{\"@context\":\"https:\\\/\\\/schema.org\",\"@graph\":[{\"@type\":\"Article\",\"@id\":\"https:\\\/\\\/macite.tg\\\/?p=6136#article\",\"isPartOf\":{\"@id\":\"https:\\\/\\\/macite.tg\\\/?p=6136\"},\"author\":{\"name\":\"Jean Pierre BAWELA\",\"@id\":\"https:\\\/\\\/macite.tg\\\/#\\\/schema\\\/person\\\/e9f2de7e5dbbe7770a9402c7ce82f5c2\"},\"headline\":\"APPUI AUX POPULATIONS VULN\u00c9RABLES\u00a0: Une unit\u00e9 de soins p\u00e9riph\u00e9riques inaugur\u00e9e \u00e0 Fiocondji (Lacs)\",\"datePublished\":\"2023-06-06T11:32:26+00:00\",\"dateModified\":\"2023-06-06T11:32:37+00:00\",\"mainEntityOfPage\":{\"@id\":\"https:\\\/\\\/macite.tg\\\/?p=6136\"},\"wordCount\":445,\"commentCount\":0,\"image\":{\"@id\":\"https:\\\/\\\/macite.tg\\\/?p=6136#primaryimage\"},\"thumbnailUrl\":\"https:\\\/\\\/macite.tg\\\/wp-content\\\/uploads\\\/2023\\\/06\\\/USP-Lacs.jpg\",\"articleSection\":[\"ACTUALITE\",\"SANTE\"],\"inLanguage\":\"fr-FR\",\"potentialAction\":[{\"@type\":\"CommentAction\",\"name\":\"Comment\",\"target\":[\"https:\\\/\\\/macite.tg\\\/?p=6136#respond\"]}]},{\"@type\":\"WebPage\",\"@id\":\"https:\\\/\\\/macite.tg\\\/?p=6136\",\"url\":\"https:\\\/\\\/macite.tg\\\/?p=6136\",\"name\":\"APPUI AUX POPULATIONS VULN\u00c9RABLES\u00a0: Une unit\u00e9 de soins p\u00e9riph\u00e9riques inaugur\u00e9e \u00e0 Fiocondji (Lacs) -\",\"isPartOf\":{\"@id\":\"https:\\\/\\\/macite.tg\\\/#website\"},\"primaryImageOfPage\":{\"@id\":\"https:\\\/\\\/macite.tg\\\/?p=6136#primaryimage\"},\"image\":{\"@id\":\"https:\\\/\\\/macite.tg\\\/?p=6136#primaryimage\"},\"thumbnailUrl\":\"https:\\\/\\\/macite.tg\\\/wp-content\\\/uploads\\\/2023\\\/06\\\/USP-Lacs.jpg\",\"datePublished\":\"2023-06-06T11:32:26+00:00\",\"dateModified\":\"2023-06-06T11:32:37+00:00\",\"author\":{\"@id\":\"https:\\\/\\\/macite.tg\\\/#\\\/schema\\\/person\\\/e9f2de7e5dbbe7770a9402c7ce82f5c2\"},\"breadcrumb\":{\"@id\":\"https:\\\/\\\/macite.tg\\\/?p=6136#breadcrumb\"},\"inLanguage\":\"fr-FR\",\"potentialAction\":[{\"@type\":\"ReadAction\",\"target\":[\"https:\\\/\\\/macite.tg\\\/?p=6136\"]}]},{\"@type\":\"ImageObject\",\"inLanguage\":\"fr-FR\",\"@id\":\"https:\\\/\\\/macite.tg\\\/?p=6136#primaryimage\",\"url\":\"https:\\\/\\\/macite.tg\\\/wp-content\\\/uploads\\\/2023\\\/06\\\/USP-Lacs.jpg\",\"contentUrl\":\"https:\\\/\\\/macite.tg\\\/wp-content\\\/uploads\\\/2023\\\/06\\\/USP-Lacs.jpg\",\"width\":500,\"height\":218},{\"@type\":\"BreadcrumbList\",\"@id\":\"https:\\\/\\\/macite.tg\\\/?p=6136#breadcrumb\",\"itemListElement\":[{\"@type\":\"ListItem\",\"position\":1,\"name\":\"Accueil\",\"item\":\"https:\\\/\\\/macite.tg\\\/\"},{\"@type\":\"ListItem\",\"position\":2,\"name\":\"APPUI AUX POPULATIONS VULN\u00c9RABLES\u00a0: Une unit\u00e9 de soins p\u00e9riph\u00e9riques inaugur\u00e9e \u00e0 Fiocondji (Lacs)\"}]},{\"@type\":\"WebSite\",\"@id\":\"https:\\\/\\\/macite.tg\\\/#website\",\"url\":\"https:\\\/\\\/macite.tg\\\/\",\"name\":\"\",\"description\":\"L&#039;information, la bonne!!!\",\"potentialAction\":[{\"@type\":\"SearchAction\",\"target\":{\"@type\":\"EntryPoint\",\"urlTemplate\":\"https:\\\/\\\/macite.tg\\\/?s={search_term_string}\"},\"query-input\":{\"@type\":\"PropertyValueSpecification\",\"valueRequired\":true,\"valueName\":\"search_term_string\"}}],\"inLanguage\":\"fr-FR\"},{\"@type\":\"Person\",\"@id\":\"https:\\\/\\\/macite.tg\\\/#\\\/schema\\\/person\\\/e9f2de7e5dbbe7770a9402c7ce82f5c2\",\"name\":\"Jean Pierre BAWELA\",\"image\":{\"@type\":\"ImageObject\",\"inLanguage\":\"fr-FR\",\"@id\":\"https:\\\/\\\/macite.tg\\\/wp-content\\\/uploads\\\/2023\\\/09\\\/WhatsApp-Image-2023-09-19-at-14.44.41-122x122.jpeg\",\"url\":\"https:\\\/\\\/macite.tg\\\/wp-content\\\/uploads\\\/2023\\\/09\\\/WhatsApp-Image-2023-09-19-at-14.44.41-122x122.jpeg\",\"contentUrl\":\"https:\\\/\\\/macite.tg\\\/wp-content\\\/uploads\\\/2023\\\/09\\\/WhatsApp-Image-2023-09-19-at-14.44.41-122x122.jpeg\",\"caption\":\"Jean Pierre BAWELA\"},\"url\":\"https:\\\/\\\/macite.tg\\\/?author=2\"}]}<\/script>\n<!-- \/ Yoast SEO plugin. -->","yoast_head_json":{"title":"APPUI AUX POPULATIONS VULN\u00c9RABLES\u00a0: Une unit\u00e9 de soins p\u00e9riph\u00e9riques inaugur\u00e9e \u00e0 Fiocondji (Lacs) -","robots":{"index":"index","follow":"follow","max-snippet":"max-snippet:-1","max-image-preview":"max-image-preview:large","max-video-preview":"max-video-preview:-1"},"canonical":"https:\/\/macite.tg\/?p=6136","og_locale":"fr_FR","og_type":"article","og_title":"APPUI AUX POPULATIONS VULN\u00c9RABLES\u00a0: Une unit\u00e9 de soins p\u00e9riph\u00e9riques inaugur\u00e9e \u00e0 Fiocondji (Lacs) -","og_description":"Dans le cadre de la mise en \u0153uvre du Programme d\u2019appui aux populations vuln\u00e9rables (PAPV) initi\u00e9 par les plus hautes autorit\u00e9s du pays, une unit\u00e9 de soins p\u00e9riph\u00e9riques a \u00e9t\u00e9 inaugur\u00e9e, vendredi 02 juin dernier, par la ministre et Secr\u00e9taire g\u00e9n\u00e9rale de la Pr\u00e9sidence de [&hellip;]","og_url":"https:\/\/macite.tg\/?p=6136","article_published_time":"2023-06-06T11:32:26+00:00","article_modified_time":"2023-06-06T11:32:37+00:00","og_image":[{"width":500,"height":218,"url":"https:\/\/macite.tg\/wp-content\/uploads\/2023\/06\/USP-Lacs.jpg","type":"image\/jpeg"}],"author":"Jean Pierre BAWELA","twitter_card":"summary_large_image","twitter_misc":{"\u00c9crit par":"Jean Pierre BAWELA","Dur\u00e9e de lecture estim\u00e9e":"2 minutes"},"schema":{"@context":"https:\/\/schema.org","@graph":[{"@type":"Article","@id":"https:\/\/macite.tg\/?p=6136#article","isPartOf":{"@id":"https:\/\/macite.tg\/?p=6136"},"author":{"name":"Jean Pierre BAWELA","@id":"https:\/\/macite.tg\/#\/schema\/person\/e9f2de7e5dbbe7770a9402c7ce82f5c2"},"headline":"APPUI AUX POPULATIONS VULN\u00c9RABLES\u00a0: Une unit\u00e9 de soins p\u00e9riph\u00e9riques inaugur\u00e9e \u00e0 Fiocondji (Lacs)","datePublished":"2023-06-06T11:32:26+00:00","dateModified":"2023-06-06T11:32:37+00:00","mainEntityOfPage":{"@id":"https:\/\/macite.tg\/?p=6136"},"wordCount":445,"commentCount":0,"image":{"@id":"https:\/\/macite.tg\/?p=6136#primaryimage"},"thumbnailUrl":"https:\/\/macite.tg\/wp-content\/uploads\/2023\/06\/USP-Lacs.jpg","articleSection":["ACTUALITE","SANTE"],"inLanguage":"fr-FR","potentialAction":[{"@type":"CommentAction","name":"Comment","target":["https:\/\/macite.tg\/?p=6136#respond"]}]},{"@type":"WebPage","@id":"https:\/\/macite.tg\/?p=6136","url":"https:\/\/macite.tg\/?p=6136","name":"APPUI AUX POPULATIONS VULN\u00c9RABLES\u00a0: Une unit\u00e9 de soins p\u00e9riph\u00e9riques inaugur\u00e9e \u00e0 Fiocondji (Lacs) -","isPartOf":{"@id":"https:\/\/macite.tg\/#website"},"primaryImageOfPage":{"@id":"https:\/\/macite.tg\/?p=6136#primaryimage"},"image":{"@id":"https:\/\/macite.tg\/?p=6136#primaryimage"},"thumbnailUrl":"https:\/\/macite.tg\/wp-content\/uploads\/2023\/06\/USP-Lacs.jpg","datePublished":"2023-06-06T11:32:26+00:00","dateModified":"2023-06-06T11:32:37+00:00","author":{"@id":"https:\/\/macite.tg\/#\/schema\/person\/e9f2de7e5dbbe7770a9402c7ce82f5c2"},"breadcrumb":{"@id":"https:\/\/macite.tg\/?p=6136#breadcrumb"},"inLanguage":"fr-FR","potentialAction":[{"@type":"ReadAction","target":["https:\/\/macite.tg\/?p=6136"]}]},{"@type":"ImageObject","inLanguage":"fr-FR","@id":"https:\/\/macite.tg\/?p=6136#primaryimage","url":"https:\/\/macite.tg\/wp-content\/uploads\/2023\/06\/USP-Lacs.jpg","contentUrl":"https:\/\/macite.tg\/wp-content\/uploads\/2023\/06\/USP-Lacs.jpg","width":500,"height":218},{"@type":"BreadcrumbList","@id":"https:\/\/macite.tg\/?p=6136#breadcrumb","itemListElement":[{"@type":"ListItem","position":1,"name":"Accueil","item":"https:\/\/macite.tg\/"},{"@type":"ListItem","position":2,"name":"APPUI AUX POPULATIONS VULN\u00c9RABLES\u00a0: Une unit\u00e9 de soins p\u00e9riph\u00e9riques inaugur\u00e9e \u00e0 Fiocondji (Lacs)"}]},{"@type":"WebSite","@id":"https:\/\/macite.tg\/#website","url":"https:\/\/macite.tg\/","name":"","description":"L&#039;information, la bonne!!!","potentialAction":[{"@type":"SearchAction","target":{"@type":"EntryPoint","urlTemplate":"https:\/\/macite.tg\/?s={search_term_string}"},"query-input":{"@type":"PropertyValueSpecification","valueRequired":true,"valueName":"search_term_string"}}],"inLanguage":"fr-FR"},{"@type":"Person","@id":"https:\/\/macite.tg\/#\/schema\/person\/e9f2de7e5dbbe7770a9402c7ce82f5c2","name":"Jean Pierre BAWELA","image":{"@type":"ImageObject","inLanguage":"fr-FR","@id":"https:\/\/macite.tg\/wp-content\/uploads\/2023\/09\/WhatsApp-Image-2023-09-19-at-14.44.41-122x122.jpeg","url":"https:\/\/macite.tg\/wp-content\/uploads\/2023\/09\/WhatsApp-Image-2023-09-19-at-14.44.41-122x122.jpeg","contentUrl":"https:\/\/macite.tg\/wp-content\/uploads\/2023\/09\/WhatsApp-Image-2023-09-19-at-14.44.41-122x122.jpeg","caption":"Jean Pierre BAWELA"},"url":"https:\/\/macite.tg\/?author=2"}]}},"_links":{"self":[{"href":"https:\/\/macite.tg\/index.php?rest_route=\/wp\/v2\/posts\/6136","targetHints":{"allow":["GET"]}}],"collection":[{"href":"https:\/\/macite.tg\/index.php?rest_route=\/wp\/v2\/posts"}],"about":[{"href":"https:\/\/macite.tg\/index.php?rest_route=\/wp\/v2\/types\/post"}],"author":[{"embeddable":true,"href":"https:\/\/macite.tg\/index.php?rest_route=\/wp\/v2\/users\/2"}],"replies":[{"embeddable":true,"href":"https:\/\/macite.tg\/index.php?rest_route=%2Fwp%2Fv2%2Fcomments&post=6136"}],"version-history":[{"count":0,"href":"https:\/\/macite.tg\/index.php?rest_route=\/wp\/v2\/posts\/6136\/revisions"}],"wp:featuredmedia":[{"embeddable":true,"href":"https:\/\/macite.tg\/index.php?rest_route=\/wp\/v2\/media\/6140"}],"wp:attachment":[{"href":"https:\/\/macite.tg\/index.php?rest_route=%2Fwp%2Fv2%2Fmedia&parent=6136"}],"wp:term":[{"taxonomy":"category","embeddable":true,"href":"https:\/\/macite.tg\/index.php?rest_route=%2Fwp%2Fv2%2Fcategories&post=6136"},{"taxonomy":"post_tag","embeddable":true,"href":"https:\/\/macite.tg\/index.php?rest_route=%2Fwp%2Fv2%2Ftags&post=6136"}],"curies":[{"name":"wp","href":"https:\/\/api.w.org\/{rel}","templated":true}]}}