{"id":6119,"date":"2023-06-06T10:11:18","date_gmt":"2023-06-06T10:11:18","guid":{"rendered":"https:\/\/macite.tg\/?p=6119"},"modified":"2023-06-06T10:11:31","modified_gmt":"2023-06-06T10:11:31","slug":"recensement-electoral-demarrage-des-operations-denrolement-dans-la-zone-3","status":"publish","type":"post","link":"https:\/\/macite.tg\/?p=6119","title":{"rendered":"RECENSEMENT \u00c9LECTORAL\u00a0: D\u00e9marrage des op\u00e9rations d\u2019enr\u00f4lement dans la zone 3"},"content":{"rendered":"\n<p class=\"wp-block-paragraph\"><strong><em>Le recensement \u00e9lectoral au Togo est dans sa derni\u00e8re phase, avec le d\u00e9marrage, hier lundi 05 juin, des op\u00e9rations d\u2019enr\u00f4lement dans la zone 3.<\/em><\/strong><\/p>\n\n\n\n<p class=\"wp-block-paragraph\">Apr\u00e8s les zones 1 et 2, dans le Sud et le septentrion du pays, ce sont les populations du grand Nord, \u00e2g\u00e9es de 18 ans et plus, qui sont invit\u00e9es \u00e0 se faire \u00e9tablir une carte d\u2019\u00e9lecteur. Les op\u00e9rations d\u2019enr\u00f4lement&nbsp; ont d\u00e9marr\u00e9es hier lundi 05 juin.<\/p>\n\n\n\n<figure class=\"wp-block-image size-large\"><img loading=\"lazy\" decoding=\"async\" width=\"1024\" height=\"212\" src=\"https:\/\/macite.tg\/wp-content\/uploads\/2023\/06\/IMG-20230514-WA00962-1024x212.jpg\" alt=\"\" class=\"wp-image-5991\" srcset=\"https:\/\/macite.tg\/wp-content\/uploads\/2023\/06\/IMG-20230514-WA00962-1024x212.jpg 1024w, https:\/\/macite.tg\/wp-content\/uploads\/2023\/06\/IMG-20230514-WA00962-300x62.jpg 300w, https:\/\/macite.tg\/wp-content\/uploads\/2023\/06\/IMG-20230514-WA00962-768x159.jpg 768w, https:\/\/macite.tg\/wp-content\/uploads\/2023\/06\/IMG-20230514-WA00962-1536x318.jpg 1536w, https:\/\/macite.tg\/wp-content\/uploads\/2023\/06\/IMG-20230514-WA00962.jpg 1600w\" sizes=\"auto, (max-width: 1024px) 100vw, 1024px\" \/><\/figure>\n\n\n\n<p class=\"wp-block-paragraph\">C\u2019est donc parti pour une semaine, au moins, de tractations pour l\u2019obtention de ce pr\u00e9cieux s\u00e9same qui vous permet, le temps venu, d\u2019accomplir votre droit civique, le vote.<\/p>\n\n\n\n<p class=\"wp-block-paragraph\">Apr\u00e8s donc les derniers r\u00e9glages sur le terrain, la Commission \u00e9lectorale nationale ind\u00e9pendante (CENI) a lanc\u00e9 les op\u00e9rations qui se d\u00e9roulent dans les Centres de recensement et de vote (CRV), mobilis\u00e9s \u00e0 cet effet.<\/p>\n\n\n<div class=\"wp-block-image\">\n<figure class=\"aligncenter size-large is-resized\"><img loading=\"lazy\" decoding=\"async\" src=\"https:\/\/macite.tg\/wp-content\/uploads\/2023\/06\/Panneau-2-12m2-1024x768.jpg\" alt=\"\" class=\"wp-image-6024\" width=\"633\" height=\"475\" srcset=\"https:\/\/macite.tg\/wp-content\/uploads\/2023\/06\/Panneau-2-12m2-1024x768.jpg 1024w, https:\/\/macite.tg\/wp-content\/uploads\/2023\/06\/Panneau-2-12m2-300x225.jpg 300w, https:\/\/macite.tg\/wp-content\/uploads\/2023\/06\/Panneau-2-12m2-768x576.jpg 768w, https:\/\/macite.tg\/wp-content\/uploads\/2023\/06\/Panneau-2-12m2-1536x1152.jpg 1536w, https:\/\/macite.tg\/wp-content\/uploads\/2023\/06\/Panneau-2-12m2-2048x1536.jpg 2048w\" sizes=\"auto, (max-width: 633px) 100vw, 633px\" \/><\/figure>\n<\/div>\n\n\n<p class=\"wp-block-paragraph\">Vue la situation s\u00e9curitaires dans le Nord-Togo, avec le d\u00e9placement des populations, celles-ci sont invit\u00e9es \u00e0 se faire recenser dans leur lieux d\u2019accueil.<\/p>\n\n\n\n<p class=\"wp-block-paragraph\"><strong>La R\u00e9daction<\/strong><\/p>\n\n\n\n<p class=\"wp-block-paragraph\"><strong><em>@macite.tg<\/em><\/strong><\/p>\n\n\n\n<p class=\"wp-block-paragraph\"><strong><em>E-mail&nbsp;: <\/em><\/strong><a href=\"mailto:maciteinfo@gmail.com\"><strong><em>maciteinfo@gmail.com<\/em><\/strong><\/a><strong><em>; <\/em><\/strong><a href=\"mailto:bawela1@gmail.com\"><strong><em>bawela1@gmail.com<\/em><\/strong><\/a><\/p>\n\n\n\n<p class=\"wp-block-paragraph\"><strong><em>Pour vos annonces, (publi)reportages, etc., joignez nous au (00228)91515309\/<strong>79872224 <\/strong>www.macite.tg, L\u2019information, la bonne&nbsp;!<\/em><\/strong><\/p>\n","protected":false},"excerpt":{"rendered":"<p class=\"text-justify mb-2\" >Le recensement \u00e9lectoral au Togo est dans sa derni\u00e8re phase, avec le d\u00e9marrage, hier lundi 05 juin, des op\u00e9rations d\u2019enr\u00f4lement dans la zone 3. Apr\u00e8s les zones 1 et 2, dans le Sud et le septentrion du pays, ce sont les populations du grand Nord, [&hellip;]<\/p>\n","protected":false},"author":2,"featured_media":6124,"comment_status":"open","ping_status":"open","sticky":false,"template":"","format":"standard","meta":{"footnotes":""},"categories":[20,1],"tags":[],"class_list":["post-6119","post","type-post","status-publish","format-standard","has-post-thumbnail","hentry","category-actualite","category-politique"],"yoast_head":"<!-- This site is optimized with the Yoast SEO plugin v28.4 - https:\/\/yoast.com\/product\/yoast-seo-wordpress\/ -->\n<title>RECENSEMENT \u00c9LECTORAL\u00a0: D\u00e9marrage des op\u00e9rations d\u2019enr\u00f4lement dans la zone 3 -<\/title>\n<meta name=\"robots\" content=\"index, follow, max-snippet:-1, max-image-preview:large, max-video-preview:-1\" \/>\n<link rel=\"canonical\" href=\"https:\/\/macite.tg\/?p=6119\" \/>\n<meta property=\"og:locale\" content=\"fr_FR\" \/>\n<meta property=\"og:type\" content=\"article\" \/>\n<meta property=\"og:title\" content=\"RECENSEMENT \u00c9LECTORAL\u00a0: D\u00e9marrage des op\u00e9rations d\u2019enr\u00f4lement dans la zone 3 -\" \/>\n<meta property=\"og:description\" content=\"Le recensement \u00e9lectoral au Togo est dans sa derni\u00e8re phase, avec le d\u00e9marrage, hier lundi 05 juin, des op\u00e9rations d\u2019enr\u00f4lement dans la zone 3. Apr\u00e8s les zones 1 et 2, dans le Sud et le septentrion du pays, ce sont les populations du grand Nord, [&hellip;]\" \/>\n<meta property=\"og:url\" content=\"https:\/\/macite.tg\/?p=6119\" \/>\n<meta property=\"article:published_time\" content=\"2023-06-06T10:11:18+00:00\" \/>\n<meta property=\"article:modified_time\" content=\"2023-06-06T10:11:31+00:00\" \/>\n<meta property=\"og:image\" content=\"https:\/\/macite.tg\/wp-content\/uploads\/2023\/06\/Recensementaa.jpg\" \/>\n\t<meta property=\"og:image:width\" content=\"269\" \/>\n\t<meta property=\"og:image:height\" content=\"187\" \/>\n\t<meta property=\"og:image:type\" content=\"image\/jpeg\" \/>\n<meta name=\"author\" content=\"Jean Pierre BAWELA\" \/>\n<meta name=\"twitter:card\" content=\"summary_large_image\" \/>\n<meta name=\"twitter:label1\" content=\"\u00c9crit par\" \/>\n\t<meta name=\"twitter:data1\" content=\"Jean Pierre BAWELA\" \/>\n\t<meta name=\"twitter:label2\" content=\"Dur\u00e9e de lecture estim\u00e9e\" \/>\n\t<meta name=\"twitter:data2\" content=\"1 minute\" \/>\n<script type=\"application\/ld+json\" class=\"yoast-schema-graph\">{\"@context\":\"https:\\\/\\\/schema.org\",\"@graph\":[{\"@type\":\"Article\",\"@id\":\"https:\\\/\\\/macite.tg\\\/?p=6119#article\",\"isPartOf\":{\"@id\":\"https:\\\/\\\/macite.tg\\\/?p=6119\"},\"author\":{\"name\":\"Jean Pierre BAWELA\",\"@id\":\"https:\\\/\\\/macite.tg\\\/#\\\/schema\\\/person\\\/e9f2de7e5dbbe7770a9402c7ce82f5c2\"},\"headline\":\"RECENSEMENT \u00c9LECTORAL\u00a0: D\u00e9marrage des op\u00e9rations d\u2019enr\u00f4lement dans la zone 3\",\"datePublished\":\"2023-06-06T10:11:18+00:00\",\"dateModified\":\"2023-06-06T10:11:31+00:00\",\"mainEntityOfPage\":{\"@id\":\"https:\\\/\\\/macite.tg\\\/?p=6119\"},\"wordCount\":219,\"commentCount\":0,\"image\":{\"@id\":\"https:\\\/\\\/macite.tg\\\/?p=6119#primaryimage\"},\"thumbnailUrl\":\"https:\\\/\\\/macite.tg\\\/wp-content\\\/uploads\\\/2023\\\/06\\\/Recensementaa.jpg\",\"articleSection\":[\"ACTUALITE\",\"POLITIQUE\"],\"inLanguage\":\"fr-FR\",\"potentialAction\":[{\"@type\":\"CommentAction\",\"name\":\"Comment\",\"target\":[\"https:\\\/\\\/macite.tg\\\/?p=6119#respond\"]}]},{\"@type\":\"WebPage\",\"@id\":\"https:\\\/\\\/macite.tg\\\/?p=6119\",\"url\":\"https:\\\/\\\/macite.tg\\\/?p=6119\",\"name\":\"RECENSEMENT \u00c9LECTORAL\u00a0: D\u00e9marrage des op\u00e9rations d\u2019enr\u00f4lement dans la zone 3 -\",\"isPartOf\":{\"@id\":\"https:\\\/\\\/macite.tg\\\/#website\"},\"primaryImageOfPage\":{\"@id\":\"https:\\\/\\\/macite.tg\\\/?p=6119#primaryimage\"},\"image\":{\"@id\":\"https:\\\/\\\/macite.tg\\\/?p=6119#primaryimage\"},\"thumbnailUrl\":\"https:\\\/\\\/macite.tg\\\/wp-content\\\/uploads\\\/2023\\\/06\\\/Recensementaa.jpg\",\"datePublished\":\"2023-06-06T10:11:18+00:00\",\"dateModified\":\"2023-06-06T10:11:31+00:00\",\"author\":{\"@id\":\"https:\\\/\\\/macite.tg\\\/#\\\/schema\\\/person\\\/e9f2de7e5dbbe7770a9402c7ce82f5c2\"},\"breadcrumb\":{\"@id\":\"https:\\\/\\\/macite.tg\\\/?p=6119#breadcrumb\"},\"inLanguage\":\"fr-FR\",\"potentialAction\":[{\"@type\":\"ReadAction\",\"target\":[\"https:\\\/\\\/macite.tg\\\/?p=6119\"]}]},{\"@type\":\"ImageObject\",\"inLanguage\":\"fr-FR\",\"@id\":\"https:\\\/\\\/macite.tg\\\/?p=6119#primaryimage\",\"url\":\"https:\\\/\\\/macite.tg\\\/wp-content\\\/uploads\\\/2023\\\/06\\\/Recensementaa.jpg\",\"contentUrl\":\"https:\\\/\\\/macite.tg\\\/wp-content\\\/uploads\\\/2023\\\/06\\\/Recensementaa.jpg\",\"width\":269,\"height\":187},{\"@type\":\"BreadcrumbList\",\"@id\":\"https:\\\/\\\/macite.tg\\\/?p=6119#breadcrumb\",\"itemListElement\":[{\"@type\":\"ListItem\",\"position\":1,\"name\":\"Accueil\",\"item\":\"https:\\\/\\\/macite.tg\\\/\"},{\"@type\":\"ListItem\",\"position\":2,\"name\":\"RECENSEMENT \u00c9LECTORAL\u00a0: D\u00e9marrage des op\u00e9rations d\u2019enr\u00f4lement dans la zone 3\"}]},{\"@type\":\"WebSite\",\"@id\":\"https:\\\/\\\/macite.tg\\\/#website\",\"url\":\"https:\\\/\\\/macite.tg\\\/\",\"name\":\"\",\"description\":\"L&#039;information, la bonne!!!\",\"potentialAction\":[{\"@type\":\"SearchAction\",\"target\":{\"@type\":\"EntryPoint\",\"urlTemplate\":\"https:\\\/\\\/macite.tg\\\/?s={search_term_string}\"},\"query-input\":{\"@type\":\"PropertyValueSpecification\",\"valueRequired\":true,\"valueName\":\"search_term_string\"}}],\"inLanguage\":\"fr-FR\"},{\"@type\":\"Person\",\"@id\":\"https:\\\/\\\/macite.tg\\\/#\\\/schema\\\/person\\\/e9f2de7e5dbbe7770a9402c7ce82f5c2\",\"name\":\"Jean Pierre BAWELA\",\"image\":{\"@type\":\"ImageObject\",\"inLanguage\":\"fr-FR\",\"@id\":\"https:\\\/\\\/macite.tg\\\/wp-content\\\/uploads\\\/2023\\\/09\\\/WhatsApp-Image-2023-09-19-at-14.44.41-122x122.jpeg\",\"url\":\"https:\\\/\\\/macite.tg\\\/wp-content\\\/uploads\\\/2023\\\/09\\\/WhatsApp-Image-2023-09-19-at-14.44.41-122x122.jpeg\",\"contentUrl\":\"https:\\\/\\\/macite.tg\\\/wp-content\\\/uploads\\\/2023\\\/09\\\/WhatsApp-Image-2023-09-19-at-14.44.41-122x122.jpeg\",\"caption\":\"Jean Pierre BAWELA\"},\"url\":\"https:\\\/\\\/macite.tg\\\/?author=2\"}]}<\/script>\n<!-- \/ Yoast SEO plugin. -->","yoast_head_json":{"title":"RECENSEMENT \u00c9LECTORAL\u00a0: D\u00e9marrage des op\u00e9rations d\u2019enr\u00f4lement dans la zone 3 -","robots":{"index":"index","follow":"follow","max-snippet":"max-snippet:-1","max-image-preview":"max-image-preview:large","max-video-preview":"max-video-preview:-1"},"canonical":"https:\/\/macite.tg\/?p=6119","og_locale":"fr_FR","og_type":"article","og_title":"RECENSEMENT \u00c9LECTORAL\u00a0: D\u00e9marrage des op\u00e9rations d\u2019enr\u00f4lement dans la zone 3 -","og_description":"Le recensement \u00e9lectoral au Togo est dans sa derni\u00e8re phase, avec le d\u00e9marrage, hier lundi 05 juin, des op\u00e9rations d\u2019enr\u00f4lement dans la zone 3. Apr\u00e8s les zones 1 et 2, dans le Sud et le septentrion du pays, ce sont les populations du grand Nord, [&hellip;]","og_url":"https:\/\/macite.tg\/?p=6119","article_published_time":"2023-06-06T10:11:18+00:00","article_modified_time":"2023-06-06T10:11:31+00:00","og_image":[{"width":269,"height":187,"url":"https:\/\/macite.tg\/wp-content\/uploads\/2023\/06\/Recensementaa.jpg","type":"image\/jpeg"}],"author":"Jean Pierre BAWELA","twitter_card":"summary_large_image","twitter_misc":{"\u00c9crit par":"Jean Pierre BAWELA","Dur\u00e9e de lecture estim\u00e9e":"1 minute"},"schema":{"@context":"https:\/\/schema.org","@graph":[{"@type":"Article","@id":"https:\/\/macite.tg\/?p=6119#article","isPartOf":{"@id":"https:\/\/macite.tg\/?p=6119"},"author":{"name":"Jean Pierre BAWELA","@id":"https:\/\/macite.tg\/#\/schema\/person\/e9f2de7e5dbbe7770a9402c7ce82f5c2"},"headline":"RECENSEMENT \u00c9LECTORAL\u00a0: D\u00e9marrage des op\u00e9rations d\u2019enr\u00f4lement dans la zone 3","datePublished":"2023-06-06T10:11:18+00:00","dateModified":"2023-06-06T10:11:31+00:00","mainEntityOfPage":{"@id":"https:\/\/macite.tg\/?p=6119"},"wordCount":219,"commentCount":0,"image":{"@id":"https:\/\/macite.tg\/?p=6119#primaryimage"},"thumbnailUrl":"https:\/\/macite.tg\/wp-content\/uploads\/2023\/06\/Recensementaa.jpg","articleSection":["ACTUALITE","POLITIQUE"],"inLanguage":"fr-FR","potentialAction":[{"@type":"CommentAction","name":"Comment","target":["https:\/\/macite.tg\/?p=6119#respond"]}]},{"@type":"WebPage","@id":"https:\/\/macite.tg\/?p=6119","url":"https:\/\/macite.tg\/?p=6119","name":"RECENSEMENT \u00c9LECTORAL\u00a0: D\u00e9marrage des op\u00e9rations d\u2019enr\u00f4lement dans la zone 3 -","isPartOf":{"@id":"https:\/\/macite.tg\/#website"},"primaryImageOfPage":{"@id":"https:\/\/macite.tg\/?p=6119#primaryimage"},"image":{"@id":"https:\/\/macite.tg\/?p=6119#primaryimage"},"thumbnailUrl":"https:\/\/macite.tg\/wp-content\/uploads\/2023\/06\/Recensementaa.jpg","datePublished":"2023-06-06T10:11:18+00:00","dateModified":"2023-06-06T10:11:31+00:00","author":{"@id":"https:\/\/macite.tg\/#\/schema\/person\/e9f2de7e5dbbe7770a9402c7ce82f5c2"},"breadcrumb":{"@id":"https:\/\/macite.tg\/?p=6119#breadcrumb"},"inLanguage":"fr-FR","potentialAction":[{"@type":"ReadAction","target":["https:\/\/macite.tg\/?p=6119"]}]},{"@type":"ImageObject","inLanguage":"fr-FR","@id":"https:\/\/macite.tg\/?p=6119#primaryimage","url":"https:\/\/macite.tg\/wp-content\/uploads\/2023\/06\/Recensementaa.jpg","contentUrl":"https:\/\/macite.tg\/wp-content\/uploads\/2023\/06\/Recensementaa.jpg","width":269,"height":187},{"@type":"BreadcrumbList","@id":"https:\/\/macite.tg\/?p=6119#breadcrumb","itemListElement":[{"@type":"ListItem","position":1,"name":"Accueil","item":"https:\/\/macite.tg\/"},{"@type":"ListItem","position":2,"name":"RECENSEMENT \u00c9LECTORAL\u00a0: D\u00e9marrage des op\u00e9rations d\u2019enr\u00f4lement dans la zone 3"}]},{"@type":"WebSite","@id":"https:\/\/macite.tg\/#website","url":"https:\/\/macite.tg\/","name":"","description":"L&#039;information, la bonne!!!","potentialAction":[{"@type":"SearchAction","target":{"@type":"EntryPoint","urlTemplate":"https:\/\/macite.tg\/?s={search_term_string}"},"query-input":{"@type":"PropertyValueSpecification","valueRequired":true,"valueName":"search_term_string"}}],"inLanguage":"fr-FR"},{"@type":"Person","@id":"https:\/\/macite.tg\/#\/schema\/person\/e9f2de7e5dbbe7770a9402c7ce82f5c2","name":"Jean Pierre BAWELA","image":{"@type":"ImageObject","inLanguage":"fr-FR","@id":"https:\/\/macite.tg\/wp-content\/uploads\/2023\/09\/WhatsApp-Image-2023-09-19-at-14.44.41-122x122.jpeg","url":"https:\/\/macite.tg\/wp-content\/uploads\/2023\/09\/WhatsApp-Image-2023-09-19-at-14.44.41-122x122.jpeg","contentUrl":"https:\/\/macite.tg\/wp-content\/uploads\/2023\/09\/WhatsApp-Image-2023-09-19-at-14.44.41-122x122.jpeg","caption":"Jean Pierre BAWELA"},"url":"https:\/\/macite.tg\/?author=2"}]}},"_links":{"self":[{"href":"https:\/\/macite.tg\/index.php?rest_route=\/wp\/v2\/posts\/6119","targetHints":{"allow":["GET"]}}],"collection":[{"href":"https:\/\/macite.tg\/index.php?rest_route=\/wp\/v2\/posts"}],"about":[{"href":"https:\/\/macite.tg\/index.php?rest_route=\/wp\/v2\/types\/post"}],"author":[{"embeddable":true,"href":"https:\/\/macite.tg\/index.php?rest_route=\/wp\/v2\/users\/2"}],"replies":[{"embeddable":true,"href":"https:\/\/macite.tg\/index.php?rest_route=%2Fwp%2Fv2%2Fcomments&post=6119"}],"version-history":[{"count":0,"href":"https:\/\/macite.tg\/index.php?rest_route=\/wp\/v2\/posts\/6119\/revisions"}],"wp:featuredmedia":[{"embeddable":true,"href":"https:\/\/macite.tg\/index.php?rest_route=\/wp\/v2\/media\/6124"}],"wp:attachment":[{"href":"https:\/\/macite.tg\/index.php?rest_route=%2Fwp%2Fv2%2Fmedia&parent=6119"}],"wp:term":[{"taxonomy":"category","embeddable":true,"href":"https:\/\/macite.tg\/index.php?rest_route=%2Fwp%2Fv2%2Fcategories&post=6119"},{"taxonomy":"post_tag","embeddable":true,"href":"https:\/\/macite.tg\/index.php?rest_route=%2Fwp%2Fv2%2Ftags&post=6119"}],"curies":[{"name":"wp","href":"https:\/\/api.w.org\/{rel}","templated":true}]}}