{"id":6113,"date":"2023-06-06T09:29:35","date_gmt":"2023-06-06T09:29:35","guid":{"rendered":"https:\/\/macite.tg\/?p=6113"},"modified":"2023-06-06T09:29:36","modified_gmt":"2023-06-06T09:29:36","slug":"rencontre-macky-sall-serigne-mountakha-a-touba-laccueil-des-plus-chauds-reserve-au-president-senegalais","status":"publish","type":"post","link":"https:\/\/macite.tg\/?p=6113","title":{"rendered":"RENCONTRE MACKY SALL \u2013 SERIGNE MOUNTAKHA A TOUBA\u00a0: L\u2019accueil des plus \u00a0\u00bbchauds\u00a0\u00bb, r\u00e9serv\u00e9 au Pr\u00e9sident s\u00e9n\u00e9galais"},"content":{"rendered":"\n<p class=\"wp-block-paragraph\"><strong><em>Hier lundi, le pr\u00e9sident s\u00e9n\u00e9galais, Macky Sall, a rencontr\u00e9 le khalif g\u00e9n\u00e9ral des Mourides, Serigne Mountakha Mback\u00e9. Les deux hommes se sont vus, en priv\u00e9, durant la soir\u00e9e.<\/em><\/strong><\/p>\n\n\n\n<p class=\"wp-block-paragraph\">Apr\u00e8s avoir rencontr\u00e9 le Khalife, le chef de l\u2019\u00c9tat est sorti aux alentours de 23h13 pour rejoindre son v\u00e9hicule.<\/p>\n\n\n\n<p class=\"wp-block-paragraph\">Cependant, \u00e0 la r\u00e9sidence du patriarche de Darou Miname, il a \u00e9t\u00e9 accueilli par un groupe de personnes qui l\u2019ont hu\u00e9. Ces individus scandaient : <em>\u00ab&nbsp;Sonko, Sonko, Sonko, lib\u00e9rez Sonko&nbsp;\u00bb<\/em>.<\/p>\n\n\n<div class=\"wp-block-image\">\n<figure class=\"aligncenter size-large is-resized\"><img loading=\"lazy\" decoding=\"async\" src=\"https:\/\/macite.tg\/wp-content\/uploads\/2023\/06\/Panneau-2-12m2-1024x768.jpg\" alt=\"\" class=\"wp-image-6024\" width=\"601\" height=\"451\" srcset=\"https:\/\/macite.tg\/wp-content\/uploads\/2023\/06\/Panneau-2-12m2-1024x768.jpg 1024w, https:\/\/macite.tg\/wp-content\/uploads\/2023\/06\/Panneau-2-12m2-300x225.jpg 300w, https:\/\/macite.tg\/wp-content\/uploads\/2023\/06\/Panneau-2-12m2-768x576.jpg 768w, https:\/\/macite.tg\/wp-content\/uploads\/2023\/06\/Panneau-2-12m2-1536x1152.jpg 1536w, https:\/\/macite.tg\/wp-content\/uploads\/2023\/06\/Panneau-2-12m2-2048x1536.jpg 2048w\" sizes=\"auto, (max-width: 601px) 100vw, 601px\" \/><\/figure>\n<\/div>\n\n\n<p class=\"wp-block-paragraph\">Loin de s\u2019arr\u00eater l\u00e0, le cort\u00e8ge du pr\u00e9sident Macky Sall a \u00e9t\u00e9 suivi par ces personnes d\u00e8s sa sortie de la r\u00e9sidence du khalife. Elles continuaient de crier le nom de l\u2019opposant pris dans une nasse dans une affaire dite \u2018\u2019Sweet beauty\u2019\u2019, digne d\u2019un film hollywoodien, selon plusieurs analystes de la sc\u00e8ne politique s\u00e9n\u00e9galaise.<\/p>\n\n\n\n<p class=\"wp-block-paragraph\">La m\u00eame sc\u00e8ne s\u2019est reproduite dans le quartier 28, o\u00f9 le visiteur a \u00e9galement \u00e9t\u00e9 hu\u00e9 par d\u2019autres groupes individus.<\/p>\n\n\n\n<p class=\"wp-block-paragraph\"><strong>JPB &amp; SeneNews<\/strong><\/p>\n\n\n\n<p class=\"wp-block-paragraph\"><strong><em>@macite.tg<\/em><\/strong><\/p>\n\n\n\n<p class=\"wp-block-paragraph\"><strong><em>E-mail&nbsp;: <\/em><\/strong><a href=\"mailto:maciteinfo@gmail.com\"><strong><em>maciteinfo@gmail.com<\/em><\/strong><\/a><strong><em>; <\/em><\/strong><a href=\"mailto:bawela1@gmail.com\"><strong><em>bawela1@gmail.com<\/em><\/strong><\/a><\/p>\n\n\n\n<p class=\"wp-block-paragraph\"><strong><em>Pour vos annonces, (publi)reportages, etc., joignez nous au (00228)91515309\/<strong>79872224 <\/strong>www.macite.tg, L\u2019information, la bonne&nbsp;!<\/em><\/strong><\/p>\n","protected":false},"excerpt":{"rendered":"<p class=\"text-justify mb-2\" >Hier lundi, le pr\u00e9sident s\u00e9n\u00e9galais, Macky Sall, a rencontr\u00e9 le khalif g\u00e9n\u00e9ral des Mourides, Serigne Mountakha Mback\u00e9. Les deux hommes se sont vus, en priv\u00e9, durant la soir\u00e9e. Apr\u00e8s avoir rencontr\u00e9 le Khalife, le chef de l\u2019\u00c9tat est sorti aux alentours de 23h13 pour rejoindre [&hellip;]<\/p>\n","protected":false},"author":2,"featured_media":6114,"comment_status":"open","ping_status":"open","sticky":false,"template":"","format":"standard","meta":{"footnotes":""},"categories":[20],"tags":[],"class_list":["post-6113","post","type-post","status-publish","format-standard","has-post-thumbnail","hentry","category-actualite"],"yoast_head":"<!-- This site is optimized with the Yoast SEO plugin v28.4 - https:\/\/yoast.com\/product\/yoast-seo-wordpress\/ -->\n<title>RENCONTRE MACKY SALL \u2013 SERIGNE MOUNTAKHA A TOUBA\u00a0: L\u2019accueil des plus &#039;&#039;chauds&#039;&#039;, r\u00e9serv\u00e9 au Pr\u00e9sident s\u00e9n\u00e9galais -<\/title>\n<meta name=\"robots\" content=\"index, follow, max-snippet:-1, max-image-preview:large, max-video-preview:-1\" \/>\n<link rel=\"canonical\" href=\"https:\/\/macite.tg\/?p=6113\" \/>\n<meta property=\"og:locale\" content=\"fr_FR\" \/>\n<meta property=\"og:type\" content=\"article\" \/>\n<meta property=\"og:title\" content=\"RENCONTRE MACKY SALL \u2013 SERIGNE MOUNTAKHA A TOUBA\u00a0: L\u2019accueil des plus &#039;&#039;chauds&#039;&#039;, r\u00e9serv\u00e9 au Pr\u00e9sident s\u00e9n\u00e9galais -\" \/>\n<meta property=\"og:description\" content=\"Hier lundi, le pr\u00e9sident s\u00e9n\u00e9galais, Macky Sall, a rencontr\u00e9 le khalif g\u00e9n\u00e9ral des Mourides, Serigne Mountakha Mback\u00e9. Les deux hommes se sont vus, en priv\u00e9, durant la soir\u00e9e. Apr\u00e8s avoir rencontr\u00e9 le Khalife, le chef de l\u2019\u00c9tat est sorti aux alentours de 23h13 pour rejoindre [&hellip;]\" \/>\n<meta property=\"og:url\" content=\"https:\/\/macite.tg\/?p=6113\" \/>\n<meta property=\"article:published_time\" content=\"2023-06-06T09:29:35+00:00\" \/>\n<meta property=\"article:modified_time\" content=\"2023-06-06T09:29:36+00:00\" \/>\n<meta property=\"og:image\" content=\"https:\/\/macite.tg\/wp-content\/uploads\/2023\/06\/242314934_424493339094594_3367828061011554427_n-e1686031036116-696x407-1.jpg\" \/>\n\t<meta property=\"og:image:width\" content=\"696\" \/>\n\t<meta property=\"og:image:height\" content=\"407\" \/>\n\t<meta property=\"og:image:type\" content=\"image\/jpeg\" \/>\n<meta name=\"author\" content=\"Jean Pierre BAWELA\" \/>\n<meta name=\"twitter:card\" content=\"summary_large_image\" \/>\n<meta name=\"twitter:label1\" content=\"\u00c9crit par\" \/>\n\t<meta name=\"twitter:data1\" content=\"Jean Pierre BAWELA\" \/>\n\t<meta name=\"twitter:label2\" content=\"Dur\u00e9e de lecture estim\u00e9e\" \/>\n\t<meta name=\"twitter:data2\" content=\"1 minute\" \/>\n<script type=\"application\/ld+json\" class=\"yoast-schema-graph\">{\"@context\":\"https:\\\/\\\/schema.org\",\"@graph\":[{\"@type\":\"Article\",\"@id\":\"https:\\\/\\\/macite.tg\\\/?p=6113#article\",\"isPartOf\":{\"@id\":\"https:\\\/\\\/macite.tg\\\/?p=6113\"},\"author\":{\"name\":\"Jean Pierre BAWELA\",\"@id\":\"https:\\\/\\\/macite.tg\\\/#\\\/schema\\\/person\\\/e9f2de7e5dbbe7770a9402c7ce82f5c2\"},\"headline\":\"RENCONTRE MACKY SALL \u2013 SERIGNE MOUNTAKHA A TOUBA\u00a0: L\u2019accueil des plus \u00a0\u00bbchauds\u00a0\u00bb, r\u00e9serv\u00e9 au Pr\u00e9sident s\u00e9n\u00e9galais\",\"datePublished\":\"2023-06-06T09:29:35+00:00\",\"dateModified\":\"2023-06-06T09:29:36+00:00\",\"mainEntityOfPage\":{\"@id\":\"https:\\\/\\\/macite.tg\\\/?p=6113\"},\"wordCount\":227,\"commentCount\":0,\"image\":{\"@id\":\"https:\\\/\\\/macite.tg\\\/?p=6113#primaryimage\"},\"thumbnailUrl\":\"https:\\\/\\\/macite.tg\\\/wp-content\\\/uploads\\\/2023\\\/06\\\/242314934_424493339094594_3367828061011554427_n-e1686031036116-696x407-1.jpg\",\"articleSection\":[\"ACTUALITE\"],\"inLanguage\":\"fr-FR\",\"potentialAction\":[{\"@type\":\"CommentAction\",\"name\":\"Comment\",\"target\":[\"https:\\\/\\\/macite.tg\\\/?p=6113#respond\"]}]},{\"@type\":\"WebPage\",\"@id\":\"https:\\\/\\\/macite.tg\\\/?p=6113\",\"url\":\"https:\\\/\\\/macite.tg\\\/?p=6113\",\"name\":\"RENCONTRE MACKY SALL \u2013 SERIGNE MOUNTAKHA A TOUBA\u00a0: L\u2019accueil des plus ''chauds'', r\u00e9serv\u00e9 au Pr\u00e9sident s\u00e9n\u00e9galais -\",\"isPartOf\":{\"@id\":\"https:\\\/\\\/macite.tg\\\/#website\"},\"primaryImageOfPage\":{\"@id\":\"https:\\\/\\\/macite.tg\\\/?p=6113#primaryimage\"},\"image\":{\"@id\":\"https:\\\/\\\/macite.tg\\\/?p=6113#primaryimage\"},\"thumbnailUrl\":\"https:\\\/\\\/macite.tg\\\/wp-content\\\/uploads\\\/2023\\\/06\\\/242314934_424493339094594_3367828061011554427_n-e1686031036116-696x407-1.jpg\",\"datePublished\":\"2023-06-06T09:29:35+00:00\",\"dateModified\":\"2023-06-06T09:29:36+00:00\",\"author\":{\"@id\":\"https:\\\/\\\/macite.tg\\\/#\\\/schema\\\/person\\\/e9f2de7e5dbbe7770a9402c7ce82f5c2\"},\"breadcrumb\":{\"@id\":\"https:\\\/\\\/macite.tg\\\/?p=6113#breadcrumb\"},\"inLanguage\":\"fr-FR\",\"potentialAction\":[{\"@type\":\"ReadAction\",\"target\":[\"https:\\\/\\\/macite.tg\\\/?p=6113\"]}]},{\"@type\":\"ImageObject\",\"inLanguage\":\"fr-FR\",\"@id\":\"https:\\\/\\\/macite.tg\\\/?p=6113#primaryimage\",\"url\":\"https:\\\/\\\/macite.tg\\\/wp-content\\\/uploads\\\/2023\\\/06\\\/242314934_424493339094594_3367828061011554427_n-e1686031036116-696x407-1.jpg\",\"contentUrl\":\"https:\\\/\\\/macite.tg\\\/wp-content\\\/uploads\\\/2023\\\/06\\\/242314934_424493339094594_3367828061011554427_n-e1686031036116-696x407-1.jpg\",\"width\":696,\"height\":407},{\"@type\":\"BreadcrumbList\",\"@id\":\"https:\\\/\\\/macite.tg\\\/?p=6113#breadcrumb\",\"itemListElement\":[{\"@type\":\"ListItem\",\"position\":1,\"name\":\"Accueil\",\"item\":\"https:\\\/\\\/macite.tg\\\/\"},{\"@type\":\"ListItem\",\"position\":2,\"name\":\"RENCONTRE MACKY SALL \u2013 SERIGNE MOUNTAKHA A TOUBA\u00a0: L\u2019accueil des plus \u00a0\u00bbchauds\u00a0\u00bb, r\u00e9serv\u00e9 au Pr\u00e9sident s\u00e9n\u00e9galais\"}]},{\"@type\":\"WebSite\",\"@id\":\"https:\\\/\\\/macite.tg\\\/#website\",\"url\":\"https:\\\/\\\/macite.tg\\\/\",\"name\":\"\",\"description\":\"L&#039;information, la bonne!!!\",\"potentialAction\":[{\"@type\":\"SearchAction\",\"target\":{\"@type\":\"EntryPoint\",\"urlTemplate\":\"https:\\\/\\\/macite.tg\\\/?s={search_term_string}\"},\"query-input\":{\"@type\":\"PropertyValueSpecification\",\"valueRequired\":true,\"valueName\":\"search_term_string\"}}],\"inLanguage\":\"fr-FR\"},{\"@type\":\"Person\",\"@id\":\"https:\\\/\\\/macite.tg\\\/#\\\/schema\\\/person\\\/e9f2de7e5dbbe7770a9402c7ce82f5c2\",\"name\":\"Jean Pierre BAWELA\",\"image\":{\"@type\":\"ImageObject\",\"inLanguage\":\"fr-FR\",\"@id\":\"https:\\\/\\\/macite.tg\\\/wp-content\\\/uploads\\\/2023\\\/09\\\/WhatsApp-Image-2023-09-19-at-14.44.41-122x122.jpeg\",\"url\":\"https:\\\/\\\/macite.tg\\\/wp-content\\\/uploads\\\/2023\\\/09\\\/WhatsApp-Image-2023-09-19-at-14.44.41-122x122.jpeg\",\"contentUrl\":\"https:\\\/\\\/macite.tg\\\/wp-content\\\/uploads\\\/2023\\\/09\\\/WhatsApp-Image-2023-09-19-at-14.44.41-122x122.jpeg\",\"caption\":\"Jean Pierre BAWELA\"},\"url\":\"https:\\\/\\\/macite.tg\\\/?author=2\"}]}<\/script>\n<!-- \/ Yoast SEO plugin. -->","yoast_head_json":{"title":"RENCONTRE MACKY SALL \u2013 SERIGNE MOUNTAKHA A TOUBA\u00a0: L\u2019accueil des plus ''chauds'', r\u00e9serv\u00e9 au Pr\u00e9sident s\u00e9n\u00e9galais -","robots":{"index":"index","follow":"follow","max-snippet":"max-snippet:-1","max-image-preview":"max-image-preview:large","max-video-preview":"max-video-preview:-1"},"canonical":"https:\/\/macite.tg\/?p=6113","og_locale":"fr_FR","og_type":"article","og_title":"RENCONTRE MACKY SALL \u2013 SERIGNE MOUNTAKHA A TOUBA\u00a0: L\u2019accueil des plus ''chauds'', r\u00e9serv\u00e9 au Pr\u00e9sident s\u00e9n\u00e9galais -","og_description":"Hier lundi, le pr\u00e9sident s\u00e9n\u00e9galais, Macky Sall, a rencontr\u00e9 le khalif g\u00e9n\u00e9ral des Mourides, Serigne Mountakha Mback\u00e9. Les deux hommes se sont vus, en priv\u00e9, durant la soir\u00e9e. Apr\u00e8s avoir rencontr\u00e9 le Khalife, le chef de l\u2019\u00c9tat est sorti aux alentours de 23h13 pour rejoindre [&hellip;]","og_url":"https:\/\/macite.tg\/?p=6113","article_published_time":"2023-06-06T09:29:35+00:00","article_modified_time":"2023-06-06T09:29:36+00:00","og_image":[{"width":696,"height":407,"url":"https:\/\/macite.tg\/wp-content\/uploads\/2023\/06\/242314934_424493339094594_3367828061011554427_n-e1686031036116-696x407-1.jpg","type":"image\/jpeg"}],"author":"Jean Pierre BAWELA","twitter_card":"summary_large_image","twitter_misc":{"\u00c9crit par":"Jean Pierre BAWELA","Dur\u00e9e de lecture estim\u00e9e":"1 minute"},"schema":{"@context":"https:\/\/schema.org","@graph":[{"@type":"Article","@id":"https:\/\/macite.tg\/?p=6113#article","isPartOf":{"@id":"https:\/\/macite.tg\/?p=6113"},"author":{"name":"Jean Pierre BAWELA","@id":"https:\/\/macite.tg\/#\/schema\/person\/e9f2de7e5dbbe7770a9402c7ce82f5c2"},"headline":"RENCONTRE MACKY SALL \u2013 SERIGNE MOUNTAKHA A TOUBA\u00a0: L\u2019accueil des plus \u00a0\u00bbchauds\u00a0\u00bb, r\u00e9serv\u00e9 au Pr\u00e9sident s\u00e9n\u00e9galais","datePublished":"2023-06-06T09:29:35+00:00","dateModified":"2023-06-06T09:29:36+00:00","mainEntityOfPage":{"@id":"https:\/\/macite.tg\/?p=6113"},"wordCount":227,"commentCount":0,"image":{"@id":"https:\/\/macite.tg\/?p=6113#primaryimage"},"thumbnailUrl":"https:\/\/macite.tg\/wp-content\/uploads\/2023\/06\/242314934_424493339094594_3367828061011554427_n-e1686031036116-696x407-1.jpg","articleSection":["ACTUALITE"],"inLanguage":"fr-FR","potentialAction":[{"@type":"CommentAction","name":"Comment","target":["https:\/\/macite.tg\/?p=6113#respond"]}]},{"@type":"WebPage","@id":"https:\/\/macite.tg\/?p=6113","url":"https:\/\/macite.tg\/?p=6113","name":"RENCONTRE MACKY SALL \u2013 SERIGNE MOUNTAKHA A TOUBA\u00a0: L\u2019accueil des plus ''chauds'', r\u00e9serv\u00e9 au Pr\u00e9sident s\u00e9n\u00e9galais -","isPartOf":{"@id":"https:\/\/macite.tg\/#website"},"primaryImageOfPage":{"@id":"https:\/\/macite.tg\/?p=6113#primaryimage"},"image":{"@id":"https:\/\/macite.tg\/?p=6113#primaryimage"},"thumbnailUrl":"https:\/\/macite.tg\/wp-content\/uploads\/2023\/06\/242314934_424493339094594_3367828061011554427_n-e1686031036116-696x407-1.jpg","datePublished":"2023-06-06T09:29:35+00:00","dateModified":"2023-06-06T09:29:36+00:00","author":{"@id":"https:\/\/macite.tg\/#\/schema\/person\/e9f2de7e5dbbe7770a9402c7ce82f5c2"},"breadcrumb":{"@id":"https:\/\/macite.tg\/?p=6113#breadcrumb"},"inLanguage":"fr-FR","potentialAction":[{"@type":"ReadAction","target":["https:\/\/macite.tg\/?p=6113"]}]},{"@type":"ImageObject","inLanguage":"fr-FR","@id":"https:\/\/macite.tg\/?p=6113#primaryimage","url":"https:\/\/macite.tg\/wp-content\/uploads\/2023\/06\/242314934_424493339094594_3367828061011554427_n-e1686031036116-696x407-1.jpg","contentUrl":"https:\/\/macite.tg\/wp-content\/uploads\/2023\/06\/242314934_424493339094594_3367828061011554427_n-e1686031036116-696x407-1.jpg","width":696,"height":407},{"@type":"BreadcrumbList","@id":"https:\/\/macite.tg\/?p=6113#breadcrumb","itemListElement":[{"@type":"ListItem","position":1,"name":"Accueil","item":"https:\/\/macite.tg\/"},{"@type":"ListItem","position":2,"name":"RENCONTRE MACKY SALL \u2013 SERIGNE MOUNTAKHA A TOUBA\u00a0: L\u2019accueil des plus \u00a0\u00bbchauds\u00a0\u00bb, r\u00e9serv\u00e9 au Pr\u00e9sident s\u00e9n\u00e9galais"}]},{"@type":"WebSite","@id":"https:\/\/macite.tg\/#website","url":"https:\/\/macite.tg\/","name":"","description":"L&#039;information, la bonne!!!","potentialAction":[{"@type":"SearchAction","target":{"@type":"EntryPoint","urlTemplate":"https:\/\/macite.tg\/?s={search_term_string}"},"query-input":{"@type":"PropertyValueSpecification","valueRequired":true,"valueName":"search_term_string"}}],"inLanguage":"fr-FR"},{"@type":"Person","@id":"https:\/\/macite.tg\/#\/schema\/person\/e9f2de7e5dbbe7770a9402c7ce82f5c2","name":"Jean Pierre BAWELA","image":{"@type":"ImageObject","inLanguage":"fr-FR","@id":"https:\/\/macite.tg\/wp-content\/uploads\/2023\/09\/WhatsApp-Image-2023-09-19-at-14.44.41-122x122.jpeg","url":"https:\/\/macite.tg\/wp-content\/uploads\/2023\/09\/WhatsApp-Image-2023-09-19-at-14.44.41-122x122.jpeg","contentUrl":"https:\/\/macite.tg\/wp-content\/uploads\/2023\/09\/WhatsApp-Image-2023-09-19-at-14.44.41-122x122.jpeg","caption":"Jean Pierre BAWELA"},"url":"https:\/\/macite.tg\/?author=2"}]}},"_links":{"self":[{"href":"https:\/\/macite.tg\/index.php?rest_route=\/wp\/v2\/posts\/6113","targetHints":{"allow":["GET"]}}],"collection":[{"href":"https:\/\/macite.tg\/index.php?rest_route=\/wp\/v2\/posts"}],"about":[{"href":"https:\/\/macite.tg\/index.php?rest_route=\/wp\/v2\/types\/post"}],"author":[{"embeddable":true,"href":"https:\/\/macite.tg\/index.php?rest_route=\/wp\/v2\/users\/2"}],"replies":[{"embeddable":true,"href":"https:\/\/macite.tg\/index.php?rest_route=%2Fwp%2Fv2%2Fcomments&post=6113"}],"version-history":[{"count":0,"href":"https:\/\/macite.tg\/index.php?rest_route=\/wp\/v2\/posts\/6113\/revisions"}],"wp:featuredmedia":[{"embeddable":true,"href":"https:\/\/macite.tg\/index.php?rest_route=\/wp\/v2\/media\/6114"}],"wp:attachment":[{"href":"https:\/\/macite.tg\/index.php?rest_route=%2Fwp%2Fv2%2Fmedia&parent=6113"}],"wp:term":[{"taxonomy":"category","embeddable":true,"href":"https:\/\/macite.tg\/index.php?rest_route=%2Fwp%2Fv2%2Fcategories&post=6113"},{"taxonomy":"post_tag","embeddable":true,"href":"https:\/\/macite.tg\/index.php?rest_route=%2Fwp%2Fv2%2Ftags&post=6113"}],"curies":[{"name":"wp","href":"https:\/\/api.w.org\/{rel}","templated":true}]}}