{"id":6092,"date":"2023-06-05T13:25:10","date_gmt":"2023-06-05T13:25:10","guid":{"rendered":"https:\/\/macite.tg\/?p=6092"},"modified":"2023-06-05T13:42:18","modified_gmt":"2023-06-05T13:42:18","slug":"des-civils-ou-des-nervis-aux-cotes-des-fds-ces-images-que-la-police-a-oubliees-de-montrer-video","status":"publish","type":"post","link":"https:\/\/macite.tg\/?p=6092","title":{"rendered":"DES CIVILS OU DES NERVIS AUX COTES DES FDS ? Ces images que la Police a \u00ab oubli\u00e9es \u00bb de montrer (vid\u00e9o)"},"content":{"rendered":"\n<p class=\"wp-block-paragraph\"><\/p>\n\n\n\n<p class=\"wp-block-paragraph\"><strong><em>Lors de sa conf\u00e9rence de presse hier dimanche soir, la Police nationale s\u00e9n\u00e9galaise s\u2019est non seulement lav\u00e9e \u00e0 grande eau sur les morts d\u00e9compt\u00e9s lors les manifestations, mais a \u00e9galement parl\u00e9 de la pr\u00e9sence de personnes lourdement arm\u00e9es aux c\u00f4t\u00e9s des manifestants. D\u2019apr\u00e8s les policiers qui se sont pr\u00e9sent\u00e9s devant la presse, ces personnes n\u2019ont qu\u2019un seul but, fragiliser les institutions s\u00e9n\u00e9galaises.<\/em><\/strong><\/p>\n\n\n\n<p class=\"wp-block-paragraph\">Lors de cette m\u00eame conf\u00e9rence de presse, les policiers ont projet\u00e9 des images de ces personnes arm\u00e9es. Sur une des vid\u00e9o, la police n\u2019a montr\u00e9 qu\u2019une s\u00e9quence, avec une personne tenant une arme \u00e0 feu, en tirant sur des gens. Mais, ce que la police n\u2019a pas montr\u00e9, c\u2019est lui suite de la vid\u00e9o.<\/p>\n\n\n<div class=\"wp-block-image\">\n<figure class=\"aligncenter size-large is-resized\"><img loading=\"lazy\" decoding=\"async\" src=\"https:\/\/macite.tg\/wp-content\/uploads\/2023\/06\/Panneau-2-12m2-1024x768.jpg\" alt=\"\" class=\"wp-image-6024\" width=\"423\" height=\"317\" srcset=\"https:\/\/macite.tg\/wp-content\/uploads\/2023\/06\/Panneau-2-12m2-1024x768.jpg 1024w, https:\/\/macite.tg\/wp-content\/uploads\/2023\/06\/Panneau-2-12m2-300x225.jpg 300w, https:\/\/macite.tg\/wp-content\/uploads\/2023\/06\/Panneau-2-12m2-768x576.jpg 768w, https:\/\/macite.tg\/wp-content\/uploads\/2023\/06\/Panneau-2-12m2-1536x1152.jpg 1536w, https:\/\/macite.tg\/wp-content\/uploads\/2023\/06\/Panneau-2-12m2-2048x1536.jpg 2048w\" sizes=\"auto, (max-width: 423px) 100vw, 423px\" \/><\/figure>\n<\/div>\n\n\n<p class=\"wp-block-paragraph\">Sur cette suite, la personne arm\u00e9e, qui a d\u00e9gain\u00e9 son pistolet et tir\u00e9 sur des gens, a rejoint la voiture des policiers. Comme vous pouvez le voir sur cette vid\u00e9o en dessous, les policiers \u00e9taient c\u00f4te \u00e0 c\u00f4te avec ceux que les manifestants et le commun des S\u00e9n\u00e9galais ont nomm\u00e9 <em>\u00ab&nbsp;les nervis&nbsp;\u00bb<\/em>. Des gens lourdement arm\u00e9s et qui terrorisent les manifestants sur le terrain. Ils n\u2019h\u00e9sitent jamais \u00e0 tirer sur les manifestants et se d\u00e9ploient souvent dans les grandes art\u00e8res, en pickup, pour chasser les manifestants et lib\u00e9rer les routes bloqu\u00e9es.<\/p>\n\n\n\n<figure class=\"wp-block-image size-large\"><img loading=\"lazy\" decoding=\"async\" width=\"1024\" height=\"212\" src=\"https:\/\/macite.tg\/wp-content\/uploads\/2023\/06\/IMG-20230514-WA00962-1024x212.jpg\" alt=\"\" class=\"wp-image-5991\" srcset=\"https:\/\/macite.tg\/wp-content\/uploads\/2023\/06\/IMG-20230514-WA00962-1024x212.jpg 1024w, https:\/\/macite.tg\/wp-content\/uploads\/2023\/06\/IMG-20230514-WA00962-300x62.jpg 300w, https:\/\/macite.tg\/wp-content\/uploads\/2023\/06\/IMG-20230514-WA00962-768x159.jpg 768w, https:\/\/macite.tg\/wp-content\/uploads\/2023\/06\/IMG-20230514-WA00962-1536x318.jpg 1536w, https:\/\/macite.tg\/wp-content\/uploads\/2023\/06\/IMG-20230514-WA00962.jpg 1600w\" sizes=\"auto, (max-width: 1024px) 100vw, 1024px\" \/><\/figure>\n\n\n\n<p class=\"wp-block-paragraph\">Cette sortie de la police est d\u2019autant plus surprenante que les officiers qui ont fait face aux journalistes n\u2019ont aucunement mentionn\u00e9 les civils, alors que sur de nombreuses images visionn\u00e9es sur les r\u00e9seaux sociaux (qu\u2019ils n\u2019ont pas montr\u00e9) et dont nous sommes t\u00e9moins sur le terrain en tant que journalistes, ces m\u00eames civils accompagnent les forces de d\u00e9fense et de s\u00e9curit\u00e9 avec des armes de guerre.<\/p>\n\n\n\n<p class=\"wp-block-paragraph\"><a href=\"https:\/\/twitter.com\/i\/status\/1665465254262784002\" target=\"_blank\" rel=\"noreferrer noopener\">https:\/\/twitter.com\/i\/status\/1665465254262784002<\/a><\/p>\n\n\n\n<p class=\"wp-block-paragraph\"><strong> SeneNews<\/strong><\/p>\n\n\n\n<p class=\"wp-block-paragraph\"><strong><em>@macite.tg<\/em><\/strong><\/p>\n\n\n\n<p class=\"wp-block-paragraph\"><strong><em>E-mail&nbsp;: <\/em><\/strong><a href=\"mailto:maciteinfo@gmail.com\"><strong><em>maciteinfo@gmail.com<\/em><\/strong><\/a><strong><em>; <\/em><\/strong><a href=\"mailto:bawela1@gmail.com\"><strong><em>bawela1@gmail.com<\/em><\/strong><\/a><strong><em><\/em><\/strong><\/p>\n\n\n\n<p class=\"wp-block-paragraph\"><strong><em>Pour vos annonces, (publi)reportages, etc., joignez nous au (00228)91515309\/<\/em><\/strong><strong>79872224 <\/strong><strong><em>www.macite.tg, L\u2019information, la bonne&nbsp;!<\/em><\/strong><\/p>\n","protected":false},"excerpt":{"rendered":"<p class=\"text-justify mb-2\" >Lors de sa conf\u00e9rence de presse hier dimanche soir, la Police nationale s\u00e9n\u00e9galaise s\u2019est non seulement lav\u00e9e \u00e0 grande eau sur les morts d\u00e9compt\u00e9s lors les manifestations, mais a \u00e9galement parl\u00e9 de la pr\u00e9sence de personnes lourdement arm\u00e9es aux c\u00f4t\u00e9s des manifestants. D\u2019apr\u00e8s les policiers [&hellip;]<\/p>\n","protected":false},"author":2,"featured_media":6093,"comment_status":"open","ping_status":"open","sticky":false,"template":"","format":"standard","meta":{"footnotes":""},"categories":[20],"tags":[],"class_list":["post-6092","post","type-post","status-publish","format-standard","has-post-thumbnail","hentry","category-actualite"],"yoast_head":"<!-- This site is optimized with the Yoast SEO plugin v28.4 - https:\/\/yoast.com\/product\/yoast-seo-wordpress\/ -->\n<title>DES CIVILS OU DES NERVIS AUX COTES DES FDS ? Ces images que la Police a \u00ab oubli\u00e9es \u00bb de montrer (vid\u00e9o) -<\/title>\n<meta name=\"robots\" content=\"index, follow, max-snippet:-1, max-image-preview:large, max-video-preview:-1\" \/>\n<link rel=\"canonical\" href=\"https:\/\/macite.tg\/?p=6092\" \/>\n<meta property=\"og:locale\" content=\"fr_FR\" \/>\n<meta property=\"og:type\" content=\"article\" \/>\n<meta property=\"og:title\" content=\"DES CIVILS OU DES NERVIS AUX COTES DES FDS ? Ces images que la Police a \u00ab oubli\u00e9es \u00bb de montrer (vid\u00e9o) -\" \/>\n<meta property=\"og:description\" content=\"Lors de sa conf\u00e9rence de presse hier dimanche soir, la Police nationale s\u00e9n\u00e9galaise s\u2019est non seulement lav\u00e9e \u00e0 grande eau sur les morts d\u00e9compt\u00e9s lors les manifestations, mais a \u00e9galement parl\u00e9 de la pr\u00e9sence de personnes lourdement arm\u00e9es aux c\u00f4t\u00e9s des manifestants. D\u2019apr\u00e8s les policiers [&hellip;]\" \/>\n<meta property=\"og:url\" content=\"https:\/\/macite.tg\/?p=6092\" \/>\n<meta property=\"article:published_time\" content=\"2023-06-05T13:25:10+00:00\" \/>\n<meta property=\"article:modified_time\" content=\"2023-06-05T13:42:18+00:00\" \/>\n<meta property=\"og:image\" content=\"https:\/\/macite.tg\/wp-content\/uploads\/2023\/06\/485ee79d-f4ae-4998-9fff-e853dd0a29fe-696x392-1.jpg\" \/>\n\t<meta property=\"og:image:width\" content=\"696\" \/>\n\t<meta property=\"og:image:height\" content=\"392\" \/>\n\t<meta property=\"og:image:type\" content=\"image\/jpeg\" \/>\n<meta name=\"author\" content=\"Jean Pierre BAWELA\" \/>\n<meta name=\"twitter:card\" content=\"summary_large_image\" \/>\n<meta name=\"twitter:label1\" content=\"\u00c9crit par\" \/>\n\t<meta name=\"twitter:data1\" content=\"Jean Pierre BAWELA\" \/>\n\t<meta name=\"twitter:label2\" content=\"Dur\u00e9e de lecture estim\u00e9e\" \/>\n\t<meta name=\"twitter:data2\" content=\"2 minutes\" \/>\n<script type=\"application\/ld+json\" class=\"yoast-schema-graph\">{\"@context\":\"https:\\\/\\\/schema.org\",\"@graph\":[{\"@type\":\"Article\",\"@id\":\"https:\\\/\\\/macite.tg\\\/?p=6092#article\",\"isPartOf\":{\"@id\":\"https:\\\/\\\/macite.tg\\\/?p=6092\"},\"author\":{\"name\":\"Jean Pierre BAWELA\",\"@id\":\"https:\\\/\\\/macite.tg\\\/#\\\/schema\\\/person\\\/e9f2de7e5dbbe7770a9402c7ce82f5c2\"},\"headline\":\"DES CIVILS OU DES NERVIS AUX COTES DES FDS ? Ces images que la Police a \u00ab oubli\u00e9es \u00bb de montrer (vid\u00e9o)\",\"datePublished\":\"2023-06-05T13:25:10+00:00\",\"dateModified\":\"2023-06-05T13:42:18+00:00\",\"mainEntityOfPage\":{\"@id\":\"https:\\\/\\\/macite.tg\\\/?p=6092\"},\"wordCount\":378,\"commentCount\":0,\"image\":{\"@id\":\"https:\\\/\\\/macite.tg\\\/?p=6092#primaryimage\"},\"thumbnailUrl\":\"https:\\\/\\\/macite.tg\\\/wp-content\\\/uploads\\\/2023\\\/06\\\/485ee79d-f4ae-4998-9fff-e853dd0a29fe-696x392-1.jpg\",\"articleSection\":[\"ACTUALITE\"],\"inLanguage\":\"fr-FR\",\"potentialAction\":[{\"@type\":\"CommentAction\",\"name\":\"Comment\",\"target\":[\"https:\\\/\\\/macite.tg\\\/?p=6092#respond\"]}]},{\"@type\":\"WebPage\",\"@id\":\"https:\\\/\\\/macite.tg\\\/?p=6092\",\"url\":\"https:\\\/\\\/macite.tg\\\/?p=6092\",\"name\":\"DES CIVILS OU DES NERVIS AUX COTES DES FDS ? Ces images que la Police a \u00ab oubli\u00e9es \u00bb de montrer (vid\u00e9o) -\",\"isPartOf\":{\"@id\":\"https:\\\/\\\/macite.tg\\\/#website\"},\"primaryImageOfPage\":{\"@id\":\"https:\\\/\\\/macite.tg\\\/?p=6092#primaryimage\"},\"image\":{\"@id\":\"https:\\\/\\\/macite.tg\\\/?p=6092#primaryimage\"},\"thumbnailUrl\":\"https:\\\/\\\/macite.tg\\\/wp-content\\\/uploads\\\/2023\\\/06\\\/485ee79d-f4ae-4998-9fff-e853dd0a29fe-696x392-1.jpg\",\"datePublished\":\"2023-06-05T13:25:10+00:00\",\"dateModified\":\"2023-06-05T13:42:18+00:00\",\"author\":{\"@id\":\"https:\\\/\\\/macite.tg\\\/#\\\/schema\\\/person\\\/e9f2de7e5dbbe7770a9402c7ce82f5c2\"},\"breadcrumb\":{\"@id\":\"https:\\\/\\\/macite.tg\\\/?p=6092#breadcrumb\"},\"inLanguage\":\"fr-FR\",\"potentialAction\":[{\"@type\":\"ReadAction\",\"target\":[\"https:\\\/\\\/macite.tg\\\/?p=6092\"]}]},{\"@type\":\"ImageObject\",\"inLanguage\":\"fr-FR\",\"@id\":\"https:\\\/\\\/macite.tg\\\/?p=6092#primaryimage\",\"url\":\"https:\\\/\\\/macite.tg\\\/wp-content\\\/uploads\\\/2023\\\/06\\\/485ee79d-f4ae-4998-9fff-e853dd0a29fe-696x392-1.jpg\",\"contentUrl\":\"https:\\\/\\\/macite.tg\\\/wp-content\\\/uploads\\\/2023\\\/06\\\/485ee79d-f4ae-4998-9fff-e853dd0a29fe-696x392-1.jpg\",\"width\":696,\"height\":392},{\"@type\":\"BreadcrumbList\",\"@id\":\"https:\\\/\\\/macite.tg\\\/?p=6092#breadcrumb\",\"itemListElement\":[{\"@type\":\"ListItem\",\"position\":1,\"name\":\"Accueil\",\"item\":\"https:\\\/\\\/macite.tg\\\/\"},{\"@type\":\"ListItem\",\"position\":2,\"name\":\"DES CIVILS OU DES NERVIS AUX COTES DES FDS ? Ces images que la Police a \u00ab oubli\u00e9es \u00bb de montrer (vid\u00e9o)\"}]},{\"@type\":\"WebSite\",\"@id\":\"https:\\\/\\\/macite.tg\\\/#website\",\"url\":\"https:\\\/\\\/macite.tg\\\/\",\"name\":\"\",\"description\":\"L&#039;information, la bonne!!!\",\"potentialAction\":[{\"@type\":\"SearchAction\",\"target\":{\"@type\":\"EntryPoint\",\"urlTemplate\":\"https:\\\/\\\/macite.tg\\\/?s={search_term_string}\"},\"query-input\":{\"@type\":\"PropertyValueSpecification\",\"valueRequired\":true,\"valueName\":\"search_term_string\"}}],\"inLanguage\":\"fr-FR\"},{\"@type\":\"Person\",\"@id\":\"https:\\\/\\\/macite.tg\\\/#\\\/schema\\\/person\\\/e9f2de7e5dbbe7770a9402c7ce82f5c2\",\"name\":\"Jean Pierre BAWELA\",\"image\":{\"@type\":\"ImageObject\",\"inLanguage\":\"fr-FR\",\"@id\":\"https:\\\/\\\/macite.tg\\\/wp-content\\\/uploads\\\/2023\\\/09\\\/WhatsApp-Image-2023-09-19-at-14.44.41-122x122.jpeg\",\"url\":\"https:\\\/\\\/macite.tg\\\/wp-content\\\/uploads\\\/2023\\\/09\\\/WhatsApp-Image-2023-09-19-at-14.44.41-122x122.jpeg\",\"contentUrl\":\"https:\\\/\\\/macite.tg\\\/wp-content\\\/uploads\\\/2023\\\/09\\\/WhatsApp-Image-2023-09-19-at-14.44.41-122x122.jpeg\",\"caption\":\"Jean Pierre BAWELA\"},\"url\":\"https:\\\/\\\/macite.tg\\\/?author=2\"}]}<\/script>\n<!-- \/ Yoast SEO plugin. -->","yoast_head_json":{"title":"DES CIVILS OU DES NERVIS AUX COTES DES FDS ? Ces images que la Police a \u00ab oubli\u00e9es \u00bb de montrer (vid\u00e9o) -","robots":{"index":"index","follow":"follow","max-snippet":"max-snippet:-1","max-image-preview":"max-image-preview:large","max-video-preview":"max-video-preview:-1"},"canonical":"https:\/\/macite.tg\/?p=6092","og_locale":"fr_FR","og_type":"article","og_title":"DES CIVILS OU DES NERVIS AUX COTES DES FDS ? Ces images que la Police a \u00ab oubli\u00e9es \u00bb de montrer (vid\u00e9o) -","og_description":"Lors de sa conf\u00e9rence de presse hier dimanche soir, la Police nationale s\u00e9n\u00e9galaise s\u2019est non seulement lav\u00e9e \u00e0 grande eau sur les morts d\u00e9compt\u00e9s lors les manifestations, mais a \u00e9galement parl\u00e9 de la pr\u00e9sence de personnes lourdement arm\u00e9es aux c\u00f4t\u00e9s des manifestants. D\u2019apr\u00e8s les policiers [&hellip;]","og_url":"https:\/\/macite.tg\/?p=6092","article_published_time":"2023-06-05T13:25:10+00:00","article_modified_time":"2023-06-05T13:42:18+00:00","og_image":[{"width":696,"height":392,"url":"https:\/\/macite.tg\/wp-content\/uploads\/2023\/06\/485ee79d-f4ae-4998-9fff-e853dd0a29fe-696x392-1.jpg","type":"image\/jpeg"}],"author":"Jean Pierre BAWELA","twitter_card":"summary_large_image","twitter_misc":{"\u00c9crit par":"Jean Pierre BAWELA","Dur\u00e9e de lecture estim\u00e9e":"2 minutes"},"schema":{"@context":"https:\/\/schema.org","@graph":[{"@type":"Article","@id":"https:\/\/macite.tg\/?p=6092#article","isPartOf":{"@id":"https:\/\/macite.tg\/?p=6092"},"author":{"name":"Jean Pierre BAWELA","@id":"https:\/\/macite.tg\/#\/schema\/person\/e9f2de7e5dbbe7770a9402c7ce82f5c2"},"headline":"DES CIVILS OU DES NERVIS AUX COTES DES FDS ? Ces images que la Police a \u00ab oubli\u00e9es \u00bb de montrer (vid\u00e9o)","datePublished":"2023-06-05T13:25:10+00:00","dateModified":"2023-06-05T13:42:18+00:00","mainEntityOfPage":{"@id":"https:\/\/macite.tg\/?p=6092"},"wordCount":378,"commentCount":0,"image":{"@id":"https:\/\/macite.tg\/?p=6092#primaryimage"},"thumbnailUrl":"https:\/\/macite.tg\/wp-content\/uploads\/2023\/06\/485ee79d-f4ae-4998-9fff-e853dd0a29fe-696x392-1.jpg","articleSection":["ACTUALITE"],"inLanguage":"fr-FR","potentialAction":[{"@type":"CommentAction","name":"Comment","target":["https:\/\/macite.tg\/?p=6092#respond"]}]},{"@type":"WebPage","@id":"https:\/\/macite.tg\/?p=6092","url":"https:\/\/macite.tg\/?p=6092","name":"DES CIVILS OU DES NERVIS AUX COTES DES FDS ? Ces images que la Police a \u00ab oubli\u00e9es \u00bb de montrer (vid\u00e9o) -","isPartOf":{"@id":"https:\/\/macite.tg\/#website"},"primaryImageOfPage":{"@id":"https:\/\/macite.tg\/?p=6092#primaryimage"},"image":{"@id":"https:\/\/macite.tg\/?p=6092#primaryimage"},"thumbnailUrl":"https:\/\/macite.tg\/wp-content\/uploads\/2023\/06\/485ee79d-f4ae-4998-9fff-e853dd0a29fe-696x392-1.jpg","datePublished":"2023-06-05T13:25:10+00:00","dateModified":"2023-06-05T13:42:18+00:00","author":{"@id":"https:\/\/macite.tg\/#\/schema\/person\/e9f2de7e5dbbe7770a9402c7ce82f5c2"},"breadcrumb":{"@id":"https:\/\/macite.tg\/?p=6092#breadcrumb"},"inLanguage":"fr-FR","potentialAction":[{"@type":"ReadAction","target":["https:\/\/macite.tg\/?p=6092"]}]},{"@type":"ImageObject","inLanguage":"fr-FR","@id":"https:\/\/macite.tg\/?p=6092#primaryimage","url":"https:\/\/macite.tg\/wp-content\/uploads\/2023\/06\/485ee79d-f4ae-4998-9fff-e853dd0a29fe-696x392-1.jpg","contentUrl":"https:\/\/macite.tg\/wp-content\/uploads\/2023\/06\/485ee79d-f4ae-4998-9fff-e853dd0a29fe-696x392-1.jpg","width":696,"height":392},{"@type":"BreadcrumbList","@id":"https:\/\/macite.tg\/?p=6092#breadcrumb","itemListElement":[{"@type":"ListItem","position":1,"name":"Accueil","item":"https:\/\/macite.tg\/"},{"@type":"ListItem","position":2,"name":"DES CIVILS OU DES NERVIS AUX COTES DES FDS ? Ces images que la Police a \u00ab oubli\u00e9es \u00bb de montrer (vid\u00e9o)"}]},{"@type":"WebSite","@id":"https:\/\/macite.tg\/#website","url":"https:\/\/macite.tg\/","name":"","description":"L&#039;information, la bonne!!!","potentialAction":[{"@type":"SearchAction","target":{"@type":"EntryPoint","urlTemplate":"https:\/\/macite.tg\/?s={search_term_string}"},"query-input":{"@type":"PropertyValueSpecification","valueRequired":true,"valueName":"search_term_string"}}],"inLanguage":"fr-FR"},{"@type":"Person","@id":"https:\/\/macite.tg\/#\/schema\/person\/e9f2de7e5dbbe7770a9402c7ce82f5c2","name":"Jean Pierre BAWELA","image":{"@type":"ImageObject","inLanguage":"fr-FR","@id":"https:\/\/macite.tg\/wp-content\/uploads\/2023\/09\/WhatsApp-Image-2023-09-19-at-14.44.41-122x122.jpeg","url":"https:\/\/macite.tg\/wp-content\/uploads\/2023\/09\/WhatsApp-Image-2023-09-19-at-14.44.41-122x122.jpeg","contentUrl":"https:\/\/macite.tg\/wp-content\/uploads\/2023\/09\/WhatsApp-Image-2023-09-19-at-14.44.41-122x122.jpeg","caption":"Jean Pierre BAWELA"},"url":"https:\/\/macite.tg\/?author=2"}]}},"_links":{"self":[{"href":"https:\/\/macite.tg\/index.php?rest_route=\/wp\/v2\/posts\/6092","targetHints":{"allow":["GET"]}}],"collection":[{"href":"https:\/\/macite.tg\/index.php?rest_route=\/wp\/v2\/posts"}],"about":[{"href":"https:\/\/macite.tg\/index.php?rest_route=\/wp\/v2\/types\/post"}],"author":[{"embeddable":true,"href":"https:\/\/macite.tg\/index.php?rest_route=\/wp\/v2\/users\/2"}],"replies":[{"embeddable":true,"href":"https:\/\/macite.tg\/index.php?rest_route=%2Fwp%2Fv2%2Fcomments&post=6092"}],"version-history":[{"count":0,"href":"https:\/\/macite.tg\/index.php?rest_route=\/wp\/v2\/posts\/6092\/revisions"}],"wp:featuredmedia":[{"embeddable":true,"href":"https:\/\/macite.tg\/index.php?rest_route=\/wp\/v2\/media\/6093"}],"wp:attachment":[{"href":"https:\/\/macite.tg\/index.php?rest_route=%2Fwp%2Fv2%2Fmedia&parent=6092"}],"wp:term":[{"taxonomy":"category","embeddable":true,"href":"https:\/\/macite.tg\/index.php?rest_route=%2Fwp%2Fv2%2Fcategories&post=6092"},{"taxonomy":"post_tag","embeddable":true,"href":"https:\/\/macite.tg\/index.php?rest_route=%2Fwp%2Fv2%2Ftags&post=6092"}],"curies":[{"name":"wp","href":"https:\/\/api.w.org\/{rel}","templated":true}]}}