{"id":6087,"date":"2023-06-05T12:56:16","date_gmt":"2023-06-05T12:56:16","guid":{"rendered":"https:\/\/macite.tg\/?p=6087"},"modified":"2023-06-05T12:56:17","modified_gmt":"2023-06-05T12:56:17","slug":"filiere-viande-mme-sandra-ablamba-johnson-inaugure-un-abattoir-moderne-dans-les-lacs","status":"publish","type":"post","link":"https:\/\/macite.tg\/?p=6087","title":{"rendered":"FILI\u00c8RE VIANDE\u00a0: Mme Sandra Ablamba Johnson inaugure un abattoir moderne dans les Lacs"},"content":{"rendered":"\n<p class=\"wp-block-paragraph\"><\/p>\n\n\n\n<p class=\"wp-block-paragraph\"><strong><em>Les acteurs de la fili\u00e8re viande de la pr\u00e9fecture des Lacs et de ses environs, disposent d\u00e9sormais d\u2019un abattoir moderne.&nbsp; L\u2019infrastructure a \u00e9t\u00e9 inaugur\u00e9e, vendredi 02 juin dernier, par la ministre et Secr\u00e9taire g\u00e9n\u00e9rale de la Pr\u00e9sidence de la R\u00e9publique, Mme Sandra Ablamba Johnson.<\/em><\/strong><\/p>\n\n\n\n<p class=\"wp-block-paragraph\">Vendredi 02 juin dernier, la ministre et Secr\u00e9taire g\u00e9n\u00e9rale de la Pr\u00e9sidence de la R\u00e9publique, Mme Sandra Ablamba Johnson, a inaugur\u00e9 un nouvel abattoir moderne \u00e0 Hemazo dans la pr\u00e9fecture des Lacs. C\u2019\u00e9tait en pr\u00e9sence de la ministre du D\u00e9veloppement \u00e0 la base, Mme Myriam Dossou d\u2019Almeida et des autorit\u00e9s locales.<\/p>\n\n\n<div class=\"wp-block-image\">\n<figure class=\"aligncenter size-large is-resized\"><img loading=\"lazy\" decoding=\"async\" src=\"https:\/\/macite.tg\/wp-content\/uploads\/2023\/06\/Panneau-2-12m2-1024x768.jpg\" alt=\"\" class=\"wp-image-6024\" width=\"678\" height=\"509\" srcset=\"https:\/\/macite.tg\/wp-content\/uploads\/2023\/06\/Panneau-2-12m2-1024x768.jpg 1024w, https:\/\/macite.tg\/wp-content\/uploads\/2023\/06\/Panneau-2-12m2-300x225.jpg 300w, https:\/\/macite.tg\/wp-content\/uploads\/2023\/06\/Panneau-2-12m2-768x576.jpg 768w, https:\/\/macite.tg\/wp-content\/uploads\/2023\/06\/Panneau-2-12m2-1536x1152.jpg 1536w, https:\/\/macite.tg\/wp-content\/uploads\/2023\/06\/Panneau-2-12m2-2048x1536.jpg 2048w\" sizes=\"auto, (max-width: 678px) 100vw, 678px\" \/><\/figure>\n<\/div>\n\n\n<p class=\"wp-block-paragraph\">L\u2019infrastructure dont la r\u00e9alisation est une concr\u00e9tisation de la promesse du Chef de l\u2019Etat, a \u00e9t\u00e9 officiellement remise aux autorit\u00e9s locales. L\u2019action s\u2019inscrit dans le cadre du Programme d\u2019appui aux populations vuln\u00e9rables (PAPV).<\/p>\n\n\n\n<p class=\"wp-block-paragraph\">L\u2019ouvrage est compos\u00e9 d\u2019une salle d\u2019abattage, une chambre froide, une salle de traitement, une salle de vente, des sanitaires, et deux bureaux.<\/p>\n\n\n\n<figure class=\"wp-block-image size-large\"><img loading=\"lazy\" decoding=\"async\" width=\"1024\" height=\"212\" src=\"https:\/\/macite.tg\/wp-content\/uploads\/2023\/06\/IMG-20230514-WA00962-1024x212.jpg\" alt=\"\" class=\"wp-image-5991\" srcset=\"https:\/\/macite.tg\/wp-content\/uploads\/2023\/06\/IMG-20230514-WA00962-1024x212.jpg 1024w, https:\/\/macite.tg\/wp-content\/uploads\/2023\/06\/IMG-20230514-WA00962-300x62.jpg 300w, https:\/\/macite.tg\/wp-content\/uploads\/2023\/06\/IMG-20230514-WA00962-768x159.jpg 768w, https:\/\/macite.tg\/wp-content\/uploads\/2023\/06\/IMG-20230514-WA00962-1536x318.jpg 1536w, https:\/\/macite.tg\/wp-content\/uploads\/2023\/06\/IMG-20230514-WA00962.jpg 1600w\" sizes=\"auto, (max-width: 1024px) 100vw, 1024px\" \/><\/figure>\n\n\n\n<p class=\"wp-block-paragraph\">Notons que ce Programme participe \u00e0 la relance de l\u2019industrie de la viande au Togo. Ainsi, plusieurs autres chantiers d\u2019abattoirs modernes sont en cours, notamment \u00e0 Kpalim\u00e9, Sokod\u00e9, Kara. D\u2019autres villes comme Atakpam\u00e9, Niamtougou et Dapaong sont \u00e9galement en lice pour b\u00e9n\u00e9ficier d\u2019un abattoir moderne.<\/p>\n\n\n\n<p class=\"wp-block-paragraph\"><strong>La R\u00e9daction<\/strong><\/p>\n\n\n\n<p class=\"wp-block-paragraph\"><strong><em>@macite.tg<\/em><\/strong><\/p>\n\n\n\n<p class=\"wp-block-paragraph\"><strong><em>E-mail&nbsp;: <\/em><\/strong><a href=\"mailto:maciteinfo@gmail.com\"><em>maciteinfo@gmail.com<\/em><\/a><strong><em>; <\/em><\/strong><a href=\"mailto:bawela1@gmail.com\"><em>bawela1@gmail.com<\/em><\/a><em><\/em><\/p>\n\n\n\n<p class=\"wp-block-paragraph\"><strong><em>Pour vos annonces, (publi)reportages, etc., joignez nous au (00228)91515309\/<strong>79872224 <\/strong>www.macite.tg, L\u2019information, la bonne&nbsp;!<\/em><\/strong><\/p>\n","protected":false},"excerpt":{"rendered":"<p class=\"text-justify mb-2\" >Les acteurs de la fili\u00e8re viande de la pr\u00e9fecture des Lacs et de ses environs, disposent d\u00e9sormais d\u2019un abattoir moderne.&nbsp; L\u2019infrastructure a \u00e9t\u00e9 inaugur\u00e9e, vendredi 02 juin dernier, par la ministre et Secr\u00e9taire g\u00e9n\u00e9rale de la Pr\u00e9sidence de la R\u00e9publique, Mme Sandra Ablamba Johnson. Vendredi [&hellip;]<\/p>\n","protected":false},"author":2,"featured_media":6089,"comment_status":"open","ping_status":"open","sticky":false,"template":"","format":"standard","meta":{"footnotes":""},"categories":[20],"tags":[],"class_list":["post-6087","post","type-post","status-publish","format-standard","has-post-thumbnail","hentry","category-actualite"],"yoast_head":"<!-- This site is optimized with the Yoast SEO plugin v28.4 - https:\/\/yoast.com\/product\/yoast-seo-wordpress\/ -->\n<title>FILI\u00c8RE VIANDE\u00a0: Mme Sandra Ablamba Johnson inaugure un abattoir moderne dans les Lacs -<\/title>\n<meta name=\"robots\" content=\"index, follow, max-snippet:-1, max-image-preview:large, max-video-preview:-1\" \/>\n<link rel=\"canonical\" href=\"https:\/\/macite.tg\/?p=6087\" \/>\n<meta property=\"og:locale\" content=\"fr_FR\" \/>\n<meta property=\"og:type\" content=\"article\" \/>\n<meta property=\"og:title\" content=\"FILI\u00c8RE VIANDE\u00a0: Mme Sandra Ablamba Johnson inaugure un abattoir moderne dans les Lacs -\" \/>\n<meta property=\"og:description\" content=\"Les acteurs de la fili\u00e8re viande de la pr\u00e9fecture des Lacs et de ses environs, disposent d\u00e9sormais d\u2019un abattoir moderne.&nbsp; L\u2019infrastructure a \u00e9t\u00e9 inaugur\u00e9e, vendredi 02 juin dernier, par la ministre et Secr\u00e9taire g\u00e9n\u00e9rale de la Pr\u00e9sidence de la R\u00e9publique, Mme Sandra Ablamba Johnson. Vendredi [&hellip;]\" \/>\n<meta property=\"og:url\" content=\"https:\/\/macite.tg\/?p=6087\" \/>\n<meta property=\"article:published_time\" content=\"2023-06-05T12:56:16+00:00\" \/>\n<meta property=\"article:modified_time\" content=\"2023-06-05T12:56:17+00:00\" \/>\n<meta property=\"og:image\" content=\"https:\/\/macite.tg\/wp-content\/uploads\/2023\/06\/Abattoir-Lacs.jpg\" \/>\n\t<meta property=\"og:image:width\" content=\"500\" \/>\n\t<meta property=\"og:image:height\" content=\"313\" \/>\n\t<meta property=\"og:image:type\" content=\"image\/jpeg\" \/>\n<meta name=\"author\" content=\"Jean Pierre BAWELA\" \/>\n<meta name=\"twitter:card\" content=\"summary_large_image\" \/>\n<meta name=\"twitter:label1\" content=\"\u00c9crit par\" \/>\n\t<meta name=\"twitter:data1\" content=\"Jean Pierre BAWELA\" \/>\n\t<meta name=\"twitter:label2\" content=\"Dur\u00e9e de lecture estim\u00e9e\" \/>\n\t<meta name=\"twitter:data2\" content=\"1 minute\" \/>\n<script type=\"application\/ld+json\" class=\"yoast-schema-graph\">{\"@context\":\"https:\\\/\\\/schema.org\",\"@graph\":[{\"@type\":\"Article\",\"@id\":\"https:\\\/\\\/macite.tg\\\/?p=6087#article\",\"isPartOf\":{\"@id\":\"https:\\\/\\\/macite.tg\\\/?p=6087\"},\"author\":{\"name\":\"Jean Pierre BAWELA\",\"@id\":\"https:\\\/\\\/macite.tg\\\/#\\\/schema\\\/person\\\/e9f2de7e5dbbe7770a9402c7ce82f5c2\"},\"headline\":\"FILI\u00c8RE VIANDE\u00a0: Mme Sandra Ablamba Johnson inaugure un abattoir moderne dans les Lacs\",\"datePublished\":\"2023-06-05T12:56:16+00:00\",\"dateModified\":\"2023-06-05T12:56:17+00:00\",\"mainEntityOfPage\":{\"@id\":\"https:\\\/\\\/macite.tg\\\/?p=6087\"},\"wordCount\":274,\"commentCount\":0,\"image\":{\"@id\":\"https:\\\/\\\/macite.tg\\\/?p=6087#primaryimage\"},\"thumbnailUrl\":\"https:\\\/\\\/macite.tg\\\/wp-content\\\/uploads\\\/2023\\\/06\\\/Abattoir-Lacs.jpg\",\"articleSection\":[\"ACTUALITE\"],\"inLanguage\":\"fr-FR\",\"potentialAction\":[{\"@type\":\"CommentAction\",\"name\":\"Comment\",\"target\":[\"https:\\\/\\\/macite.tg\\\/?p=6087#respond\"]}]},{\"@type\":\"WebPage\",\"@id\":\"https:\\\/\\\/macite.tg\\\/?p=6087\",\"url\":\"https:\\\/\\\/macite.tg\\\/?p=6087\",\"name\":\"FILI\u00c8RE VIANDE\u00a0: Mme Sandra Ablamba Johnson inaugure un abattoir moderne dans les Lacs -\",\"isPartOf\":{\"@id\":\"https:\\\/\\\/macite.tg\\\/#website\"},\"primaryImageOfPage\":{\"@id\":\"https:\\\/\\\/macite.tg\\\/?p=6087#primaryimage\"},\"image\":{\"@id\":\"https:\\\/\\\/macite.tg\\\/?p=6087#primaryimage\"},\"thumbnailUrl\":\"https:\\\/\\\/macite.tg\\\/wp-content\\\/uploads\\\/2023\\\/06\\\/Abattoir-Lacs.jpg\",\"datePublished\":\"2023-06-05T12:56:16+00:00\",\"dateModified\":\"2023-06-05T12:56:17+00:00\",\"author\":{\"@id\":\"https:\\\/\\\/macite.tg\\\/#\\\/schema\\\/person\\\/e9f2de7e5dbbe7770a9402c7ce82f5c2\"},\"breadcrumb\":{\"@id\":\"https:\\\/\\\/macite.tg\\\/?p=6087#breadcrumb\"},\"inLanguage\":\"fr-FR\",\"potentialAction\":[{\"@type\":\"ReadAction\",\"target\":[\"https:\\\/\\\/macite.tg\\\/?p=6087\"]}]},{\"@type\":\"ImageObject\",\"inLanguage\":\"fr-FR\",\"@id\":\"https:\\\/\\\/macite.tg\\\/?p=6087#primaryimage\",\"url\":\"https:\\\/\\\/macite.tg\\\/wp-content\\\/uploads\\\/2023\\\/06\\\/Abattoir-Lacs.jpg\",\"contentUrl\":\"https:\\\/\\\/macite.tg\\\/wp-content\\\/uploads\\\/2023\\\/06\\\/Abattoir-Lacs.jpg\",\"width\":500,\"height\":313},{\"@type\":\"BreadcrumbList\",\"@id\":\"https:\\\/\\\/macite.tg\\\/?p=6087#breadcrumb\",\"itemListElement\":[{\"@type\":\"ListItem\",\"position\":1,\"name\":\"Accueil\",\"item\":\"https:\\\/\\\/macite.tg\\\/\"},{\"@type\":\"ListItem\",\"position\":2,\"name\":\"FILI\u00c8RE VIANDE\u00a0: Mme Sandra Ablamba Johnson inaugure un abattoir moderne dans les Lacs\"}]},{\"@type\":\"WebSite\",\"@id\":\"https:\\\/\\\/macite.tg\\\/#website\",\"url\":\"https:\\\/\\\/macite.tg\\\/\",\"name\":\"\",\"description\":\"L&#039;information, la bonne!!!\",\"potentialAction\":[{\"@type\":\"SearchAction\",\"target\":{\"@type\":\"EntryPoint\",\"urlTemplate\":\"https:\\\/\\\/macite.tg\\\/?s={search_term_string}\"},\"query-input\":{\"@type\":\"PropertyValueSpecification\",\"valueRequired\":true,\"valueName\":\"search_term_string\"}}],\"inLanguage\":\"fr-FR\"},{\"@type\":\"Person\",\"@id\":\"https:\\\/\\\/macite.tg\\\/#\\\/schema\\\/person\\\/e9f2de7e5dbbe7770a9402c7ce82f5c2\",\"name\":\"Jean Pierre BAWELA\",\"image\":{\"@type\":\"ImageObject\",\"inLanguage\":\"fr-FR\",\"@id\":\"https:\\\/\\\/macite.tg\\\/wp-content\\\/uploads\\\/2023\\\/09\\\/WhatsApp-Image-2023-09-19-at-14.44.41-122x122.jpeg\",\"url\":\"https:\\\/\\\/macite.tg\\\/wp-content\\\/uploads\\\/2023\\\/09\\\/WhatsApp-Image-2023-09-19-at-14.44.41-122x122.jpeg\",\"contentUrl\":\"https:\\\/\\\/macite.tg\\\/wp-content\\\/uploads\\\/2023\\\/09\\\/WhatsApp-Image-2023-09-19-at-14.44.41-122x122.jpeg\",\"caption\":\"Jean Pierre BAWELA\"},\"url\":\"https:\\\/\\\/macite.tg\\\/?author=2\"}]}<\/script>\n<!-- \/ Yoast SEO plugin. -->","yoast_head_json":{"title":"FILI\u00c8RE VIANDE\u00a0: Mme Sandra Ablamba Johnson inaugure un abattoir moderne dans les Lacs -","robots":{"index":"index","follow":"follow","max-snippet":"max-snippet:-1","max-image-preview":"max-image-preview:large","max-video-preview":"max-video-preview:-1"},"canonical":"https:\/\/macite.tg\/?p=6087","og_locale":"fr_FR","og_type":"article","og_title":"FILI\u00c8RE VIANDE\u00a0: Mme Sandra Ablamba Johnson inaugure un abattoir moderne dans les Lacs -","og_description":"Les acteurs de la fili\u00e8re viande de la pr\u00e9fecture des Lacs et de ses environs, disposent d\u00e9sormais d\u2019un abattoir moderne.&nbsp; L\u2019infrastructure a \u00e9t\u00e9 inaugur\u00e9e, vendredi 02 juin dernier, par la ministre et Secr\u00e9taire g\u00e9n\u00e9rale de la Pr\u00e9sidence de la R\u00e9publique, Mme Sandra Ablamba Johnson. Vendredi [&hellip;]","og_url":"https:\/\/macite.tg\/?p=6087","article_published_time":"2023-06-05T12:56:16+00:00","article_modified_time":"2023-06-05T12:56:17+00:00","og_image":[{"width":500,"height":313,"url":"https:\/\/macite.tg\/wp-content\/uploads\/2023\/06\/Abattoir-Lacs.jpg","type":"image\/jpeg"}],"author":"Jean Pierre BAWELA","twitter_card":"summary_large_image","twitter_misc":{"\u00c9crit par":"Jean Pierre BAWELA","Dur\u00e9e de lecture estim\u00e9e":"1 minute"},"schema":{"@context":"https:\/\/schema.org","@graph":[{"@type":"Article","@id":"https:\/\/macite.tg\/?p=6087#article","isPartOf":{"@id":"https:\/\/macite.tg\/?p=6087"},"author":{"name":"Jean Pierre BAWELA","@id":"https:\/\/macite.tg\/#\/schema\/person\/e9f2de7e5dbbe7770a9402c7ce82f5c2"},"headline":"FILI\u00c8RE VIANDE\u00a0: Mme Sandra Ablamba Johnson inaugure un abattoir moderne dans les Lacs","datePublished":"2023-06-05T12:56:16+00:00","dateModified":"2023-06-05T12:56:17+00:00","mainEntityOfPage":{"@id":"https:\/\/macite.tg\/?p=6087"},"wordCount":274,"commentCount":0,"image":{"@id":"https:\/\/macite.tg\/?p=6087#primaryimage"},"thumbnailUrl":"https:\/\/macite.tg\/wp-content\/uploads\/2023\/06\/Abattoir-Lacs.jpg","articleSection":["ACTUALITE"],"inLanguage":"fr-FR","potentialAction":[{"@type":"CommentAction","name":"Comment","target":["https:\/\/macite.tg\/?p=6087#respond"]}]},{"@type":"WebPage","@id":"https:\/\/macite.tg\/?p=6087","url":"https:\/\/macite.tg\/?p=6087","name":"FILI\u00c8RE VIANDE\u00a0: Mme Sandra Ablamba Johnson inaugure un abattoir moderne dans les Lacs -","isPartOf":{"@id":"https:\/\/macite.tg\/#website"},"primaryImageOfPage":{"@id":"https:\/\/macite.tg\/?p=6087#primaryimage"},"image":{"@id":"https:\/\/macite.tg\/?p=6087#primaryimage"},"thumbnailUrl":"https:\/\/macite.tg\/wp-content\/uploads\/2023\/06\/Abattoir-Lacs.jpg","datePublished":"2023-06-05T12:56:16+00:00","dateModified":"2023-06-05T12:56:17+00:00","author":{"@id":"https:\/\/macite.tg\/#\/schema\/person\/e9f2de7e5dbbe7770a9402c7ce82f5c2"},"breadcrumb":{"@id":"https:\/\/macite.tg\/?p=6087#breadcrumb"},"inLanguage":"fr-FR","potentialAction":[{"@type":"ReadAction","target":["https:\/\/macite.tg\/?p=6087"]}]},{"@type":"ImageObject","inLanguage":"fr-FR","@id":"https:\/\/macite.tg\/?p=6087#primaryimage","url":"https:\/\/macite.tg\/wp-content\/uploads\/2023\/06\/Abattoir-Lacs.jpg","contentUrl":"https:\/\/macite.tg\/wp-content\/uploads\/2023\/06\/Abattoir-Lacs.jpg","width":500,"height":313},{"@type":"BreadcrumbList","@id":"https:\/\/macite.tg\/?p=6087#breadcrumb","itemListElement":[{"@type":"ListItem","position":1,"name":"Accueil","item":"https:\/\/macite.tg\/"},{"@type":"ListItem","position":2,"name":"FILI\u00c8RE VIANDE\u00a0: Mme Sandra Ablamba Johnson inaugure un abattoir moderne dans les Lacs"}]},{"@type":"WebSite","@id":"https:\/\/macite.tg\/#website","url":"https:\/\/macite.tg\/","name":"","description":"L&#039;information, la bonne!!!","potentialAction":[{"@type":"SearchAction","target":{"@type":"EntryPoint","urlTemplate":"https:\/\/macite.tg\/?s={search_term_string}"},"query-input":{"@type":"PropertyValueSpecification","valueRequired":true,"valueName":"search_term_string"}}],"inLanguage":"fr-FR"},{"@type":"Person","@id":"https:\/\/macite.tg\/#\/schema\/person\/e9f2de7e5dbbe7770a9402c7ce82f5c2","name":"Jean Pierre BAWELA","image":{"@type":"ImageObject","inLanguage":"fr-FR","@id":"https:\/\/macite.tg\/wp-content\/uploads\/2023\/09\/WhatsApp-Image-2023-09-19-at-14.44.41-122x122.jpeg","url":"https:\/\/macite.tg\/wp-content\/uploads\/2023\/09\/WhatsApp-Image-2023-09-19-at-14.44.41-122x122.jpeg","contentUrl":"https:\/\/macite.tg\/wp-content\/uploads\/2023\/09\/WhatsApp-Image-2023-09-19-at-14.44.41-122x122.jpeg","caption":"Jean Pierre BAWELA"},"url":"https:\/\/macite.tg\/?author=2"}]}},"_links":{"self":[{"href":"https:\/\/macite.tg\/index.php?rest_route=\/wp\/v2\/posts\/6087","targetHints":{"allow":["GET"]}}],"collection":[{"href":"https:\/\/macite.tg\/index.php?rest_route=\/wp\/v2\/posts"}],"about":[{"href":"https:\/\/macite.tg\/index.php?rest_route=\/wp\/v2\/types\/post"}],"author":[{"embeddable":true,"href":"https:\/\/macite.tg\/index.php?rest_route=\/wp\/v2\/users\/2"}],"replies":[{"embeddable":true,"href":"https:\/\/macite.tg\/index.php?rest_route=%2Fwp%2Fv2%2Fcomments&post=6087"}],"version-history":[{"count":0,"href":"https:\/\/macite.tg\/index.php?rest_route=\/wp\/v2\/posts\/6087\/revisions"}],"wp:featuredmedia":[{"embeddable":true,"href":"https:\/\/macite.tg\/index.php?rest_route=\/wp\/v2\/media\/6089"}],"wp:attachment":[{"href":"https:\/\/macite.tg\/index.php?rest_route=%2Fwp%2Fv2%2Fmedia&parent=6087"}],"wp:term":[{"taxonomy":"category","embeddable":true,"href":"https:\/\/macite.tg\/index.php?rest_route=%2Fwp%2Fv2%2Fcategories&post=6087"},{"taxonomy":"post_tag","embeddable":true,"href":"https:\/\/macite.tg\/index.php?rest_route=%2Fwp%2Fv2%2Ftags&post=6087"}],"curies":[{"name":"wp","href":"https:\/\/api.w.org\/{rel}","templated":true}]}}