{"id":6079,"date":"2023-06-05T11:13:31","date_gmt":"2023-06-05T11:13:31","guid":{"rendered":"https:\/\/macite.tg\/?p=6079"},"modified":"2023-06-05T11:34:48","modified_gmt":"2023-06-05T11:34:48","slug":"programme-presidentiel-dexcellence-ppe-la-3e-promotion-integree-dans-ladministration","status":"publish","type":"post","link":"https:\/\/macite.tg\/?p=6079","title":{"rendered":"PROGRAMME PR\u00c9SIDENTIEL D\u2019EXCELLENCE\u00a0(PPE) : Les dipl\u00f4m\u00e9s de la 3\u00e8 promotion vont int\u00e9grer l\u2019administration"},"content":{"rendered":"\n<p class=\"wp-block-paragraph\"><strong><em>Ils sont au total 22 jeunes dipl\u00f4m\u00e9s issus de la 3\u00e8 promotion du Programme pr\u00e9sidentiel d\u2019excellence (PPE). &nbsp;Ces jeunes ont \u00e9t\u00e9 officiellement int\u00e9gr\u00e9s dans l\u2019administration publique, le vendredi 025 juin dernier, au cours d\u2019une c\u00e9r\u00e9monie \u00e0 la Pr\u00e9sidence de la R\u00e9publique.<\/em><\/strong><\/p>\n\n\n\n<p class=\"wp-block-paragraph\">C\u2019est la ministre et Secr\u00e9taire g\u00e9n\u00e9rale de la Pr\u00e9sidence de la R\u00e9publique, Mme Sandra Ablamba Johnson qui a pr\u00e9sid\u00e9 cette c\u00e9r\u00e9monie au cours de laquelle ces jeunes dipl\u00f4m\u00e9s ont re\u00e7u d\u2019utiles conseil en vue de leur parfaite int\u00e9gration dans leur nouveau cadre professionnel.<\/p>\n\n\n<div class=\"wp-block-image\">\n<figure class=\"aligncenter size-large is-resized\"><img loading=\"lazy\" decoding=\"async\" src=\"https:\/\/macite.tg\/wp-content\/uploads\/2023\/06\/Panneau-1-12m2-bis-1024x768.jpg\" alt=\"\" class=\"wp-image-6022\" width=\"581\" height=\"436\" srcset=\"https:\/\/macite.tg\/wp-content\/uploads\/2023\/06\/Panneau-1-12m2-bis-1024x768.jpg 1024w, https:\/\/macite.tg\/wp-content\/uploads\/2023\/06\/Panneau-1-12m2-bis-300x225.jpg 300w, https:\/\/macite.tg\/wp-content\/uploads\/2023\/06\/Panneau-1-12m2-bis-768x576.jpg 768w, https:\/\/macite.tg\/wp-content\/uploads\/2023\/06\/Panneau-1-12m2-bis-1536x1152.jpg 1536w, https:\/\/macite.tg\/wp-content\/uploads\/2023\/06\/Panneau-1-12m2-bis-2048x1536.jpg 2048w\" sizes=\"auto, (max-width: 581px) 100vw, 581px\" \/><\/figure>\n<\/div>\n\n\n<p class=\"wp-block-paragraph\">Pendant 18 mois, ces jeunes Togolais des deux sexes ont \u00e9t\u00e9 form\u00e9s par le cabinet international ShARE. Ainsi, en plus de leurs exp\u00e9riences professionnelles initiales, ils ont acquiert de nouvelles comp\u00e9tences (notamment en leadership, communication, gestion de projet, r\u00e9solution de probl\u00e8mes, pens\u00e9e analytique, esprit critique) pour apporter leur plus-value \u00e0 la mise en \u0153uvre effective des projets structurants de la feuille de route gouvernementale.<\/p>\n\n\n\n<p class=\"wp-block-paragraph\">Selon la ministre et Secr\u00e9taire g\u00e9n\u00e9rale de la Pr\u00e9sidence, \u00ab&nbsp;<em>tout b\u00e9n\u00e9ficiaire du Programme pr\u00e9sidentiel d\u2019excellence doit \u00eatre entreprenant. Je vous invite \u00e0 nourrir l\u2019administration par votre dynamisme et votre vivacit\u00e9. Le chef de l\u2019\u00c9tat veut une administration publique dynamique o\u00f9 les Togolais travaillent avec un esprit d\u2019entreprise.\u00bb.&nbsp;\u00ab&nbsp;Gardez \u00e0 l\u2019esprit, le service \u00e0 la nation et n\u2019h\u00e9sitez surtout pas \u00e0 partager votre expertise acquise tout au long de votre parcours avec vos coll\u00e8gues, vos nouveaux alli\u00e9s sur la route du d\u00e9veloppement national&nbsp;\u00bb, <\/em>a-t-telle conseill\u00e9.<\/p>\n\n\n\n<p class=\"wp-block-paragraph\">Les laur\u00e9ats de la 3\u00e8 promotion du PPE seront mis \u00e0 la disposition de plusieurs d\u00e9partements de l\u2019administration, pour faire leur preuve pendant une trois ans sur des projets r\u00e9el de l\u2019ex\u00e9cutif en lien avec les projets de d\u00e9veloppement du pays. A l\u2019issue de cette p\u00e9riode de trois, ceux-ci seront \u00e0 m\u00eame de d\u00e9cider s\u2019ils vont poursuivre l\u2019aventure dans ledit programme.<\/p>\n\n\n\n<figure class=\"wp-block-image size-large\"><img loading=\"lazy\" decoding=\"async\" width=\"1024\" height=\"212\" src=\"https:\/\/macite.tg\/wp-content\/uploads\/2023\/06\/IMG-20230514-WA00962-1024x212.jpg\" alt=\"\" class=\"wp-image-5991\" srcset=\"https:\/\/macite.tg\/wp-content\/uploads\/2023\/06\/IMG-20230514-WA00962-1024x212.jpg 1024w, https:\/\/macite.tg\/wp-content\/uploads\/2023\/06\/IMG-20230514-WA00962-300x62.jpg 300w, https:\/\/macite.tg\/wp-content\/uploads\/2023\/06\/IMG-20230514-WA00962-768x159.jpg 768w, https:\/\/macite.tg\/wp-content\/uploads\/2023\/06\/IMG-20230514-WA00962-1536x318.jpg 1536w, https:\/\/macite.tg\/wp-content\/uploads\/2023\/06\/IMG-20230514-WA00962.jpg 1600w\" sizes=\"auto, (max-width: 1024px) 100vw, 1024px\" \/><\/figure>\n\n\n\n<p class=\"wp-block-paragraph\">Notons que le PPE est con\u00e7u pour \u00eatre compl\u00e9mentaire des \u00e9tudes acad\u00e9miques et pr\u00e9parer les \u00e9tudiants ainsi que les jeunes professionnels issus des Universit\u00e9s de Lom\u00e9, de Kara et de l\u2019UCAO, \u00e0 rejoindre l\u2019administration publique. Lanc\u00e9 depuis 2019 par le Pr\u00e9sident de la R\u00e9publique, Faure Gnassingb\u00e9, ce Programme enti\u00e8rement gratuit (financ\u00e9 par l\u2019Etat et ses partenaires), est ax\u00e9 autour de quatre piliers essentiel, \u00e0 savoir&nbsp;: l\u2019acquisition de comp\u00e9tences professionnelles, l\u2019ouverture au monde, le leadership et les enjeux socio\u00e9conomiques du Togo)<\/p>\n\n\n\n<p class=\"wp-block-paragraph\"><strong>JPB<\/strong><\/p>\n\n\n\n<p class=\"wp-block-paragraph\"><strong><em>@macite.tg<\/em><\/strong><\/p>\n\n\n\n<p class=\"wp-block-paragraph\"><strong><em>E-mail&nbsp;: <\/em><\/strong><a href=\"mailto:maciteinfo@gmail.com\"><strong><em>maciteinfo@gmail.com<\/em><\/strong><\/a><strong><em>; <\/em><\/strong><a href=\"mailto:bawela1@gmail.com\"><strong><em>bawela1@gmail.com<\/em><\/strong><\/a><\/p>\n\n\n\n<p class=\"wp-block-paragraph\"><strong><em>Pour vos annonces, (publi)reportages, etc., joignez nous au (00228)91515309\/<strong>79872224 <\/strong>www.macite.tg, L\u2019information, la bonne&nbsp;!<\/em><\/strong><\/p>\n","protected":false},"excerpt":{"rendered":"<p class=\"text-justify mb-2\" >Ils sont au total 22 jeunes dipl\u00f4m\u00e9s issus de la 3\u00e8 promotion du Programme pr\u00e9sidentiel d\u2019excellence (PPE). &nbsp;Ces jeunes ont \u00e9t\u00e9 officiellement int\u00e9gr\u00e9s dans l\u2019administration publique, le vendredi 025 juin dernier, au cours d\u2019une c\u00e9r\u00e9monie \u00e0 la Pr\u00e9sidence de la R\u00e9publique. C\u2019est la ministre et [&hellip;]<\/p>\n","protected":false},"author":2,"featured_media":6080,"comment_status":"open","ping_status":"open","sticky":false,"template":"","format":"standard","meta":{"footnotes":""},"categories":[20],"tags":[],"class_list":["post-6079","post","type-post","status-publish","format-standard","has-post-thumbnail","hentry","category-actualite"],"yoast_head":"<!-- This site is optimized with the Yoast SEO plugin v28.4 - https:\/\/yoast.com\/product\/yoast-seo-wordpress\/ -->\n<title>PROGRAMME PR\u00c9SIDENTIEL D\u2019EXCELLENCE\u00a0(PPE) : Les dipl\u00f4m\u00e9s de la 3\u00e8 promotion vont int\u00e9grer l\u2019administration -<\/title>\n<meta name=\"robots\" content=\"index, follow, max-snippet:-1, max-image-preview:large, max-video-preview:-1\" \/>\n<link rel=\"canonical\" href=\"https:\/\/macite.tg\/?p=6079\" \/>\n<meta property=\"og:locale\" content=\"fr_FR\" \/>\n<meta property=\"og:type\" content=\"article\" \/>\n<meta property=\"og:title\" content=\"PROGRAMME PR\u00c9SIDENTIEL D\u2019EXCELLENCE\u00a0(PPE) : Les dipl\u00f4m\u00e9s de la 3\u00e8 promotion vont int\u00e9grer l\u2019administration -\" \/>\n<meta property=\"og:description\" content=\"Ils sont au total 22 jeunes dipl\u00f4m\u00e9s issus de la 3\u00e8 promotion du Programme pr\u00e9sidentiel d\u2019excellence (PPE). &nbsp;Ces jeunes ont \u00e9t\u00e9 officiellement int\u00e9gr\u00e9s dans l\u2019administration publique, le vendredi 025 juin dernier, au cours d\u2019une c\u00e9r\u00e9monie \u00e0 la Pr\u00e9sidence de la R\u00e9publique. C\u2019est la ministre et [&hellip;]\" \/>\n<meta property=\"og:url\" content=\"https:\/\/macite.tg\/?p=6079\" \/>\n<meta property=\"article:published_time\" content=\"2023-06-05T11:13:31+00:00\" \/>\n<meta property=\"article:modified_time\" content=\"2023-06-05T11:34:48+00:00\" \/>\n<meta property=\"og:image\" content=\"https:\/\/macite.tg\/wp-content\/uploads\/2023\/06\/cd3e1466e4dd1a27aadfd5543f9f595c_XL.jpg\" \/>\n\t<meta property=\"og:image:width\" content=\"602\" \/>\n\t<meta property=\"og:image:height\" content=\"401\" \/>\n\t<meta property=\"og:image:type\" content=\"image\/jpeg\" \/>\n<meta name=\"author\" content=\"Jean Pierre BAWELA\" \/>\n<meta name=\"twitter:card\" content=\"summary_large_image\" \/>\n<meta name=\"twitter:label1\" content=\"\u00c9crit par\" \/>\n\t<meta name=\"twitter:data1\" content=\"Jean Pierre BAWELA\" \/>\n\t<meta name=\"twitter:label2\" content=\"Dur\u00e9e de lecture estim\u00e9e\" \/>\n\t<meta name=\"twitter:data2\" content=\"2 minutes\" \/>\n<script type=\"application\/ld+json\" class=\"yoast-schema-graph\">{\"@context\":\"https:\\\/\\\/schema.org\",\"@graph\":[{\"@type\":\"Article\",\"@id\":\"https:\\\/\\\/macite.tg\\\/?p=6079#article\",\"isPartOf\":{\"@id\":\"https:\\\/\\\/macite.tg\\\/?p=6079\"},\"author\":{\"name\":\"Jean Pierre BAWELA\",\"@id\":\"https:\\\/\\\/macite.tg\\\/#\\\/schema\\\/person\\\/e9f2de7e5dbbe7770a9402c7ce82f5c2\"},\"headline\":\"PROGRAMME PR\u00c9SIDENTIEL D\u2019EXCELLENCE\u00a0(PPE) : Les dipl\u00f4m\u00e9s de la 3\u00e8 promotion vont int\u00e9grer l\u2019administration\",\"datePublished\":\"2023-06-05T11:13:31+00:00\",\"dateModified\":\"2023-06-05T11:34:48+00:00\",\"mainEntityOfPage\":{\"@id\":\"https:\\\/\\\/macite.tg\\\/?p=6079\"},\"wordCount\":486,\"commentCount\":0,\"image\":{\"@id\":\"https:\\\/\\\/macite.tg\\\/?p=6079#primaryimage\"},\"thumbnailUrl\":\"https:\\\/\\\/macite.tg\\\/wp-content\\\/uploads\\\/2023\\\/06\\\/cd3e1466e4dd1a27aadfd5543f9f595c_XL.jpg\",\"articleSection\":[\"ACTUALITE\"],\"inLanguage\":\"fr-FR\",\"potentialAction\":[{\"@type\":\"CommentAction\",\"name\":\"Comment\",\"target\":[\"https:\\\/\\\/macite.tg\\\/?p=6079#respond\"]}]},{\"@type\":\"WebPage\",\"@id\":\"https:\\\/\\\/macite.tg\\\/?p=6079\",\"url\":\"https:\\\/\\\/macite.tg\\\/?p=6079\",\"name\":\"PROGRAMME PR\u00c9SIDENTIEL D\u2019EXCELLENCE\u00a0(PPE) : Les dipl\u00f4m\u00e9s de la 3\u00e8 promotion vont int\u00e9grer l\u2019administration -\",\"isPartOf\":{\"@id\":\"https:\\\/\\\/macite.tg\\\/#website\"},\"primaryImageOfPage\":{\"@id\":\"https:\\\/\\\/macite.tg\\\/?p=6079#primaryimage\"},\"image\":{\"@id\":\"https:\\\/\\\/macite.tg\\\/?p=6079#primaryimage\"},\"thumbnailUrl\":\"https:\\\/\\\/macite.tg\\\/wp-content\\\/uploads\\\/2023\\\/06\\\/cd3e1466e4dd1a27aadfd5543f9f595c_XL.jpg\",\"datePublished\":\"2023-06-05T11:13:31+00:00\",\"dateModified\":\"2023-06-05T11:34:48+00:00\",\"author\":{\"@id\":\"https:\\\/\\\/macite.tg\\\/#\\\/schema\\\/person\\\/e9f2de7e5dbbe7770a9402c7ce82f5c2\"},\"breadcrumb\":{\"@id\":\"https:\\\/\\\/macite.tg\\\/?p=6079#breadcrumb\"},\"inLanguage\":\"fr-FR\",\"potentialAction\":[{\"@type\":\"ReadAction\",\"target\":[\"https:\\\/\\\/macite.tg\\\/?p=6079\"]}]},{\"@type\":\"ImageObject\",\"inLanguage\":\"fr-FR\",\"@id\":\"https:\\\/\\\/macite.tg\\\/?p=6079#primaryimage\",\"url\":\"https:\\\/\\\/macite.tg\\\/wp-content\\\/uploads\\\/2023\\\/06\\\/cd3e1466e4dd1a27aadfd5543f9f595c_XL.jpg\",\"contentUrl\":\"https:\\\/\\\/macite.tg\\\/wp-content\\\/uploads\\\/2023\\\/06\\\/cd3e1466e4dd1a27aadfd5543f9f595c_XL.jpg\",\"width\":602,\"height\":401},{\"@type\":\"BreadcrumbList\",\"@id\":\"https:\\\/\\\/macite.tg\\\/?p=6079#breadcrumb\",\"itemListElement\":[{\"@type\":\"ListItem\",\"position\":1,\"name\":\"Accueil\",\"item\":\"https:\\\/\\\/macite.tg\\\/\"},{\"@type\":\"ListItem\",\"position\":2,\"name\":\"PROGRAMME PR\u00c9SIDENTIEL D\u2019EXCELLENCE\u00a0(PPE) : Les dipl\u00f4m\u00e9s de la 3\u00e8 promotion vont int\u00e9grer l\u2019administration\"}]},{\"@type\":\"WebSite\",\"@id\":\"https:\\\/\\\/macite.tg\\\/#website\",\"url\":\"https:\\\/\\\/macite.tg\\\/\",\"name\":\"\",\"description\":\"L&#039;information, la bonne!!!\",\"potentialAction\":[{\"@type\":\"SearchAction\",\"target\":{\"@type\":\"EntryPoint\",\"urlTemplate\":\"https:\\\/\\\/macite.tg\\\/?s={search_term_string}\"},\"query-input\":{\"@type\":\"PropertyValueSpecification\",\"valueRequired\":true,\"valueName\":\"search_term_string\"}}],\"inLanguage\":\"fr-FR\"},{\"@type\":\"Person\",\"@id\":\"https:\\\/\\\/macite.tg\\\/#\\\/schema\\\/person\\\/e9f2de7e5dbbe7770a9402c7ce82f5c2\",\"name\":\"Jean Pierre BAWELA\",\"image\":{\"@type\":\"ImageObject\",\"inLanguage\":\"fr-FR\",\"@id\":\"https:\\\/\\\/macite.tg\\\/wp-content\\\/uploads\\\/2023\\\/09\\\/WhatsApp-Image-2023-09-19-at-14.44.41-122x122.jpeg\",\"url\":\"https:\\\/\\\/macite.tg\\\/wp-content\\\/uploads\\\/2023\\\/09\\\/WhatsApp-Image-2023-09-19-at-14.44.41-122x122.jpeg\",\"contentUrl\":\"https:\\\/\\\/macite.tg\\\/wp-content\\\/uploads\\\/2023\\\/09\\\/WhatsApp-Image-2023-09-19-at-14.44.41-122x122.jpeg\",\"caption\":\"Jean Pierre BAWELA\"},\"url\":\"https:\\\/\\\/macite.tg\\\/?author=2\"}]}<\/script>\n<!-- \/ Yoast SEO plugin. -->","yoast_head_json":{"title":"PROGRAMME PR\u00c9SIDENTIEL D\u2019EXCELLENCE\u00a0(PPE) : Les dipl\u00f4m\u00e9s de la 3\u00e8 promotion vont int\u00e9grer l\u2019administration -","robots":{"index":"index","follow":"follow","max-snippet":"max-snippet:-1","max-image-preview":"max-image-preview:large","max-video-preview":"max-video-preview:-1"},"canonical":"https:\/\/macite.tg\/?p=6079","og_locale":"fr_FR","og_type":"article","og_title":"PROGRAMME PR\u00c9SIDENTIEL D\u2019EXCELLENCE\u00a0(PPE) : Les dipl\u00f4m\u00e9s de la 3\u00e8 promotion vont int\u00e9grer l\u2019administration -","og_description":"Ils sont au total 22 jeunes dipl\u00f4m\u00e9s issus de la 3\u00e8 promotion du Programme pr\u00e9sidentiel d\u2019excellence (PPE). &nbsp;Ces jeunes ont \u00e9t\u00e9 officiellement int\u00e9gr\u00e9s dans l\u2019administration publique, le vendredi 025 juin dernier, au cours d\u2019une c\u00e9r\u00e9monie \u00e0 la Pr\u00e9sidence de la R\u00e9publique. C\u2019est la ministre et [&hellip;]","og_url":"https:\/\/macite.tg\/?p=6079","article_published_time":"2023-06-05T11:13:31+00:00","article_modified_time":"2023-06-05T11:34:48+00:00","og_image":[{"width":602,"height":401,"url":"https:\/\/macite.tg\/wp-content\/uploads\/2023\/06\/cd3e1466e4dd1a27aadfd5543f9f595c_XL.jpg","type":"image\/jpeg"}],"author":"Jean Pierre BAWELA","twitter_card":"summary_large_image","twitter_misc":{"\u00c9crit par":"Jean Pierre BAWELA","Dur\u00e9e de lecture estim\u00e9e":"2 minutes"},"schema":{"@context":"https:\/\/schema.org","@graph":[{"@type":"Article","@id":"https:\/\/macite.tg\/?p=6079#article","isPartOf":{"@id":"https:\/\/macite.tg\/?p=6079"},"author":{"name":"Jean Pierre BAWELA","@id":"https:\/\/macite.tg\/#\/schema\/person\/e9f2de7e5dbbe7770a9402c7ce82f5c2"},"headline":"PROGRAMME PR\u00c9SIDENTIEL D\u2019EXCELLENCE\u00a0(PPE) : Les dipl\u00f4m\u00e9s de la 3\u00e8 promotion vont int\u00e9grer l\u2019administration","datePublished":"2023-06-05T11:13:31+00:00","dateModified":"2023-06-05T11:34:48+00:00","mainEntityOfPage":{"@id":"https:\/\/macite.tg\/?p=6079"},"wordCount":486,"commentCount":0,"image":{"@id":"https:\/\/macite.tg\/?p=6079#primaryimage"},"thumbnailUrl":"https:\/\/macite.tg\/wp-content\/uploads\/2023\/06\/cd3e1466e4dd1a27aadfd5543f9f595c_XL.jpg","articleSection":["ACTUALITE"],"inLanguage":"fr-FR","potentialAction":[{"@type":"CommentAction","name":"Comment","target":["https:\/\/macite.tg\/?p=6079#respond"]}]},{"@type":"WebPage","@id":"https:\/\/macite.tg\/?p=6079","url":"https:\/\/macite.tg\/?p=6079","name":"PROGRAMME PR\u00c9SIDENTIEL D\u2019EXCELLENCE\u00a0(PPE) : Les dipl\u00f4m\u00e9s de la 3\u00e8 promotion vont int\u00e9grer l\u2019administration -","isPartOf":{"@id":"https:\/\/macite.tg\/#website"},"primaryImageOfPage":{"@id":"https:\/\/macite.tg\/?p=6079#primaryimage"},"image":{"@id":"https:\/\/macite.tg\/?p=6079#primaryimage"},"thumbnailUrl":"https:\/\/macite.tg\/wp-content\/uploads\/2023\/06\/cd3e1466e4dd1a27aadfd5543f9f595c_XL.jpg","datePublished":"2023-06-05T11:13:31+00:00","dateModified":"2023-06-05T11:34:48+00:00","author":{"@id":"https:\/\/macite.tg\/#\/schema\/person\/e9f2de7e5dbbe7770a9402c7ce82f5c2"},"breadcrumb":{"@id":"https:\/\/macite.tg\/?p=6079#breadcrumb"},"inLanguage":"fr-FR","potentialAction":[{"@type":"ReadAction","target":["https:\/\/macite.tg\/?p=6079"]}]},{"@type":"ImageObject","inLanguage":"fr-FR","@id":"https:\/\/macite.tg\/?p=6079#primaryimage","url":"https:\/\/macite.tg\/wp-content\/uploads\/2023\/06\/cd3e1466e4dd1a27aadfd5543f9f595c_XL.jpg","contentUrl":"https:\/\/macite.tg\/wp-content\/uploads\/2023\/06\/cd3e1466e4dd1a27aadfd5543f9f595c_XL.jpg","width":602,"height":401},{"@type":"BreadcrumbList","@id":"https:\/\/macite.tg\/?p=6079#breadcrumb","itemListElement":[{"@type":"ListItem","position":1,"name":"Accueil","item":"https:\/\/macite.tg\/"},{"@type":"ListItem","position":2,"name":"PROGRAMME PR\u00c9SIDENTIEL D\u2019EXCELLENCE\u00a0(PPE) : Les dipl\u00f4m\u00e9s de la 3\u00e8 promotion vont int\u00e9grer l\u2019administration"}]},{"@type":"WebSite","@id":"https:\/\/macite.tg\/#website","url":"https:\/\/macite.tg\/","name":"","description":"L&#039;information, la bonne!!!","potentialAction":[{"@type":"SearchAction","target":{"@type":"EntryPoint","urlTemplate":"https:\/\/macite.tg\/?s={search_term_string}"},"query-input":{"@type":"PropertyValueSpecification","valueRequired":true,"valueName":"search_term_string"}}],"inLanguage":"fr-FR"},{"@type":"Person","@id":"https:\/\/macite.tg\/#\/schema\/person\/e9f2de7e5dbbe7770a9402c7ce82f5c2","name":"Jean Pierre BAWELA","image":{"@type":"ImageObject","inLanguage":"fr-FR","@id":"https:\/\/macite.tg\/wp-content\/uploads\/2023\/09\/WhatsApp-Image-2023-09-19-at-14.44.41-122x122.jpeg","url":"https:\/\/macite.tg\/wp-content\/uploads\/2023\/09\/WhatsApp-Image-2023-09-19-at-14.44.41-122x122.jpeg","contentUrl":"https:\/\/macite.tg\/wp-content\/uploads\/2023\/09\/WhatsApp-Image-2023-09-19-at-14.44.41-122x122.jpeg","caption":"Jean Pierre BAWELA"},"url":"https:\/\/macite.tg\/?author=2"}]}},"_links":{"self":[{"href":"https:\/\/macite.tg\/index.php?rest_route=\/wp\/v2\/posts\/6079","targetHints":{"allow":["GET"]}}],"collection":[{"href":"https:\/\/macite.tg\/index.php?rest_route=\/wp\/v2\/posts"}],"about":[{"href":"https:\/\/macite.tg\/index.php?rest_route=\/wp\/v2\/types\/post"}],"author":[{"embeddable":true,"href":"https:\/\/macite.tg\/index.php?rest_route=\/wp\/v2\/users\/2"}],"replies":[{"embeddable":true,"href":"https:\/\/macite.tg\/index.php?rest_route=%2Fwp%2Fv2%2Fcomments&post=6079"}],"version-history":[{"count":0,"href":"https:\/\/macite.tg\/index.php?rest_route=\/wp\/v2\/posts\/6079\/revisions"}],"wp:featuredmedia":[{"embeddable":true,"href":"https:\/\/macite.tg\/index.php?rest_route=\/wp\/v2\/media\/6080"}],"wp:attachment":[{"href":"https:\/\/macite.tg\/index.php?rest_route=%2Fwp%2Fv2%2Fmedia&parent=6079"}],"wp:term":[{"taxonomy":"category","embeddable":true,"href":"https:\/\/macite.tg\/index.php?rest_route=%2Fwp%2Fv2%2Fcategories&post=6079"},{"taxonomy":"post_tag","embeddable":true,"href":"https:\/\/macite.tg\/index.php?rest_route=%2Fwp%2Fv2%2Ftags&post=6079"}],"curies":[{"name":"wp","href":"https:\/\/api.w.org\/{rel}","templated":true}]}}