{"id":6071,"date":"2023-06-04T08:33:19","date_gmt":"2023-06-04T08:33:19","guid":{"rendered":"https:\/\/macite.tg\/?p=6071"},"modified":"2023-06-04T08:33:31","modified_gmt":"2023-06-04T08:33:31","slug":"tensions-au-senegal-les-etats-unis-sen-melent","status":"publish","type":"post","link":"https:\/\/macite.tg\/?p=6071","title":{"rendered":"TENSIONS AU S\u00c9N\u00c9GAL : Les \u00c9tats-Unis s\u2019en m\u00ealent"},"content":{"rendered":"\n<p class=\"wp-block-paragraph\"><\/p>\n\n\n\n<p class=\"wp-block-paragraph\"><strong><em>Ce samedi, les \u00c9tats-Unis ont exprim\u00e9 leur inqui\u00e9tude et leur tristesse face aux violences qui ont \u00e9branl\u00e9 le S\u00e9n\u00e9gal depuis jeudi dernier. Ils ont appel\u00e9 \u00e0 un retour au calme.<\/em><\/strong><\/p>\n\n\n\n<p class=\"wp-block-paragraph\">Dans un communiqu\u00e9, Matthew Miller, porte-parole du d\u00e9partement d\u2019\u00c9tat am\u00e9ricain, a demand\u00e9 \u00e0 toutes les parties d\u2019exprimer leurs opinions de mani\u00e8re pacifique.<\/p>\n\n\n<div class=\"wp-block-image\">\n<figure class=\"aligncenter size-large is-resized\"><img loading=\"lazy\" decoding=\"async\" src=\"https:\/\/macite.tg\/wp-content\/uploads\/2023\/06\/Panneau-1-12m2-bis-1024x768.jpg\" alt=\"\" class=\"wp-image-6022\" width=\"351\" height=\"262\" srcset=\"https:\/\/macite.tg\/wp-content\/uploads\/2023\/06\/Panneau-1-12m2-bis-1024x768.jpg 1024w, https:\/\/macite.tg\/wp-content\/uploads\/2023\/06\/Panneau-1-12m2-bis-300x225.jpg 300w, https:\/\/macite.tg\/wp-content\/uploads\/2023\/06\/Panneau-1-12m2-bis-768x576.jpg 768w, https:\/\/macite.tg\/wp-content\/uploads\/2023\/06\/Panneau-1-12m2-bis-1536x1152.jpg 1536w, https:\/\/macite.tg\/wp-content\/uploads\/2023\/06\/Panneau-1-12m2-bis-2048x1536.jpg 2048w\" sizes=\"auto, (max-width: 351px) 100vw, 351px\" \/><\/figure>\n<\/div>\n\n\n<p class=\"wp-block-paragraph\"><em>&nbsp;\u00ab&nbsp;En tant qu\u2019ami et partenaire solide du S\u00e9n\u00e9gal, les \u00c9tats-Unis sont troubl\u00e9s et attrist\u00e9s par la violence et les d\u00e9g\u00e2ts dont nous avons \u00e9t\u00e9 t\u00e9moins dans de nombreuses r\u00e9gions du pays. Nous offrons nos sinc\u00e8res condol\u00e9ances aux familles et aux amis des personnes d\u00e9c\u00e9d\u00e9es et nous souhaitons un r\u00e9tablissement rapide et complet aux bless\u00e9s. Le solide bilan du S\u00e9n\u00e9gal en mati\u00e8re de gouvernance d\u00e9mocratique, d\u2019\u00e9tat de droit et de coexistence pacifique est quelque chose dont le peuple s\u00e9n\u00e9galais peut \u00eatre fier \u00e0 juste titre. Nous exhortons toutes les parties \u00e0 exprimer leurs points de vue de mani\u00e8re pacifique&nbsp;\u00bb<\/em>, a-t-il d\u00e9clar\u00e9 via un communiqu\u00e9.<\/p>\n\n\n\n<p class=\"wp-block-paragraph\">Depuis jeudi, quinze personnes ont perdu la vie \u00e0 la suite de la condamnation \u00e0 deux ans de prison ferme de l\u2019opposant Ousmane Sonko pour corruption de la jeunesse, dans l\u2019affaire Adji Sarr.<\/p>\n\n\n\n<p class=\"wp-block-paragraph\"><strong>SeneNews<\/strong><\/p>\n\n\n\n<p class=\"wp-block-paragraph\"><strong><em>@macite.tg<\/em><\/strong><\/p>\n\n\n\n<p class=\"wp-block-paragraph\"><strong><em>E-mail&nbsp;: <\/em><\/strong><a href=\"mailto:maciteinfo@gmail.com\"><strong><em>maciteinfo@gmail.com<\/em><\/strong><\/a><strong><em>; <\/em><\/strong><a href=\"mailto:bawela1@gmail.com\"><strong><em>bawela1@gmail.com<\/em><\/strong><\/a><strong><em><\/em><\/strong><\/p>\n\n\n\n<p class=\"wp-block-paragraph\"><strong><em>Pour vos annonces, (publi)reportages, etc., joignez nous au (00228)91515309\/<strong>79872224 <\/strong>www.macite.tg, L\u2019information, la bonne&nbsp;!<\/em><\/strong><\/p>\n","protected":false},"excerpt":{"rendered":"<p class=\"text-justify mb-2\" >Ce samedi, les \u00c9tats-Unis ont exprim\u00e9 leur inqui\u00e9tude et leur tristesse face aux violences qui ont \u00e9branl\u00e9 le S\u00e9n\u00e9gal depuis jeudi dernier. Ils ont appel\u00e9 \u00e0 un retour au calme. Dans un communiqu\u00e9, Matthew Miller, porte-parole du d\u00e9partement d\u2019\u00c9tat am\u00e9ricain, a demand\u00e9 \u00e0 toutes les [&hellip;]<\/p>\n","protected":false},"author":2,"featured_media":6073,"comment_status":"open","ping_status":"open","sticky":false,"template":"","format":"standard","meta":{"footnotes":""},"categories":[20],"tags":[],"class_list":["post-6071","post","type-post","status-publish","format-standard","has-post-thumbnail","hentry","category-actualite"],"yoast_head":"<!-- This site is optimized with the Yoast SEO plugin v28.4 - https:\/\/yoast.com\/product\/yoast-seo-wordpress\/ -->\n<title>TENSIONS AU S\u00c9N\u00c9GAL : Les \u00c9tats-Unis s\u2019en m\u00ealent -<\/title>\n<meta name=\"robots\" content=\"index, follow, max-snippet:-1, max-image-preview:large, max-video-preview:-1\" \/>\n<link rel=\"canonical\" href=\"https:\/\/macite.tg\/?p=6071\" \/>\n<meta property=\"og:locale\" content=\"fr_FR\" \/>\n<meta property=\"og:type\" content=\"article\" \/>\n<meta property=\"og:title\" content=\"TENSIONS AU S\u00c9N\u00c9GAL : Les \u00c9tats-Unis s\u2019en m\u00ealent -\" \/>\n<meta property=\"og:description\" content=\"Ce samedi, les \u00c9tats-Unis ont exprim\u00e9 leur inqui\u00e9tude et leur tristesse face aux violences qui ont \u00e9branl\u00e9 le S\u00e9n\u00e9gal depuis jeudi dernier. Ils ont appel\u00e9 \u00e0 un retour au calme. Dans un communiqu\u00e9, Matthew Miller, porte-parole du d\u00e9partement d\u2019\u00c9tat am\u00e9ricain, a demand\u00e9 \u00e0 toutes les [&hellip;]\" \/>\n<meta property=\"og:url\" content=\"https:\/\/macite.tg\/?p=6071\" \/>\n<meta property=\"article:published_time\" content=\"2023-06-04T08:33:19+00:00\" \/>\n<meta property=\"article:modified_time\" content=\"2023-06-04T08:33:31+00:00\" \/>\n<meta property=\"og:image\" content=\"https:\/\/macite.tg\/wp-content\/uploads\/2023\/06\/521655-1.jpg\" \/>\n\t<meta property=\"og:image:width\" content=\"640\" \/>\n\t<meta property=\"og:image:height\" content=\"428\" \/>\n\t<meta property=\"og:image:type\" content=\"image\/jpeg\" \/>\n<meta name=\"author\" content=\"Jean Pierre BAWELA\" \/>\n<meta name=\"twitter:card\" content=\"summary_large_image\" \/>\n<meta name=\"twitter:label1\" content=\"\u00c9crit par\" \/>\n\t<meta name=\"twitter:data1\" content=\"Jean Pierre BAWELA\" \/>\n\t<meta name=\"twitter:label2\" content=\"Dur\u00e9e de lecture estim\u00e9e\" \/>\n\t<meta name=\"twitter:data2\" content=\"1 minute\" \/>\n<script type=\"application\/ld+json\" class=\"yoast-schema-graph\">{\"@context\":\"https:\\\/\\\/schema.org\",\"@graph\":[{\"@type\":\"Article\",\"@id\":\"https:\\\/\\\/macite.tg\\\/?p=6071#article\",\"isPartOf\":{\"@id\":\"https:\\\/\\\/macite.tg\\\/?p=6071\"},\"author\":{\"name\":\"Jean Pierre BAWELA\",\"@id\":\"https:\\\/\\\/macite.tg\\\/#\\\/schema\\\/person\\\/e9f2de7e5dbbe7770a9402c7ce82f5c2\"},\"headline\":\"TENSIONS AU S\u00c9N\u00c9GAL : Les \u00c9tats-Unis s\u2019en m\u00ealent\",\"datePublished\":\"2023-06-04T08:33:19+00:00\",\"dateModified\":\"2023-06-04T08:33:31+00:00\",\"mainEntityOfPage\":{\"@id\":\"https:\\\/\\\/macite.tg\\\/?p=6071\"},\"wordCount\":259,\"commentCount\":0,\"image\":{\"@id\":\"https:\\\/\\\/macite.tg\\\/?p=6071#primaryimage\"},\"thumbnailUrl\":\"https:\\\/\\\/macite.tg\\\/wp-content\\\/uploads\\\/2023\\\/06\\\/521655-1.jpg\",\"articleSection\":[\"ACTUALITE\"],\"inLanguage\":\"fr-FR\",\"potentialAction\":[{\"@type\":\"CommentAction\",\"name\":\"Comment\",\"target\":[\"https:\\\/\\\/macite.tg\\\/?p=6071#respond\"]}]},{\"@type\":\"WebPage\",\"@id\":\"https:\\\/\\\/macite.tg\\\/?p=6071\",\"url\":\"https:\\\/\\\/macite.tg\\\/?p=6071\",\"name\":\"TENSIONS AU S\u00c9N\u00c9GAL : Les \u00c9tats-Unis s\u2019en m\u00ealent -\",\"isPartOf\":{\"@id\":\"https:\\\/\\\/macite.tg\\\/#website\"},\"primaryImageOfPage\":{\"@id\":\"https:\\\/\\\/macite.tg\\\/?p=6071#primaryimage\"},\"image\":{\"@id\":\"https:\\\/\\\/macite.tg\\\/?p=6071#primaryimage\"},\"thumbnailUrl\":\"https:\\\/\\\/macite.tg\\\/wp-content\\\/uploads\\\/2023\\\/06\\\/521655-1.jpg\",\"datePublished\":\"2023-06-04T08:33:19+00:00\",\"dateModified\":\"2023-06-04T08:33:31+00:00\",\"author\":{\"@id\":\"https:\\\/\\\/macite.tg\\\/#\\\/schema\\\/person\\\/e9f2de7e5dbbe7770a9402c7ce82f5c2\"},\"breadcrumb\":{\"@id\":\"https:\\\/\\\/macite.tg\\\/?p=6071#breadcrumb\"},\"inLanguage\":\"fr-FR\",\"potentialAction\":[{\"@type\":\"ReadAction\",\"target\":[\"https:\\\/\\\/macite.tg\\\/?p=6071\"]}]},{\"@type\":\"ImageObject\",\"inLanguage\":\"fr-FR\",\"@id\":\"https:\\\/\\\/macite.tg\\\/?p=6071#primaryimage\",\"url\":\"https:\\\/\\\/macite.tg\\\/wp-content\\\/uploads\\\/2023\\\/06\\\/521655-1.jpg\",\"contentUrl\":\"https:\\\/\\\/macite.tg\\\/wp-content\\\/uploads\\\/2023\\\/06\\\/521655-1.jpg\",\"width\":640,\"height\":428},{\"@type\":\"BreadcrumbList\",\"@id\":\"https:\\\/\\\/macite.tg\\\/?p=6071#breadcrumb\",\"itemListElement\":[{\"@type\":\"ListItem\",\"position\":1,\"name\":\"Accueil\",\"item\":\"https:\\\/\\\/macite.tg\\\/\"},{\"@type\":\"ListItem\",\"position\":2,\"name\":\"TENSIONS AU S\u00c9N\u00c9GAL : Les \u00c9tats-Unis s\u2019en m\u00ealent\"}]},{\"@type\":\"WebSite\",\"@id\":\"https:\\\/\\\/macite.tg\\\/#website\",\"url\":\"https:\\\/\\\/macite.tg\\\/\",\"name\":\"\",\"description\":\"L&#039;information, la bonne!!!\",\"potentialAction\":[{\"@type\":\"SearchAction\",\"target\":{\"@type\":\"EntryPoint\",\"urlTemplate\":\"https:\\\/\\\/macite.tg\\\/?s={search_term_string}\"},\"query-input\":{\"@type\":\"PropertyValueSpecification\",\"valueRequired\":true,\"valueName\":\"search_term_string\"}}],\"inLanguage\":\"fr-FR\"},{\"@type\":\"Person\",\"@id\":\"https:\\\/\\\/macite.tg\\\/#\\\/schema\\\/person\\\/e9f2de7e5dbbe7770a9402c7ce82f5c2\",\"name\":\"Jean Pierre BAWELA\",\"image\":{\"@type\":\"ImageObject\",\"inLanguage\":\"fr-FR\",\"@id\":\"https:\\\/\\\/macite.tg\\\/wp-content\\\/uploads\\\/2023\\\/09\\\/WhatsApp-Image-2023-09-19-at-14.44.41-122x122.jpeg\",\"url\":\"https:\\\/\\\/macite.tg\\\/wp-content\\\/uploads\\\/2023\\\/09\\\/WhatsApp-Image-2023-09-19-at-14.44.41-122x122.jpeg\",\"contentUrl\":\"https:\\\/\\\/macite.tg\\\/wp-content\\\/uploads\\\/2023\\\/09\\\/WhatsApp-Image-2023-09-19-at-14.44.41-122x122.jpeg\",\"caption\":\"Jean Pierre BAWELA\"},\"url\":\"https:\\\/\\\/macite.tg\\\/?author=2\"}]}<\/script>\n<!-- \/ Yoast SEO plugin. -->","yoast_head_json":{"title":"TENSIONS AU S\u00c9N\u00c9GAL : Les \u00c9tats-Unis s\u2019en m\u00ealent -","robots":{"index":"index","follow":"follow","max-snippet":"max-snippet:-1","max-image-preview":"max-image-preview:large","max-video-preview":"max-video-preview:-1"},"canonical":"https:\/\/macite.tg\/?p=6071","og_locale":"fr_FR","og_type":"article","og_title":"TENSIONS AU S\u00c9N\u00c9GAL : Les \u00c9tats-Unis s\u2019en m\u00ealent -","og_description":"Ce samedi, les \u00c9tats-Unis ont exprim\u00e9 leur inqui\u00e9tude et leur tristesse face aux violences qui ont \u00e9branl\u00e9 le S\u00e9n\u00e9gal depuis jeudi dernier. Ils ont appel\u00e9 \u00e0 un retour au calme. Dans un communiqu\u00e9, Matthew Miller, porte-parole du d\u00e9partement d\u2019\u00c9tat am\u00e9ricain, a demand\u00e9 \u00e0 toutes les [&hellip;]","og_url":"https:\/\/macite.tg\/?p=6071","article_published_time":"2023-06-04T08:33:19+00:00","article_modified_time":"2023-06-04T08:33:31+00:00","og_image":[{"width":640,"height":428,"url":"https:\/\/macite.tg\/wp-content\/uploads\/2023\/06\/521655-1.jpg","type":"image\/jpeg"}],"author":"Jean Pierre BAWELA","twitter_card":"summary_large_image","twitter_misc":{"\u00c9crit par":"Jean Pierre BAWELA","Dur\u00e9e de lecture estim\u00e9e":"1 minute"},"schema":{"@context":"https:\/\/schema.org","@graph":[{"@type":"Article","@id":"https:\/\/macite.tg\/?p=6071#article","isPartOf":{"@id":"https:\/\/macite.tg\/?p=6071"},"author":{"name":"Jean Pierre BAWELA","@id":"https:\/\/macite.tg\/#\/schema\/person\/e9f2de7e5dbbe7770a9402c7ce82f5c2"},"headline":"TENSIONS AU S\u00c9N\u00c9GAL : Les \u00c9tats-Unis s\u2019en m\u00ealent","datePublished":"2023-06-04T08:33:19+00:00","dateModified":"2023-06-04T08:33:31+00:00","mainEntityOfPage":{"@id":"https:\/\/macite.tg\/?p=6071"},"wordCount":259,"commentCount":0,"image":{"@id":"https:\/\/macite.tg\/?p=6071#primaryimage"},"thumbnailUrl":"https:\/\/macite.tg\/wp-content\/uploads\/2023\/06\/521655-1.jpg","articleSection":["ACTUALITE"],"inLanguage":"fr-FR","potentialAction":[{"@type":"CommentAction","name":"Comment","target":["https:\/\/macite.tg\/?p=6071#respond"]}]},{"@type":"WebPage","@id":"https:\/\/macite.tg\/?p=6071","url":"https:\/\/macite.tg\/?p=6071","name":"TENSIONS AU S\u00c9N\u00c9GAL : Les \u00c9tats-Unis s\u2019en m\u00ealent -","isPartOf":{"@id":"https:\/\/macite.tg\/#website"},"primaryImageOfPage":{"@id":"https:\/\/macite.tg\/?p=6071#primaryimage"},"image":{"@id":"https:\/\/macite.tg\/?p=6071#primaryimage"},"thumbnailUrl":"https:\/\/macite.tg\/wp-content\/uploads\/2023\/06\/521655-1.jpg","datePublished":"2023-06-04T08:33:19+00:00","dateModified":"2023-06-04T08:33:31+00:00","author":{"@id":"https:\/\/macite.tg\/#\/schema\/person\/e9f2de7e5dbbe7770a9402c7ce82f5c2"},"breadcrumb":{"@id":"https:\/\/macite.tg\/?p=6071#breadcrumb"},"inLanguage":"fr-FR","potentialAction":[{"@type":"ReadAction","target":["https:\/\/macite.tg\/?p=6071"]}]},{"@type":"ImageObject","inLanguage":"fr-FR","@id":"https:\/\/macite.tg\/?p=6071#primaryimage","url":"https:\/\/macite.tg\/wp-content\/uploads\/2023\/06\/521655-1.jpg","contentUrl":"https:\/\/macite.tg\/wp-content\/uploads\/2023\/06\/521655-1.jpg","width":640,"height":428},{"@type":"BreadcrumbList","@id":"https:\/\/macite.tg\/?p=6071#breadcrumb","itemListElement":[{"@type":"ListItem","position":1,"name":"Accueil","item":"https:\/\/macite.tg\/"},{"@type":"ListItem","position":2,"name":"TENSIONS AU S\u00c9N\u00c9GAL : Les \u00c9tats-Unis s\u2019en m\u00ealent"}]},{"@type":"WebSite","@id":"https:\/\/macite.tg\/#website","url":"https:\/\/macite.tg\/","name":"","description":"L&#039;information, la bonne!!!","potentialAction":[{"@type":"SearchAction","target":{"@type":"EntryPoint","urlTemplate":"https:\/\/macite.tg\/?s={search_term_string}"},"query-input":{"@type":"PropertyValueSpecification","valueRequired":true,"valueName":"search_term_string"}}],"inLanguage":"fr-FR"},{"@type":"Person","@id":"https:\/\/macite.tg\/#\/schema\/person\/e9f2de7e5dbbe7770a9402c7ce82f5c2","name":"Jean Pierre BAWELA","image":{"@type":"ImageObject","inLanguage":"fr-FR","@id":"https:\/\/macite.tg\/wp-content\/uploads\/2023\/09\/WhatsApp-Image-2023-09-19-at-14.44.41-122x122.jpeg","url":"https:\/\/macite.tg\/wp-content\/uploads\/2023\/09\/WhatsApp-Image-2023-09-19-at-14.44.41-122x122.jpeg","contentUrl":"https:\/\/macite.tg\/wp-content\/uploads\/2023\/09\/WhatsApp-Image-2023-09-19-at-14.44.41-122x122.jpeg","caption":"Jean Pierre BAWELA"},"url":"https:\/\/macite.tg\/?author=2"}]}},"_links":{"self":[{"href":"https:\/\/macite.tg\/index.php?rest_route=\/wp\/v2\/posts\/6071","targetHints":{"allow":["GET"]}}],"collection":[{"href":"https:\/\/macite.tg\/index.php?rest_route=\/wp\/v2\/posts"}],"about":[{"href":"https:\/\/macite.tg\/index.php?rest_route=\/wp\/v2\/types\/post"}],"author":[{"embeddable":true,"href":"https:\/\/macite.tg\/index.php?rest_route=\/wp\/v2\/users\/2"}],"replies":[{"embeddable":true,"href":"https:\/\/macite.tg\/index.php?rest_route=%2Fwp%2Fv2%2Fcomments&post=6071"}],"version-history":[{"count":0,"href":"https:\/\/macite.tg\/index.php?rest_route=\/wp\/v2\/posts\/6071\/revisions"}],"wp:featuredmedia":[{"embeddable":true,"href":"https:\/\/macite.tg\/index.php?rest_route=\/wp\/v2\/media\/6073"}],"wp:attachment":[{"href":"https:\/\/macite.tg\/index.php?rest_route=%2Fwp%2Fv2%2Fmedia&parent=6071"}],"wp:term":[{"taxonomy":"category","embeddable":true,"href":"https:\/\/macite.tg\/index.php?rest_route=%2Fwp%2Fv2%2Fcategories&post=6071"},{"taxonomy":"post_tag","embeddable":true,"href":"https:\/\/macite.tg\/index.php?rest_route=%2Fwp%2Fv2%2Ftags&post=6071"}],"curies":[{"name":"wp","href":"https:\/\/api.w.org\/{rel}","templated":true}]}}