{"id":6064,"date":"2023-06-04T08:20:27","date_gmt":"2023-06-04T08:20:27","guid":{"rendered":"https:\/\/macite.tg\/?p=6064"},"modified":"2023-06-04T08:20:38","modified_gmt":"2023-06-04T08:20:38","slug":"retour-sur-la-rencontre-de-lome-sur-les-engrais-le-secteur-agricole-devrait-permettre-de-sortir-la-sous-region-de-linsecurite-alimentaire-et-nutritionnelle-gra","status":"publish","type":"post","link":"https:\/\/macite.tg\/?p=6064","title":{"rendered":"RETOUR SUR LA RENCONTRE DE LOM\u00c9 SUR LES ENGRAIS\u00a0: \u00ab\u00a0Le secteur agricole (\u2026) devrait permettre de sortir la sous-r\u00e9gion de l\u2019ins\u00e9curit\u00e9 alimentaire et nutritionnelle, gr\u00e2ce \u00e0 ses innombrables potentialit\u00e9s \u2026\u00a0\u00bb"},"content":{"rendered":"\n<p class=\"wp-block-paragraph\"><strong><em>La table ronde sur les engrais et la sant\u00e9 des sols en Afrique de l\u2019Ouest et au Sahel, tenue dans la capitale togolaise, les 30 et 31 mai derniers, marque un tournant majeur dans la redynamisation et la transformation de l\u2019agriculture en Afrique.<\/em><\/strong><\/p>\n\n\n\n<p class=\"wp-block-paragraph\"><strong><em>A Lom\u00e9 dirigeants, investisseurs et acteurs du secteur priv\u00e9 ont r\u00e9affirm\u00e9 leur engagement&nbsp; <\/em><\/strong><strong><em>en faveur d&rsquo;une acc\u00e9l\u00e9ration des investissements et des r\u00e9formes pour rendre les engrais plus accessibles et plus abordables. On ne pouvait pas y arriver sans la volont\u00e9 manifeste des plus hautes autorit\u00e9s du pays, qui n\u2019ont de cesse contribu\u00e9 au d\u00e9veloppement de l\u2019Afrique sur tous les plans.<\/em><\/strong><\/p>\n\n\n\n<p class=\"wp-block-paragraph\"><strong><em>Retour sur l\u2019allocution de l\u2019officiel togolais, notamment du ministre de l\u2019Agriculture, de l\u2019\u00e9levage et du d\u00e9veloppement rural du Togo.<\/em><\/strong><\/p>\n\n\n<div class=\"wp-block-image\">\n<figure class=\"alignleft size-large is-resized\"><img loading=\"lazy\" decoding=\"async\" src=\"https:\/\/macite.tg\/wp-content\/uploads\/2023\/06\/IMG-20230602-WA0095-1024x989.jpg\" alt=\"\" class=\"wp-image-6066\" width=\"432\" height=\"417\" srcset=\"https:\/\/macite.tg\/wp-content\/uploads\/2023\/06\/IMG-20230602-WA0095-1024x989.jpg 1024w, https:\/\/macite.tg\/wp-content\/uploads\/2023\/06\/IMG-20230602-WA0095-300x290.jpg 300w, https:\/\/macite.tg\/wp-content\/uploads\/2023\/06\/IMG-20230602-WA0095-768x742.jpg 768w, https:\/\/macite.tg\/wp-content\/uploads\/2023\/06\/IMG-20230602-WA0095.jpg 1280w\" sizes=\"auto, (max-width: 432px) 100vw, 432px\" \/><\/figure>\n<\/div>\n\n\n<p class=\"wp-block-paragraph\"><strong><em>\u00ab&nbsp;(\u2026)<\/em><\/strong><em>C\u2019est un honneur et un agr\u00e9able devoir pour moi de vous souhaiter, au nom du gouvernement togolais, la cordiale et chaleureuse bienvenue au Togo, pour la tenue de la table ronde de haut niveau sur les engrais et la sant\u00e9 des sols en Afrique de l\u2019Ouest et au Sahel.<\/em><\/p>\n\n\n\n<p class=\"wp-block-paragraph\"><em>Votre pr\u00e9sence ici \u00e0 Lom\u00e9, en d\u00e9pit de vos occupations quotidiennes, t\u00e9moigne \u00e0 suffisance de l\u2019attention toute particuli\u00e8re que vous accordez \u00e0 la probl\u00e9matique de la s\u00e9curit\u00e9 alimentaire dans nos pays respectifs et dans la sous-r\u00e9gion.<\/em><\/p>\n\n\n\n<p class=\"wp-block-paragraph\"><em>Je voudrais \u00e0 cet \u00e9gard exprimer notre profonde gratitude \u00e0 la Banque mondiale, \u00e0 la Commission de la CRDEAO et \u00e0 tous les partenaires pour cette heureuse initiative d\u2019organiser la pr\u00e9sente table ronde sur les engrais et la sant\u00e9 des sols, en pr\u00e9lude au prochain sommet africain de Dakar en juillet 2023 sur le m\u00eame sujet.<\/em><\/p>\n\n\n\n<p class=\"wp-block-paragraph\"><em>Mesdames et Messieurs, Distingu\u00e9s invit\u00e9s&nbsp;;<\/em><\/p>\n\n\n\n<p class=\"wp-block-paragraph\"><em>La s\u00e9curit\u00e9 alimentaire est un enjeu crucial en Afrique depuis toujours, avec des d\u00e9fis importants pour assurer l\u2019acc\u00e8s \u00e0 une alimentation suffisante et nutritive pour la population.<\/em><\/p>\n\n\n\n<p class=\"wp-block-paragraph\"><em>La crise actuelle, n\u00e9e de la conjugaison des diff\u00e9rents chocs \u00e0 l\u2019\u00e9chelle mondiale li\u00e9s au changement climatique, \u00e0 la pand\u00e9mie au coronavirus, \u00e0 l\u2019ins\u00e9curit\u00e9 civile et \u00e0 la guerre entre la Russie et l\u2019Ukraine a mis en exergue les risques majeurs li\u00e9s \u00e0 une trop grande d\u00e9pendance de nos pays vis-\u00e0-vis des importations alimentaires. &nbsp;<\/em><\/p>\n\n\n<div class=\"wp-block-image\">\n<figure class=\"alignright size-large is-resized\"><img loading=\"lazy\" decoding=\"async\" src=\"https:\/\/macite.tg\/wp-content\/uploads\/2023\/06\/IMG-20230602-WA0099-1024x989.jpg\" alt=\"\" class=\"wp-image-6067\" width=\"429\" height=\"413\" srcset=\"https:\/\/macite.tg\/wp-content\/uploads\/2023\/06\/IMG-20230602-WA0099-1024x989.jpg 1024w, https:\/\/macite.tg\/wp-content\/uploads\/2023\/06\/IMG-20230602-WA0099-300x290.jpg 300w, https:\/\/macite.tg\/wp-content\/uploads\/2023\/06\/IMG-20230602-WA0099-768x742.jpg 768w, https:\/\/macite.tg\/wp-content\/uploads\/2023\/06\/IMG-20230602-WA0099.jpg 1280w\" sizes=\"auto, (max-width: 429px) 100vw, 429px\" \/><\/figure>\n<\/div>\n\n\n<p class=\"wp-block-paragraph\"><em>Le secteur agricole qui y occupe la plus grande proportion de la population active devrait permettre de sortir la sous-r\u00e9gion de cette ins\u00e9curit\u00e9 alimentaire et nutritionnelle, gr\u00e2ce<br>\u00e0 ses innombrables potentialit\u00e9s et \u00e0 la mise en place de pratiques et de services agricoles performants et adapt\u00e9s.<\/em><\/p>\n\n\n\n<p class=\"wp-block-paragraph\"><em>Malheureusement, le d\u00e9veloppement de notre agriculture reste confront\u00e9 \u00e0 la mauvaise sant\u00e9 de nos sols qui se traduit par un faible niveau de fertilit\u00e9 des sols et une carence en nutriments en raison d\u2019un d\u00e9ficit d\u2019apport en engrais min\u00e9raux ou organiques. L\u2019utilisation optimale et suffisante des engrais est donc essentielle pour d\u00e9velopper notre secteur agricole, mais nous en sommes actuellement bien loin, malheureusement. L\u2019utilisation des engrais est encore \u00e0 des niveaux bas, tr\u00e8s \u00e9loign\u00e9s des objectifs adopt\u00e9s de 50 kgs de nutriments par hectare.<\/em><\/p>\n\n\n\n<p class=\"wp-block-paragraph\"><em>Cette situation s\u2019est davantage aggrav\u00e9e ces derni\u00e8res ann\u00e9es avec le bouleversement des circuits d\u2019approvisionnement et la flamb\u00e9e vertigineuse du prix des engrais sur le march\u00e9 international et constitue aujourd\u2019hui un obstacle majeur \u00e0 l\u2019accroissement de la production agricole en Afrique de l\u2019Ouest et au Sahel.<\/em><\/p>\n\n\n\n<p class=\"wp-block-paragraph\"><em>Mesdames et Messieurs, Honorables invit\u00e9s,<\/em><\/p>\n\n\n\n<p class=\"wp-block-paragraph\"><em>Pour promouvoir et garantir durablement la s\u00e9curit\u00e9 alimentaire sur le continent, le d\u00e9veloppement de l\u2019agriculture doit constituer un levier strat\u00e9gique ax\u00e9 sur l\u2019am\u00e9lioration de la productivit\u00e9 agricole et \u00e9troitement li\u00e9 \u00e0 la sant\u00e9 des sols ainsi qu\u2019\u00e0 l\u2019apport suffisant d\u2019engrais min\u00e9raux et organiques.<\/em><\/p>\n\n\n<div class=\"wp-block-image\">\n<figure class=\"alignleft size-large is-resized\"><img loading=\"lazy\" decoding=\"async\" src=\"https:\/\/macite.tg\/wp-content\/uploads\/2023\/06\/IMG-20230602-WA0098-1024x989.jpg\" alt=\"\" class=\"wp-image-6068\" width=\"496\" height=\"478\" srcset=\"https:\/\/macite.tg\/wp-content\/uploads\/2023\/06\/IMG-20230602-WA0098-1024x989.jpg 1024w, https:\/\/macite.tg\/wp-content\/uploads\/2023\/06\/IMG-20230602-WA0098-300x290.jpg 300w, https:\/\/macite.tg\/wp-content\/uploads\/2023\/06\/IMG-20230602-WA0098-768x742.jpg 768w, https:\/\/macite.tg\/wp-content\/uploads\/2023\/06\/IMG-20230602-WA0098.jpg 1280w\" sizes=\"auto, (max-width: 496px) 100vw, 496px\" \/><\/figure>\n<\/div>\n\n\n<p class=\"wp-block-paragraph\"><em>En d\u00e9pit des efforts faits ces derni\u00e8res ann\u00e9es par chacun de nos pays, pour trouver des \u00e9l\u00e9ments de r\u00e9ponse \u00e0 cette double question de fertilit\u00e9 des sols et de consommation d\u2019engrais, de nombreux d\u00e9fis restent encore \u00e0 relever dans le domaine.<\/em><\/p>\n\n\n\n<p class=\"wp-block-paragraph\"><em>C\u2019est dans cette dynamique que notre pays, le Togo, met un accent particulier sur l\u2019am\u00e9lioration de la productivit\u00e9 et des rendements agricoles dans la Feuille de route gouvernementale Togo 2025 qui traduit la vision de <\/em><strong><em>Son Excellence, Monsieur Faure Essozimna GNASSINGBE, Pr\u00e9sident de la R\u00e9publique,<\/em><\/strong><em> pour notre pays. L\u2019objectif pour le secteur agricole y <\/em><em>est <\/em><em>de garantir durablement la s\u00e9curit\u00e9 alimentaire et nutritionnelle au Togo par la production nationale, et de renforcer les industries de transformation agroalimentaire, source de cr\u00e9ation d\u2019emplois d\u00e9cents et durables, <\/em><em>en particulier pour les femmes et les jeunes<\/em><em>. <\/em><em><\/em><\/p>\n\n\n\n<p class=\"wp-block-paragraph\"><em>Pour y parvenir, <\/em><em>le gouvernement togolais s\u2019est employ\u00e9, au cours des pr\u00e9c\u00e9dentes campagnes agricoles, \u00e0 am\u00e9liorer la sant\u00e9 des sols et \u00e0 mobiliser d\u2019importantes quantit\u00e9s d\u2019engrais, \u00e0 travers notamment&nbsp;:<\/em><\/p>\n\n\n\n<ul class=\"wp-block-list\">\n<li><em>l\u2019\u00e9tablissement de la carte de fertilit\u00e9 des sols assortie de recommandations de nouvelles formules d\u2019engrais sp\u00e9cifiques aux diff\u00e9rentes zones de production ;<\/em><\/li>\n\n\n\n<li><em>la facilitation de l\u2019acc\u00e8s aux intrants notamment les engrais min\u00e9raux gr\u00e2ce \u00e0 la disponibilit\u00e9 de ces engrais et l\u2019octroi aux petits producteurs de subvention sur le prix des engrais&nbsp;;<\/em><\/li>\n\n\n\n<li><em>la promotion de la fabrication et de l\u2019utilisation des engrais organiques gr\u00e2ce au soutien des initiatives locales pour la pr\u00e9servation de l\u2019environnement et la lutte contre<br>le changement climatique ; et<\/em><\/li>\n\n\n\n<li><em>la promotion des pratiques d\u2019agriculture durable dans les exploitations notamment l\u2019agroforesterie, l\u2019agro\u00e9cologie et l\u2019agriculture biologique, la gestion int\u00e9gr\u00e9e de la fertilit\u00e9 des sols.<\/em><\/li>\n<\/ul>\n\n\n\n<p class=\"wp-block-paragraph\"><em>Face \u00e0 cette situation qui touche la totalit\u00e9 de nos pays, nous devons ensemble repenser notre agriculture. L\u2019augmentation de la productivit\u00e9 agricole qui est un \u00e9l\u00e9ment cl\u00e9 pour promouvoir la s\u00e9curit\u00e9 alimentaire et faire face aux besoins croissants de nos populations n\u00e9cessitera des engagements forts afin d\u2019appuyer durablement et efficacement le secteur agricole. Il s\u2019agira pour nous de r\u00e9soudre en priorit\u00e9 le probl\u00e8me crucial du renforcement de la fili\u00e8re des engrais qui seuls peuvent corriger la carence en nutriments de nos sols. Dans ce contexte, il est crucial de mettre en place des politiques communes qui permettront de promouvoir la production locale d\u2019engrais pour couvrir le march\u00e9 sous-r\u00e9gional et ainsi d\u00e9velopper notre agriculture.<\/em><\/p>\n\n\n\n<p class=\"wp-block-paragraph\"><em>Distingu\u00e9s participants, Mesdames et Messieurs,<\/em><\/p>\n\n\n<div class=\"wp-block-image\">\n<figure class=\"alignright size-large is-resized\"><img loading=\"lazy\" decoding=\"async\" src=\"https:\/\/macite.tg\/wp-content\/uploads\/2023\/06\/IMG-20230602-WA0097-1024x989.jpg\" alt=\"\" class=\"wp-image-6069\" width=\"501\" height=\"483\" srcset=\"https:\/\/macite.tg\/wp-content\/uploads\/2023\/06\/IMG-20230602-WA0097-1024x989.jpg 1024w, https:\/\/macite.tg\/wp-content\/uploads\/2023\/06\/IMG-20230602-WA0097-300x290.jpg 300w, https:\/\/macite.tg\/wp-content\/uploads\/2023\/06\/IMG-20230602-WA0097-768x742.jpg 768w, https:\/\/macite.tg\/wp-content\/uploads\/2023\/06\/IMG-20230602-WA0097.jpg 1280w\" sizes=\"auto, (max-width: 501px) 100vw, 501px\" \/><\/figure>\n<\/div>\n\n\n<p class=\"wp-block-paragraph\"><em>C\u2019est \u00e0 ce titre que nous saluons la tenue de la pr\u00e9sente table ronde sur les engrais et la sant\u00e9 des sols qui offre un cadre d\u2019\u00e9changes de haut niveau autour de la probl\u00e9matique des engrais en Afrique de l\u2019ouest, en pr\u00e9lude au sommet de Dakar qui s\u2019inscrira lui-m\u00eame dans le prolongement de la d\u00e9claration d\u2019Abuja en 2006 sur les engrais.<\/em><\/p>\n\n\n\n<p class=\"wp-block-paragraph\"><em>Cette rencontre permettra de convenir ensemble des mesures \u00e0 mettre en \u0153uvre pour asseoir un syst\u00e8me durable et comp\u00e9titif de production d\u2019engrais de bonne qualit\u00e9 et \u00e0 des prix comp\u00e9titifs pour un approvisionnement efficient de nos producteurs. &nbsp;<\/em><\/p>\n\n\n\n<p class=\"wp-block-paragraph\"><em>&nbsp;Aussi, nos travaux devront-ils d\u00e9boucher sur une feuille de route, accompagn\u00e9e d\u2019une d\u00e9claration d\u2019engagement de tous les acteurs en termes d\u2019appui et de contribution \u00e0 sa mise en \u0153uvre.<\/em><\/p>\n\n\n\n<p class=\"wp-block-paragraph\"><em>La pr\u00e9sente rencontre devrait, \u00e0 travers la promotion de l\u2019utilisation des engrais, poser des bases solides pour faire \u00e9merger l\u2019agriculture dans nos pays respectifs pour le bonheur des populations.<\/em><\/p>\n\n\n\n<p class=\"wp-block-paragraph\"><em>Je voudrais donc nous exhorter \u00e0 mener des \u00e9changes francs &nbsp;et fructueux pour nous permettre d\u2019atteindre les objectifs fix\u00e9s \u00e0 cette r\u00e9union de haut niveau.<\/em><\/p>\n\n\n\n<p class=\"wp-block-paragraph\"><em>C\u2019est sur cette note d\u2019espoir que je souhaite, au nom du gouvernement togolais, plein succ\u00e8s \u00e0 la pr\u00e9sente table ronde sur les engrais et la sant\u00e9 des sols.<\/em><\/p>\n\n\n\n<p class=\"wp-block-paragraph\"><em>Je vous remercie de votre attention.&nbsp;\u00bb.<\/em><\/p>\n\n\n\n<p class=\"wp-block-paragraph\"><strong><em>@macite.tg<\/em><\/strong><\/p>\n\n\n\n<p class=\"wp-block-paragraph\"><strong><em>E-mail&nbsp;: <\/em><\/strong><a href=\"mailto:maciteinfo@gmail.com\"><strong><em>maciteinfo@gmail.com<\/em><\/strong><\/a><strong><em>; <\/em><\/strong><a href=\"mailto:bawela1@gmail.com\"><strong><em>bawela1@gmail.com<\/em><\/strong><\/a><\/p>\n\n\n\n<p class=\"wp-block-paragraph\"><strong><em>Pour vos annonces, (publi)reportages, etc., joignez nous au (00228)91515309\/<strong>79872224 <\/strong>www.macite.tg, L\u2019information, la bonne&nbsp;!<\/em><\/strong><\/p>\n","protected":false},"excerpt":{"rendered":"<p class=\"text-justify mb-2\" >La table ronde sur les engrais et la sant\u00e9 des sols en Afrique de l\u2019Ouest et au Sahel, tenue dans la capitale togolaise, les 30 et 31 mai derniers, marque un tournant majeur dans la redynamisation et la transformation de l\u2019agriculture en Afrique. A Lom\u00e9 [&hellip;]<\/p>\n","protected":false},"author":2,"featured_media":6065,"comment_status":"open","ping_status":"open","sticky":false,"template":"","format":"standard","meta":{"footnotes":""},"categories":[22],"tags":[],"class_list":["post-6064","post","type-post","status-publish","format-standard","has-post-thumbnail","hentry","category-agriculture"],"yoast_head":"<!-- This site is optimized with the Yoast SEO plugin v28.4 - https:\/\/yoast.com\/product\/yoast-seo-wordpress\/ -->\n<title>RETOUR SUR LA RENCONTRE DE LOM\u00c9 SUR LES ENGRAIS\u00a0: \u00ab\u00a0Le secteur agricole (\u2026) devrait permettre de sortir la sous-r\u00e9gion de l\u2019ins\u00e9curit\u00e9 alimentaire et nutritionnelle, gr\u00e2ce \u00e0 ses innombrables potentialit\u00e9s \u2026\u00a0\u00bb -<\/title>\n<meta name=\"robots\" content=\"index, follow, max-snippet:-1, max-image-preview:large, max-video-preview:-1\" \/>\n<link rel=\"canonical\" href=\"https:\/\/macite.tg\/?p=6064\" \/>\n<meta property=\"og:locale\" content=\"fr_FR\" \/>\n<meta property=\"og:type\" content=\"article\" \/>\n<meta property=\"og:title\" content=\"RETOUR SUR LA RENCONTRE DE LOM\u00c9 SUR LES ENGRAIS\u00a0: \u00ab\u00a0Le secteur agricole (\u2026) devrait permettre de sortir la sous-r\u00e9gion de l\u2019ins\u00e9curit\u00e9 alimentaire et nutritionnelle, gr\u00e2ce \u00e0 ses innombrables potentialit\u00e9s \u2026\u00a0\u00bb -\" \/>\n<meta property=\"og:description\" content=\"La table ronde sur les engrais et la sant\u00e9 des sols en Afrique de l\u2019Ouest et au Sahel, tenue dans la capitale togolaise, les 30 et 31 mai derniers, marque un tournant majeur dans la redynamisation et la transformation de l\u2019agriculture en Afrique. A Lom\u00e9 [&hellip;]\" \/>\n<meta property=\"og:url\" content=\"https:\/\/macite.tg\/?p=6064\" \/>\n<meta property=\"article:published_time\" content=\"2023-06-04T08:20:27+00:00\" \/>\n<meta property=\"article:modified_time\" content=\"2023-06-04T08:20:38+00:00\" \/>\n<meta property=\"og:image\" content=\"https:\/\/macite.tg\/wp-content\/uploads\/2023\/06\/jad20230530-tribune-cultiver-avenir-1256x628-1685443073.jpg\" \/>\n\t<meta property=\"og:image:width\" content=\"1256\" \/>\n\t<meta property=\"og:image:height\" content=\"628\" \/>\n\t<meta property=\"og:image:type\" content=\"image\/jpeg\" \/>\n<meta name=\"author\" content=\"Jean Pierre BAWELA\" \/>\n<meta name=\"twitter:card\" content=\"summary_large_image\" \/>\n<meta name=\"twitter:label1\" content=\"\u00c9crit par\" \/>\n\t<meta name=\"twitter:data1\" content=\"Jean Pierre BAWELA\" \/>\n\t<meta name=\"twitter:label2\" content=\"Dur\u00e9e de lecture estim\u00e9e\" \/>\n\t<meta name=\"twitter:data2\" content=\"7 minutes\" \/>\n<script type=\"application\/ld+json\" class=\"yoast-schema-graph\">{\"@context\":\"https:\\\/\\\/schema.org\",\"@graph\":[{\"@type\":\"Article\",\"@id\":\"https:\\\/\\\/macite.tg\\\/?p=6064#article\",\"isPartOf\":{\"@id\":\"https:\\\/\\\/macite.tg\\\/?p=6064\"},\"author\":{\"name\":\"Jean Pierre BAWELA\",\"@id\":\"https:\\\/\\\/macite.tg\\\/#\\\/schema\\\/person\\\/e9f2de7e5dbbe7770a9402c7ce82f5c2\"},\"headline\":\"RETOUR SUR LA RENCONTRE DE LOM\u00c9 SUR LES ENGRAIS\u00a0: \u00ab\u00a0Le secteur agricole (\u2026) devrait permettre de sortir la sous-r\u00e9gion de l\u2019ins\u00e9curit\u00e9 alimentaire et nutritionnelle, gr\u00e2ce \u00e0 ses innombrables potentialit\u00e9s \u2026\u00a0\u00bb\",\"datePublished\":\"2023-06-04T08:20:27+00:00\",\"dateModified\":\"2023-06-04T08:20:38+00:00\",\"mainEntityOfPage\":{\"@id\":\"https:\\\/\\\/macite.tg\\\/?p=6064\"},\"wordCount\":1368,\"commentCount\":0,\"image\":{\"@id\":\"https:\\\/\\\/macite.tg\\\/?p=6064#primaryimage\"},\"thumbnailUrl\":\"https:\\\/\\\/macite.tg\\\/wp-content\\\/uploads\\\/2023\\\/06\\\/jad20230530-tribune-cultiver-avenir-1256x628-1685443073.jpg\",\"articleSection\":[\"AGRICULTURE\"],\"inLanguage\":\"fr-FR\",\"potentialAction\":[{\"@type\":\"CommentAction\",\"name\":\"Comment\",\"target\":[\"https:\\\/\\\/macite.tg\\\/?p=6064#respond\"]}]},{\"@type\":\"WebPage\",\"@id\":\"https:\\\/\\\/macite.tg\\\/?p=6064\",\"url\":\"https:\\\/\\\/macite.tg\\\/?p=6064\",\"name\":\"RETOUR SUR LA RENCONTRE DE LOM\u00c9 SUR LES ENGRAIS\u00a0: \u00ab\u00a0Le secteur agricole (\u2026) devrait permettre de sortir la sous-r\u00e9gion de l\u2019ins\u00e9curit\u00e9 alimentaire et nutritionnelle, gr\u00e2ce \u00e0 ses innombrables potentialit\u00e9s \u2026\u00a0\u00bb -\",\"isPartOf\":{\"@id\":\"https:\\\/\\\/macite.tg\\\/#website\"},\"primaryImageOfPage\":{\"@id\":\"https:\\\/\\\/macite.tg\\\/?p=6064#primaryimage\"},\"image\":{\"@id\":\"https:\\\/\\\/macite.tg\\\/?p=6064#primaryimage\"},\"thumbnailUrl\":\"https:\\\/\\\/macite.tg\\\/wp-content\\\/uploads\\\/2023\\\/06\\\/jad20230530-tribune-cultiver-avenir-1256x628-1685443073.jpg\",\"datePublished\":\"2023-06-04T08:20:27+00:00\",\"dateModified\":\"2023-06-04T08:20:38+00:00\",\"author\":{\"@id\":\"https:\\\/\\\/macite.tg\\\/#\\\/schema\\\/person\\\/e9f2de7e5dbbe7770a9402c7ce82f5c2\"},\"breadcrumb\":{\"@id\":\"https:\\\/\\\/macite.tg\\\/?p=6064#breadcrumb\"},\"inLanguage\":\"fr-FR\",\"potentialAction\":[{\"@type\":\"ReadAction\",\"target\":[\"https:\\\/\\\/macite.tg\\\/?p=6064\"]}]},{\"@type\":\"ImageObject\",\"inLanguage\":\"fr-FR\",\"@id\":\"https:\\\/\\\/macite.tg\\\/?p=6064#primaryimage\",\"url\":\"https:\\\/\\\/macite.tg\\\/wp-content\\\/uploads\\\/2023\\\/06\\\/jad20230530-tribune-cultiver-avenir-1256x628-1685443073.jpg\",\"contentUrl\":\"https:\\\/\\\/macite.tg\\\/wp-content\\\/uploads\\\/2023\\\/06\\\/jad20230530-tribune-cultiver-avenir-1256x628-1685443073.jpg\",\"width\":1256,\"height\":628},{\"@type\":\"BreadcrumbList\",\"@id\":\"https:\\\/\\\/macite.tg\\\/?p=6064#breadcrumb\",\"itemListElement\":[{\"@type\":\"ListItem\",\"position\":1,\"name\":\"Accueil\",\"item\":\"https:\\\/\\\/macite.tg\\\/\"},{\"@type\":\"ListItem\",\"position\":2,\"name\":\"RETOUR SUR LA RENCONTRE DE LOM\u00c9 SUR LES ENGRAIS\u00a0: \u00ab\u00a0Le secteur agricole (\u2026) devrait permettre de sortir la sous-r\u00e9gion de l\u2019ins\u00e9curit\u00e9 alimentaire et nutritionnelle, gr\u00e2ce \u00e0 ses innombrables potentialit\u00e9s \u2026\u00a0\u00bb\"}]},{\"@type\":\"WebSite\",\"@id\":\"https:\\\/\\\/macite.tg\\\/#website\",\"url\":\"https:\\\/\\\/macite.tg\\\/\",\"name\":\"\",\"description\":\"L&#039;information, la bonne!!!\",\"potentialAction\":[{\"@type\":\"SearchAction\",\"target\":{\"@type\":\"EntryPoint\",\"urlTemplate\":\"https:\\\/\\\/macite.tg\\\/?s={search_term_string}\"},\"query-input\":{\"@type\":\"PropertyValueSpecification\",\"valueRequired\":true,\"valueName\":\"search_term_string\"}}],\"inLanguage\":\"fr-FR\"},{\"@type\":\"Person\",\"@id\":\"https:\\\/\\\/macite.tg\\\/#\\\/schema\\\/person\\\/e9f2de7e5dbbe7770a9402c7ce82f5c2\",\"name\":\"Jean Pierre BAWELA\",\"image\":{\"@type\":\"ImageObject\",\"inLanguage\":\"fr-FR\",\"@id\":\"https:\\\/\\\/macite.tg\\\/wp-content\\\/uploads\\\/2023\\\/09\\\/WhatsApp-Image-2023-09-19-at-14.44.41-122x122.jpeg\",\"url\":\"https:\\\/\\\/macite.tg\\\/wp-content\\\/uploads\\\/2023\\\/09\\\/WhatsApp-Image-2023-09-19-at-14.44.41-122x122.jpeg\",\"contentUrl\":\"https:\\\/\\\/macite.tg\\\/wp-content\\\/uploads\\\/2023\\\/09\\\/WhatsApp-Image-2023-09-19-at-14.44.41-122x122.jpeg\",\"caption\":\"Jean Pierre BAWELA\"},\"url\":\"https:\\\/\\\/macite.tg\\\/?author=2\"}]}<\/script>\n<!-- \/ Yoast SEO plugin. -->","yoast_head_json":{"title":"RETOUR SUR LA RENCONTRE DE LOM\u00c9 SUR LES ENGRAIS\u00a0: \u00ab\u00a0Le secteur agricole (\u2026) devrait permettre de sortir la sous-r\u00e9gion de l\u2019ins\u00e9curit\u00e9 alimentaire et nutritionnelle, gr\u00e2ce \u00e0 ses innombrables potentialit\u00e9s \u2026\u00a0\u00bb -","robots":{"index":"index","follow":"follow","max-snippet":"max-snippet:-1","max-image-preview":"max-image-preview:large","max-video-preview":"max-video-preview:-1"},"canonical":"https:\/\/macite.tg\/?p=6064","og_locale":"fr_FR","og_type":"article","og_title":"RETOUR SUR LA RENCONTRE DE LOM\u00c9 SUR LES ENGRAIS\u00a0: \u00ab\u00a0Le secteur agricole (\u2026) devrait permettre de sortir la sous-r\u00e9gion de l\u2019ins\u00e9curit\u00e9 alimentaire et nutritionnelle, gr\u00e2ce \u00e0 ses innombrables potentialit\u00e9s \u2026\u00a0\u00bb -","og_description":"La table ronde sur les engrais et la sant\u00e9 des sols en Afrique de l\u2019Ouest et au Sahel, tenue dans la capitale togolaise, les 30 et 31 mai derniers, marque un tournant majeur dans la redynamisation et la transformation de l\u2019agriculture en Afrique. A Lom\u00e9 [&hellip;]","og_url":"https:\/\/macite.tg\/?p=6064","article_published_time":"2023-06-04T08:20:27+00:00","article_modified_time":"2023-06-04T08:20:38+00:00","og_image":[{"width":1256,"height":628,"url":"https:\/\/macite.tg\/wp-content\/uploads\/2023\/06\/jad20230530-tribune-cultiver-avenir-1256x628-1685443073.jpg","type":"image\/jpeg"}],"author":"Jean Pierre BAWELA","twitter_card":"summary_large_image","twitter_misc":{"\u00c9crit par":"Jean Pierre BAWELA","Dur\u00e9e de lecture estim\u00e9e":"7 minutes"},"schema":{"@context":"https:\/\/schema.org","@graph":[{"@type":"Article","@id":"https:\/\/macite.tg\/?p=6064#article","isPartOf":{"@id":"https:\/\/macite.tg\/?p=6064"},"author":{"name":"Jean Pierre BAWELA","@id":"https:\/\/macite.tg\/#\/schema\/person\/e9f2de7e5dbbe7770a9402c7ce82f5c2"},"headline":"RETOUR SUR LA RENCONTRE DE LOM\u00c9 SUR LES ENGRAIS\u00a0: \u00ab\u00a0Le secteur agricole (\u2026) devrait permettre de sortir la sous-r\u00e9gion de l\u2019ins\u00e9curit\u00e9 alimentaire et nutritionnelle, gr\u00e2ce \u00e0 ses innombrables potentialit\u00e9s \u2026\u00a0\u00bb","datePublished":"2023-06-04T08:20:27+00:00","dateModified":"2023-06-04T08:20:38+00:00","mainEntityOfPage":{"@id":"https:\/\/macite.tg\/?p=6064"},"wordCount":1368,"commentCount":0,"image":{"@id":"https:\/\/macite.tg\/?p=6064#primaryimage"},"thumbnailUrl":"https:\/\/macite.tg\/wp-content\/uploads\/2023\/06\/jad20230530-tribune-cultiver-avenir-1256x628-1685443073.jpg","articleSection":["AGRICULTURE"],"inLanguage":"fr-FR","potentialAction":[{"@type":"CommentAction","name":"Comment","target":["https:\/\/macite.tg\/?p=6064#respond"]}]},{"@type":"WebPage","@id":"https:\/\/macite.tg\/?p=6064","url":"https:\/\/macite.tg\/?p=6064","name":"RETOUR SUR LA RENCONTRE DE LOM\u00c9 SUR LES ENGRAIS\u00a0: \u00ab\u00a0Le secteur agricole (\u2026) devrait permettre de sortir la sous-r\u00e9gion de l\u2019ins\u00e9curit\u00e9 alimentaire et nutritionnelle, gr\u00e2ce \u00e0 ses innombrables potentialit\u00e9s \u2026\u00a0\u00bb -","isPartOf":{"@id":"https:\/\/macite.tg\/#website"},"primaryImageOfPage":{"@id":"https:\/\/macite.tg\/?p=6064#primaryimage"},"image":{"@id":"https:\/\/macite.tg\/?p=6064#primaryimage"},"thumbnailUrl":"https:\/\/macite.tg\/wp-content\/uploads\/2023\/06\/jad20230530-tribune-cultiver-avenir-1256x628-1685443073.jpg","datePublished":"2023-06-04T08:20:27+00:00","dateModified":"2023-06-04T08:20:38+00:00","author":{"@id":"https:\/\/macite.tg\/#\/schema\/person\/e9f2de7e5dbbe7770a9402c7ce82f5c2"},"breadcrumb":{"@id":"https:\/\/macite.tg\/?p=6064#breadcrumb"},"inLanguage":"fr-FR","potentialAction":[{"@type":"ReadAction","target":["https:\/\/macite.tg\/?p=6064"]}]},{"@type":"ImageObject","inLanguage":"fr-FR","@id":"https:\/\/macite.tg\/?p=6064#primaryimage","url":"https:\/\/macite.tg\/wp-content\/uploads\/2023\/06\/jad20230530-tribune-cultiver-avenir-1256x628-1685443073.jpg","contentUrl":"https:\/\/macite.tg\/wp-content\/uploads\/2023\/06\/jad20230530-tribune-cultiver-avenir-1256x628-1685443073.jpg","width":1256,"height":628},{"@type":"BreadcrumbList","@id":"https:\/\/macite.tg\/?p=6064#breadcrumb","itemListElement":[{"@type":"ListItem","position":1,"name":"Accueil","item":"https:\/\/macite.tg\/"},{"@type":"ListItem","position":2,"name":"RETOUR SUR LA RENCONTRE DE LOM\u00c9 SUR LES ENGRAIS\u00a0: \u00ab\u00a0Le secteur agricole (\u2026) devrait permettre de sortir la sous-r\u00e9gion de l\u2019ins\u00e9curit\u00e9 alimentaire et nutritionnelle, gr\u00e2ce \u00e0 ses innombrables potentialit\u00e9s \u2026\u00a0\u00bb"}]},{"@type":"WebSite","@id":"https:\/\/macite.tg\/#website","url":"https:\/\/macite.tg\/","name":"","description":"L&#039;information, la bonne!!!","potentialAction":[{"@type":"SearchAction","target":{"@type":"EntryPoint","urlTemplate":"https:\/\/macite.tg\/?s={search_term_string}"},"query-input":{"@type":"PropertyValueSpecification","valueRequired":true,"valueName":"search_term_string"}}],"inLanguage":"fr-FR"},{"@type":"Person","@id":"https:\/\/macite.tg\/#\/schema\/person\/e9f2de7e5dbbe7770a9402c7ce82f5c2","name":"Jean Pierre BAWELA","image":{"@type":"ImageObject","inLanguage":"fr-FR","@id":"https:\/\/macite.tg\/wp-content\/uploads\/2023\/09\/WhatsApp-Image-2023-09-19-at-14.44.41-122x122.jpeg","url":"https:\/\/macite.tg\/wp-content\/uploads\/2023\/09\/WhatsApp-Image-2023-09-19-at-14.44.41-122x122.jpeg","contentUrl":"https:\/\/macite.tg\/wp-content\/uploads\/2023\/09\/WhatsApp-Image-2023-09-19-at-14.44.41-122x122.jpeg","caption":"Jean Pierre BAWELA"},"url":"https:\/\/macite.tg\/?author=2"}]}},"_links":{"self":[{"href":"https:\/\/macite.tg\/index.php?rest_route=\/wp\/v2\/posts\/6064","targetHints":{"allow":["GET"]}}],"collection":[{"href":"https:\/\/macite.tg\/index.php?rest_route=\/wp\/v2\/posts"}],"about":[{"href":"https:\/\/macite.tg\/index.php?rest_route=\/wp\/v2\/types\/post"}],"author":[{"embeddable":true,"href":"https:\/\/macite.tg\/index.php?rest_route=\/wp\/v2\/users\/2"}],"replies":[{"embeddable":true,"href":"https:\/\/macite.tg\/index.php?rest_route=%2Fwp%2Fv2%2Fcomments&post=6064"}],"version-history":[{"count":0,"href":"https:\/\/macite.tg\/index.php?rest_route=\/wp\/v2\/posts\/6064\/revisions"}],"wp:featuredmedia":[{"embeddable":true,"href":"https:\/\/macite.tg\/index.php?rest_route=\/wp\/v2\/media\/6065"}],"wp:attachment":[{"href":"https:\/\/macite.tg\/index.php?rest_route=%2Fwp%2Fv2%2Fmedia&parent=6064"}],"wp:term":[{"taxonomy":"category","embeddable":true,"href":"https:\/\/macite.tg\/index.php?rest_route=%2Fwp%2Fv2%2Fcategories&post=6064"},{"taxonomy":"post_tag","embeddable":true,"href":"https:\/\/macite.tg\/index.php?rest_route=%2Fwp%2Fv2%2Ftags&post=6064"}],"curies":[{"name":"wp","href":"https:\/\/api.w.org\/{rel}","templated":true}]}}