{"id":6056,"date":"2023-06-04T07:34:09","date_gmt":"2023-06-04T07:34:09","guid":{"rendered":"https:\/\/macite.tg\/?p=6056"},"modified":"2023-06-04T07:35:56","modified_gmt":"2023-06-04T07:35:56","slug":"turquie-faure-gnassingbe-temoin-de-linvestiture-de-recep-tayyip-erdogan-pour-son-3e-mandat","status":"publish","type":"post","link":"https:\/\/macite.tg\/?p=6056","title":{"rendered":"TURQUIE\u00a0: Faure Gnassingb\u00e9 t\u00e9moin de l\u2019investiture de Recep Tayyip Erdo\u011fan pour son 3\u00e8 mandat"},"content":{"rendered":"\n<p class=\"wp-block-paragraph\"><strong><em>R\u00e9\u00e9lu le 28 mai, le pr\u00e9sident Recep Tayyip Erdo\u011fan a officiellement \u00e9t\u00e9 r\u00e9investi, samedi 03 juin dernier, \u00e0 la t\u00eate de la Turquie pour un troisi\u00e8me mandat de cinq ans. C\u2019\u00e9tait en pr\u00e9sence de plusieurs chefs d\u2019Etat et de gouvernement dont Faure Gnassingb\u00e9.<\/em><\/strong><\/p>\n\n\n\n<p class=\"wp-block-paragraph\">Apr\u00e8s sa victoire, le 28 mai dernier, lors du second tour des \u00e9lections pr\u00e9sidentielles turques&nbsp;avec un peu plus de 52%, le pr\u00e9sident Recep Tayyip Erdogan a \u00e9t\u00e9 officiellement investi, hier samedi 03 juin, au cours d\u2019une c\u00e9r\u00e9monie au palais pr\u00e9sidentiel de K\u00fclliye, en pr\u00e9sence de pr\u00e8s de 80 chefs d&rsquo;\u00c9tat et ministres \u00e9trangers.<\/p>\n\n\n<div class=\"wp-block-image\">\n<figure class=\"aligncenter size-large is-resized\"><img loading=\"lazy\" decoding=\"async\" src=\"https:\/\/macite.tg\/wp-content\/uploads\/2023\/06\/Panneau-1-12m2-bis-1024x768.jpg\" alt=\"\" class=\"wp-image-6022\" width=\"570\" height=\"428\" srcset=\"https:\/\/macite.tg\/wp-content\/uploads\/2023\/06\/Panneau-1-12m2-bis-1024x768.jpg 1024w, https:\/\/macite.tg\/wp-content\/uploads\/2023\/06\/Panneau-1-12m2-bis-300x225.jpg 300w, https:\/\/macite.tg\/wp-content\/uploads\/2023\/06\/Panneau-1-12m2-bis-768x576.jpg 768w, https:\/\/macite.tg\/wp-content\/uploads\/2023\/06\/Panneau-1-12m2-bis-1536x1152.jpg 1536w, https:\/\/macite.tg\/wp-content\/uploads\/2023\/06\/Panneau-1-12m2-bis-2048x1536.jpg 2048w\" sizes=\"auto, (max-width: 570px) 100vw, 570px\" \/><\/figure>\n<\/div>\n\n\n<p class=\"wp-block-paragraph\">C\u2019est une nouvelle aventure de cinq ans que le leader devrait \u00e9crire d\u2019une autre mani\u00e8re dans un contexte diff\u00e9rent du fait que le pays fait face \u00e0 une grave crise financi\u00e8re. Le pr\u00e9sident turc r\u00e9\u00e9lu a jur\u00e9 \u00ab&nbsp;<em>d&rsquo;assumer son devoir avec impartialit\u00e9&nbsp;\u00bb<\/em> devant les 600 d\u00e9put\u00e9s \u00e9lus le 14 mai.<\/p>\n\n\n\n<p class=\"wp-block-paragraph\">Tous les yeux sont d\u00e9sormais tourn\u00e9s vers le pr\u00e9sident r\u00e9\u00e9lu Recep Tayyip Erdogan et son nouveau cabinet, profond\u00e9ment&nbsp; remani\u00e9, qui a \u00e9t\u00e9 aussit\u00f4t constitu\u00e9 dans la soir\u00e9e. Il devrait compter sur son ministre de l\u2019\u00c9conomie, Mehmet Simsek, un partisan de l\u2019orthodoxie mon\u00e9taire, qui fait son come-back.<\/p>\n\n\n\n<figure class=\"wp-block-image size-large\"><img loading=\"lazy\" decoding=\"async\" width=\"1024\" height=\"212\" src=\"https:\/\/macite.tg\/wp-content\/uploads\/2023\/06\/IMG-20230514-WA00962-1024x212.jpg\" alt=\"\" class=\"wp-image-5991\" srcset=\"https:\/\/macite.tg\/wp-content\/uploads\/2023\/06\/IMG-20230514-WA00962-1024x212.jpg 1024w, https:\/\/macite.tg\/wp-content\/uploads\/2023\/06\/IMG-20230514-WA00962-300x62.jpg 300w, https:\/\/macite.tg\/wp-content\/uploads\/2023\/06\/IMG-20230514-WA00962-768x159.jpg 768w, https:\/\/macite.tg\/wp-content\/uploads\/2023\/06\/IMG-20230514-WA00962-1536x318.jpg 1536w, https:\/\/macite.tg\/wp-content\/uploads\/2023\/06\/IMG-20230514-WA00962.jpg 1600w\" sizes=\"auto, (max-width: 1024px) 100vw, 1024px\" \/><\/figure>\n\n\n\n<p class=\"wp-block-paragraph\">Le pr\u00e9sident togolais, Faure Gnassingb\u00e9, t\u00e9moin de l\u2019investiture du pr\u00e9sident turc, marque par sa pr\u00e9sence les bonnes relations que le Togo entretien avec la Turquie. D\u2019ailleurs, le leader turc \u00e9tait \u00e0 Lom\u00e9, le 19 octobre 2021, visite officielle \u00e0 l\u2019invitation de son homologue togolais.<\/p>\n\n\n\n<p class=\"wp-block-paragraph\">Les deux dirigeants avaient alors convenu de <em>\u00ab&nbsp;dynamiser les diff\u00e9rents secteurs de la coop\u00e9ration au niveau bilat\u00e9ral et multilat\u00e9ral, pour faire face aux d\u00e9fis de l\u2019heure, notamment le terrorisme, l\u2019inflation et le changement climatique&nbsp;\u00bb.<\/em><br><strong>JPB<\/strong><\/p>\n\n\n\n<p class=\"wp-block-paragraph\"><strong><em>@macite.tg<\/em><\/strong><\/p>\n\n\n\n<p class=\"wp-block-paragraph\"><strong><em>E-mail&nbsp;: <\/em><\/strong><a href=\"mailto:maciteinfo@gmail.com\"><strong><em>maciteinfo@gmail.com<\/em><\/strong><\/a><strong><em>; <\/em><\/strong><a href=\"mailto:bawela1@gmail.com\"><strong><em>bawela1@gmail.com<\/em><\/strong><\/a><strong><em><\/em><\/strong><\/p>\n\n\n\n<p class=\"wp-block-paragraph\"><strong><em>Pour vos annonces, (publi)reportages, etc., joignez nous au (00228)91515309\/<strong>79872224 <\/strong>www.macite.tg, L\u2019information, la bonne&nbsp;!<\/em><\/strong><\/p>\n","protected":false},"excerpt":{"rendered":"<p class=\"text-justify mb-2\" >R\u00e9\u00e9lu le 28 mai, le pr\u00e9sident Recep Tayyip Erdo\u011fan a officiellement \u00e9t\u00e9 r\u00e9investi, samedi 03 juin dernier, \u00e0 la t\u00eate de la Turquie pour un troisi\u00e8me mandat de cinq ans. C\u2019\u00e9tait en pr\u00e9sence de plusieurs chefs d\u2019Etat et de gouvernement dont Faure Gnassingb\u00e9. Apr\u00e8s sa [&hellip;]<\/p>\n","protected":false},"author":2,"featured_media":6058,"comment_status":"open","ping_status":"open","sticky":false,"template":"","format":"standard","meta":{"footnotes":""},"categories":[20,8],"tags":[],"class_list":["post-6056","post","type-post","status-publish","format-standard","has-post-thumbnail","hentry","category-actualite","category-diplomatie"],"yoast_head":"<!-- This site is optimized with the Yoast SEO plugin v28.4 - https:\/\/yoast.com\/product\/yoast-seo-wordpress\/ -->\n<title>TURQUIE\u00a0: Faure Gnassingb\u00e9 t\u00e9moin de l\u2019investiture de Recep Tayyip Erdo\u011fan pour son 3\u00e8 mandat -<\/title>\n<meta name=\"robots\" content=\"index, follow, max-snippet:-1, max-image-preview:large, max-video-preview:-1\" \/>\n<link rel=\"canonical\" href=\"https:\/\/macite.tg\/?p=6056\" \/>\n<meta property=\"og:locale\" content=\"fr_FR\" \/>\n<meta property=\"og:type\" content=\"article\" \/>\n<meta property=\"og:title\" content=\"TURQUIE\u00a0: Faure Gnassingb\u00e9 t\u00e9moin de l\u2019investiture de Recep Tayyip Erdo\u011fan pour son 3\u00e8 mandat -\" \/>\n<meta property=\"og:description\" content=\"R\u00e9\u00e9lu le 28 mai, le pr\u00e9sident Recep Tayyip Erdo\u011fan a officiellement \u00e9t\u00e9 r\u00e9investi, samedi 03 juin dernier, \u00e0 la t\u00eate de la Turquie pour un troisi\u00e8me mandat de cinq ans. C\u2019\u00e9tait en pr\u00e9sence de plusieurs chefs d\u2019Etat et de gouvernement dont Faure Gnassingb\u00e9. Apr\u00e8s sa [&hellip;]\" \/>\n<meta property=\"og:url\" content=\"https:\/\/macite.tg\/?p=6056\" \/>\n<meta property=\"article:published_time\" content=\"2023-06-04T07:34:09+00:00\" \/>\n<meta property=\"article:modified_time\" content=\"2023-06-04T07:35:56+00:00\" \/>\n<meta property=\"og:image\" content=\"https:\/\/macite.tg\/wp-content\/uploads\/2023\/06\/Sans-titre.jpg\" \/>\n\t<meta property=\"og:image:width\" content=\"275\" \/>\n\t<meta property=\"og:image:height\" content=\"183\" \/>\n\t<meta property=\"og:image:type\" content=\"image\/jpeg\" \/>\n<meta name=\"author\" content=\"Jean Pierre BAWELA\" \/>\n<meta name=\"twitter:card\" content=\"summary_large_image\" \/>\n<meta name=\"twitter:label1\" content=\"\u00c9crit par\" \/>\n\t<meta name=\"twitter:data1\" content=\"Jean Pierre BAWELA\" \/>\n\t<meta name=\"twitter:label2\" content=\"Dur\u00e9e de lecture estim\u00e9e\" \/>\n\t<meta name=\"twitter:data2\" content=\"2 minutes\" \/>\n<script type=\"application\/ld+json\" class=\"yoast-schema-graph\">{\"@context\":\"https:\\\/\\\/schema.org\",\"@graph\":[{\"@type\":\"Article\",\"@id\":\"https:\\\/\\\/macite.tg\\\/?p=6056#article\",\"isPartOf\":{\"@id\":\"https:\\\/\\\/macite.tg\\\/?p=6056\"},\"author\":{\"name\":\"Jean Pierre BAWELA\",\"@id\":\"https:\\\/\\\/macite.tg\\\/#\\\/schema\\\/person\\\/e9f2de7e5dbbe7770a9402c7ce82f5c2\"},\"headline\":\"TURQUIE\u00a0: Faure Gnassingb\u00e9 t\u00e9moin de l\u2019investiture de Recep Tayyip Erdo\u011fan pour son 3\u00e8 mandat\",\"datePublished\":\"2023-06-04T07:34:09+00:00\",\"dateModified\":\"2023-06-04T07:35:56+00:00\",\"mainEntityOfPage\":{\"@id\":\"https:\\\/\\\/macite.tg\\\/?p=6056\"},\"wordCount\":361,\"commentCount\":0,\"image\":{\"@id\":\"https:\\\/\\\/macite.tg\\\/?p=6056#primaryimage\"},\"thumbnailUrl\":\"https:\\\/\\\/macite.tg\\\/wp-content\\\/uploads\\\/2023\\\/06\\\/Sans-titre.jpg\",\"articleSection\":[\"ACTUALITE\",\"DIPLOMATIE\"],\"inLanguage\":\"fr-FR\",\"potentialAction\":[{\"@type\":\"CommentAction\",\"name\":\"Comment\",\"target\":[\"https:\\\/\\\/macite.tg\\\/?p=6056#respond\"]}]},{\"@type\":\"WebPage\",\"@id\":\"https:\\\/\\\/macite.tg\\\/?p=6056\",\"url\":\"https:\\\/\\\/macite.tg\\\/?p=6056\",\"name\":\"TURQUIE\u00a0: Faure Gnassingb\u00e9 t\u00e9moin de l\u2019investiture de Recep Tayyip Erdo\u011fan pour son 3\u00e8 mandat -\",\"isPartOf\":{\"@id\":\"https:\\\/\\\/macite.tg\\\/#website\"},\"primaryImageOfPage\":{\"@id\":\"https:\\\/\\\/macite.tg\\\/?p=6056#primaryimage\"},\"image\":{\"@id\":\"https:\\\/\\\/macite.tg\\\/?p=6056#primaryimage\"},\"thumbnailUrl\":\"https:\\\/\\\/macite.tg\\\/wp-content\\\/uploads\\\/2023\\\/06\\\/Sans-titre.jpg\",\"datePublished\":\"2023-06-04T07:34:09+00:00\",\"dateModified\":\"2023-06-04T07:35:56+00:00\",\"author\":{\"@id\":\"https:\\\/\\\/macite.tg\\\/#\\\/schema\\\/person\\\/e9f2de7e5dbbe7770a9402c7ce82f5c2\"},\"breadcrumb\":{\"@id\":\"https:\\\/\\\/macite.tg\\\/?p=6056#breadcrumb\"},\"inLanguage\":\"fr-FR\",\"potentialAction\":[{\"@type\":\"ReadAction\",\"target\":[\"https:\\\/\\\/macite.tg\\\/?p=6056\"]}]},{\"@type\":\"ImageObject\",\"inLanguage\":\"fr-FR\",\"@id\":\"https:\\\/\\\/macite.tg\\\/?p=6056#primaryimage\",\"url\":\"https:\\\/\\\/macite.tg\\\/wp-content\\\/uploads\\\/2023\\\/06\\\/Sans-titre.jpg\",\"contentUrl\":\"https:\\\/\\\/macite.tg\\\/wp-content\\\/uploads\\\/2023\\\/06\\\/Sans-titre.jpg\",\"width\":275,\"height\":183},{\"@type\":\"BreadcrumbList\",\"@id\":\"https:\\\/\\\/macite.tg\\\/?p=6056#breadcrumb\",\"itemListElement\":[{\"@type\":\"ListItem\",\"position\":1,\"name\":\"Accueil\",\"item\":\"https:\\\/\\\/macite.tg\\\/\"},{\"@type\":\"ListItem\",\"position\":2,\"name\":\"TURQUIE\u00a0: Faure Gnassingb\u00e9 t\u00e9moin de l\u2019investiture de Recep Tayyip Erdo\u011fan pour son 3\u00e8 mandat\"}]},{\"@type\":\"WebSite\",\"@id\":\"https:\\\/\\\/macite.tg\\\/#website\",\"url\":\"https:\\\/\\\/macite.tg\\\/\",\"name\":\"\",\"description\":\"L&#039;information, la bonne!!!\",\"potentialAction\":[{\"@type\":\"SearchAction\",\"target\":{\"@type\":\"EntryPoint\",\"urlTemplate\":\"https:\\\/\\\/macite.tg\\\/?s={search_term_string}\"},\"query-input\":{\"@type\":\"PropertyValueSpecification\",\"valueRequired\":true,\"valueName\":\"search_term_string\"}}],\"inLanguage\":\"fr-FR\"},{\"@type\":\"Person\",\"@id\":\"https:\\\/\\\/macite.tg\\\/#\\\/schema\\\/person\\\/e9f2de7e5dbbe7770a9402c7ce82f5c2\",\"name\":\"Jean Pierre BAWELA\",\"image\":{\"@type\":\"ImageObject\",\"inLanguage\":\"fr-FR\",\"@id\":\"https:\\\/\\\/macite.tg\\\/wp-content\\\/uploads\\\/2023\\\/09\\\/WhatsApp-Image-2023-09-19-at-14.44.41-122x122.jpeg\",\"url\":\"https:\\\/\\\/macite.tg\\\/wp-content\\\/uploads\\\/2023\\\/09\\\/WhatsApp-Image-2023-09-19-at-14.44.41-122x122.jpeg\",\"contentUrl\":\"https:\\\/\\\/macite.tg\\\/wp-content\\\/uploads\\\/2023\\\/09\\\/WhatsApp-Image-2023-09-19-at-14.44.41-122x122.jpeg\",\"caption\":\"Jean Pierre BAWELA\"},\"url\":\"https:\\\/\\\/macite.tg\\\/?author=2\"}]}<\/script>\n<!-- \/ Yoast SEO plugin. -->","yoast_head_json":{"title":"TURQUIE\u00a0: Faure Gnassingb\u00e9 t\u00e9moin de l\u2019investiture de Recep Tayyip Erdo\u011fan pour son 3\u00e8 mandat -","robots":{"index":"index","follow":"follow","max-snippet":"max-snippet:-1","max-image-preview":"max-image-preview:large","max-video-preview":"max-video-preview:-1"},"canonical":"https:\/\/macite.tg\/?p=6056","og_locale":"fr_FR","og_type":"article","og_title":"TURQUIE\u00a0: Faure Gnassingb\u00e9 t\u00e9moin de l\u2019investiture de Recep Tayyip Erdo\u011fan pour son 3\u00e8 mandat -","og_description":"R\u00e9\u00e9lu le 28 mai, le pr\u00e9sident Recep Tayyip Erdo\u011fan a officiellement \u00e9t\u00e9 r\u00e9investi, samedi 03 juin dernier, \u00e0 la t\u00eate de la Turquie pour un troisi\u00e8me mandat de cinq ans. C\u2019\u00e9tait en pr\u00e9sence de plusieurs chefs d\u2019Etat et de gouvernement dont Faure Gnassingb\u00e9. Apr\u00e8s sa [&hellip;]","og_url":"https:\/\/macite.tg\/?p=6056","article_published_time":"2023-06-04T07:34:09+00:00","article_modified_time":"2023-06-04T07:35:56+00:00","og_image":[{"width":275,"height":183,"url":"https:\/\/macite.tg\/wp-content\/uploads\/2023\/06\/Sans-titre.jpg","type":"image\/jpeg"}],"author":"Jean Pierre BAWELA","twitter_card":"summary_large_image","twitter_misc":{"\u00c9crit par":"Jean Pierre BAWELA","Dur\u00e9e de lecture estim\u00e9e":"2 minutes"},"schema":{"@context":"https:\/\/schema.org","@graph":[{"@type":"Article","@id":"https:\/\/macite.tg\/?p=6056#article","isPartOf":{"@id":"https:\/\/macite.tg\/?p=6056"},"author":{"name":"Jean Pierre BAWELA","@id":"https:\/\/macite.tg\/#\/schema\/person\/e9f2de7e5dbbe7770a9402c7ce82f5c2"},"headline":"TURQUIE\u00a0: Faure Gnassingb\u00e9 t\u00e9moin de l\u2019investiture de Recep Tayyip Erdo\u011fan pour son 3\u00e8 mandat","datePublished":"2023-06-04T07:34:09+00:00","dateModified":"2023-06-04T07:35:56+00:00","mainEntityOfPage":{"@id":"https:\/\/macite.tg\/?p=6056"},"wordCount":361,"commentCount":0,"image":{"@id":"https:\/\/macite.tg\/?p=6056#primaryimage"},"thumbnailUrl":"https:\/\/macite.tg\/wp-content\/uploads\/2023\/06\/Sans-titre.jpg","articleSection":["ACTUALITE","DIPLOMATIE"],"inLanguage":"fr-FR","potentialAction":[{"@type":"CommentAction","name":"Comment","target":["https:\/\/macite.tg\/?p=6056#respond"]}]},{"@type":"WebPage","@id":"https:\/\/macite.tg\/?p=6056","url":"https:\/\/macite.tg\/?p=6056","name":"TURQUIE\u00a0: Faure Gnassingb\u00e9 t\u00e9moin de l\u2019investiture de Recep Tayyip Erdo\u011fan pour son 3\u00e8 mandat -","isPartOf":{"@id":"https:\/\/macite.tg\/#website"},"primaryImageOfPage":{"@id":"https:\/\/macite.tg\/?p=6056#primaryimage"},"image":{"@id":"https:\/\/macite.tg\/?p=6056#primaryimage"},"thumbnailUrl":"https:\/\/macite.tg\/wp-content\/uploads\/2023\/06\/Sans-titre.jpg","datePublished":"2023-06-04T07:34:09+00:00","dateModified":"2023-06-04T07:35:56+00:00","author":{"@id":"https:\/\/macite.tg\/#\/schema\/person\/e9f2de7e5dbbe7770a9402c7ce82f5c2"},"breadcrumb":{"@id":"https:\/\/macite.tg\/?p=6056#breadcrumb"},"inLanguage":"fr-FR","potentialAction":[{"@type":"ReadAction","target":["https:\/\/macite.tg\/?p=6056"]}]},{"@type":"ImageObject","inLanguage":"fr-FR","@id":"https:\/\/macite.tg\/?p=6056#primaryimage","url":"https:\/\/macite.tg\/wp-content\/uploads\/2023\/06\/Sans-titre.jpg","contentUrl":"https:\/\/macite.tg\/wp-content\/uploads\/2023\/06\/Sans-titre.jpg","width":275,"height":183},{"@type":"BreadcrumbList","@id":"https:\/\/macite.tg\/?p=6056#breadcrumb","itemListElement":[{"@type":"ListItem","position":1,"name":"Accueil","item":"https:\/\/macite.tg\/"},{"@type":"ListItem","position":2,"name":"TURQUIE\u00a0: Faure Gnassingb\u00e9 t\u00e9moin de l\u2019investiture de Recep Tayyip Erdo\u011fan pour son 3\u00e8 mandat"}]},{"@type":"WebSite","@id":"https:\/\/macite.tg\/#website","url":"https:\/\/macite.tg\/","name":"","description":"L&#039;information, la bonne!!!","potentialAction":[{"@type":"SearchAction","target":{"@type":"EntryPoint","urlTemplate":"https:\/\/macite.tg\/?s={search_term_string}"},"query-input":{"@type":"PropertyValueSpecification","valueRequired":true,"valueName":"search_term_string"}}],"inLanguage":"fr-FR"},{"@type":"Person","@id":"https:\/\/macite.tg\/#\/schema\/person\/e9f2de7e5dbbe7770a9402c7ce82f5c2","name":"Jean Pierre BAWELA","image":{"@type":"ImageObject","inLanguage":"fr-FR","@id":"https:\/\/macite.tg\/wp-content\/uploads\/2023\/09\/WhatsApp-Image-2023-09-19-at-14.44.41-122x122.jpeg","url":"https:\/\/macite.tg\/wp-content\/uploads\/2023\/09\/WhatsApp-Image-2023-09-19-at-14.44.41-122x122.jpeg","contentUrl":"https:\/\/macite.tg\/wp-content\/uploads\/2023\/09\/WhatsApp-Image-2023-09-19-at-14.44.41-122x122.jpeg","caption":"Jean Pierre BAWELA"},"url":"https:\/\/macite.tg\/?author=2"}]}},"_links":{"self":[{"href":"https:\/\/macite.tg\/index.php?rest_route=\/wp\/v2\/posts\/6056","targetHints":{"allow":["GET"]}}],"collection":[{"href":"https:\/\/macite.tg\/index.php?rest_route=\/wp\/v2\/posts"}],"about":[{"href":"https:\/\/macite.tg\/index.php?rest_route=\/wp\/v2\/types\/post"}],"author":[{"embeddable":true,"href":"https:\/\/macite.tg\/index.php?rest_route=\/wp\/v2\/users\/2"}],"replies":[{"embeddable":true,"href":"https:\/\/macite.tg\/index.php?rest_route=%2Fwp%2Fv2%2Fcomments&post=6056"}],"version-history":[{"count":0,"href":"https:\/\/macite.tg\/index.php?rest_route=\/wp\/v2\/posts\/6056\/revisions"}],"wp:featuredmedia":[{"embeddable":true,"href":"https:\/\/macite.tg\/index.php?rest_route=\/wp\/v2\/media\/6058"}],"wp:attachment":[{"href":"https:\/\/macite.tg\/index.php?rest_route=%2Fwp%2Fv2%2Fmedia&parent=6056"}],"wp:term":[{"taxonomy":"category","embeddable":true,"href":"https:\/\/macite.tg\/index.php?rest_route=%2Fwp%2Fv2%2Fcategories&post=6056"},{"taxonomy":"post_tag","embeddable":true,"href":"https:\/\/macite.tg\/index.php?rest_route=%2Fwp%2Fv2%2Ftags&post=6056"}],"curies":[{"name":"wp","href":"https:\/\/api.w.org\/{rel}","templated":true}]}}