{"id":6042,"date":"2023-06-02T14:24:30","date_gmt":"2023-06-02T14:24:30","guid":{"rendered":"https:\/\/macite.tg\/?p=6042"},"modified":"2023-06-02T14:24:44","modified_gmt":"2023-06-02T14:24:44","slug":"secteur-agricole-le-dg-du-groupe-ocp-mostafa-terrab-recu-par-le-president-faure-gnassingbe","status":"publish","type":"post","link":"https:\/\/macite.tg\/?p=6042","title":{"rendered":"SECTEUR AGRICOLE\u00a0: Le DG du Groupe OCP, Mostafa Terrab, re\u00e7u par le Pr\u00e9sident Faure Gnassingb\u00e9"},"content":{"rendered":"\n<p class=\"wp-block-paragraph\"><strong><em>Pr\u00e9sent \u00e0 Lom\u00e9 dans le cadre de la tenue de la table ronde sur les engrais et la sant\u00e9 des sols en Afrique de l\u2019Ouest et au Sahel, le Directeur g\u00e9n\u00e9ral de l\u2019Office Ch\u00e9rifien des Phosphates (OCP), Mostafa Terrab, a \u00e9t\u00e9 re\u00e7u, le 31 mai dernier, par le Chef de l\u2019Etat togolais, Faure Gnassingb\u00e9.<\/em><\/strong><\/p>\n\n\n\n<p class=\"wp-block-paragraph\">Le Pr\u00e9sident de la R\u00e9publique, Faure Gnassingb\u00e9, a \u00e9chang\u00e9 avec le DG du Groupe OCP, Mostafa Terrab.<\/p>\n\n\n\n<p class=\"wp-block-paragraph\">Ceci intervient au lendemain de l\u2019accord nou\u00e9 entre le Togo et le Groupe marocain sp\u00e9cialis\u00e9 dans l\u2019am\u00e9lioration du potentiel de la cha\u00eene de valeur des phosphates, en adoptant une approche innovante et int\u00e9gr\u00e9e tout au long des op\u00e9rations industrielles.<\/p>\n\n\n<div class=\"wp-block-image\">\n<figure class=\"aligncenter size-large is-resized\"><img loading=\"lazy\" decoding=\"async\" src=\"https:\/\/macite.tg\/wp-content\/uploads\/2023\/06\/Panneau-2-12m2-1024x768.jpg\" alt=\"\" class=\"wp-image-6024\" width=\"682\" height=\"512\" srcset=\"https:\/\/macite.tg\/wp-content\/uploads\/2023\/06\/Panneau-2-12m2-1024x768.jpg 1024w, https:\/\/macite.tg\/wp-content\/uploads\/2023\/06\/Panneau-2-12m2-300x225.jpg 300w, https:\/\/macite.tg\/wp-content\/uploads\/2023\/06\/Panneau-2-12m2-768x576.jpg 768w, https:\/\/macite.tg\/wp-content\/uploads\/2023\/06\/Panneau-2-12m2-1536x1152.jpg 1536w, https:\/\/macite.tg\/wp-content\/uploads\/2023\/06\/Panneau-2-12m2-2048x1536.jpg 2048w\" sizes=\"auto, (max-width: 682px) 100vw, 682px\" \/><\/figure>\n<\/div>\n\n\n<p class=\"wp-block-paragraph\">Les \u00e9changes ont port\u00e9 sur la contribution de ce Groupe au secteur agricole togolais, et notamment au renforcement de la m\u00e9canisation et la production des fertilisants \u00e0 partir des phosphates togolais. Il est d\u2019ailleurs pr\u00e9vu l\u2019implantation localement d\u2019une usine d\u2019engrais phosphat\u00e9s.<\/p>\n\n\n\n<p class=\"wp-block-paragraph\">Notons que le Groupe OCP a une expertise en mati\u00e8re d\u2019extraction mini\u00e8re, de production d\u2019engrais, de recherche et d\u2019innovation. Un partenaire s\u00e9rieux quand dans un partenariat sud-sud qui devrait \u00eatre profitable au continent.<\/p>\n\n\n\n<p class=\"wp-block-paragraph\"><strong>La R\u00e9daction<\/strong><\/p>\n\n\n\n<p class=\"wp-block-paragraph\"><strong><em>@macite.tg<\/em><\/strong><\/p>\n\n\n\n<p class=\"wp-block-paragraph\"><strong><em>E-mail&nbsp;: <\/em><\/strong><a href=\"mailto:maciteinfo@gmail.com\"><strong><em>maciteinfo@gmail.com<\/em><\/strong><\/a><strong><em>; <\/em><\/strong><a href=\"mailto:bawela1@gmail.com\"><strong><em>bawela1@gmail.com<\/em><\/strong><\/a><strong><em><\/em><\/strong><\/p>\n\n\n\n<p class=\"wp-block-paragraph\"><strong><em>Pour vos annonces, (publi)reportages, etc., joignez nous au (00228)91515309\/<strong>79872224 <\/strong>www.macite.tg, L\u2019information, la bonne&nbsp;!<\/em><\/strong><\/p>\n","protected":false},"excerpt":{"rendered":"<p class=\"text-justify mb-2\" >Pr\u00e9sent \u00e0 Lom\u00e9 dans le cadre de la tenue de la table ronde sur les engrais et la sant\u00e9 des sols en Afrique de l\u2019Ouest et au Sahel, le Directeur g\u00e9n\u00e9ral de l\u2019Office Ch\u00e9rifien des Phosphates (OCP), Mostafa Terrab, a \u00e9t\u00e9 re\u00e7u, le 31 mai [&hellip;]<\/p>\n","protected":false},"author":2,"featured_media":6046,"comment_status":"open","ping_status":"open","sticky":false,"template":"","format":"standard","meta":{"footnotes":""},"categories":[20],"tags":[],"class_list":["post-6042","post","type-post","status-publish","format-standard","has-post-thumbnail","hentry","category-actualite"],"yoast_head":"<!-- This site is optimized with the Yoast SEO plugin v28.4 - https:\/\/yoast.com\/product\/yoast-seo-wordpress\/ -->\n<title>SECTEUR AGRICOLE\u00a0: Le DG du Groupe OCP, Mostafa Terrab, re\u00e7u par le Pr\u00e9sident Faure Gnassingb\u00e9 -<\/title>\n<meta name=\"robots\" content=\"index, follow, max-snippet:-1, max-image-preview:large, max-video-preview:-1\" \/>\n<link rel=\"canonical\" href=\"https:\/\/macite.tg\/?p=6042\" \/>\n<meta property=\"og:locale\" content=\"fr_FR\" \/>\n<meta property=\"og:type\" content=\"article\" \/>\n<meta property=\"og:title\" content=\"SECTEUR AGRICOLE\u00a0: Le DG du Groupe OCP, Mostafa Terrab, re\u00e7u par le Pr\u00e9sident Faure Gnassingb\u00e9 -\" \/>\n<meta property=\"og:description\" content=\"Pr\u00e9sent \u00e0 Lom\u00e9 dans le cadre de la tenue de la table ronde sur les engrais et la sant\u00e9 des sols en Afrique de l\u2019Ouest et au Sahel, le Directeur g\u00e9n\u00e9ral de l\u2019Office Ch\u00e9rifien des Phosphates (OCP), Mostafa Terrab, a \u00e9t\u00e9 re\u00e7u, le 31 mai [&hellip;]\" \/>\n<meta property=\"og:url\" content=\"https:\/\/macite.tg\/?p=6042\" \/>\n<meta property=\"article:published_time\" content=\"2023-06-02T14:24:30+00:00\" \/>\n<meta property=\"article:modified_time\" content=\"2023-06-02T14:24:44+00:00\" \/>\n<meta property=\"og:image\" content=\"https:\/\/macite.tg\/wp-content\/uploads\/2023\/06\/Agriculture-le-chef-de-lEtat-a-echange-avec-Mostafa-Terrab.jpg\" \/>\n\t<meta property=\"og:image:width\" content=\"800\" \/>\n\t<meta property=\"og:image:height\" content=\"565\" \/>\n\t<meta property=\"og:image:type\" content=\"image\/jpeg\" \/>\n<meta name=\"author\" content=\"Jean Pierre BAWELA\" \/>\n<meta name=\"twitter:card\" content=\"summary_large_image\" \/>\n<meta name=\"twitter:label1\" content=\"\u00c9crit par\" \/>\n\t<meta name=\"twitter:data1\" content=\"Jean Pierre BAWELA\" \/>\n\t<meta name=\"twitter:label2\" content=\"Dur\u00e9e de lecture estim\u00e9e\" \/>\n\t<meta name=\"twitter:data2\" content=\"1 minute\" \/>\n<script type=\"application\/ld+json\" class=\"yoast-schema-graph\">{\"@context\":\"https:\\\/\\\/schema.org\",\"@graph\":[{\"@type\":\"Article\",\"@id\":\"https:\\\/\\\/macite.tg\\\/?p=6042#article\",\"isPartOf\":{\"@id\":\"https:\\\/\\\/macite.tg\\\/?p=6042\"},\"author\":{\"name\":\"Jean Pierre BAWELA\",\"@id\":\"https:\\\/\\\/macite.tg\\\/#\\\/schema\\\/person\\\/e9f2de7e5dbbe7770a9402c7ce82f5c2\"},\"headline\":\"SECTEUR AGRICOLE\u00a0: Le DG du Groupe OCP, Mostafa Terrab, re\u00e7u par le Pr\u00e9sident Faure Gnassingb\u00e9\",\"datePublished\":\"2023-06-02T14:24:30+00:00\",\"dateModified\":\"2023-06-02T14:24:44+00:00\",\"mainEntityOfPage\":{\"@id\":\"https:\\\/\\\/macite.tg\\\/?p=6042\"},\"wordCount\":259,\"commentCount\":0,\"image\":{\"@id\":\"https:\\\/\\\/macite.tg\\\/?p=6042#primaryimage\"},\"thumbnailUrl\":\"https:\\\/\\\/macite.tg\\\/wp-content\\\/uploads\\\/2023\\\/06\\\/Agriculture-le-chef-de-lEtat-a-echange-avec-Mostafa-Terrab.jpg\",\"articleSection\":[\"ACTUALITE\"],\"inLanguage\":\"fr-FR\",\"potentialAction\":[{\"@type\":\"CommentAction\",\"name\":\"Comment\",\"target\":[\"https:\\\/\\\/macite.tg\\\/?p=6042#respond\"]}]},{\"@type\":\"WebPage\",\"@id\":\"https:\\\/\\\/macite.tg\\\/?p=6042\",\"url\":\"https:\\\/\\\/macite.tg\\\/?p=6042\",\"name\":\"SECTEUR AGRICOLE\u00a0: Le DG du Groupe OCP, Mostafa Terrab, re\u00e7u par le Pr\u00e9sident Faure Gnassingb\u00e9 -\",\"isPartOf\":{\"@id\":\"https:\\\/\\\/macite.tg\\\/#website\"},\"primaryImageOfPage\":{\"@id\":\"https:\\\/\\\/macite.tg\\\/?p=6042#primaryimage\"},\"image\":{\"@id\":\"https:\\\/\\\/macite.tg\\\/?p=6042#primaryimage\"},\"thumbnailUrl\":\"https:\\\/\\\/macite.tg\\\/wp-content\\\/uploads\\\/2023\\\/06\\\/Agriculture-le-chef-de-lEtat-a-echange-avec-Mostafa-Terrab.jpg\",\"datePublished\":\"2023-06-02T14:24:30+00:00\",\"dateModified\":\"2023-06-02T14:24:44+00:00\",\"author\":{\"@id\":\"https:\\\/\\\/macite.tg\\\/#\\\/schema\\\/person\\\/e9f2de7e5dbbe7770a9402c7ce82f5c2\"},\"breadcrumb\":{\"@id\":\"https:\\\/\\\/macite.tg\\\/?p=6042#breadcrumb\"},\"inLanguage\":\"fr-FR\",\"potentialAction\":[{\"@type\":\"ReadAction\",\"target\":[\"https:\\\/\\\/macite.tg\\\/?p=6042\"]}]},{\"@type\":\"ImageObject\",\"inLanguage\":\"fr-FR\",\"@id\":\"https:\\\/\\\/macite.tg\\\/?p=6042#primaryimage\",\"url\":\"https:\\\/\\\/macite.tg\\\/wp-content\\\/uploads\\\/2023\\\/06\\\/Agriculture-le-chef-de-lEtat-a-echange-avec-Mostafa-Terrab.jpg\",\"contentUrl\":\"https:\\\/\\\/macite.tg\\\/wp-content\\\/uploads\\\/2023\\\/06\\\/Agriculture-le-chef-de-lEtat-a-echange-avec-Mostafa-Terrab.jpg\",\"width\":800,\"height\":565},{\"@type\":\"BreadcrumbList\",\"@id\":\"https:\\\/\\\/macite.tg\\\/?p=6042#breadcrumb\",\"itemListElement\":[{\"@type\":\"ListItem\",\"position\":1,\"name\":\"Accueil\",\"item\":\"https:\\\/\\\/macite.tg\\\/\"},{\"@type\":\"ListItem\",\"position\":2,\"name\":\"SECTEUR AGRICOLE\u00a0: Le DG du Groupe OCP, Mostafa Terrab, re\u00e7u par le Pr\u00e9sident Faure Gnassingb\u00e9\"}]},{\"@type\":\"WebSite\",\"@id\":\"https:\\\/\\\/macite.tg\\\/#website\",\"url\":\"https:\\\/\\\/macite.tg\\\/\",\"name\":\"\",\"description\":\"L&#039;information, la bonne!!!\",\"potentialAction\":[{\"@type\":\"SearchAction\",\"target\":{\"@type\":\"EntryPoint\",\"urlTemplate\":\"https:\\\/\\\/macite.tg\\\/?s={search_term_string}\"},\"query-input\":{\"@type\":\"PropertyValueSpecification\",\"valueRequired\":true,\"valueName\":\"search_term_string\"}}],\"inLanguage\":\"fr-FR\"},{\"@type\":\"Person\",\"@id\":\"https:\\\/\\\/macite.tg\\\/#\\\/schema\\\/person\\\/e9f2de7e5dbbe7770a9402c7ce82f5c2\",\"name\":\"Jean Pierre BAWELA\",\"image\":{\"@type\":\"ImageObject\",\"inLanguage\":\"fr-FR\",\"@id\":\"https:\\\/\\\/macite.tg\\\/wp-content\\\/uploads\\\/2023\\\/09\\\/WhatsApp-Image-2023-09-19-at-14.44.41-122x122.jpeg\",\"url\":\"https:\\\/\\\/macite.tg\\\/wp-content\\\/uploads\\\/2023\\\/09\\\/WhatsApp-Image-2023-09-19-at-14.44.41-122x122.jpeg\",\"contentUrl\":\"https:\\\/\\\/macite.tg\\\/wp-content\\\/uploads\\\/2023\\\/09\\\/WhatsApp-Image-2023-09-19-at-14.44.41-122x122.jpeg\",\"caption\":\"Jean Pierre BAWELA\"},\"url\":\"https:\\\/\\\/macite.tg\\\/?author=2\"}]}<\/script>\n<!-- \/ Yoast SEO plugin. -->","yoast_head_json":{"title":"SECTEUR AGRICOLE\u00a0: Le DG du Groupe OCP, Mostafa Terrab, re\u00e7u par le Pr\u00e9sident Faure Gnassingb\u00e9 -","robots":{"index":"index","follow":"follow","max-snippet":"max-snippet:-1","max-image-preview":"max-image-preview:large","max-video-preview":"max-video-preview:-1"},"canonical":"https:\/\/macite.tg\/?p=6042","og_locale":"fr_FR","og_type":"article","og_title":"SECTEUR AGRICOLE\u00a0: Le DG du Groupe OCP, Mostafa Terrab, re\u00e7u par le Pr\u00e9sident Faure Gnassingb\u00e9 -","og_description":"Pr\u00e9sent \u00e0 Lom\u00e9 dans le cadre de la tenue de la table ronde sur les engrais et la sant\u00e9 des sols en Afrique de l\u2019Ouest et au Sahel, le Directeur g\u00e9n\u00e9ral de l\u2019Office Ch\u00e9rifien des Phosphates (OCP), Mostafa Terrab, a \u00e9t\u00e9 re\u00e7u, le 31 mai [&hellip;]","og_url":"https:\/\/macite.tg\/?p=6042","article_published_time":"2023-06-02T14:24:30+00:00","article_modified_time":"2023-06-02T14:24:44+00:00","og_image":[{"width":800,"height":565,"url":"https:\/\/macite.tg\/wp-content\/uploads\/2023\/06\/Agriculture-le-chef-de-lEtat-a-echange-avec-Mostafa-Terrab.jpg","type":"image\/jpeg"}],"author":"Jean Pierre BAWELA","twitter_card":"summary_large_image","twitter_misc":{"\u00c9crit par":"Jean Pierre BAWELA","Dur\u00e9e de lecture estim\u00e9e":"1 minute"},"schema":{"@context":"https:\/\/schema.org","@graph":[{"@type":"Article","@id":"https:\/\/macite.tg\/?p=6042#article","isPartOf":{"@id":"https:\/\/macite.tg\/?p=6042"},"author":{"name":"Jean Pierre BAWELA","@id":"https:\/\/macite.tg\/#\/schema\/person\/e9f2de7e5dbbe7770a9402c7ce82f5c2"},"headline":"SECTEUR AGRICOLE\u00a0: Le DG du Groupe OCP, Mostafa Terrab, re\u00e7u par le Pr\u00e9sident Faure Gnassingb\u00e9","datePublished":"2023-06-02T14:24:30+00:00","dateModified":"2023-06-02T14:24:44+00:00","mainEntityOfPage":{"@id":"https:\/\/macite.tg\/?p=6042"},"wordCount":259,"commentCount":0,"image":{"@id":"https:\/\/macite.tg\/?p=6042#primaryimage"},"thumbnailUrl":"https:\/\/macite.tg\/wp-content\/uploads\/2023\/06\/Agriculture-le-chef-de-lEtat-a-echange-avec-Mostafa-Terrab.jpg","articleSection":["ACTUALITE"],"inLanguage":"fr-FR","potentialAction":[{"@type":"CommentAction","name":"Comment","target":["https:\/\/macite.tg\/?p=6042#respond"]}]},{"@type":"WebPage","@id":"https:\/\/macite.tg\/?p=6042","url":"https:\/\/macite.tg\/?p=6042","name":"SECTEUR AGRICOLE\u00a0: Le DG du Groupe OCP, Mostafa Terrab, re\u00e7u par le Pr\u00e9sident Faure Gnassingb\u00e9 -","isPartOf":{"@id":"https:\/\/macite.tg\/#website"},"primaryImageOfPage":{"@id":"https:\/\/macite.tg\/?p=6042#primaryimage"},"image":{"@id":"https:\/\/macite.tg\/?p=6042#primaryimage"},"thumbnailUrl":"https:\/\/macite.tg\/wp-content\/uploads\/2023\/06\/Agriculture-le-chef-de-lEtat-a-echange-avec-Mostafa-Terrab.jpg","datePublished":"2023-06-02T14:24:30+00:00","dateModified":"2023-06-02T14:24:44+00:00","author":{"@id":"https:\/\/macite.tg\/#\/schema\/person\/e9f2de7e5dbbe7770a9402c7ce82f5c2"},"breadcrumb":{"@id":"https:\/\/macite.tg\/?p=6042#breadcrumb"},"inLanguage":"fr-FR","potentialAction":[{"@type":"ReadAction","target":["https:\/\/macite.tg\/?p=6042"]}]},{"@type":"ImageObject","inLanguage":"fr-FR","@id":"https:\/\/macite.tg\/?p=6042#primaryimage","url":"https:\/\/macite.tg\/wp-content\/uploads\/2023\/06\/Agriculture-le-chef-de-lEtat-a-echange-avec-Mostafa-Terrab.jpg","contentUrl":"https:\/\/macite.tg\/wp-content\/uploads\/2023\/06\/Agriculture-le-chef-de-lEtat-a-echange-avec-Mostafa-Terrab.jpg","width":800,"height":565},{"@type":"BreadcrumbList","@id":"https:\/\/macite.tg\/?p=6042#breadcrumb","itemListElement":[{"@type":"ListItem","position":1,"name":"Accueil","item":"https:\/\/macite.tg\/"},{"@type":"ListItem","position":2,"name":"SECTEUR AGRICOLE\u00a0: Le DG du Groupe OCP, Mostafa Terrab, re\u00e7u par le Pr\u00e9sident Faure Gnassingb\u00e9"}]},{"@type":"WebSite","@id":"https:\/\/macite.tg\/#website","url":"https:\/\/macite.tg\/","name":"","description":"L&#039;information, la bonne!!!","potentialAction":[{"@type":"SearchAction","target":{"@type":"EntryPoint","urlTemplate":"https:\/\/macite.tg\/?s={search_term_string}"},"query-input":{"@type":"PropertyValueSpecification","valueRequired":true,"valueName":"search_term_string"}}],"inLanguage":"fr-FR"},{"@type":"Person","@id":"https:\/\/macite.tg\/#\/schema\/person\/e9f2de7e5dbbe7770a9402c7ce82f5c2","name":"Jean Pierre BAWELA","image":{"@type":"ImageObject","inLanguage":"fr-FR","@id":"https:\/\/macite.tg\/wp-content\/uploads\/2023\/09\/WhatsApp-Image-2023-09-19-at-14.44.41-122x122.jpeg","url":"https:\/\/macite.tg\/wp-content\/uploads\/2023\/09\/WhatsApp-Image-2023-09-19-at-14.44.41-122x122.jpeg","contentUrl":"https:\/\/macite.tg\/wp-content\/uploads\/2023\/09\/WhatsApp-Image-2023-09-19-at-14.44.41-122x122.jpeg","caption":"Jean Pierre BAWELA"},"url":"https:\/\/macite.tg\/?author=2"}]}},"_links":{"self":[{"href":"https:\/\/macite.tg\/index.php?rest_route=\/wp\/v2\/posts\/6042","targetHints":{"allow":["GET"]}}],"collection":[{"href":"https:\/\/macite.tg\/index.php?rest_route=\/wp\/v2\/posts"}],"about":[{"href":"https:\/\/macite.tg\/index.php?rest_route=\/wp\/v2\/types\/post"}],"author":[{"embeddable":true,"href":"https:\/\/macite.tg\/index.php?rest_route=\/wp\/v2\/users\/2"}],"replies":[{"embeddable":true,"href":"https:\/\/macite.tg\/index.php?rest_route=%2Fwp%2Fv2%2Fcomments&post=6042"}],"version-history":[{"count":0,"href":"https:\/\/macite.tg\/index.php?rest_route=\/wp\/v2\/posts\/6042\/revisions"}],"wp:featuredmedia":[{"embeddable":true,"href":"https:\/\/macite.tg\/index.php?rest_route=\/wp\/v2\/media\/6046"}],"wp:attachment":[{"href":"https:\/\/macite.tg\/index.php?rest_route=%2Fwp%2Fv2%2Fmedia&parent=6042"}],"wp:term":[{"taxonomy":"category","embeddable":true,"href":"https:\/\/macite.tg\/index.php?rest_route=%2Fwp%2Fv2%2Fcategories&post=6042"},{"taxonomy":"post_tag","embeddable":true,"href":"https:\/\/macite.tg\/index.php?rest_route=%2Fwp%2Fv2%2Ftags&post=6042"}],"curies":[{"name":"wp","href":"https:\/\/api.w.org\/{rel}","templated":true}]}}