{"id":6035,"date":"2023-06-02T13:11:30","date_gmt":"2023-06-02T13:11:30","guid":{"rendered":"https:\/\/macite.tg\/?p=6035"},"modified":"2023-06-02T13:11:32","modified_gmt":"2023-06-02T13:11:32","slug":"sante-publique-comment-la-cigarette-contribue-a-affamer-lafrique","status":"publish","type":"post","link":"https:\/\/macite.tg\/?p=6035","title":{"rendered":"SANT\u00c9 PUBLIQUE\u00a0: Comment la cigarette contribue \u00e0 affamer l\u2019Afrique"},"content":{"rendered":"\n<p class=\"wp-block-paragraph\"><strong><em>L\u2019OMS affirme que l\u2019augmentation des zones de culture du tabac nuit \u00e0 la s\u00e9curit\u00e9 alimentaire et nutritionnelle sur le continent africain.<\/em><\/strong><\/p>\n\n\n\n<p class=\"wp-block-paragraph\">L\u2019Organisation mondiale de la Sant\u00e9 (OMS) aurait-elle enfin trouv\u00e9 l\u2019argument in\u00e9dit pour ses campagnes anti-tabac qui s\u2019essoufflent autant qu\u2019un fumeur inv\u00e9t\u00e9r\u00e9 ? Les dangers sanitaires de la cigarette peinent \u00e0 convaincre les consommateurs sujets \u00e0 l\u2019addiction. Les photos morbides ne choquent gu\u00e8re les blas\u00e9s des r\u00e9seaux sociaux <em>\u00ab&nbsp;trash&nbsp;\u00bb.<\/em><\/p>\n\n\n\n<p class=\"wp-block-paragraph\">Quant \u00e0 la dissuasion par l\u2019augmentation du prix, elle touche moins le continent africain, objet d\u2019un marketing particuli\u00e8rement agressif de l\u2019industrie du tabac et d\u2019un environnement r\u00e9glementaire plut\u00f4t laxiste.<\/p>\n\n\n<div class=\"wp-block-image\">\n<figure class=\"aligncenter size-large is-resized\"><img loading=\"lazy\" decoding=\"async\" src=\"https:\/\/macite.tg\/wp-content\/uploads\/2023\/06\/Panneau-1-12m2-bis-1024x768.jpg\" alt=\"\" class=\"wp-image-6022\" width=\"642\" height=\"482\" srcset=\"https:\/\/macite.tg\/wp-content\/uploads\/2023\/06\/Panneau-1-12m2-bis-1024x768.jpg 1024w, https:\/\/macite.tg\/wp-content\/uploads\/2023\/06\/Panneau-1-12m2-bis-300x225.jpg 300w, https:\/\/macite.tg\/wp-content\/uploads\/2023\/06\/Panneau-1-12m2-bis-768x576.jpg 768w, https:\/\/macite.tg\/wp-content\/uploads\/2023\/06\/Panneau-1-12m2-bis-1536x1152.jpg 1536w, https:\/\/macite.tg\/wp-content\/uploads\/2023\/06\/Panneau-1-12m2-bis-2048x1536.jpg 2048w\" sizes=\"auto, (max-width: 642px) 100vw, 642px\" \/><\/figure>\n<\/div>\n\n\n<p class=\"wp-block-paragraph\">Le nombre de consommateurs de tabac dans la r\u00e9gion africaine de l\u2019OMS est pass\u00e9 d\u2019environ 64 millions d\u2019adultes en 2000 \u00e0 73 millions en 2018, tandis que les fumeurs sont de moins en moins nombreux \u00e0 l\u2019\u00e9chelle de la plan\u00e8te.<\/p>\n\n\n\n<h3 class=\"wp-block-heading\"><i class=\"fas fa-pencil-alt\"> <\/i><span>S\u00e9curit\u00e9 alimentaire et \u00e9cosyst\u00e8mes fragilis\u00e9s<\/h3>\n\n\n\n<p class=\"wp-block-paragraph\">Dans un communiqu\u00e9 dat\u00e9 du 31 mai \u2013 journ\u00e9e mondiale sans tabac \u2013, l\u2019Organisation onusienne s\u2019adresse moins au portefeuille ou aux poumonx qu\u2019\u00e0 l\u2019estomac. La directrice r\u00e9gionale de l\u2019OMS pour l\u2019Afrique, la docteure Matshidiso Moeti, affirme que l\u2019abandon du tabac au profit de cultures vivri\u00e8res nutritives pourrait permettre \u00ab de nourrir des millions de familles et d\u2019am\u00e9liorer les moyens de subsistance des communaut\u00e9s agricoles du continent \u00bb.<\/p>\n\n\n\n<p class=\"wp-block-paragraph\">Selon les statistiques de l\u2019OMS, la superficie consacr\u00e9e \u00e0 la culture du tabac a augment\u00e9 de 3,4 % en Afrique, entre 2012 et 2018, tandis qu\u2019elle a diminu\u00e9 de 15,7 % au niveau mondial. Au cours de cette p\u00e9riode, la production de feuilles de tabac a diminu\u00e9 de 13,9 % au niveau mondial, alors qu\u2019elle a augment\u00e9 de 10,6% en Afrique.<\/p>\n\n\n\n<p class=\"wp-block-paragraph\">Non seulement les plans de tabac prennent la place des c\u00e9r\u00e9ales ou des l\u00e9gumes, mais ils fragilisent les \u00e9cosyst\u00e8mes, \u00e9puisent la fertilit\u00e9 des sols, contaminent les masses d\u2019eau et polluent l\u2019environnement. In fine, la production de tabac exacerbe la ins\u00e9curit\u00e9 alimentaire et nutritionnelle, dont souffrent 57,9% des Africains, \u00e0 des niveaux mod\u00e9r\u00e9s \u00e0 graves.<\/p>\n\n\n\n<figure class=\"wp-block-image size-large\"><img loading=\"lazy\" decoding=\"async\" width=\"1024\" height=\"212\" src=\"https:\/\/macite.tg\/wp-content\/uploads\/2023\/06\/IMG-20230514-WA00962-1024x212.jpg\" alt=\"\" class=\"wp-image-5991\" srcset=\"https:\/\/macite.tg\/wp-content\/uploads\/2023\/06\/IMG-20230514-WA00962-1024x212.jpg 1024w, https:\/\/macite.tg\/wp-content\/uploads\/2023\/06\/IMG-20230514-WA00962-300x62.jpg 300w, https:\/\/macite.tg\/wp-content\/uploads\/2023\/06\/IMG-20230514-WA00962-768x159.jpg 768w, https:\/\/macite.tg\/wp-content\/uploads\/2023\/06\/IMG-20230514-WA00962-1536x318.jpg 1536w, https:\/\/macite.tg\/wp-content\/uploads\/2023\/06\/IMG-20230514-WA00962.jpg 1600w\" sizes=\"auto, (max-width: 1024px) 100vw, 1024px\" \/><\/figure>\n\n\n\n<h3 class=\"wp-block-heading\"><i class=\"fas fa-pencil-alt\"> <\/i><span>Se tourner vers les cultures vivri\u00e8res<\/h3>\n\n\n\n<p class=\"wp-block-paragraph\">Deux cent soixante-dix-huit millions de personnes sont formellement confront\u00e9s \u00e0 la faim en Afrique. Or l\u2019intensification des conflits, des extr\u00eames climatiques et des chocs \u00e9conomiques contribuent, ces derniers mois, \u00e0 une tendance f\u00e2cheuse, en mati\u00e8re d\u2019acc\u00e8s \u00e0 l\u2019alimentation.<\/p>\n\n\n\n<p class=\"wp-block-paragraph\">En parall\u00e8le des campagnes anti-cigarette grand public, l\u2019OMS tente donc d\u2019aider les cultivateurs de tabac \u00e0 se tourner vers des cultures vivri\u00e8res. Ces deux derni\u00e8res ann\u00e9es, des exp\u00e9riences ont \u00e9t\u00e9 men\u00e9es au Kenya, en Ouganda ou encore en Zambie. Les Nations unies invitent les gouvernements \u00e0 mettre fin aux subventions fournies \u00e0 la culture du tabac et \u00e0 investir ces sommes dans les programmes de conversion agricole. Reste \u00e0 savoir si le lobbying industriel saura contrecarrer cette \u00e9volution\u2026<\/p>\n\n\n\n<p class=\"wp-block-paragraph\"><strong>SanteMag<\/strong><\/p>\n\n\n\n<p class=\"wp-block-paragraph\"><strong><em>@macite.tg<\/em><\/strong><\/p>\n\n\n\n<p class=\"wp-block-paragraph\"><strong><em>E-mail&nbsp;: <\/em><\/strong><a href=\"mailto:maciteinfo@gmail.com\"><strong><em>maciteinfo@gmail.com<\/em><\/strong><\/a><strong><em>; <\/em><\/strong><a href=\"mailto:bawela1@gmail.com\"><strong><em>bawela1@gmail.com<\/em><\/strong><\/a><strong><em><\/em><\/strong><\/p>\n\n\n\n<p class=\"wp-block-paragraph\"><strong><em>Pour vos annonces, (publi)reportages, etc., joignez nous au (00228)91515309\/<strong>79872224 <\/strong>www.macite.tg, L\u2019information, la bonne&nbsp;!<\/em><\/strong><\/p>\n","protected":false},"excerpt":{"rendered":"<p class=\"text-justify mb-2\" >L\u2019OMS affirme que l\u2019augmentation des zones de culture du tabac nuit \u00e0 la s\u00e9curit\u00e9 alimentaire et nutritionnelle sur le continent africain. L\u2019Organisation mondiale de la Sant\u00e9 (OMS) aurait-elle enfin trouv\u00e9 l\u2019argument in\u00e9dit pour ses campagnes anti-tabac qui s\u2019essoufflent autant qu\u2019un fumeur inv\u00e9t\u00e9r\u00e9 ? Les dangers [&hellip;]<\/p>\n","protected":false},"author":2,"featured_media":6036,"comment_status":"open","ping_status":"open","sticky":false,"template":"","format":"standard","meta":{"footnotes":""},"categories":[20],"tags":[],"class_list":["post-6035","post","type-post","status-publish","format-standard","has-post-thumbnail","hentry","category-actualite"],"yoast_head":"<!-- This site is optimized with the Yoast SEO plugin v28.4 - https:\/\/yoast.com\/product\/yoast-seo-wordpress\/ -->\n<title>SANT\u00c9 PUBLIQUE\u00a0: Comment la cigarette contribue \u00e0 affamer l\u2019Afrique -<\/title>\n<meta name=\"robots\" content=\"index, follow, max-snippet:-1, max-image-preview:large, max-video-preview:-1\" \/>\n<link rel=\"canonical\" href=\"https:\/\/macite.tg\/?p=6035\" \/>\n<meta property=\"og:locale\" content=\"fr_FR\" \/>\n<meta property=\"og:type\" content=\"article\" \/>\n<meta property=\"og:title\" content=\"SANT\u00c9 PUBLIQUE\u00a0: Comment la cigarette contribue \u00e0 affamer l\u2019Afrique -\" \/>\n<meta property=\"og:description\" content=\"L\u2019OMS affirme que l\u2019augmentation des zones de culture du tabac nuit \u00e0 la s\u00e9curit\u00e9 alimentaire et nutritionnelle sur le continent africain. L\u2019Organisation mondiale de la Sant\u00e9 (OMS) aurait-elle enfin trouv\u00e9 l\u2019argument in\u00e9dit pour ses campagnes anti-tabac qui s\u2019essoufflent autant qu\u2019un fumeur inv\u00e9t\u00e9r\u00e9 ? Les dangers [&hellip;]\" \/>\n<meta property=\"og:url\" content=\"https:\/\/macite.tg\/?p=6035\" \/>\n<meta property=\"article:published_time\" content=\"2023-06-02T13:11:30+00:00\" \/>\n<meta property=\"article:modified_time\" content=\"2023-06-02T13:11:32+00:00\" \/>\n<meta property=\"og:image\" content=\"https:\/\/macite.tg\/wp-content\/uploads\/2023\/06\/AA1bZzX3.jpg\" \/>\n\t<meta property=\"og:image:width\" content=\"768\" \/>\n\t<meta property=\"og:image:height\" content=\"384\" \/>\n\t<meta property=\"og:image:type\" content=\"image\/jpeg\" \/>\n<meta name=\"author\" content=\"Jean Pierre BAWELA\" \/>\n<meta name=\"twitter:card\" content=\"summary_large_image\" \/>\n<meta name=\"twitter:label1\" content=\"\u00c9crit par\" \/>\n\t<meta name=\"twitter:data1\" content=\"Jean Pierre BAWELA\" \/>\n\t<meta name=\"twitter:label2\" content=\"Dur\u00e9e de lecture estim\u00e9e\" \/>\n\t<meta name=\"twitter:data2\" content=\"3 minutes\" \/>\n<script type=\"application\/ld+json\" class=\"yoast-schema-graph\">{\"@context\":\"https:\\\/\\\/schema.org\",\"@graph\":[{\"@type\":\"Article\",\"@id\":\"https:\\\/\\\/macite.tg\\\/?p=6035#article\",\"isPartOf\":{\"@id\":\"https:\\\/\\\/macite.tg\\\/?p=6035\"},\"author\":{\"name\":\"Jean Pierre BAWELA\",\"@id\":\"https:\\\/\\\/macite.tg\\\/#\\\/schema\\\/person\\\/e9f2de7e5dbbe7770a9402c7ce82f5c2\"},\"headline\":\"SANT\u00c9 PUBLIQUE\u00a0: Comment la cigarette contribue \u00e0 affamer l\u2019Afrique\",\"datePublished\":\"2023-06-02T13:11:30+00:00\",\"dateModified\":\"2023-06-02T13:11:32+00:00\",\"mainEntityOfPage\":{\"@id\":\"https:\\\/\\\/macite.tg\\\/?p=6035\"},\"wordCount\":522,\"commentCount\":0,\"image\":{\"@id\":\"https:\\\/\\\/macite.tg\\\/?p=6035#primaryimage\"},\"thumbnailUrl\":\"https:\\\/\\\/macite.tg\\\/wp-content\\\/uploads\\\/2023\\\/06\\\/AA1bZzX3.jpg\",\"articleSection\":[\"ACTUALITE\"],\"inLanguage\":\"fr-FR\",\"potentialAction\":[{\"@type\":\"CommentAction\",\"name\":\"Comment\",\"target\":[\"https:\\\/\\\/macite.tg\\\/?p=6035#respond\"]}]},{\"@type\":\"WebPage\",\"@id\":\"https:\\\/\\\/macite.tg\\\/?p=6035\",\"url\":\"https:\\\/\\\/macite.tg\\\/?p=6035\",\"name\":\"SANT\u00c9 PUBLIQUE\u00a0: Comment la cigarette contribue \u00e0 affamer l\u2019Afrique -\",\"isPartOf\":{\"@id\":\"https:\\\/\\\/macite.tg\\\/#website\"},\"primaryImageOfPage\":{\"@id\":\"https:\\\/\\\/macite.tg\\\/?p=6035#primaryimage\"},\"image\":{\"@id\":\"https:\\\/\\\/macite.tg\\\/?p=6035#primaryimage\"},\"thumbnailUrl\":\"https:\\\/\\\/macite.tg\\\/wp-content\\\/uploads\\\/2023\\\/06\\\/AA1bZzX3.jpg\",\"datePublished\":\"2023-06-02T13:11:30+00:00\",\"dateModified\":\"2023-06-02T13:11:32+00:00\",\"author\":{\"@id\":\"https:\\\/\\\/macite.tg\\\/#\\\/schema\\\/person\\\/e9f2de7e5dbbe7770a9402c7ce82f5c2\"},\"breadcrumb\":{\"@id\":\"https:\\\/\\\/macite.tg\\\/?p=6035#breadcrumb\"},\"inLanguage\":\"fr-FR\",\"potentialAction\":[{\"@type\":\"ReadAction\",\"target\":[\"https:\\\/\\\/macite.tg\\\/?p=6035\"]}]},{\"@type\":\"ImageObject\",\"inLanguage\":\"fr-FR\",\"@id\":\"https:\\\/\\\/macite.tg\\\/?p=6035#primaryimage\",\"url\":\"https:\\\/\\\/macite.tg\\\/wp-content\\\/uploads\\\/2023\\\/06\\\/AA1bZzX3.jpg\",\"contentUrl\":\"https:\\\/\\\/macite.tg\\\/wp-content\\\/uploads\\\/2023\\\/06\\\/AA1bZzX3.jpg\",\"width\":768,\"height\":384},{\"@type\":\"BreadcrumbList\",\"@id\":\"https:\\\/\\\/macite.tg\\\/?p=6035#breadcrumb\",\"itemListElement\":[{\"@type\":\"ListItem\",\"position\":1,\"name\":\"Accueil\",\"item\":\"https:\\\/\\\/macite.tg\\\/\"},{\"@type\":\"ListItem\",\"position\":2,\"name\":\"SANT\u00c9 PUBLIQUE\u00a0: Comment la cigarette contribue \u00e0 affamer l\u2019Afrique\"}]},{\"@type\":\"WebSite\",\"@id\":\"https:\\\/\\\/macite.tg\\\/#website\",\"url\":\"https:\\\/\\\/macite.tg\\\/\",\"name\":\"\",\"description\":\"L&#039;information, la bonne!!!\",\"potentialAction\":[{\"@type\":\"SearchAction\",\"target\":{\"@type\":\"EntryPoint\",\"urlTemplate\":\"https:\\\/\\\/macite.tg\\\/?s={search_term_string}\"},\"query-input\":{\"@type\":\"PropertyValueSpecification\",\"valueRequired\":true,\"valueName\":\"search_term_string\"}}],\"inLanguage\":\"fr-FR\"},{\"@type\":\"Person\",\"@id\":\"https:\\\/\\\/macite.tg\\\/#\\\/schema\\\/person\\\/e9f2de7e5dbbe7770a9402c7ce82f5c2\",\"name\":\"Jean Pierre BAWELA\",\"image\":{\"@type\":\"ImageObject\",\"inLanguage\":\"fr-FR\",\"@id\":\"https:\\\/\\\/macite.tg\\\/wp-content\\\/uploads\\\/2023\\\/09\\\/WhatsApp-Image-2023-09-19-at-14.44.41-122x122.jpeg\",\"url\":\"https:\\\/\\\/macite.tg\\\/wp-content\\\/uploads\\\/2023\\\/09\\\/WhatsApp-Image-2023-09-19-at-14.44.41-122x122.jpeg\",\"contentUrl\":\"https:\\\/\\\/macite.tg\\\/wp-content\\\/uploads\\\/2023\\\/09\\\/WhatsApp-Image-2023-09-19-at-14.44.41-122x122.jpeg\",\"caption\":\"Jean Pierre BAWELA\"},\"url\":\"https:\\\/\\\/macite.tg\\\/?author=2\"}]}<\/script>\n<!-- \/ Yoast SEO plugin. -->","yoast_head_json":{"title":"SANT\u00c9 PUBLIQUE\u00a0: Comment la cigarette contribue \u00e0 affamer l\u2019Afrique -","robots":{"index":"index","follow":"follow","max-snippet":"max-snippet:-1","max-image-preview":"max-image-preview:large","max-video-preview":"max-video-preview:-1"},"canonical":"https:\/\/macite.tg\/?p=6035","og_locale":"fr_FR","og_type":"article","og_title":"SANT\u00c9 PUBLIQUE\u00a0: Comment la cigarette contribue \u00e0 affamer l\u2019Afrique -","og_description":"L\u2019OMS affirme que l\u2019augmentation des zones de culture du tabac nuit \u00e0 la s\u00e9curit\u00e9 alimentaire et nutritionnelle sur le continent africain. L\u2019Organisation mondiale de la Sant\u00e9 (OMS) aurait-elle enfin trouv\u00e9 l\u2019argument in\u00e9dit pour ses campagnes anti-tabac qui s\u2019essoufflent autant qu\u2019un fumeur inv\u00e9t\u00e9r\u00e9 ? Les dangers [&hellip;]","og_url":"https:\/\/macite.tg\/?p=6035","article_published_time":"2023-06-02T13:11:30+00:00","article_modified_time":"2023-06-02T13:11:32+00:00","og_image":[{"width":768,"height":384,"url":"https:\/\/macite.tg\/wp-content\/uploads\/2023\/06\/AA1bZzX3.jpg","type":"image\/jpeg"}],"author":"Jean Pierre BAWELA","twitter_card":"summary_large_image","twitter_misc":{"\u00c9crit par":"Jean Pierre BAWELA","Dur\u00e9e de lecture estim\u00e9e":"3 minutes"},"schema":{"@context":"https:\/\/schema.org","@graph":[{"@type":"Article","@id":"https:\/\/macite.tg\/?p=6035#article","isPartOf":{"@id":"https:\/\/macite.tg\/?p=6035"},"author":{"name":"Jean Pierre BAWELA","@id":"https:\/\/macite.tg\/#\/schema\/person\/e9f2de7e5dbbe7770a9402c7ce82f5c2"},"headline":"SANT\u00c9 PUBLIQUE\u00a0: Comment la cigarette contribue \u00e0 affamer l\u2019Afrique","datePublished":"2023-06-02T13:11:30+00:00","dateModified":"2023-06-02T13:11:32+00:00","mainEntityOfPage":{"@id":"https:\/\/macite.tg\/?p=6035"},"wordCount":522,"commentCount":0,"image":{"@id":"https:\/\/macite.tg\/?p=6035#primaryimage"},"thumbnailUrl":"https:\/\/macite.tg\/wp-content\/uploads\/2023\/06\/AA1bZzX3.jpg","articleSection":["ACTUALITE"],"inLanguage":"fr-FR","potentialAction":[{"@type":"CommentAction","name":"Comment","target":["https:\/\/macite.tg\/?p=6035#respond"]}]},{"@type":"WebPage","@id":"https:\/\/macite.tg\/?p=6035","url":"https:\/\/macite.tg\/?p=6035","name":"SANT\u00c9 PUBLIQUE\u00a0: Comment la cigarette contribue \u00e0 affamer l\u2019Afrique -","isPartOf":{"@id":"https:\/\/macite.tg\/#website"},"primaryImageOfPage":{"@id":"https:\/\/macite.tg\/?p=6035#primaryimage"},"image":{"@id":"https:\/\/macite.tg\/?p=6035#primaryimage"},"thumbnailUrl":"https:\/\/macite.tg\/wp-content\/uploads\/2023\/06\/AA1bZzX3.jpg","datePublished":"2023-06-02T13:11:30+00:00","dateModified":"2023-06-02T13:11:32+00:00","author":{"@id":"https:\/\/macite.tg\/#\/schema\/person\/e9f2de7e5dbbe7770a9402c7ce82f5c2"},"breadcrumb":{"@id":"https:\/\/macite.tg\/?p=6035#breadcrumb"},"inLanguage":"fr-FR","potentialAction":[{"@type":"ReadAction","target":["https:\/\/macite.tg\/?p=6035"]}]},{"@type":"ImageObject","inLanguage":"fr-FR","@id":"https:\/\/macite.tg\/?p=6035#primaryimage","url":"https:\/\/macite.tg\/wp-content\/uploads\/2023\/06\/AA1bZzX3.jpg","contentUrl":"https:\/\/macite.tg\/wp-content\/uploads\/2023\/06\/AA1bZzX3.jpg","width":768,"height":384},{"@type":"BreadcrumbList","@id":"https:\/\/macite.tg\/?p=6035#breadcrumb","itemListElement":[{"@type":"ListItem","position":1,"name":"Accueil","item":"https:\/\/macite.tg\/"},{"@type":"ListItem","position":2,"name":"SANT\u00c9 PUBLIQUE\u00a0: Comment la cigarette contribue \u00e0 affamer l\u2019Afrique"}]},{"@type":"WebSite","@id":"https:\/\/macite.tg\/#website","url":"https:\/\/macite.tg\/","name":"","description":"L&#039;information, la bonne!!!","potentialAction":[{"@type":"SearchAction","target":{"@type":"EntryPoint","urlTemplate":"https:\/\/macite.tg\/?s={search_term_string}"},"query-input":{"@type":"PropertyValueSpecification","valueRequired":true,"valueName":"search_term_string"}}],"inLanguage":"fr-FR"},{"@type":"Person","@id":"https:\/\/macite.tg\/#\/schema\/person\/e9f2de7e5dbbe7770a9402c7ce82f5c2","name":"Jean Pierre BAWELA","image":{"@type":"ImageObject","inLanguage":"fr-FR","@id":"https:\/\/macite.tg\/wp-content\/uploads\/2023\/09\/WhatsApp-Image-2023-09-19-at-14.44.41-122x122.jpeg","url":"https:\/\/macite.tg\/wp-content\/uploads\/2023\/09\/WhatsApp-Image-2023-09-19-at-14.44.41-122x122.jpeg","contentUrl":"https:\/\/macite.tg\/wp-content\/uploads\/2023\/09\/WhatsApp-Image-2023-09-19-at-14.44.41-122x122.jpeg","caption":"Jean Pierre BAWELA"},"url":"https:\/\/macite.tg\/?author=2"}]}},"_links":{"self":[{"href":"https:\/\/macite.tg\/index.php?rest_route=\/wp\/v2\/posts\/6035","targetHints":{"allow":["GET"]}}],"collection":[{"href":"https:\/\/macite.tg\/index.php?rest_route=\/wp\/v2\/posts"}],"about":[{"href":"https:\/\/macite.tg\/index.php?rest_route=\/wp\/v2\/types\/post"}],"author":[{"embeddable":true,"href":"https:\/\/macite.tg\/index.php?rest_route=\/wp\/v2\/users\/2"}],"replies":[{"embeddable":true,"href":"https:\/\/macite.tg\/index.php?rest_route=%2Fwp%2Fv2%2Fcomments&post=6035"}],"version-history":[{"count":0,"href":"https:\/\/macite.tg\/index.php?rest_route=\/wp\/v2\/posts\/6035\/revisions"}],"wp:featuredmedia":[{"embeddable":true,"href":"https:\/\/macite.tg\/index.php?rest_route=\/wp\/v2\/media\/6036"}],"wp:attachment":[{"href":"https:\/\/macite.tg\/index.php?rest_route=%2Fwp%2Fv2%2Fmedia&parent=6035"}],"wp:term":[{"taxonomy":"category","embeddable":true,"href":"https:\/\/macite.tg\/index.php?rest_route=%2Fwp%2Fv2%2Fcategories&post=6035"},{"taxonomy":"post_tag","embeddable":true,"href":"https:\/\/macite.tg\/index.php?rest_route=%2Fwp%2Fv2%2Ftags&post=6035"}],"curies":[{"name":"wp","href":"https:\/\/api.w.org\/{rel}","templated":true}]}}