{"id":6034,"date":"2023-06-02T13:31:49","date_gmt":"2023-06-02T13:31:49","guid":{"rendered":"https:\/\/macite.tg\/?p=6034"},"modified":"2023-06-02T13:32:01","modified_gmt":"2023-06-02T13:32:01","slug":"necessite-de-souverainete-alimentaire-en-afrique-le-president-faure-gnassingbe-co-signe-une-tribune","status":"publish","type":"post","link":"https:\/\/macite.tg\/?p=6034","title":{"rendered":"N\u00c9CESSITE DE SOUVERAINET\u00c9 ALIMENTAIRE EN AFRIQUE\u00a0: Le Pr\u00e9sident Faure Gnassingb\u00e9 co-signe une tribune"},"content":{"rendered":"\n<p class=\"wp-block-paragraph\"><em>Lom\u00e9 a \u00e9t\u00e9 l\u2019\u00e9picentre, les 30 et 31 mai dernier, de la mobilisation pour une nouvelle orientation de l\u2019agriculture en Afrique de l\u2019Ouest, et partant, sur le continent africain. Au lendemain de cet important rendez-vous qui a vu la participation de plusieurs dirigeants de la sous-r\u00e9gion et \u00a0qui a accouch\u00e9 d\u2019une feuille de route devant enclencher une dynamique sous r\u00e9gionale en faveur de ce secteur qui emploi les deux tiers de la population, le num\u00e9ro 1 togolais, stimulateur de cette ambition novatrice pour l\u2019Afrique, a co-sign\u00e9 une tribune.<\/em><\/p>\n\n\n\n<p class=\"wp-block-paragraph\"><em>Cette tribune a paru le 30 mai 2023, dans le magazine <\/em><em>Jeune Afrique,<\/em><em> dont nous partageons avec vous la teneur.<\/em><\/p>\n\n\n\n<figure class=\"wp-block-image size-large\"><img loading=\"lazy\" decoding=\"async\" width=\"1024\" height=\"212\" src=\"https:\/\/macite.tg\/wp-content\/uploads\/2023\/06\/IMG-20230514-WA00962-1024x212.jpg\" alt=\"\" class=\"wp-image-5991\" srcset=\"https:\/\/macite.tg\/wp-content\/uploads\/2023\/06\/IMG-20230514-WA00962-1024x212.jpg 1024w, https:\/\/macite.tg\/wp-content\/uploads\/2023\/06\/IMG-20230514-WA00962-300x62.jpg 300w, https:\/\/macite.tg\/wp-content\/uploads\/2023\/06\/IMG-20230514-WA00962-768x159.jpg 768w, https:\/\/macite.tg\/wp-content\/uploads\/2023\/06\/IMG-20230514-WA00962-1536x318.jpg 1536w, https:\/\/macite.tg\/wp-content\/uploads\/2023\/06\/IMG-20230514-WA00962.jpg 1600w\" sizes=\"auto, (max-width: 1024px) 100vw, 1024px\" \/><\/figure>\n\n\n\n<p class=\"has-text-align-center wp-block-paragraph\"><em><strong><a href=\"https:\/\/www.jeuneafrique.com\/1449046\/economie\/en-afrique-de-louest-cultiver-lavenir-passe-par-la-production-dengrais\/\">TRIBUNE DU CHEF DE L\u2019\u00c9TAT, FAURE GNASSINGBE CO-SIGN<\/a><a href=\"https:\/\/www.jeuneafrique.com\/1449046\/economie\/en-afrique-de-louest-cultiver-lavenir-passe-par-la-production-dengrais\/\">\u00c9<\/a>E <\/strong><\/em><em><strong>AVEC LE VICE-PR\u00c9SIDENT DE LA BANQUE MONDIALE POUR L\u2019AFRIQUE DE L\u2019OUEST ET CENTRALE A L\u2019OCCASION DE LA TABLE RONDE DE LOM\u00c9 SUR LES ENGRAIS ET LA SANT\u00c9 DES SOLS EN AFRIQUE DE L\u2019OUEST ET AU SAHEL<\/strong><\/em><\/p>\n\n\n\n<p class=\"wp-block-paragraph\"><strong>\u2014\u2014\u2014\u2014\u2014\u2014\u2014\u2014\u2014\u2014\u2014\u2014\u2014\u2014\u2014\u2014-<\/strong><\/p>\n\n\n\n<p class=\"wp-block-paragraph\"><strong>En Afrique de l\u2019Ouest, cultiver l\u2019avenir passe par la production d\u2019engrais<\/strong><\/p>\n\n\n\n<p class=\"wp-block-paragraph\"><strong>Pour enrichir les terres cultivables afin de nourrir les populations, la sous-r\u00e9gion doit capitaliser sur ses importantes r\u00e9serves de phosphates et de gaz.<\/strong><\/p>\n\n\n\n<p class=\"wp-block-paragraph\">\u00c0 ce jour, plus de 7,6 millions d\u2019agriculteurs ont re\u00e7u des biens ou des services agricoles et pr\u00e8s de 200 000 tonnes d\u2019engrais ont \u00e9t\u00e9 distribu\u00e9es aux exploitants vuln\u00e9rables d\u2019Afrique de l\u2019Ouest et d\u2019Afrique centrale, selon la Banque mondiale.<\/p>\n\n\n\n<p class=\"wp-block-paragraph\">Dans le contexte actuel de crise mondiale, la survie des populations de nos r\u00e9gions est intimement li\u00e9e \u00e0 l\u2019agriculture et \u00e0 la s\u00e9curit\u00e9 alimentaire. La sant\u00e9 des sols et la question des engrais sont au c\u0153ur du probl\u00e8me, mais aussi de la solution. Alors que plus de 41 millions de personnes en Afrique de l\u2019Ouest et en Afrique centrale souffrent d\u00e9j\u00e0 d\u2019ins\u00e9curit\u00e9 alimentaire et nutritionnelle s\u00e9v\u00e8re, l\u2019acc\u00e8s \u00e0 la nourriture est probl\u00e9matique pour les populations les plus vuln\u00e9rables, avec une inflation \u00e0 deux chiffres des prix de la plupart des denr\u00e9es alimentaires de base.<\/p>\n\n\n\n<p class=\"wp-block-paragraph\"><strong>Cycle de paup\u00e9risation<\/strong><\/p>\n\n\n\n<p class=\"wp-block-paragraph\">L\u2019onde de choc de la pand\u00e9mie de Covid-19, <a href=\"https:\/\/www.jeuneafrique.com\/1411543\/economie\/guerre-en-ukraine-un-an-apres-quel-impact-economique-en-afrique\/\">les cons\u00e9quences de la guerre en Ukraine,<\/a> et les faibles performances du secteur agricole, directement li\u00e9es \u00e0 <a href=\"https:\/\/www.jeuneafrique.com\/1377191\/economie\/pourquoi-les-engrais-sont-devenus-trop-chers-pour-lafrique\/\">l\u2019augmentation significative du prix des engrais<\/a>, sont les causes principales de cette ins\u00e9curit\u00e9 alimentaire. Le changement climatique ainsi que le manque de m\u00e9canisation des cultures sont \u00e9galement des facteurs aggravants.<\/p>\n\n\n\n<p class=\"wp-block-paragraph\">Le cycle de paup\u00e9risation lie les probl\u00e8mes d\u2019acc\u00e8s aux engrais, l\u2019appauvrissement des sols, et la chute des rendements. Briser ce cycle est une question strat\u00e9gique essentielle puisque, au Togo comme dans de nombreux pays de la r\u00e9gion, le secteur agricole fournit directement ou indirectement pr\u00e8s de deux tiers des emplois. L\u2019augmentation de la productivit\u00e9 agricole repr\u00e9sente ainsi le socle indispensable pour lancer la transformation \u00e9conomique de l\u2019Afrique de l\u2019Ouest.<\/p>\n\n\n\n<p class=\"wp-block-paragraph\">Des solutions existent\u202f: elles passent d\u2019abord par une am\u00e9lioration g\u00e9n\u00e9rale de l\u2019acc\u00e8s \u00e0 des engrais de qualit\u00e9, n\u00e9cessitant un renforcement de la fili\u00e8re r\u00e9gionale \u00e0 diff\u00e9rents niveaux, tels que l\u2019augmentation substantielle de la production r\u00e9gionale d\u2019engrais organiques et min\u00e9raux, afin de r\u00e9duire les d\u00e9pendances. Cela implique aussi l\u2019am\u00e9lioration des infrastructures de stockage et de transport ainsi que le renforcement du cadre r\u00e8glementaire pour faciliter la circulation des engrais et leur disponibilit\u00e9 \u00e0 des co\u00fbts accessibles au profit des petits agriculteurs.<\/p>\n\n\n<div class=\"wp-block-image\">\n<figure class=\"aligncenter size-large is-resized\"><img loading=\"lazy\" decoding=\"async\" src=\"https:\/\/macite.tg\/wp-content\/uploads\/2023\/06\/Panneau-1-12m2-bis-1024x768.jpg\" alt=\"\" class=\"wp-image-6022\" width=\"561\" height=\"421\" srcset=\"https:\/\/macite.tg\/wp-content\/uploads\/2023\/06\/Panneau-1-12m2-bis-1024x768.jpg 1024w, https:\/\/macite.tg\/wp-content\/uploads\/2023\/06\/Panneau-1-12m2-bis-300x225.jpg 300w, https:\/\/macite.tg\/wp-content\/uploads\/2023\/06\/Panneau-1-12m2-bis-768x576.jpg 768w, https:\/\/macite.tg\/wp-content\/uploads\/2023\/06\/Panneau-1-12m2-bis-1536x1152.jpg 1536w, https:\/\/macite.tg\/wp-content\/uploads\/2023\/06\/Panneau-1-12m2-bis-2048x1536.jpg 2048w\" sizes=\"auto, (max-width: 561px) 100vw, 561px\" \/><\/figure>\n<\/div>\n\n\n<p class=\"wp-block-paragraph\">Ces solutions passent \u00e9galement par la mise en place de pratiques agricoles am\u00e9lior\u00e9es, incluant l\u2019utilisation efficiente des engrais, soutenues par des services de vulgarisation renforc\u00e9s et capitalisant sur les avanc\u00e9es de la recherche. Elles requi\u00e8rent aussi la mise en place de m\u00e9canismes d\u2019appui technique et financier aux agriculteurs afin de les aider \u00e0 restaurer la sant\u00e9 et la fertilit\u00e9 de leurs sols.<\/p>\n\n\n\n<p class=\"wp-block-paragraph\"><strong>Une approche r\u00e9gionale<\/strong><\/p>\n\n\n\n<p class=\"wp-block-paragraph\">C\u2019est la dynamique que plus de 100 d\u00e9cideurs politiques, membres de l\u2019industrie, partenaires techniques et financiers, et repr\u00e9sentants d\u2019associations, qui se r\u00e9unissent<a href=\"https:\/\/www.banquemondiale.org\/fr\/events\/2023\/05\/11\/high-level-roundtable-fertilizing-west-africa-feeding-the-soil-to-feed-the-people\"> cette semaine \u00e0 Lom\u00e9<\/a>, souhaitent mettre en place afin de convenir ensemble d\u2019une feuille de route pour les pays d\u2019Afrique de l\u2019Ouest. La feuille de route pr\u00f4nera des actions destin\u00e9es \u00e0 capitaliser sur les atouts de la r\u00e9gion, parmi lesquels les importantes r\u00e9serves de phosphates et les vastes r\u00e9serves de gaz n\u00e9cessaires \u00e0 la fabrication des engrais.<\/p>\n\n\n\n<p class=\"wp-block-paragraph\">Cette feuille de route repose sur une approche r\u00e9gionale qui devra permettre \u00e0 l\u2019ensemble des acteurs du secteur de coordonner leurs efforts. Aux c\u00f4t\u00e9s des pays de la Cedeao, du Tchad et de la Mauritanie, les partenaires du d\u00e9veloppement et du secteur priv\u00e9 se sont d\u00e9j\u00e0 engag\u00e9s \u00e0 soutenir la mise en \u0153uvre de cette feuille de route commune.<\/p>\n\n\n\n<p class=\"wp-block-paragraph\">\u00c0 travers l\u2019Association internationale de d\u00e9veloppement (IDA), la Banque mondiale a d\u00e9j\u00e0 intensifi\u00e9 ses efforts pour une approche r\u00e9gionale dans la r\u00e9ponse aux urgences. Ainsi, le Programme de r\u00e9silience du syst\u00e8me alimentaire en Afrique de l\u2019Ouest (FSRP), assorti d\u2019un financement de 766 millions de dollars, vise \u00e0 augmenter la productivit\u00e9 agricole gr\u00e2ce \u00e0 l\u2019adoption de technologies climato-intelligentes, \u00e0 promouvoir les cha\u00eenes de valeur intrar\u00e9gionales et \u00e0 d\u00e9velopper les capacit\u00e9s de gestion des risques agricoles.<\/p>\n\n\n\n<p class=\"wp-block-paragraph\">\u00c0 ce jour, plus de 7,6 millions d\u2019agriculteurs ont re\u00e7u des biens ou des services agricoles et pr\u00e8s de 200 000 tonnes d\u2019engrais ont \u00e9t\u00e9 distribu\u00e9es aux exploitants vuln\u00e9rables d\u2019Afrique de l\u2019Ouest et d\u2019Afrique centrale. <a href=\"https:\/\/www.jeuneafrique.com\/1432564\/economie\/avec-la-banque-mondiale-le-togo-securise-34-000-tonnes-dengrais-aux-producteurs\/\">Au cours de ce mois, une cargaison de 34 000 tonnes d\u2019engrais a \u00e9t\u00e9 r\u00e9partie depuis le port de Lom\u00e9 pour r\u00e9pondre aux besoins urgents des producteurs togolais.<\/a><\/p>\n\n\n\n<p class=\"wp-block-paragraph\">Cette dynamique de partenariat nous donne de l\u2019espoir, et confirme que nous pouvons \u2013 et devons\u202f\u2013 rester unis pour r\u00e9ussir cette importante mission. Il en va de la survie, de la prosp\u00e9rit\u00e9 et de la s\u00e9curit\u00e9 alimentaire de la r\u00e9gion, aujourd\u2019hui et demain.<\/p>\n\n\n\n<p class=\"wp-block-paragraph\"><a href=\"https:\/\/www.jeuneafrique.com\/1449046\/economie\/en-afrique-de-louest-cultiver-lavenir-passe-par-la-production-dengrais\/\">https:\/\/www.jeuneafrique.com\/1449046\/economie\/en-afrique-de-louest-cultiver-lavenir-passe-par-la-production-dengrais\/<\/a><\/p>\n\n\n\n<p class=\"wp-block-paragraph\"><strong><em>@macite.tg<\/em><\/strong><\/p>\n\n\n\n<p class=\"wp-block-paragraph\"><strong><em>E-mail&nbsp;: <\/em><\/strong><a href=\"mailto:maciteinfo@gmail.com\"><strong>maciteinfo@gmail.com<\/strong><\/a><strong><em>; <\/em><\/strong><a href=\"mailto:bawela1@gmail.com\"><strong>bawela1@gmail.com<\/strong><\/a><strong><\/strong><\/p>\n\n\n\n<p class=\"wp-block-paragraph\"><strong><em>Pour vos annonces, (publi)reportages, etc., joignez nous au (00228)91515309\/<strong>79872224 <\/strong>www.macite.tg, L\u2019information, la bonne&nbsp;!<\/em><\/strong><\/p>\n","protected":false},"excerpt":{"rendered":"<p class=\"text-justify mb-2\" >Lom\u00e9 a \u00e9t\u00e9 l\u2019\u00e9picentre, les 30 et 31 mai dernier, de la mobilisation pour une nouvelle orientation de l\u2019agriculture en Afrique de l\u2019Ouest, et partant, sur le continent africain. Au lendemain de cet important rendez-vous qui a vu la participation de plusieurs dirigeants de la [&hellip;]<\/p>\n","protected":false},"author":2,"featured_media":5989,"comment_status":"open","ping_status":"open","sticky":false,"template":"","format":"standard","meta":{"footnotes":""},"categories":[20,22],"tags":[],"class_list":["post-6034","post","type-post","status-publish","format-standard","has-post-thumbnail","hentry","category-actualite","category-agriculture"],"yoast_head":"<!-- This site is optimized with the Yoast SEO plugin v28.4 - https:\/\/yoast.com\/product\/yoast-seo-wordpress\/ -->\n<title>N\u00c9CESSITE DE SOUVERAINET\u00c9 ALIMENTAIRE EN AFRIQUE\u00a0: Le Pr\u00e9sident Faure Gnassingb\u00e9 co-signe une tribune -<\/title>\n<meta name=\"robots\" content=\"index, follow, max-snippet:-1, max-image-preview:large, max-video-preview:-1\" \/>\n<link rel=\"canonical\" href=\"https:\/\/macite.tg\/?p=6034\" \/>\n<meta property=\"og:locale\" content=\"fr_FR\" \/>\n<meta property=\"og:type\" content=\"article\" \/>\n<meta property=\"og:title\" content=\"N\u00c9CESSITE DE SOUVERAINET\u00c9 ALIMENTAIRE EN AFRIQUE\u00a0: Le Pr\u00e9sident Faure Gnassingb\u00e9 co-signe une tribune -\" \/>\n<meta property=\"og:description\" content=\"Lom\u00e9 a \u00e9t\u00e9 l\u2019\u00e9picentre, les 30 et 31 mai dernier, de la mobilisation pour une nouvelle orientation de l\u2019agriculture en Afrique de l\u2019Ouest, et partant, sur le continent africain. Au lendemain de cet important rendez-vous qui a vu la participation de plusieurs dirigeants de la [&hellip;]\" \/>\n<meta property=\"og:url\" content=\"https:\/\/macite.tg\/?p=6034\" \/>\n<meta property=\"article:published_time\" content=\"2023-06-02T13:31:49+00:00\" \/>\n<meta property=\"article:modified_time\" content=\"2023-06-02T13:32:01+00:00\" \/>\n<meta property=\"og:image\" content=\"https:\/\/macite.tg\/wp-content\/uploads\/2023\/06\/IMG-20230601-WA0072.jpg\" \/>\n\t<meta property=\"og:image:width\" content=\"1600\" \/>\n\t<meta property=\"og:image:height\" content=\"1280\" \/>\n\t<meta property=\"og:image:type\" content=\"image\/jpeg\" \/>\n<meta name=\"author\" content=\"Jean Pierre BAWELA\" \/>\n<meta name=\"twitter:card\" content=\"summary_large_image\" \/>\n<meta name=\"twitter:label1\" content=\"\u00c9crit par\" \/>\n\t<meta name=\"twitter:data1\" content=\"Jean Pierre BAWELA\" \/>\n\t<meta name=\"twitter:label2\" content=\"Dur\u00e9e de lecture estim\u00e9e\" \/>\n\t<meta name=\"twitter:data2\" content=\"5 minutes\" \/>\n<script type=\"application\/ld+json\" class=\"yoast-schema-graph\">{\"@context\":\"https:\\\/\\\/schema.org\",\"@graph\":[{\"@type\":\"Article\",\"@id\":\"https:\\\/\\\/macite.tg\\\/?p=6034#article\",\"isPartOf\":{\"@id\":\"https:\\\/\\\/macite.tg\\\/?p=6034\"},\"author\":{\"name\":\"Jean Pierre BAWELA\",\"@id\":\"https:\\\/\\\/macite.tg\\\/#\\\/schema\\\/person\\\/e9f2de7e5dbbe7770a9402c7ce82f5c2\"},\"headline\":\"N\u00c9CESSITE DE SOUVERAINET\u00c9 ALIMENTAIRE EN AFRIQUE\u00a0: Le Pr\u00e9sident Faure Gnassingb\u00e9 co-signe une tribune\",\"datePublished\":\"2023-06-02T13:31:49+00:00\",\"dateModified\":\"2023-06-02T13:32:01+00:00\",\"mainEntityOfPage\":{\"@id\":\"https:\\\/\\\/macite.tg\\\/?p=6034\"},\"wordCount\":1070,\"commentCount\":0,\"image\":{\"@id\":\"https:\\\/\\\/macite.tg\\\/?p=6034#primaryimage\"},\"thumbnailUrl\":\"https:\\\/\\\/macite.tg\\\/wp-content\\\/uploads\\\/2023\\\/06\\\/IMG-20230601-WA0072.jpg\",\"articleSection\":[\"ACTUALITE\",\"AGRICULTURE\"],\"inLanguage\":\"fr-FR\",\"potentialAction\":[{\"@type\":\"CommentAction\",\"name\":\"Comment\",\"target\":[\"https:\\\/\\\/macite.tg\\\/?p=6034#respond\"]}]},{\"@type\":\"WebPage\",\"@id\":\"https:\\\/\\\/macite.tg\\\/?p=6034\",\"url\":\"https:\\\/\\\/macite.tg\\\/?p=6034\",\"name\":\"N\u00c9CESSITE DE SOUVERAINET\u00c9 ALIMENTAIRE EN AFRIQUE\u00a0: Le Pr\u00e9sident Faure Gnassingb\u00e9 co-signe une tribune -\",\"isPartOf\":{\"@id\":\"https:\\\/\\\/macite.tg\\\/#website\"},\"primaryImageOfPage\":{\"@id\":\"https:\\\/\\\/macite.tg\\\/?p=6034#primaryimage\"},\"image\":{\"@id\":\"https:\\\/\\\/macite.tg\\\/?p=6034#primaryimage\"},\"thumbnailUrl\":\"https:\\\/\\\/macite.tg\\\/wp-content\\\/uploads\\\/2023\\\/06\\\/IMG-20230601-WA0072.jpg\",\"datePublished\":\"2023-06-02T13:31:49+00:00\",\"dateModified\":\"2023-06-02T13:32:01+00:00\",\"author\":{\"@id\":\"https:\\\/\\\/macite.tg\\\/#\\\/schema\\\/person\\\/e9f2de7e5dbbe7770a9402c7ce82f5c2\"},\"breadcrumb\":{\"@id\":\"https:\\\/\\\/macite.tg\\\/?p=6034#breadcrumb\"},\"inLanguage\":\"fr-FR\",\"potentialAction\":[{\"@type\":\"ReadAction\",\"target\":[\"https:\\\/\\\/macite.tg\\\/?p=6034\"]}]},{\"@type\":\"ImageObject\",\"inLanguage\":\"fr-FR\",\"@id\":\"https:\\\/\\\/macite.tg\\\/?p=6034#primaryimage\",\"url\":\"https:\\\/\\\/macite.tg\\\/wp-content\\\/uploads\\\/2023\\\/06\\\/IMG-20230601-WA0072.jpg\",\"contentUrl\":\"https:\\\/\\\/macite.tg\\\/wp-content\\\/uploads\\\/2023\\\/06\\\/IMG-20230601-WA0072.jpg\",\"width\":1600,\"height\":1280},{\"@type\":\"BreadcrumbList\",\"@id\":\"https:\\\/\\\/macite.tg\\\/?p=6034#breadcrumb\",\"itemListElement\":[{\"@type\":\"ListItem\",\"position\":1,\"name\":\"Accueil\",\"item\":\"https:\\\/\\\/macite.tg\\\/\"},{\"@type\":\"ListItem\",\"position\":2,\"name\":\"N\u00c9CESSITE DE SOUVERAINET\u00c9 ALIMENTAIRE EN AFRIQUE\u00a0: Le Pr\u00e9sident Faure Gnassingb\u00e9 co-signe une tribune\"}]},{\"@type\":\"WebSite\",\"@id\":\"https:\\\/\\\/macite.tg\\\/#website\",\"url\":\"https:\\\/\\\/macite.tg\\\/\",\"name\":\"\",\"description\":\"L&#039;information, la bonne!!!\",\"potentialAction\":[{\"@type\":\"SearchAction\",\"target\":{\"@type\":\"EntryPoint\",\"urlTemplate\":\"https:\\\/\\\/macite.tg\\\/?s={search_term_string}\"},\"query-input\":{\"@type\":\"PropertyValueSpecification\",\"valueRequired\":true,\"valueName\":\"search_term_string\"}}],\"inLanguage\":\"fr-FR\"},{\"@type\":\"Person\",\"@id\":\"https:\\\/\\\/macite.tg\\\/#\\\/schema\\\/person\\\/e9f2de7e5dbbe7770a9402c7ce82f5c2\",\"name\":\"Jean Pierre BAWELA\",\"image\":{\"@type\":\"ImageObject\",\"inLanguage\":\"fr-FR\",\"@id\":\"https:\\\/\\\/macite.tg\\\/wp-content\\\/uploads\\\/2023\\\/09\\\/WhatsApp-Image-2023-09-19-at-14.44.41-122x122.jpeg\",\"url\":\"https:\\\/\\\/macite.tg\\\/wp-content\\\/uploads\\\/2023\\\/09\\\/WhatsApp-Image-2023-09-19-at-14.44.41-122x122.jpeg\",\"contentUrl\":\"https:\\\/\\\/macite.tg\\\/wp-content\\\/uploads\\\/2023\\\/09\\\/WhatsApp-Image-2023-09-19-at-14.44.41-122x122.jpeg\",\"caption\":\"Jean Pierre BAWELA\"},\"url\":\"https:\\\/\\\/macite.tg\\\/?author=2\"}]}<\/script>\n<!-- \/ Yoast SEO plugin. -->","yoast_head_json":{"title":"N\u00c9CESSITE DE SOUVERAINET\u00c9 ALIMENTAIRE EN AFRIQUE\u00a0: Le Pr\u00e9sident Faure Gnassingb\u00e9 co-signe une tribune -","robots":{"index":"index","follow":"follow","max-snippet":"max-snippet:-1","max-image-preview":"max-image-preview:large","max-video-preview":"max-video-preview:-1"},"canonical":"https:\/\/macite.tg\/?p=6034","og_locale":"fr_FR","og_type":"article","og_title":"N\u00c9CESSITE DE SOUVERAINET\u00c9 ALIMENTAIRE EN AFRIQUE\u00a0: Le Pr\u00e9sident Faure Gnassingb\u00e9 co-signe une tribune -","og_description":"Lom\u00e9 a \u00e9t\u00e9 l\u2019\u00e9picentre, les 30 et 31 mai dernier, de la mobilisation pour une nouvelle orientation de l\u2019agriculture en Afrique de l\u2019Ouest, et partant, sur le continent africain. Au lendemain de cet important rendez-vous qui a vu la participation de plusieurs dirigeants de la [&hellip;]","og_url":"https:\/\/macite.tg\/?p=6034","article_published_time":"2023-06-02T13:31:49+00:00","article_modified_time":"2023-06-02T13:32:01+00:00","og_image":[{"width":1600,"height":1280,"url":"https:\/\/macite.tg\/wp-content\/uploads\/2023\/06\/IMG-20230601-WA0072.jpg","type":"image\/jpeg"}],"author":"Jean Pierre BAWELA","twitter_card":"summary_large_image","twitter_misc":{"\u00c9crit par":"Jean Pierre BAWELA","Dur\u00e9e de lecture estim\u00e9e":"5 minutes"},"schema":{"@context":"https:\/\/schema.org","@graph":[{"@type":"Article","@id":"https:\/\/macite.tg\/?p=6034#article","isPartOf":{"@id":"https:\/\/macite.tg\/?p=6034"},"author":{"name":"Jean Pierre BAWELA","@id":"https:\/\/macite.tg\/#\/schema\/person\/e9f2de7e5dbbe7770a9402c7ce82f5c2"},"headline":"N\u00c9CESSITE DE SOUVERAINET\u00c9 ALIMENTAIRE EN AFRIQUE\u00a0: Le Pr\u00e9sident Faure Gnassingb\u00e9 co-signe une tribune","datePublished":"2023-06-02T13:31:49+00:00","dateModified":"2023-06-02T13:32:01+00:00","mainEntityOfPage":{"@id":"https:\/\/macite.tg\/?p=6034"},"wordCount":1070,"commentCount":0,"image":{"@id":"https:\/\/macite.tg\/?p=6034#primaryimage"},"thumbnailUrl":"https:\/\/macite.tg\/wp-content\/uploads\/2023\/06\/IMG-20230601-WA0072.jpg","articleSection":["ACTUALITE","AGRICULTURE"],"inLanguage":"fr-FR","potentialAction":[{"@type":"CommentAction","name":"Comment","target":["https:\/\/macite.tg\/?p=6034#respond"]}]},{"@type":"WebPage","@id":"https:\/\/macite.tg\/?p=6034","url":"https:\/\/macite.tg\/?p=6034","name":"N\u00c9CESSITE DE SOUVERAINET\u00c9 ALIMENTAIRE EN AFRIQUE\u00a0: Le Pr\u00e9sident Faure Gnassingb\u00e9 co-signe une tribune -","isPartOf":{"@id":"https:\/\/macite.tg\/#website"},"primaryImageOfPage":{"@id":"https:\/\/macite.tg\/?p=6034#primaryimage"},"image":{"@id":"https:\/\/macite.tg\/?p=6034#primaryimage"},"thumbnailUrl":"https:\/\/macite.tg\/wp-content\/uploads\/2023\/06\/IMG-20230601-WA0072.jpg","datePublished":"2023-06-02T13:31:49+00:00","dateModified":"2023-06-02T13:32:01+00:00","author":{"@id":"https:\/\/macite.tg\/#\/schema\/person\/e9f2de7e5dbbe7770a9402c7ce82f5c2"},"breadcrumb":{"@id":"https:\/\/macite.tg\/?p=6034#breadcrumb"},"inLanguage":"fr-FR","potentialAction":[{"@type":"ReadAction","target":["https:\/\/macite.tg\/?p=6034"]}]},{"@type":"ImageObject","inLanguage":"fr-FR","@id":"https:\/\/macite.tg\/?p=6034#primaryimage","url":"https:\/\/macite.tg\/wp-content\/uploads\/2023\/06\/IMG-20230601-WA0072.jpg","contentUrl":"https:\/\/macite.tg\/wp-content\/uploads\/2023\/06\/IMG-20230601-WA0072.jpg","width":1600,"height":1280},{"@type":"BreadcrumbList","@id":"https:\/\/macite.tg\/?p=6034#breadcrumb","itemListElement":[{"@type":"ListItem","position":1,"name":"Accueil","item":"https:\/\/macite.tg\/"},{"@type":"ListItem","position":2,"name":"N\u00c9CESSITE DE SOUVERAINET\u00c9 ALIMENTAIRE EN AFRIQUE\u00a0: Le Pr\u00e9sident Faure Gnassingb\u00e9 co-signe une tribune"}]},{"@type":"WebSite","@id":"https:\/\/macite.tg\/#website","url":"https:\/\/macite.tg\/","name":"","description":"L&#039;information, la bonne!!!","potentialAction":[{"@type":"SearchAction","target":{"@type":"EntryPoint","urlTemplate":"https:\/\/macite.tg\/?s={search_term_string}"},"query-input":{"@type":"PropertyValueSpecification","valueRequired":true,"valueName":"search_term_string"}}],"inLanguage":"fr-FR"},{"@type":"Person","@id":"https:\/\/macite.tg\/#\/schema\/person\/e9f2de7e5dbbe7770a9402c7ce82f5c2","name":"Jean Pierre BAWELA","image":{"@type":"ImageObject","inLanguage":"fr-FR","@id":"https:\/\/macite.tg\/wp-content\/uploads\/2023\/09\/WhatsApp-Image-2023-09-19-at-14.44.41-122x122.jpeg","url":"https:\/\/macite.tg\/wp-content\/uploads\/2023\/09\/WhatsApp-Image-2023-09-19-at-14.44.41-122x122.jpeg","contentUrl":"https:\/\/macite.tg\/wp-content\/uploads\/2023\/09\/WhatsApp-Image-2023-09-19-at-14.44.41-122x122.jpeg","caption":"Jean Pierre BAWELA"},"url":"https:\/\/macite.tg\/?author=2"}]}},"_links":{"self":[{"href":"https:\/\/macite.tg\/index.php?rest_route=\/wp\/v2\/posts\/6034","targetHints":{"allow":["GET"]}}],"collection":[{"href":"https:\/\/macite.tg\/index.php?rest_route=\/wp\/v2\/posts"}],"about":[{"href":"https:\/\/macite.tg\/index.php?rest_route=\/wp\/v2\/types\/post"}],"author":[{"embeddable":true,"href":"https:\/\/macite.tg\/index.php?rest_route=\/wp\/v2\/users\/2"}],"replies":[{"embeddable":true,"href":"https:\/\/macite.tg\/index.php?rest_route=%2Fwp%2Fv2%2Fcomments&post=6034"}],"version-history":[{"count":0,"href":"https:\/\/macite.tg\/index.php?rest_route=\/wp\/v2\/posts\/6034\/revisions"}],"wp:featuredmedia":[{"embeddable":true,"href":"https:\/\/macite.tg\/index.php?rest_route=\/wp\/v2\/media\/5989"}],"wp:attachment":[{"href":"https:\/\/macite.tg\/index.php?rest_route=%2Fwp%2Fv2%2Fmedia&parent=6034"}],"wp:term":[{"taxonomy":"category","embeddable":true,"href":"https:\/\/macite.tg\/index.php?rest_route=%2Fwp%2Fv2%2Fcategories&post=6034"},{"taxonomy":"post_tag","embeddable":true,"href":"https:\/\/macite.tg\/index.php?rest_route=%2Fwp%2Fv2%2Ftags&post=6034"}],"curies":[{"name":"wp","href":"https:\/\/api.w.org\/{rel}","templated":true}]}}