{"id":6030,"date":"2023-06-02T13:08:45","date_gmt":"2023-06-02T13:08:45","guid":{"rendered":"https:\/\/macite.tg\/?p=6030"},"modified":"2023-06-02T13:08:59","modified_gmt":"2023-06-02T13:08:59","slug":"conseil-des-ministres-du-1er-juin-partage-de-competences-partagees-entre-letat-et-les-communes-la-digitalisation-de-ladministration-insertion-professionnelle-des","status":"publish","type":"post","link":"https:\/\/macite.tg\/?p=6030","title":{"rendered":"CONSEIL DES MINISTRES DU 1ER JUIN\u00a0: Partage de comp\u00e9tences partag\u00e9es entre l\u2019Etat et les communes\u00a0; la digitalisation de l\u2019administration\u00a0; insertion professionnelle des personnes vivant avec un handicap, \u2026"},"content":{"rendered":"\n<p class=\"wp-block-paragraph\"><strong><em>L\u2019ensemble de l\u2019ex\u00e9cutif \u00e9tait r\u00e9uni, hier jeudi 1<sup>er<\/sup> juin, autour du Chef de l\u2019Etat, Faure Gnassingb\u00e9, pour des travaux en conseil des ministres.<\/em><\/strong><\/p>\n\n\n\n<p class=\"wp-block-paragraph\"><strong><em>Au menu, deux projets de d\u00e9cret et trois communications \u00e9cout\u00e9es sur divers sujets portant sur la gestion des comp\u00e9tences entre et l\u2019Etat et les communes dans plusieurs domaines (sant\u00e9 et hygi\u00e8ne publique, \u00e9ducation et formation professionnelle), le num\u00e9rique, le social, entre autres.<\/em><\/strong><\/p>\n\n\n\n<p class=\"wp-block-paragraph\"><strong><em>Pour ce qui est du premier axe des travaux portant sur la gestion des comp\u00e9tences entre l\u2019Etat et les communes, il va s\u2019en dire que c\u2019est la r\u00e9sultante du processus de d\u00e9centralisation qui doit aboutir dans les prochains mois \u00e0 des \u00e9lections r\u00e9gionales, donc \u00e0 l\u2019\u00e9rection des communes fortes et autonomes.&nbsp; Il est donc question pour l\u2019ex\u00e9cutif de \u00ab&nbsp;<\/em><\/strong><strong><em>clarifier les comp\u00e9tences respectives de l\u2019Etat et des communes&nbsp;\u00bb dans les domaines susmentionn\u00e9s.<\/em><\/strong><\/p>\n\n\n\n<p class=\"wp-block-paragraph\"><strong><em>Pour ce qui est de l\u2019acc\u00e9l\u00e9ration de la digitalisation de l\u2019administration, le gouvernement, conscient que le \u00ab&nbsp;num\u00e9rique est un vecteur important de croissance et de d\u00e9veloppement pour notre pays et est susceptible de contribuer \u00e0 l\u2019\u00e9mergence d\u2019une soci\u00e9t\u00e9 libre et protectrice des droits des citoyens, notamment en favorisant l\u2019acc\u00e8s de tous aux opportunit\u00e9s&nbsp;\u00bb, veut tout mettre en \u0153uvre pour \u00ab&nbsp;la r\u00e9alisation de cette ambition de modernisation de l\u2019administration au travers d\u2019une digitalisation accrue&nbsp;\u00bb.<\/em><\/strong><\/p>\n\n\n<div class=\"wp-block-image\">\n<figure class=\"aligncenter size-large is-resized\"><img loading=\"lazy\" decoding=\"async\" src=\"https:\/\/macite.tg\/wp-content\/uploads\/2023\/06\/Panneau-1-12m2-bis-1024x768.jpg\" alt=\"\" class=\"wp-image-6022\" width=\"650\" height=\"488\" srcset=\"https:\/\/macite.tg\/wp-content\/uploads\/2023\/06\/Panneau-1-12m2-bis-1024x768.jpg 1024w, https:\/\/macite.tg\/wp-content\/uploads\/2023\/06\/Panneau-1-12m2-bis-300x225.jpg 300w, https:\/\/macite.tg\/wp-content\/uploads\/2023\/06\/Panneau-1-12m2-bis-768x576.jpg 768w, https:\/\/macite.tg\/wp-content\/uploads\/2023\/06\/Panneau-1-12m2-bis-1536x1152.jpg 1536w, https:\/\/macite.tg\/wp-content\/uploads\/2023\/06\/Panneau-1-12m2-bis-2048x1536.jpg 2048w\" sizes=\"auto, (max-width: 650px) 100vw, 650px\" \/><\/figure>\n<\/div>\n\n\n<p class=\"wp-block-paragraph\"><strong><em>Dans ce sens, des instructions furent donn\u00e9es \u00ab&nbsp;<\/em><\/strong><strong><em>pour que les modalit\u00e9s pratiques et techniques des actions pr\u00e9vues soient analys\u00e9es dans une optique d\u2019une plus grande synergie ; d\u2019une coh\u00e9rence d\u2019ensemble, mais aussi d\u2019une plus grande efficience des projets et programmes dans le domaine de la digitalisation&nbsp;\u00bb\u2026<\/em><\/strong><\/p>\n\n\n\n<p class=\"wp-block-paragraph\"><strong><em>Dans les lignes qui suivent, retrouver l\u2019int\u00e9gralit\u00e9 du communiqu\u00e9 ayant sanctionn\u00e9 les travaux hier\u2026<\/em><\/strong><br><br><\/p>\n\n\n\n<p class=\"has-text-align-center wp-block-paragraph\"><strong>Communiqu\u00e9 du Conseil des Ministres &#8211; Lom\u00e9, jeudi 1er juin 2023<\/strong><\/p>\n\n\n\n<p class=\"wp-block-paragraph\">1. Le conseil des ministres s\u2019est r\u00e9uni ce jeudi 1er juin 2023 sous la pr\u00e9sidence de Son Excellence Monsieur Faure Essozimna GNASSINGBE, Pr\u00e9sident de la R\u00e9publique.<br>2. Le conseil a examin\u00e9 deux (02) projets de d\u00e9cret et \u00e9cout\u00e9 trois (03) communications.<\/p>\n\n\n\n<p class=\"wp-block-paragraph\"><br><strong>I. Au titre des projets de d\u00e9cret,<br><\/strong>3. Le conseil a examin\u00e9 deux projets de d\u00e9cret fixant les modalit\u00e9s d\u2019exercice des comp\u00e9tences partag\u00e9es entre l\u2019Etat et les communes dans les domaines (i) de la sant\u00e9 et de l\u2019hygi\u00e8ne publique puis (ii) de l\u2019\u00e9ducation et de la formation professionnelle.<br>4. Ces projets de d\u00e9cret visent \u00e0 clarifier les comp\u00e9tences respectives de l\u2019Etat et des communes dans les domaines susmentionn\u00e9s.<br>5. En effet, leur introduction intervient dans un contexte marqu\u00e9 par la volont\u00e9 du gouvernement de responsabiliser progressivement les collectivit\u00e9s territoriales dans<br>communication pr\u00e9sent\u00e9e par le ministre de l\u2019\u00e9conomie num\u00e9rique et de la transformation digitale.<br>11. Le num\u00e9rique est un vecteur important de croissance et de d\u00e9veloppement pour notre pays et est susceptible de contribuer \u00e0 l\u2019\u00e9mergence d\u2019une soci\u00e9t\u00e9 libre et protectrice des droits des citoyens, notamment en favorisant l\u2019acc\u00e8s de tous aux opportunit\u00e9s.<br>12. La pr\u00e9sente communication a pour objet de rendre compte des actions qui pourraient \u00eatre mises en \u0153uvre pour acc\u00e9l\u00e9rer la r\u00e9alisation des ambitions de modernisation de l\u2019administration au travers d\u2019une digitalisation accrue.<br>13. Le conseil a instruit pour que les modalit\u00e9s pratiques et techniques des actions pr\u00e9vues soient analys\u00e9es dans une optique d\u2019une plus grande synergie ; d\u2019une coh\u00e9rence d\u2019ensemble, mais aussi d\u2019une plus grande efficience des projets et programmes dans le domaine de la digitalisation.<br>14. Le conseil a ensuite \u00e9cout\u00e9 une communication relative \u00e0 la demande d\u2019accompagnement pour l\u2019insertion professionnelle des personnes vivant avec un handicap ; pr\u00e9sent\u00e9e par le ministre de l\u2019action sociale, de la promotion de la femme et de l\u2019alphab\u00e9tisation.<br>15. Depuis quelques ann\u00e9es, notre pays entreprend des actions cibl\u00e9es visant \u00e0 accompagner les personnes vivant avec un handicap dans leur cursus scolaire et de formation ainsi que dans leur acc\u00e8s au travail et \u00e0 l\u2019emploi.<\/p>\n\n\n\n<figure class=\"wp-block-image size-large\"><img loading=\"lazy\" decoding=\"async\" width=\"1024\" height=\"212\" src=\"https:\/\/macite.tg\/wp-content\/uploads\/2023\/06\/IMG-20230514-WA00962-1024x212.jpg\" alt=\"\" class=\"wp-image-5991\" srcset=\"https:\/\/macite.tg\/wp-content\/uploads\/2023\/06\/IMG-20230514-WA00962-1024x212.jpg 1024w, https:\/\/macite.tg\/wp-content\/uploads\/2023\/06\/IMG-20230514-WA00962-300x62.jpg 300w, https:\/\/macite.tg\/wp-content\/uploads\/2023\/06\/IMG-20230514-WA00962-768x159.jpg 768w, https:\/\/macite.tg\/wp-content\/uploads\/2023\/06\/IMG-20230514-WA00962-1536x318.jpg 1536w, https:\/\/macite.tg\/wp-content\/uploads\/2023\/06\/IMG-20230514-WA00962.jpg 1600w\" sizes=\"auto, (max-width: 1024px) 100vw, 1024px\" \/><\/figure>\n\n\n\n<p class=\"wp-block-paragraph\">16. Dans le souci d\u2019am\u00e9liorer la situation des dipl\u00f4m\u00e9s vivant avec un handicap, sans emploi, toutes cat\u00e9gories comprises, il s\u2019av\u00e8re indispensable que des actions puissent \u00eatre poursuivies afin de leur permettre de vivre dans la dignit\u00e9 et dans le respect des droits humains.<\/p>\n\n\n\n<p class=\"wp-block-paragraph\">Cette communication a ainsi permis de pr\u00e9senter la situation de ces concitoyens tout en proposant des pistes pour am\u00e9liorer leur insertion professionnelle.<br>Ceci conform\u00e9ment \u00e0 la vision d\u2019une inclusion totale de l\u2019ensemble des Togolais.<br>18. Le conseil a enfin \u00e9cout\u00e9 une communication relative aux r\u00e9sultats du leasing mis en \u0153uvre dans les laboratoires du CHU-SO ; pr\u00e9sent\u00e9e par le ministre de la sant\u00e9, de l\u2019hygi\u00e8ne publique et de l\u2019acc\u00e8s universel aux soins.<br>19. Sur la base de l\u2019\u00e9valuation quantifi\u00e9e des besoins en \u00e9quipements de laboratoires du CHU-SO, notre pays a fait recours au leasing reposant sur un contrat par lequel un fournisseur met \u00e0 disposition des \u00e9quipements, dont il assure le fonctionnement et la maintenance, tous frais pay\u00e9s par lui.<br>20. Les avantages tir\u00e9s par le CHU-SO de cette approche depuis sa mise en \u0153uvre en 2020 sont notamment l\u2019\u00e9largissement de la gamme des prestations soit 134 types d\u2019analyses aujourd\u2019hui contre 44 au d\u00e9part ainsi que la satisfaction des patients \u00e0 79% en d\u00e9cembre 2022 contre 56% en d\u00e9cembre 2019.<br>21. Cette pratique a ainsi produit des r\u00e9sultats tr\u00e8s encourageants permettant sa prochaine mise en \u0153uvre de mani\u00e8re plus large, dans la poursuite du renforcement de l\u2019inclusion et l\u2019harmonie sociales en garantissant la couverture sant\u00e9 \u00e0 tous.<\/p>\n\n\n\n<p class=\"wp-block-paragraph\"><strong>Fait \u00e0 Lom\u00e9, le 1er juin 2023<br>Le Conseil des Ministres<\/strong><\/p>\n\n\n\n<p class=\"wp-block-paragraph\"><strong><em>@macite.tg<\/em><\/strong><\/p>\n\n\n\n<p class=\"wp-block-paragraph\"><strong><em>E-mail&nbsp;: <\/em><\/strong><a href=\"mailto:maciteinfo@gmail.com\"><em>maciteinfo@gmail.com<\/em><\/a><strong><em>; <\/em><\/strong><a href=\"mailto:bawela1@gmail.com\"><em>bawela1@gmail.com<\/em><\/a><em><\/em><\/p>\n\n\n\n<p class=\"wp-block-paragraph\"><strong><em>Pour vos annonces, (publi)reportages, etc., joignez nous au (00228)91515309\/<strong>79872224 <\/strong>www.macite.tg, L\u2019information, la bonne&nbsp;!<\/em><\/strong><\/p>\n","protected":false},"excerpt":{"rendered":"<p class=\"text-justify mb-2\" >L\u2019ensemble de l\u2019ex\u00e9cutif \u00e9tait r\u00e9uni, hier jeudi 1er juin, autour du Chef de l\u2019Etat, Faure Gnassingb\u00e9, pour des travaux en conseil des ministres. Au menu, deux projets de d\u00e9cret et trois communications \u00e9cout\u00e9es sur divers sujets portant sur la gestion des comp\u00e9tences entre et l\u2019Etat [&hellip;]<\/p>\n","protected":false},"author":2,"featured_media":6031,"comment_status":"open","ping_status":"open","sticky":false,"template":"","format":"standard","meta":{"footnotes":""},"categories":[1],"tags":[],"class_list":["post-6030","post","type-post","status-publish","format-standard","has-post-thumbnail","hentry","category-politique"],"yoast_head":"<!-- This site is optimized with the Yoast SEO plugin v28.4 - https:\/\/yoast.com\/product\/yoast-seo-wordpress\/ -->\n<title>CONSEIL DES MINISTRES DU 1ER JUIN\u00a0: Partage de comp\u00e9tences partag\u00e9es entre l\u2019Etat et les communes\u00a0; la digitalisation de l\u2019administration\u00a0; insertion professionnelle des personnes vivant avec un handicap, \u2026 -<\/title>\n<meta name=\"robots\" content=\"index, follow, max-snippet:-1, max-image-preview:large, max-video-preview:-1\" \/>\n<link rel=\"canonical\" href=\"https:\/\/macite.tg\/?p=6030\" \/>\n<meta property=\"og:locale\" content=\"fr_FR\" \/>\n<meta property=\"og:type\" content=\"article\" \/>\n<meta property=\"og:title\" content=\"CONSEIL DES MINISTRES DU 1ER JUIN\u00a0: Partage de comp\u00e9tences partag\u00e9es entre l\u2019Etat et les communes\u00a0; la digitalisation de l\u2019administration\u00a0; insertion professionnelle des personnes vivant avec un handicap, \u2026 -\" \/>\n<meta property=\"og:description\" content=\"L\u2019ensemble de l\u2019ex\u00e9cutif \u00e9tait r\u00e9uni, hier jeudi 1er juin, autour du Chef de l\u2019Etat, Faure Gnassingb\u00e9, pour des travaux en conseil des ministres. Au menu, deux projets de d\u00e9cret et trois communications \u00e9cout\u00e9es sur divers sujets portant sur la gestion des comp\u00e9tences entre et l\u2019Etat [&hellip;]\" \/>\n<meta property=\"og:url\" content=\"https:\/\/macite.tg\/?p=6030\" \/>\n<meta property=\"article:published_time\" content=\"2023-06-02T13:08:45+00:00\" \/>\n<meta property=\"article:modified_time\" content=\"2023-06-02T13:08:59+00:00\" \/>\n<meta property=\"og:image\" content=\"https:\/\/macite.tg\/wp-content\/uploads\/2023\/06\/conseil_ministres_faure.jpg\" \/>\n\t<meta property=\"og:image:width\" content=\"640\" \/>\n\t<meta property=\"og:image:height\" content=\"426\" \/>\n\t<meta property=\"og:image:type\" content=\"image\/jpeg\" \/>\n<meta name=\"author\" content=\"Jean Pierre BAWELA\" \/>\n<meta name=\"twitter:card\" content=\"summary_large_image\" \/>\n<meta name=\"twitter:label1\" content=\"\u00c9crit par\" \/>\n\t<meta name=\"twitter:data1\" content=\"Jean Pierre BAWELA\" \/>\n\t<meta name=\"twitter:label2\" content=\"Dur\u00e9e de lecture estim\u00e9e\" \/>\n\t<meta name=\"twitter:data2\" content=\"5 minutes\" \/>\n<script type=\"application\/ld+json\" class=\"yoast-schema-graph\">{\"@context\":\"https:\\\/\\\/schema.org\",\"@graph\":[{\"@type\":\"Article\",\"@id\":\"https:\\\/\\\/macite.tg\\\/?p=6030#article\",\"isPartOf\":{\"@id\":\"https:\\\/\\\/macite.tg\\\/?p=6030\"},\"author\":{\"name\":\"Jean Pierre BAWELA\",\"@id\":\"https:\\\/\\\/macite.tg\\\/#\\\/schema\\\/person\\\/e9f2de7e5dbbe7770a9402c7ce82f5c2\"},\"headline\":\"CONSEIL DES MINISTRES DU 1ER JUIN\u00a0: Partage de comp\u00e9tences partag\u00e9es entre l\u2019Etat et les communes\u00a0; la digitalisation de l\u2019administration\u00a0; insertion professionnelle des personnes vivant avec un handicap, \u2026\",\"datePublished\":\"2023-06-02T13:08:45+00:00\",\"dateModified\":\"2023-06-02T13:08:59+00:00\",\"mainEntityOfPage\":{\"@id\":\"https:\\\/\\\/macite.tg\\\/?p=6030\"},\"wordCount\":1040,\"commentCount\":0,\"image\":{\"@id\":\"https:\\\/\\\/macite.tg\\\/?p=6030#primaryimage\"},\"thumbnailUrl\":\"https:\\\/\\\/macite.tg\\\/wp-content\\\/uploads\\\/2023\\\/06\\\/conseil_ministres_faure.jpg\",\"articleSection\":[\"POLITIQUE\"],\"inLanguage\":\"fr-FR\",\"potentialAction\":[{\"@type\":\"CommentAction\",\"name\":\"Comment\",\"target\":[\"https:\\\/\\\/macite.tg\\\/?p=6030#respond\"]}]},{\"@type\":\"WebPage\",\"@id\":\"https:\\\/\\\/macite.tg\\\/?p=6030\",\"url\":\"https:\\\/\\\/macite.tg\\\/?p=6030\",\"name\":\"CONSEIL DES MINISTRES DU 1ER JUIN\u00a0: Partage de comp\u00e9tences partag\u00e9es entre l\u2019Etat et les communes\u00a0; la digitalisation de l\u2019administration\u00a0; insertion professionnelle des personnes vivant avec un handicap, \u2026 -\",\"isPartOf\":{\"@id\":\"https:\\\/\\\/macite.tg\\\/#website\"},\"primaryImageOfPage\":{\"@id\":\"https:\\\/\\\/macite.tg\\\/?p=6030#primaryimage\"},\"image\":{\"@id\":\"https:\\\/\\\/macite.tg\\\/?p=6030#primaryimage\"},\"thumbnailUrl\":\"https:\\\/\\\/macite.tg\\\/wp-content\\\/uploads\\\/2023\\\/06\\\/conseil_ministres_faure.jpg\",\"datePublished\":\"2023-06-02T13:08:45+00:00\",\"dateModified\":\"2023-06-02T13:08:59+00:00\",\"author\":{\"@id\":\"https:\\\/\\\/macite.tg\\\/#\\\/schema\\\/person\\\/e9f2de7e5dbbe7770a9402c7ce82f5c2\"},\"breadcrumb\":{\"@id\":\"https:\\\/\\\/macite.tg\\\/?p=6030#breadcrumb\"},\"inLanguage\":\"fr-FR\",\"potentialAction\":[{\"@type\":\"ReadAction\",\"target\":[\"https:\\\/\\\/macite.tg\\\/?p=6030\"]}]},{\"@type\":\"ImageObject\",\"inLanguage\":\"fr-FR\",\"@id\":\"https:\\\/\\\/macite.tg\\\/?p=6030#primaryimage\",\"url\":\"https:\\\/\\\/macite.tg\\\/wp-content\\\/uploads\\\/2023\\\/06\\\/conseil_ministres_faure.jpg\",\"contentUrl\":\"https:\\\/\\\/macite.tg\\\/wp-content\\\/uploads\\\/2023\\\/06\\\/conseil_ministres_faure.jpg\",\"width\":640,\"height\":426},{\"@type\":\"BreadcrumbList\",\"@id\":\"https:\\\/\\\/macite.tg\\\/?p=6030#breadcrumb\",\"itemListElement\":[{\"@type\":\"ListItem\",\"position\":1,\"name\":\"Accueil\",\"item\":\"https:\\\/\\\/macite.tg\\\/\"},{\"@type\":\"ListItem\",\"position\":2,\"name\":\"CONSEIL DES MINISTRES DU 1ER JUIN\u00a0: Partage de comp\u00e9tences partag\u00e9es entre l\u2019Etat et les communes\u00a0; la digitalisation de l\u2019administration\u00a0; insertion professionnelle des personnes vivant avec un handicap, \u2026\"}]},{\"@type\":\"WebSite\",\"@id\":\"https:\\\/\\\/macite.tg\\\/#website\",\"url\":\"https:\\\/\\\/macite.tg\\\/\",\"name\":\"\",\"description\":\"L&#039;information, la bonne!!!\",\"potentialAction\":[{\"@type\":\"SearchAction\",\"target\":{\"@type\":\"EntryPoint\",\"urlTemplate\":\"https:\\\/\\\/macite.tg\\\/?s={search_term_string}\"},\"query-input\":{\"@type\":\"PropertyValueSpecification\",\"valueRequired\":true,\"valueName\":\"search_term_string\"}}],\"inLanguage\":\"fr-FR\"},{\"@type\":\"Person\",\"@id\":\"https:\\\/\\\/macite.tg\\\/#\\\/schema\\\/person\\\/e9f2de7e5dbbe7770a9402c7ce82f5c2\",\"name\":\"Jean Pierre BAWELA\",\"image\":{\"@type\":\"ImageObject\",\"inLanguage\":\"fr-FR\",\"@id\":\"https:\\\/\\\/macite.tg\\\/wp-content\\\/uploads\\\/2023\\\/09\\\/WhatsApp-Image-2023-09-19-at-14.44.41-122x122.jpeg\",\"url\":\"https:\\\/\\\/macite.tg\\\/wp-content\\\/uploads\\\/2023\\\/09\\\/WhatsApp-Image-2023-09-19-at-14.44.41-122x122.jpeg\",\"contentUrl\":\"https:\\\/\\\/macite.tg\\\/wp-content\\\/uploads\\\/2023\\\/09\\\/WhatsApp-Image-2023-09-19-at-14.44.41-122x122.jpeg\",\"caption\":\"Jean Pierre BAWELA\"},\"url\":\"https:\\\/\\\/macite.tg\\\/?author=2\"}]}<\/script>\n<!-- \/ Yoast SEO plugin. -->","yoast_head_json":{"title":"CONSEIL DES MINISTRES DU 1ER JUIN\u00a0: Partage de comp\u00e9tences partag\u00e9es entre l\u2019Etat et les communes\u00a0; la digitalisation de l\u2019administration\u00a0; insertion professionnelle des personnes vivant avec un handicap, \u2026 -","robots":{"index":"index","follow":"follow","max-snippet":"max-snippet:-1","max-image-preview":"max-image-preview:large","max-video-preview":"max-video-preview:-1"},"canonical":"https:\/\/macite.tg\/?p=6030","og_locale":"fr_FR","og_type":"article","og_title":"CONSEIL DES MINISTRES DU 1ER JUIN\u00a0: Partage de comp\u00e9tences partag\u00e9es entre l\u2019Etat et les communes\u00a0; la digitalisation de l\u2019administration\u00a0; insertion professionnelle des personnes vivant avec un handicap, \u2026 -","og_description":"L\u2019ensemble de l\u2019ex\u00e9cutif \u00e9tait r\u00e9uni, hier jeudi 1er juin, autour du Chef de l\u2019Etat, Faure Gnassingb\u00e9, pour des travaux en conseil des ministres. Au menu, deux projets de d\u00e9cret et trois communications \u00e9cout\u00e9es sur divers sujets portant sur la gestion des comp\u00e9tences entre et l\u2019Etat [&hellip;]","og_url":"https:\/\/macite.tg\/?p=6030","article_published_time":"2023-06-02T13:08:45+00:00","article_modified_time":"2023-06-02T13:08:59+00:00","og_image":[{"width":640,"height":426,"url":"https:\/\/macite.tg\/wp-content\/uploads\/2023\/06\/conseil_ministres_faure.jpg","type":"image\/jpeg"}],"author":"Jean Pierre BAWELA","twitter_card":"summary_large_image","twitter_misc":{"\u00c9crit par":"Jean Pierre BAWELA","Dur\u00e9e de lecture estim\u00e9e":"5 minutes"},"schema":{"@context":"https:\/\/schema.org","@graph":[{"@type":"Article","@id":"https:\/\/macite.tg\/?p=6030#article","isPartOf":{"@id":"https:\/\/macite.tg\/?p=6030"},"author":{"name":"Jean Pierre BAWELA","@id":"https:\/\/macite.tg\/#\/schema\/person\/e9f2de7e5dbbe7770a9402c7ce82f5c2"},"headline":"CONSEIL DES MINISTRES DU 1ER JUIN\u00a0: Partage de comp\u00e9tences partag\u00e9es entre l\u2019Etat et les communes\u00a0; la digitalisation de l\u2019administration\u00a0; insertion professionnelle des personnes vivant avec un handicap, \u2026","datePublished":"2023-06-02T13:08:45+00:00","dateModified":"2023-06-02T13:08:59+00:00","mainEntityOfPage":{"@id":"https:\/\/macite.tg\/?p=6030"},"wordCount":1040,"commentCount":0,"image":{"@id":"https:\/\/macite.tg\/?p=6030#primaryimage"},"thumbnailUrl":"https:\/\/macite.tg\/wp-content\/uploads\/2023\/06\/conseil_ministres_faure.jpg","articleSection":["POLITIQUE"],"inLanguage":"fr-FR","potentialAction":[{"@type":"CommentAction","name":"Comment","target":["https:\/\/macite.tg\/?p=6030#respond"]}]},{"@type":"WebPage","@id":"https:\/\/macite.tg\/?p=6030","url":"https:\/\/macite.tg\/?p=6030","name":"CONSEIL DES MINISTRES DU 1ER JUIN\u00a0: Partage de comp\u00e9tences partag\u00e9es entre l\u2019Etat et les communes\u00a0; la digitalisation de l\u2019administration\u00a0; insertion professionnelle des personnes vivant avec un handicap, \u2026 -","isPartOf":{"@id":"https:\/\/macite.tg\/#website"},"primaryImageOfPage":{"@id":"https:\/\/macite.tg\/?p=6030#primaryimage"},"image":{"@id":"https:\/\/macite.tg\/?p=6030#primaryimage"},"thumbnailUrl":"https:\/\/macite.tg\/wp-content\/uploads\/2023\/06\/conseil_ministres_faure.jpg","datePublished":"2023-06-02T13:08:45+00:00","dateModified":"2023-06-02T13:08:59+00:00","author":{"@id":"https:\/\/macite.tg\/#\/schema\/person\/e9f2de7e5dbbe7770a9402c7ce82f5c2"},"breadcrumb":{"@id":"https:\/\/macite.tg\/?p=6030#breadcrumb"},"inLanguage":"fr-FR","potentialAction":[{"@type":"ReadAction","target":["https:\/\/macite.tg\/?p=6030"]}]},{"@type":"ImageObject","inLanguage":"fr-FR","@id":"https:\/\/macite.tg\/?p=6030#primaryimage","url":"https:\/\/macite.tg\/wp-content\/uploads\/2023\/06\/conseil_ministres_faure.jpg","contentUrl":"https:\/\/macite.tg\/wp-content\/uploads\/2023\/06\/conseil_ministres_faure.jpg","width":640,"height":426},{"@type":"BreadcrumbList","@id":"https:\/\/macite.tg\/?p=6030#breadcrumb","itemListElement":[{"@type":"ListItem","position":1,"name":"Accueil","item":"https:\/\/macite.tg\/"},{"@type":"ListItem","position":2,"name":"CONSEIL DES MINISTRES DU 1ER JUIN\u00a0: Partage de comp\u00e9tences partag\u00e9es entre l\u2019Etat et les communes\u00a0; la digitalisation de l\u2019administration\u00a0; insertion professionnelle des personnes vivant avec un handicap, \u2026"}]},{"@type":"WebSite","@id":"https:\/\/macite.tg\/#website","url":"https:\/\/macite.tg\/","name":"","description":"L&#039;information, la bonne!!!","potentialAction":[{"@type":"SearchAction","target":{"@type":"EntryPoint","urlTemplate":"https:\/\/macite.tg\/?s={search_term_string}"},"query-input":{"@type":"PropertyValueSpecification","valueRequired":true,"valueName":"search_term_string"}}],"inLanguage":"fr-FR"},{"@type":"Person","@id":"https:\/\/macite.tg\/#\/schema\/person\/e9f2de7e5dbbe7770a9402c7ce82f5c2","name":"Jean Pierre BAWELA","image":{"@type":"ImageObject","inLanguage":"fr-FR","@id":"https:\/\/macite.tg\/wp-content\/uploads\/2023\/09\/WhatsApp-Image-2023-09-19-at-14.44.41-122x122.jpeg","url":"https:\/\/macite.tg\/wp-content\/uploads\/2023\/09\/WhatsApp-Image-2023-09-19-at-14.44.41-122x122.jpeg","contentUrl":"https:\/\/macite.tg\/wp-content\/uploads\/2023\/09\/WhatsApp-Image-2023-09-19-at-14.44.41-122x122.jpeg","caption":"Jean Pierre BAWELA"},"url":"https:\/\/macite.tg\/?author=2"}]}},"_links":{"self":[{"href":"https:\/\/macite.tg\/index.php?rest_route=\/wp\/v2\/posts\/6030","targetHints":{"allow":["GET"]}}],"collection":[{"href":"https:\/\/macite.tg\/index.php?rest_route=\/wp\/v2\/posts"}],"about":[{"href":"https:\/\/macite.tg\/index.php?rest_route=\/wp\/v2\/types\/post"}],"author":[{"embeddable":true,"href":"https:\/\/macite.tg\/index.php?rest_route=\/wp\/v2\/users\/2"}],"replies":[{"embeddable":true,"href":"https:\/\/macite.tg\/index.php?rest_route=%2Fwp%2Fv2%2Fcomments&post=6030"}],"version-history":[{"count":0,"href":"https:\/\/macite.tg\/index.php?rest_route=\/wp\/v2\/posts\/6030\/revisions"}],"wp:featuredmedia":[{"embeddable":true,"href":"https:\/\/macite.tg\/index.php?rest_route=\/wp\/v2\/media\/6031"}],"wp:attachment":[{"href":"https:\/\/macite.tg\/index.php?rest_route=%2Fwp%2Fv2%2Fmedia&parent=6030"}],"wp:term":[{"taxonomy":"category","embeddable":true,"href":"https:\/\/macite.tg\/index.php?rest_route=%2Fwp%2Fv2%2Fcategories&post=6030"},{"taxonomy":"post_tag","embeddable":true,"href":"https:\/\/macite.tg\/index.php?rest_route=%2Fwp%2Fv2%2Ftags&post=6030"}],"curies":[{"name":"wp","href":"https:\/\/api.w.org\/{rel}","templated":true}]}}