{"id":6019,"date":"2023-06-02T11:47:32","date_gmt":"2023-06-02T11:47:32","guid":{"rendered":"https:\/\/macite.tg\/?p=6019"},"modified":"2023-06-02T11:49:34","modified_gmt":"2023-06-02T11:49:34","slug":"senegal-09-morts-restriction-des-reseaux-sociaux-responsabilite-de-la-presse-bilan-dune-journee-dhier-macabre-gouvernement","status":"publish","type":"post","link":"https:\/\/macite.tg\/?p=6019","title":{"rendered":"S\u00c9N\u00c9GAL \/ 09 MORTS, RESTRICTION DES R\u00c9SEAUX SOCIAUX, RESPONSABILIT\u00c9 DE LA PRESSE : Bilan d\u2019une journ\u00e9e macabre d\u2019hier  (Gouvernement)"},"content":{"rendered":"\n<p class=\"wp-block-paragraph\"><strong><em>C\u2019est tard dans la soir\u00e9e du 1er juin que le ministre s\u00e9n\u00e9galais\u00a0 de l\u2019Int\u00e9rieur, Antoine F\u00e9lix Diome, a organis\u00e9 une conf\u00e9rence de presse en compagnie du porte-parole du gouvernement, Abdou Karim Fofana, et du ministre de la Communication, Moussa Bocar Thiam. Lors de cette sortie m\u00e9diatique, le ministre de l\u2019Int\u00e9rieur a dress\u00e9 un bilan tragique de cette journ\u00e9e sanglante.<\/em><\/strong><\/p>\n\n\n\n<p class=\"wp-block-paragraph\">Ces manifestations font suite \u00e0 la condamnation d\u2019Ousmane Sonko \u00e0 deux ans de prison ferme pour <em>\u00ab&nbsp;corruption de la jeunesse&nbsp;\u00bb.<\/em> De violentes manifestations ont \u00e9clat\u00e9, causant d\u2019importants d\u00e9g\u00e2ts mat\u00e9riels et entra\u00eenant la perte en vies humaines.<\/p>\n\n\n<div class=\"wp-block-image\">\n<figure class=\"aligncenter size-large is-resized\"><img loading=\"lazy\" decoding=\"async\" src=\"https:\/\/macite.tg\/wp-content\/uploads\/2023\/06\/Panneau-1-12m2-bis-1024x768.jpg\" alt=\"\" class=\"wp-image-6022\" width=\"605\" height=\"454\" srcset=\"https:\/\/macite.tg\/wp-content\/uploads\/2023\/06\/Panneau-1-12m2-bis-1024x768.jpg 1024w, https:\/\/macite.tg\/wp-content\/uploads\/2023\/06\/Panneau-1-12m2-bis-300x225.jpg 300w, https:\/\/macite.tg\/wp-content\/uploads\/2023\/06\/Panneau-1-12m2-bis-768x576.jpg 768w, https:\/\/macite.tg\/wp-content\/uploads\/2023\/06\/Panneau-1-12m2-bis-1536x1152.jpg 1536w, https:\/\/macite.tg\/wp-content\/uploads\/2023\/06\/Panneau-1-12m2-bis-2048x1536.jpg 2048w\" sizes=\"auto, (max-width: 605px) 100vw, 605px\" \/><\/figure>\n<\/div>\n\n\n<p class=\"wp-block-paragraph\">Voici la retranscription de l\u2019int\u00e9gralit\u00e9 de la d\u00e9claration du ministre de l\u2019Int\u00e9rieur, Antoine F\u00e9lix Diome.<\/p>\n\n\n\n<p class=\"wp-block-paragraph\"><em>&nbsp;\u00ab&nbsp;Suite \u00e0 un diff\u00e9rend opposant, une jeune s\u00e9n\u00e9galaise au chef du parti Pastef. Les juridictions de notre pays ont rendu un jugement ce jeudi 1er juin 2023. Nous avons constat\u00e9 avec regrets des violences ayant entra\u00een\u00e9 des destructions sur des biens publics et priv\u00e9s, et malheureusement neuf d\u00e9c\u00e8s, \u00e0 Dakar et Ziguinchor.<\/em><\/p>\n\n\n\n<p class=\"wp-block-paragraph\"><em>Au nom de son excellence. Monsieur le pr\u00e9sident de la r\u00e9publique, Macky Sall tenons \u00e0 exprimer nos sinc\u00e8res condol\u00e9ances aux familles des victimes en t\u00e9moignant de tout notre soutien aux personnes affect\u00e9es.&nbsp;\u00bb<\/em>, a t-il annonc\u00e9<\/p>\n\n\n\n<p class=\"wp-block-paragraph\">Et d\u2019ajouter : <em>\u00ab&nbsp;Par ailleurs, ayant constat\u00e9 sur les r\u00e9seaux sociaux, la diffusion de messages haineux et subversifs, l\u2019\u00c9tat du S\u00e9n\u00e9gal, en toute souverainet\u00e9 a d\u00e9cid\u00e9 de suspendre temporairement l\u2019usage de certaines applications digitales par lesquels se font des appels \u00e0 la violence et \u00e0 la haine.<\/em><\/p>\n\n\n\n<figure class=\"wp-block-image size-large\"><img loading=\"lazy\" decoding=\"async\" width=\"1024\" height=\"212\" src=\"https:\/\/macite.tg\/wp-content\/uploads\/2023\/06\/IMG-20230514-WA00962-1024x212.jpg\" alt=\"\" class=\"wp-image-5991\" srcset=\"https:\/\/macite.tg\/wp-content\/uploads\/2023\/06\/IMG-20230514-WA00962-1024x212.jpg 1024w, https:\/\/macite.tg\/wp-content\/uploads\/2023\/06\/IMG-20230514-WA00962-300x62.jpg 300w, https:\/\/macite.tg\/wp-content\/uploads\/2023\/06\/IMG-20230514-WA00962-768x159.jpg 768w, https:\/\/macite.tg\/wp-content\/uploads\/2023\/06\/IMG-20230514-WA00962-1536x318.jpg 1536w, https:\/\/macite.tg\/wp-content\/uploads\/2023\/06\/IMG-20230514-WA00962.jpg 1600w\" sizes=\"auto, (max-width: 1024px) 100vw, 1024px\" \/><\/figure>\n\n\n\n<p class=\"wp-block-paragraph\"><em>Nous rappelons aux m\u00e9dias l\u2019importance de respecter le code de la presse qui permet \u00e0 l\u2019autorit\u00e9 administrative de pr\u00e9venir ou de faire cesser toute atteinte \u00e0 la s\u00fbret\u00e9 de l\u2019\u00c9tat \u00e0 l\u2019int\u00e9grit\u00e9 du territoire national ou tout cas d\u2019incitation \u00e0 la haine, tout en appelant au calme et la s\u00e9r\u00e9nit\u00e9 de nos concitoyens. L\u2019\u00c9tat du S\u00e9n\u00e9gal a pris toutes les mesures pour garantir la s\u00e9curit\u00e9 des personnes vais biens.&nbsp;\u00bb.<\/em><\/p>\n\n\n\n<p class=\"wp-block-paragraph\"><strong>SeneNews<\/strong><\/p>\n\n\n\n<p class=\"wp-block-paragraph\"><strong><em>@macite.tg<\/em><\/strong><\/p>\n\n\n\n<p class=\"wp-block-paragraph\"><strong><em>E-mail&nbsp;: <\/em><\/strong><a href=\"mailto:maciteinfo@gmail.com\"><strong><em>maciteinfo@gmail.com<\/em><\/strong><\/a><strong><em>; <\/em><\/strong><a href=\"mailto:bawela1@gmail.com\"><strong><em>bawela1@gmail.com<\/em><\/strong><\/a><strong><em><\/em><\/strong><\/p>\n\n\n\n<p class=\"wp-block-paragraph\"><strong><em>Pour vos annonces, (publi)reportages, etc., joignez nous au (00228)91515309\/<strong>79872224 <\/strong>www.macite.tg, L\u2019information, la bonne&nbsp;!<\/em><\/strong><\/p>\n","protected":false},"excerpt":{"rendered":"<p class=\"text-justify mb-2\" >C\u2019est tard dans la soir\u00e9e du 1er juin que le ministre s\u00e9n\u00e9galais\u00a0 de l\u2019Int\u00e9rieur, Antoine F\u00e9lix Diome, a organis\u00e9 une conf\u00e9rence de presse en compagnie du porte-parole du gouvernement, Abdou Karim Fofana, et du ministre de la Communication, Moussa Bocar Thiam. Lors de cette sortie [&hellip;]<\/p>\n","protected":false},"author":2,"featured_media":6020,"comment_status":"open","ping_status":"open","sticky":false,"template":"","format":"standard","meta":{"footnotes":""},"categories":[20],"tags":[],"class_list":["post-6019","post","type-post","status-publish","format-standard","has-post-thumbnail","hentry","category-actualite"],"yoast_head":"<!-- This site is optimized with the Yoast SEO plugin v28.4 - https:\/\/yoast.com\/product\/yoast-seo-wordpress\/ -->\n<title>S\u00c9N\u00c9GAL \/ 09 MORTS, RESTRICTION DES R\u00c9SEAUX SOCIAUX, RESPONSABILIT\u00c9 DE LA PRESSE : Bilan d\u2019une journ\u00e9e macabre d\u2019hier (Gouvernement) -<\/title>\n<meta name=\"robots\" content=\"index, follow, max-snippet:-1, max-image-preview:large, max-video-preview:-1\" \/>\n<link rel=\"canonical\" href=\"https:\/\/macite.tg\/?p=6019\" \/>\n<meta property=\"og:locale\" content=\"fr_FR\" \/>\n<meta property=\"og:type\" content=\"article\" \/>\n<meta property=\"og:title\" content=\"S\u00c9N\u00c9GAL \/ 09 MORTS, RESTRICTION DES R\u00c9SEAUX SOCIAUX, RESPONSABILIT\u00c9 DE LA PRESSE : Bilan d\u2019une journ\u00e9e macabre d\u2019hier (Gouvernement) -\" \/>\n<meta property=\"og:description\" content=\"C\u2019est tard dans la soir\u00e9e du 1er juin que le ministre s\u00e9n\u00e9galais\u00a0 de l\u2019Int\u00e9rieur, Antoine F\u00e9lix Diome, a organis\u00e9 une conf\u00e9rence de presse en compagnie du porte-parole du gouvernement, Abdou Karim Fofana, et du ministre de la Communication, Moussa Bocar Thiam. Lors de cette sortie [&hellip;]\" \/>\n<meta property=\"og:url\" content=\"https:\/\/macite.tg\/?p=6019\" \/>\n<meta property=\"article:published_time\" content=\"2023-06-02T11:47:32+00:00\" \/>\n<meta property=\"article:modified_time\" content=\"2023-06-02T11:49:34+00:00\" \/>\n<meta property=\"og:image\" content=\"https:\/\/macite.tg\/wp-content\/uploads\/2023\/06\/70823846-49357201-423x337-1.jpg\" \/>\n\t<meta property=\"og:image:width\" content=\"423\" \/>\n\t<meta property=\"og:image:height\" content=\"337\" \/>\n\t<meta property=\"og:image:type\" content=\"image\/jpeg\" \/>\n<meta name=\"author\" content=\"Jean Pierre BAWELA\" \/>\n<meta name=\"twitter:card\" content=\"summary_large_image\" \/>\n<meta name=\"twitter:label1\" content=\"\u00c9crit par\" \/>\n\t<meta name=\"twitter:data1\" content=\"Jean Pierre BAWELA\" \/>\n\t<meta name=\"twitter:label2\" content=\"Dur\u00e9e de lecture estim\u00e9e\" \/>\n\t<meta name=\"twitter:data2\" content=\"2 minutes\" \/>\n<script type=\"application\/ld+json\" class=\"yoast-schema-graph\">{\"@context\":\"https:\\\/\\\/schema.org\",\"@graph\":[{\"@type\":\"Article\",\"@id\":\"https:\\\/\\\/macite.tg\\\/?p=6019#article\",\"isPartOf\":{\"@id\":\"https:\\\/\\\/macite.tg\\\/?p=6019\"},\"author\":{\"name\":\"Jean Pierre BAWELA\",\"@id\":\"https:\\\/\\\/macite.tg\\\/#\\\/schema\\\/person\\\/e9f2de7e5dbbe7770a9402c7ce82f5c2\"},\"headline\":\"S\u00c9N\u00c9GAL \\\/ 09 MORTS, RESTRICTION DES R\u00c9SEAUX SOCIAUX, RESPONSABILIT\u00c9 DE LA PRESSE : Bilan d\u2019une journ\u00e9e macabre d\u2019hier (Gouvernement)\",\"datePublished\":\"2023-06-02T11:47:32+00:00\",\"dateModified\":\"2023-06-02T11:49:34+00:00\",\"mainEntityOfPage\":{\"@id\":\"https:\\\/\\\/macite.tg\\\/?p=6019\"},\"wordCount\":416,\"commentCount\":0,\"image\":{\"@id\":\"https:\\\/\\\/macite.tg\\\/?p=6019#primaryimage\"},\"thumbnailUrl\":\"https:\\\/\\\/macite.tg\\\/wp-content\\\/uploads\\\/2023\\\/06\\\/70823846-49357201-423x337-1.jpg\",\"articleSection\":[\"ACTUALITE\"],\"inLanguage\":\"fr-FR\",\"potentialAction\":[{\"@type\":\"CommentAction\",\"name\":\"Comment\",\"target\":[\"https:\\\/\\\/macite.tg\\\/?p=6019#respond\"]}]},{\"@type\":\"WebPage\",\"@id\":\"https:\\\/\\\/macite.tg\\\/?p=6019\",\"url\":\"https:\\\/\\\/macite.tg\\\/?p=6019\",\"name\":\"S\u00c9N\u00c9GAL \\\/ 09 MORTS, RESTRICTION DES R\u00c9SEAUX SOCIAUX, RESPONSABILIT\u00c9 DE LA PRESSE : Bilan d\u2019une journ\u00e9e macabre d\u2019hier (Gouvernement) -\",\"isPartOf\":{\"@id\":\"https:\\\/\\\/macite.tg\\\/#website\"},\"primaryImageOfPage\":{\"@id\":\"https:\\\/\\\/macite.tg\\\/?p=6019#primaryimage\"},\"image\":{\"@id\":\"https:\\\/\\\/macite.tg\\\/?p=6019#primaryimage\"},\"thumbnailUrl\":\"https:\\\/\\\/macite.tg\\\/wp-content\\\/uploads\\\/2023\\\/06\\\/70823846-49357201-423x337-1.jpg\",\"datePublished\":\"2023-06-02T11:47:32+00:00\",\"dateModified\":\"2023-06-02T11:49:34+00:00\",\"author\":{\"@id\":\"https:\\\/\\\/macite.tg\\\/#\\\/schema\\\/person\\\/e9f2de7e5dbbe7770a9402c7ce82f5c2\"},\"breadcrumb\":{\"@id\":\"https:\\\/\\\/macite.tg\\\/?p=6019#breadcrumb\"},\"inLanguage\":\"fr-FR\",\"potentialAction\":[{\"@type\":\"ReadAction\",\"target\":[\"https:\\\/\\\/macite.tg\\\/?p=6019\"]}]},{\"@type\":\"ImageObject\",\"inLanguage\":\"fr-FR\",\"@id\":\"https:\\\/\\\/macite.tg\\\/?p=6019#primaryimage\",\"url\":\"https:\\\/\\\/macite.tg\\\/wp-content\\\/uploads\\\/2023\\\/06\\\/70823846-49357201-423x337-1.jpg\",\"contentUrl\":\"https:\\\/\\\/macite.tg\\\/wp-content\\\/uploads\\\/2023\\\/06\\\/70823846-49357201-423x337-1.jpg\",\"width\":423,\"height\":337},{\"@type\":\"BreadcrumbList\",\"@id\":\"https:\\\/\\\/macite.tg\\\/?p=6019#breadcrumb\",\"itemListElement\":[{\"@type\":\"ListItem\",\"position\":1,\"name\":\"Accueil\",\"item\":\"https:\\\/\\\/macite.tg\\\/\"},{\"@type\":\"ListItem\",\"position\":2,\"name\":\"S\u00c9N\u00c9GAL \\\/ 09 MORTS, RESTRICTION DES R\u00c9SEAUX SOCIAUX, RESPONSABILIT\u00c9 DE LA PRESSE : Bilan d\u2019une journ\u00e9e macabre d\u2019hier (Gouvernement)\"}]},{\"@type\":\"WebSite\",\"@id\":\"https:\\\/\\\/macite.tg\\\/#website\",\"url\":\"https:\\\/\\\/macite.tg\\\/\",\"name\":\"\",\"description\":\"L&#039;information, la bonne!!!\",\"potentialAction\":[{\"@type\":\"SearchAction\",\"target\":{\"@type\":\"EntryPoint\",\"urlTemplate\":\"https:\\\/\\\/macite.tg\\\/?s={search_term_string}\"},\"query-input\":{\"@type\":\"PropertyValueSpecification\",\"valueRequired\":true,\"valueName\":\"search_term_string\"}}],\"inLanguage\":\"fr-FR\"},{\"@type\":\"Person\",\"@id\":\"https:\\\/\\\/macite.tg\\\/#\\\/schema\\\/person\\\/e9f2de7e5dbbe7770a9402c7ce82f5c2\",\"name\":\"Jean Pierre BAWELA\",\"image\":{\"@type\":\"ImageObject\",\"inLanguage\":\"fr-FR\",\"@id\":\"https:\\\/\\\/macite.tg\\\/wp-content\\\/uploads\\\/2023\\\/09\\\/WhatsApp-Image-2023-09-19-at-14.44.41-122x122.jpeg\",\"url\":\"https:\\\/\\\/macite.tg\\\/wp-content\\\/uploads\\\/2023\\\/09\\\/WhatsApp-Image-2023-09-19-at-14.44.41-122x122.jpeg\",\"contentUrl\":\"https:\\\/\\\/macite.tg\\\/wp-content\\\/uploads\\\/2023\\\/09\\\/WhatsApp-Image-2023-09-19-at-14.44.41-122x122.jpeg\",\"caption\":\"Jean Pierre BAWELA\"},\"url\":\"https:\\\/\\\/macite.tg\\\/?author=2\"}]}<\/script>\n<!-- \/ Yoast SEO plugin. -->","yoast_head_json":{"title":"S\u00c9N\u00c9GAL \/ 09 MORTS, RESTRICTION DES R\u00c9SEAUX SOCIAUX, RESPONSABILIT\u00c9 DE LA PRESSE : Bilan d\u2019une journ\u00e9e macabre d\u2019hier (Gouvernement) -","robots":{"index":"index","follow":"follow","max-snippet":"max-snippet:-1","max-image-preview":"max-image-preview:large","max-video-preview":"max-video-preview:-1"},"canonical":"https:\/\/macite.tg\/?p=6019","og_locale":"fr_FR","og_type":"article","og_title":"S\u00c9N\u00c9GAL \/ 09 MORTS, RESTRICTION DES R\u00c9SEAUX SOCIAUX, RESPONSABILIT\u00c9 DE LA PRESSE : Bilan d\u2019une journ\u00e9e macabre d\u2019hier (Gouvernement) -","og_description":"C\u2019est tard dans la soir\u00e9e du 1er juin que le ministre s\u00e9n\u00e9galais\u00a0 de l\u2019Int\u00e9rieur, Antoine F\u00e9lix Diome, a organis\u00e9 une conf\u00e9rence de presse en compagnie du porte-parole du gouvernement, Abdou Karim Fofana, et du ministre de la Communication, Moussa Bocar Thiam. Lors de cette sortie [&hellip;]","og_url":"https:\/\/macite.tg\/?p=6019","article_published_time":"2023-06-02T11:47:32+00:00","article_modified_time":"2023-06-02T11:49:34+00:00","og_image":[{"width":423,"height":337,"url":"https:\/\/macite.tg\/wp-content\/uploads\/2023\/06\/70823846-49357201-423x337-1.jpg","type":"image\/jpeg"}],"author":"Jean Pierre BAWELA","twitter_card":"summary_large_image","twitter_misc":{"\u00c9crit par":"Jean Pierre BAWELA","Dur\u00e9e de lecture estim\u00e9e":"2 minutes"},"schema":{"@context":"https:\/\/schema.org","@graph":[{"@type":"Article","@id":"https:\/\/macite.tg\/?p=6019#article","isPartOf":{"@id":"https:\/\/macite.tg\/?p=6019"},"author":{"name":"Jean Pierre BAWELA","@id":"https:\/\/macite.tg\/#\/schema\/person\/e9f2de7e5dbbe7770a9402c7ce82f5c2"},"headline":"S\u00c9N\u00c9GAL \/ 09 MORTS, RESTRICTION DES R\u00c9SEAUX SOCIAUX, RESPONSABILIT\u00c9 DE LA PRESSE : Bilan d\u2019une journ\u00e9e macabre d\u2019hier (Gouvernement)","datePublished":"2023-06-02T11:47:32+00:00","dateModified":"2023-06-02T11:49:34+00:00","mainEntityOfPage":{"@id":"https:\/\/macite.tg\/?p=6019"},"wordCount":416,"commentCount":0,"image":{"@id":"https:\/\/macite.tg\/?p=6019#primaryimage"},"thumbnailUrl":"https:\/\/macite.tg\/wp-content\/uploads\/2023\/06\/70823846-49357201-423x337-1.jpg","articleSection":["ACTUALITE"],"inLanguage":"fr-FR","potentialAction":[{"@type":"CommentAction","name":"Comment","target":["https:\/\/macite.tg\/?p=6019#respond"]}]},{"@type":"WebPage","@id":"https:\/\/macite.tg\/?p=6019","url":"https:\/\/macite.tg\/?p=6019","name":"S\u00c9N\u00c9GAL \/ 09 MORTS, RESTRICTION DES R\u00c9SEAUX SOCIAUX, RESPONSABILIT\u00c9 DE LA PRESSE : Bilan d\u2019une journ\u00e9e macabre d\u2019hier (Gouvernement) -","isPartOf":{"@id":"https:\/\/macite.tg\/#website"},"primaryImageOfPage":{"@id":"https:\/\/macite.tg\/?p=6019#primaryimage"},"image":{"@id":"https:\/\/macite.tg\/?p=6019#primaryimage"},"thumbnailUrl":"https:\/\/macite.tg\/wp-content\/uploads\/2023\/06\/70823846-49357201-423x337-1.jpg","datePublished":"2023-06-02T11:47:32+00:00","dateModified":"2023-06-02T11:49:34+00:00","author":{"@id":"https:\/\/macite.tg\/#\/schema\/person\/e9f2de7e5dbbe7770a9402c7ce82f5c2"},"breadcrumb":{"@id":"https:\/\/macite.tg\/?p=6019#breadcrumb"},"inLanguage":"fr-FR","potentialAction":[{"@type":"ReadAction","target":["https:\/\/macite.tg\/?p=6019"]}]},{"@type":"ImageObject","inLanguage":"fr-FR","@id":"https:\/\/macite.tg\/?p=6019#primaryimage","url":"https:\/\/macite.tg\/wp-content\/uploads\/2023\/06\/70823846-49357201-423x337-1.jpg","contentUrl":"https:\/\/macite.tg\/wp-content\/uploads\/2023\/06\/70823846-49357201-423x337-1.jpg","width":423,"height":337},{"@type":"BreadcrumbList","@id":"https:\/\/macite.tg\/?p=6019#breadcrumb","itemListElement":[{"@type":"ListItem","position":1,"name":"Accueil","item":"https:\/\/macite.tg\/"},{"@type":"ListItem","position":2,"name":"S\u00c9N\u00c9GAL \/ 09 MORTS, RESTRICTION DES R\u00c9SEAUX SOCIAUX, RESPONSABILIT\u00c9 DE LA PRESSE : Bilan d\u2019une journ\u00e9e macabre d\u2019hier (Gouvernement)"}]},{"@type":"WebSite","@id":"https:\/\/macite.tg\/#website","url":"https:\/\/macite.tg\/","name":"","description":"L&#039;information, la bonne!!!","potentialAction":[{"@type":"SearchAction","target":{"@type":"EntryPoint","urlTemplate":"https:\/\/macite.tg\/?s={search_term_string}"},"query-input":{"@type":"PropertyValueSpecification","valueRequired":true,"valueName":"search_term_string"}}],"inLanguage":"fr-FR"},{"@type":"Person","@id":"https:\/\/macite.tg\/#\/schema\/person\/e9f2de7e5dbbe7770a9402c7ce82f5c2","name":"Jean Pierre BAWELA","image":{"@type":"ImageObject","inLanguage":"fr-FR","@id":"https:\/\/macite.tg\/wp-content\/uploads\/2023\/09\/WhatsApp-Image-2023-09-19-at-14.44.41-122x122.jpeg","url":"https:\/\/macite.tg\/wp-content\/uploads\/2023\/09\/WhatsApp-Image-2023-09-19-at-14.44.41-122x122.jpeg","contentUrl":"https:\/\/macite.tg\/wp-content\/uploads\/2023\/09\/WhatsApp-Image-2023-09-19-at-14.44.41-122x122.jpeg","caption":"Jean Pierre BAWELA"},"url":"https:\/\/macite.tg\/?author=2"}]}},"_links":{"self":[{"href":"https:\/\/macite.tg\/index.php?rest_route=\/wp\/v2\/posts\/6019","targetHints":{"allow":["GET"]}}],"collection":[{"href":"https:\/\/macite.tg\/index.php?rest_route=\/wp\/v2\/posts"}],"about":[{"href":"https:\/\/macite.tg\/index.php?rest_route=\/wp\/v2\/types\/post"}],"author":[{"embeddable":true,"href":"https:\/\/macite.tg\/index.php?rest_route=\/wp\/v2\/users\/2"}],"replies":[{"embeddable":true,"href":"https:\/\/macite.tg\/index.php?rest_route=%2Fwp%2Fv2%2Fcomments&post=6019"}],"version-history":[{"count":0,"href":"https:\/\/macite.tg\/index.php?rest_route=\/wp\/v2\/posts\/6019\/revisions"}],"wp:featuredmedia":[{"embeddable":true,"href":"https:\/\/macite.tg\/index.php?rest_route=\/wp\/v2\/media\/6020"}],"wp:attachment":[{"href":"https:\/\/macite.tg\/index.php?rest_route=%2Fwp%2Fv2%2Fmedia&parent=6019"}],"wp:term":[{"taxonomy":"category","embeddable":true,"href":"https:\/\/macite.tg\/index.php?rest_route=%2Fwp%2Fv2%2Fcategories&post=6019"},{"taxonomy":"post_tag","embeddable":true,"href":"https:\/\/macite.tg\/index.php?rest_route=%2Fwp%2Fv2%2Ftags&post=6019"}],"curies":[{"name":"wp","href":"https:\/\/api.w.org\/{rel}","templated":true}]}}