{"id":5987,"date":"2023-06-01T17:26:47","date_gmt":"2023-06-01T17:26:47","guid":{"rendered":"https:\/\/macite.tg\/?p=5987"},"modified":"2023-06-01T17:26:50","modified_gmt":"2023-06-01T17:26:50","slug":"acces-aux-engrais-en-afrique-le-president-faure-gnassingbe-reaffirme-son-engagement","status":"publish","type":"post","link":"https:\/\/macite.tg\/?p=5987","title":{"rendered":"ACC\u00c8S AUX ENGRAIS EN AFRIQUE\u00a0: Le Pr\u00e9sident Faure Gnassingb\u00e9 r\u00e9affirme son engagement"},"content":{"rendered":"\n<p class=\"wp-block-paragraph\"><strong><em>Le Chef de l\u2019Etat togolais, Faure Essozimna Gnassingb\u00e9, a une part active, le 31 mai dernier, \u00e0 la Table ronde de haut niveau sur la fertilisation et la sant\u00e9 des sols, sous le th\u00e8me \u00ab\u00a0Cultiver l\u2019avenir en nourrissant le sols\u00a0\u00bb. Une occasion saisie par le num\u00e9ro 1 togolais pour r\u00e9affirmer son engagement en faveur de l\u2019acc\u00e8s et la disponibilit\u00e9 des engrais pour les producteurs agricoles africains\u2026<\/em><\/strong><\/p>\n\n\n\n<p class=\"wp-block-paragraph\">Cette rencontre internationale organis\u00e9e par la Banque mondiale en collaboration avec la Communaut\u00e9 \u00c9conomique des \u00c9tats de l\u2019Afrique de l\u2019ouest (CEDEAO) a connu la participation remarquable du Pr\u00e9sident de la Guin\u00e9e Bissau, pr\u00e9sident en exercice de l\u2019instance sous r\u00e9gionale, Umaro Sissoco Embal\u00f3, du Pr\u00e9sident du Niger, Mohamed Bazoum, pr\u00e9sident en exercice de l\u2019UEMOA, des ministres d\u2019Etat du B\u00e9nin et de la C\u00f4te d\u2019Ivoire, du Commissaire de la CEDEAO, du Commissaire de l\u2019UEMOA, du Vice-pr\u00e9sident de la Banque mondiale pour l\u2019Afrique de l\u2019ouest et centrale, et du Directeur g\u00e9n\u00e9ral de l\u2019Office ch\u00e9rifien des phosphates (OCP).<\/p>\n\n\n<div class=\"wp-block-image\">\n<figure class=\"aligncenter size-large is-resized\"><img loading=\"lazy\" decoding=\"async\" src=\"https:\/\/macite.tg\/wp-content\/uploads\/2023\/06\/FxhxC_pWcAUSJ7O-1024x625.jpeg\" alt=\"\" class=\"wp-image-5990\" width=\"681\" height=\"415\" srcset=\"https:\/\/macite.tg\/wp-content\/uploads\/2023\/06\/FxhxC_pWcAUSJ7O-1024x625.jpeg 1024w, https:\/\/macite.tg\/wp-content\/uploads\/2023\/06\/FxhxC_pWcAUSJ7O-300x183.jpeg 300w, https:\/\/macite.tg\/wp-content\/uploads\/2023\/06\/FxhxC_pWcAUSJ7O-768x469.jpeg 768w, https:\/\/macite.tg\/wp-content\/uploads\/2023\/06\/FxhxC_pWcAUSJ7O-1536x938.jpeg 1536w, https:\/\/macite.tg\/wp-content\/uploads\/2023\/06\/FxhxC_pWcAUSJ7O.jpeg 1600w\" sizes=\"auto, (max-width: 681px) 100vw, 681px\" \/><figcaption class=\"wp-element-caption\"><strong><em>Photo de famille \u00e0 l&rsquo;issue des travaux.<\/em><\/strong><\/figcaption><\/figure>\n<\/div>\n\n\n<p class=\"wp-block-paragraph\">La pr\u00e9sence de ces acteurs engag\u00e9s pour faciliter l\u2019acc\u00e8s des engrais aux agriculteurs, confirme le leadership du chef de l\u2019Etat dans la mobilisation des ressources en faveur du secteur agricole et de la s\u00e9curit\u00e9 alimentaire sur le continent.<\/p>\n\n\n\n<p class=\"wp-block-paragraph\">En t\u00e9moigne l\u2019adoption d\u2019une feuille de route sur la sant\u00e9 des sols par les d\u00e9l\u00e9gations pays en pr\u00e9sence du Pr\u00e9sident Faure Essozimna Gnassingb\u00e9 et de ses homologues de la Guin\u00e9e Bissau et du Niger.<\/p>\n\n\n\n<p class=\"wp-block-paragraph\">A travers ce m\u00e9canisme, l\u2019instance sous-r\u00e9gion s\u2019engage \u00e0 am\u00e9liorer l\u2019acc\u00e8s aux engrais, tout en mettant l\u2019accent sur les cultures assurant la s\u00e9curit\u00e9 et la souverainet\u00e9 alimentaires des populations et la mise en \u0153uvre des actions prioritaires.<\/p>\n\n\n\n<p class=\"wp-block-paragraph\">Le Pr\u00e9sident de la R\u00e9publique a rappel\u00e9 les enjeux de la rencontre avant de proposer des pistes pour une meilleure mise en \u0153uvre de ce m\u00e9canisme innovant.<\/p>\n\n\n\n<p class=\"wp-block-paragraph\">Pour le chef de l\u2019Etat, l\u2019atteinte des objectifs de la feuille de route passe par non seulement une planification mais aussi par une vision sous r\u00e9gionale concert\u00e9e.<\/p>\n\n\n\n<p class=\"wp-block-paragraph\">\u00ab&nbsp;<em>Face \u00e0 ce besoin de trouver un juste \u00e9quilibre, la planification et l\u2019implication de l\u2019\u00c9tat s\u2019imposent. C\u2019est pourquoi je suis favorable \u00e0 une planification r\u00e9gionale. Comme l\u2019illustre la Feuille de Route pr\u00e9sent\u00e9e ce jour, notre vision doit \u00eatre sous- r\u00e9gionale avant tout<\/em>&nbsp;\u00bb, a indiqu\u00e9 le chef de l\u2019Etat.<\/p>\n\n\n\n<p class=\"wp-block-paragraph\">Les pr\u00e9sidents de la Guin\u00e9e Bissau et du Niger ont salu\u00e9 l\u2019alignement de la vision du chef de l\u2019Etat sur la politique de l\u2019instance continentale et celle du Sahel. &nbsp;Ils ont r\u00e9affirm\u00e9 aux c\u00f4t\u00e9s du chef de l\u2019Etat leur engagement en faveur d\u2019une acc\u00e9l\u00e9ration des investissements et des r\u00e9formes pour rendre les engrais plus accessibles et plus abordables.<\/p>\n\n\n\n<figure class=\"wp-block-image size-large\"><img loading=\"lazy\" decoding=\"async\" width=\"1024\" height=\"212\" src=\"https:\/\/macite.tg\/wp-content\/uploads\/2023\/06\/IMG-20230514-WA00962-1024x212.jpg\" alt=\"\" class=\"wp-image-5991\" srcset=\"https:\/\/macite.tg\/wp-content\/uploads\/2023\/06\/IMG-20230514-WA00962-1024x212.jpg 1024w, https:\/\/macite.tg\/wp-content\/uploads\/2023\/06\/IMG-20230514-WA00962-300x62.jpg 300w, https:\/\/macite.tg\/wp-content\/uploads\/2023\/06\/IMG-20230514-WA00962-768x159.jpg 768w, https:\/\/macite.tg\/wp-content\/uploads\/2023\/06\/IMG-20230514-WA00962-1536x318.jpg 1536w, https:\/\/macite.tg\/wp-content\/uploads\/2023\/06\/IMG-20230514-WA00962.jpg 1600w\" sizes=\"auto, (max-width: 1024px) 100vw, 1024px\" \/><\/figure>\n\n\n\n<p class=\"wp-block-paragraph\">Ensemble, dans un appel \u00e0 renforcer la r\u00e9silience des syst\u00e8mes agricoles et alimentaires, les pays de la sous-r\u00e9gion ont approuv\u00e9 la D\u00e9claration de Lom\u00e9 portant sur une s\u00e9rie d\u2019objectifs et de mesures concr\u00e8tes pour faciliter l\u2019acc\u00e8s aux engrais et am\u00e9liorer la sant\u00e9 des sols en Afrique de l\u2019ouest et au Sahel.<\/p>\n\n\n\n<p class=\"wp-block-paragraph\">Convaincus par la pertinence de la feuille de route, les chefs d\u2019industrie et les partenaires au d\u00e9veloppement notamment la Banque mondiale, de l\u2019Agence R\u00e9gionale pour l\u2019Agriculture et l\u2019Alimentation en Afrique de l\u2019Ouest (ECOWAP) et l\u2019Office ch\u00e9rifien des phosphates (OCP) ont r\u00e9it\u00e9r\u00e9 volont\u00e9 d\u2019accompagner cette approche innovante et int\u00e9gr\u00e9e de la gestion durable de la fertilit\u00e9 des sols dans la sous-r\u00e9gion et au Sahel.<\/p>\n\n\n\n<p class=\"wp-block-paragraph\"><em>\u00ab&nbsp;En faveur des pays membres de la CEDEAO et avec les partenaires au d\u00e9veloppement, la Banque mondiale s\u2019engage \u00e0 accroitre leur soutien financier et technique pour une agriculture r\u00e9siliente porteuse de d\u00e9veloppement durable et cr\u00e9atrice d\u2019emplois. Nous travaillons avec les institutions africaines pour promouvoir la sant\u00e9 des sols et lutter contre l\u2019ins\u00e9curit\u00e9 alimentaire \u00bb, <\/em>a d\u00e9clar\u00e9 Ousmane Diagana, vice-pr\u00e9sident de la Banque mondiale pour l\u2019Afrique de l\u2019Ouest et du Centre.<\/p>\n\n\n\n<p class=\"wp-block-paragraph\">D\u2019ores et d\u00e9j\u00e0, l\u2019institution de Bretton Woods a annonc\u00e9 1,5 milliard de dollars suppl\u00e9mentaires dans le secteur de l\u2019agriculture d\u2019ici 2024, passant de 4 milliards d\u00e9j\u00e0 engag\u00e9s et en cours de mise en \u0153uvre \u00e0 5,5 milliards de dollars.&nbsp;<\/p>\n\n\n\n<p class=\"wp-block-paragraph\">Ce soutien continu de la Banque mondiale aux r\u00e9formes n\u00e9cessaires contribuera \u00e0 l\u2019am\u00e9lioration la sant\u00e9 des sols et au renforcement du secteur des engrais en mati\u00e8re de gestion des subventions, de contr\u00f4le de qualit\u00e9 et tra\u00e7abilit\u00e9 \u00e0 travers des op\u00e9rations de politique de d\u00e9veloppement et des projets de production d\u2019engrais verts.<\/p>\n\n\n\n<p class=\"wp-block-paragraph\"><strong>Source&nbsp;: presidence.gouv<\/strong><\/p>\n\n\n\n<p class=\"wp-block-paragraph\"><strong><em>@macite.tg&nbsp;&nbsp;&nbsp;&nbsp;&nbsp;&nbsp;&nbsp;&nbsp;<\/em><\/strong><\/p>\n\n\n\n<p class=\"wp-block-paragraph\"><strong><em>E-mail&nbsp;: <\/em><\/strong><a href=\"mailto:maciteinfo@gmail.com\"><strong><em>maciteinfo@gmail.com<\/em><\/strong><\/a><strong><em>; <\/em><\/strong><a href=\"mailto:bawela1@gmail.com\"><strong><em>bawela1@gmail.com<\/em><\/strong><\/a><strong><em> <\/em><\/strong><strong><em><\/em><\/strong><\/p>\n\n\n\n<p class=\"wp-block-paragraph\"><strong><em>Pour vos annonces, (publi)reportages, etc., joignez nous au (00228)91515309\/<strong>79872224 <\/strong>www.macite.tg, L\u2019information, la bonne&nbsp;!<\/em><\/strong><\/p>\n","protected":false},"excerpt":{"rendered":"<p class=\"text-justify mb-2\" >Le Chef de l\u2019Etat togolais, Faure Essozimna Gnassingb\u00e9, a une part active, le 31 mai dernier, \u00e0 la Table ronde de haut niveau sur la fertilisation et la sant\u00e9 des sols, sous le th\u00e8me \u00ab\u00a0Cultiver l\u2019avenir en nourrissant le sols\u00a0\u00bb. Une occasion saisie par le [&hellip;]<\/p>\n","protected":false},"author":2,"featured_media":5989,"comment_status":"open","ping_status":"open","sticky":false,"template":"","format":"standard","meta":{"footnotes":""},"categories":[20,22],"tags":[],"class_list":["post-5987","post","type-post","status-publish","format-standard","has-post-thumbnail","hentry","category-actualite","category-agriculture"],"yoast_head":"<!-- This site is optimized with the Yoast SEO plugin v28.4 - https:\/\/yoast.com\/product\/yoast-seo-wordpress\/ -->\n<title>ACC\u00c8S AUX ENGRAIS EN AFRIQUE\u00a0: Le Pr\u00e9sident Faure Gnassingb\u00e9 r\u00e9affirme son engagement -<\/title>\n<meta name=\"robots\" content=\"index, follow, max-snippet:-1, max-image-preview:large, max-video-preview:-1\" \/>\n<link rel=\"canonical\" href=\"https:\/\/macite.tg\/?p=5987\" \/>\n<meta property=\"og:locale\" content=\"fr_FR\" \/>\n<meta property=\"og:type\" content=\"article\" \/>\n<meta property=\"og:title\" content=\"ACC\u00c8S AUX ENGRAIS EN AFRIQUE\u00a0: Le Pr\u00e9sident Faure Gnassingb\u00e9 r\u00e9affirme son engagement -\" \/>\n<meta property=\"og:description\" content=\"Le Chef de l\u2019Etat togolais, Faure Essozimna Gnassingb\u00e9, a une part active, le 31 mai dernier, \u00e0 la Table ronde de haut niveau sur la fertilisation et la sant\u00e9 des sols, sous le th\u00e8me \u00ab\u00a0Cultiver l\u2019avenir en nourrissant le sols\u00a0\u00bb. Une occasion saisie par le [&hellip;]\" \/>\n<meta property=\"og:url\" content=\"https:\/\/macite.tg\/?p=5987\" \/>\n<meta property=\"article:published_time\" content=\"2023-06-01T17:26:47+00:00\" \/>\n<meta property=\"article:modified_time\" content=\"2023-06-01T17:26:50+00:00\" \/>\n<meta property=\"og:image\" content=\"https:\/\/macite.tg\/wp-content\/uploads\/2023\/06\/IMG-20230601-WA0072.jpg\" \/>\n\t<meta property=\"og:image:width\" content=\"1600\" \/>\n\t<meta property=\"og:image:height\" content=\"1280\" \/>\n\t<meta property=\"og:image:type\" content=\"image\/jpeg\" \/>\n<meta name=\"author\" content=\"Jean Pierre BAWELA\" \/>\n<meta name=\"twitter:card\" content=\"summary_large_image\" \/>\n<meta name=\"twitter:label1\" content=\"\u00c9crit par\" \/>\n\t<meta name=\"twitter:data1\" content=\"Jean Pierre BAWELA\" \/>\n\t<meta name=\"twitter:label2\" content=\"Dur\u00e9e de lecture estim\u00e9e\" \/>\n\t<meta name=\"twitter:data2\" content=\"4 minutes\" \/>\n<script type=\"application\/ld+json\" class=\"yoast-schema-graph\">{\"@context\":\"https:\\\/\\\/schema.org\",\"@graph\":[{\"@type\":\"Article\",\"@id\":\"https:\\\/\\\/macite.tg\\\/?p=5987#article\",\"isPartOf\":{\"@id\":\"https:\\\/\\\/macite.tg\\\/?p=5987\"},\"author\":{\"name\":\"Jean Pierre BAWELA\",\"@id\":\"https:\\\/\\\/macite.tg\\\/#\\\/schema\\\/person\\\/e9f2de7e5dbbe7770a9402c7ce82f5c2\"},\"headline\":\"ACC\u00c8S AUX ENGRAIS EN AFRIQUE\u00a0: Le Pr\u00e9sident Faure Gnassingb\u00e9 r\u00e9affirme son engagement\",\"datePublished\":\"2023-06-01T17:26:47+00:00\",\"dateModified\":\"2023-06-01T17:26:50+00:00\",\"mainEntityOfPage\":{\"@id\":\"https:\\\/\\\/macite.tg\\\/?p=5987\"},\"wordCount\":891,\"commentCount\":0,\"image\":{\"@id\":\"https:\\\/\\\/macite.tg\\\/?p=5987#primaryimage\"},\"thumbnailUrl\":\"https:\\\/\\\/macite.tg\\\/wp-content\\\/uploads\\\/2023\\\/06\\\/IMG-20230601-WA0072.jpg\",\"articleSection\":[\"ACTUALITE\",\"AGRICULTURE\"],\"inLanguage\":\"fr-FR\",\"potentialAction\":[{\"@type\":\"CommentAction\",\"name\":\"Comment\",\"target\":[\"https:\\\/\\\/macite.tg\\\/?p=5987#respond\"]}]},{\"@type\":\"WebPage\",\"@id\":\"https:\\\/\\\/macite.tg\\\/?p=5987\",\"url\":\"https:\\\/\\\/macite.tg\\\/?p=5987\",\"name\":\"ACC\u00c8S AUX ENGRAIS EN AFRIQUE\u00a0: Le Pr\u00e9sident Faure Gnassingb\u00e9 r\u00e9affirme son engagement -\",\"isPartOf\":{\"@id\":\"https:\\\/\\\/macite.tg\\\/#website\"},\"primaryImageOfPage\":{\"@id\":\"https:\\\/\\\/macite.tg\\\/?p=5987#primaryimage\"},\"image\":{\"@id\":\"https:\\\/\\\/macite.tg\\\/?p=5987#primaryimage\"},\"thumbnailUrl\":\"https:\\\/\\\/macite.tg\\\/wp-content\\\/uploads\\\/2023\\\/06\\\/IMG-20230601-WA0072.jpg\",\"datePublished\":\"2023-06-01T17:26:47+00:00\",\"dateModified\":\"2023-06-01T17:26:50+00:00\",\"author\":{\"@id\":\"https:\\\/\\\/macite.tg\\\/#\\\/schema\\\/person\\\/e9f2de7e5dbbe7770a9402c7ce82f5c2\"},\"breadcrumb\":{\"@id\":\"https:\\\/\\\/macite.tg\\\/?p=5987#breadcrumb\"},\"inLanguage\":\"fr-FR\",\"potentialAction\":[{\"@type\":\"ReadAction\",\"target\":[\"https:\\\/\\\/macite.tg\\\/?p=5987\"]}]},{\"@type\":\"ImageObject\",\"inLanguage\":\"fr-FR\",\"@id\":\"https:\\\/\\\/macite.tg\\\/?p=5987#primaryimage\",\"url\":\"https:\\\/\\\/macite.tg\\\/wp-content\\\/uploads\\\/2023\\\/06\\\/IMG-20230601-WA0072.jpg\",\"contentUrl\":\"https:\\\/\\\/macite.tg\\\/wp-content\\\/uploads\\\/2023\\\/06\\\/IMG-20230601-WA0072.jpg\",\"width\":1600,\"height\":1280},{\"@type\":\"BreadcrumbList\",\"@id\":\"https:\\\/\\\/macite.tg\\\/?p=5987#breadcrumb\",\"itemListElement\":[{\"@type\":\"ListItem\",\"position\":1,\"name\":\"Accueil\",\"item\":\"https:\\\/\\\/macite.tg\\\/\"},{\"@type\":\"ListItem\",\"position\":2,\"name\":\"ACC\u00c8S AUX ENGRAIS EN AFRIQUE\u00a0: Le Pr\u00e9sident Faure Gnassingb\u00e9 r\u00e9affirme son engagement\"}]},{\"@type\":\"WebSite\",\"@id\":\"https:\\\/\\\/macite.tg\\\/#website\",\"url\":\"https:\\\/\\\/macite.tg\\\/\",\"name\":\"\",\"description\":\"L&#039;information, la bonne!!!\",\"potentialAction\":[{\"@type\":\"SearchAction\",\"target\":{\"@type\":\"EntryPoint\",\"urlTemplate\":\"https:\\\/\\\/macite.tg\\\/?s={search_term_string}\"},\"query-input\":{\"@type\":\"PropertyValueSpecification\",\"valueRequired\":true,\"valueName\":\"search_term_string\"}}],\"inLanguage\":\"fr-FR\"},{\"@type\":\"Person\",\"@id\":\"https:\\\/\\\/macite.tg\\\/#\\\/schema\\\/person\\\/e9f2de7e5dbbe7770a9402c7ce82f5c2\",\"name\":\"Jean Pierre BAWELA\",\"image\":{\"@type\":\"ImageObject\",\"inLanguage\":\"fr-FR\",\"@id\":\"https:\\\/\\\/macite.tg\\\/wp-content\\\/uploads\\\/2023\\\/09\\\/WhatsApp-Image-2023-09-19-at-14.44.41-122x122.jpeg\",\"url\":\"https:\\\/\\\/macite.tg\\\/wp-content\\\/uploads\\\/2023\\\/09\\\/WhatsApp-Image-2023-09-19-at-14.44.41-122x122.jpeg\",\"contentUrl\":\"https:\\\/\\\/macite.tg\\\/wp-content\\\/uploads\\\/2023\\\/09\\\/WhatsApp-Image-2023-09-19-at-14.44.41-122x122.jpeg\",\"caption\":\"Jean Pierre BAWELA\"},\"url\":\"https:\\\/\\\/macite.tg\\\/?author=2\"}]}<\/script>\n<!-- \/ Yoast SEO plugin. -->","yoast_head_json":{"title":"ACC\u00c8S AUX ENGRAIS EN AFRIQUE\u00a0: Le Pr\u00e9sident Faure Gnassingb\u00e9 r\u00e9affirme son engagement -","robots":{"index":"index","follow":"follow","max-snippet":"max-snippet:-1","max-image-preview":"max-image-preview:large","max-video-preview":"max-video-preview:-1"},"canonical":"https:\/\/macite.tg\/?p=5987","og_locale":"fr_FR","og_type":"article","og_title":"ACC\u00c8S AUX ENGRAIS EN AFRIQUE\u00a0: Le Pr\u00e9sident Faure Gnassingb\u00e9 r\u00e9affirme son engagement -","og_description":"Le Chef de l\u2019Etat togolais, Faure Essozimna Gnassingb\u00e9, a une part active, le 31 mai dernier, \u00e0 la Table ronde de haut niveau sur la fertilisation et la sant\u00e9 des sols, sous le th\u00e8me \u00ab\u00a0Cultiver l\u2019avenir en nourrissant le sols\u00a0\u00bb. Une occasion saisie par le [&hellip;]","og_url":"https:\/\/macite.tg\/?p=5987","article_published_time":"2023-06-01T17:26:47+00:00","article_modified_time":"2023-06-01T17:26:50+00:00","og_image":[{"width":1600,"height":1280,"url":"https:\/\/macite.tg\/wp-content\/uploads\/2023\/06\/IMG-20230601-WA0072.jpg","type":"image\/jpeg"}],"author":"Jean Pierre BAWELA","twitter_card":"summary_large_image","twitter_misc":{"\u00c9crit par":"Jean Pierre BAWELA","Dur\u00e9e de lecture estim\u00e9e":"4 minutes"},"schema":{"@context":"https:\/\/schema.org","@graph":[{"@type":"Article","@id":"https:\/\/macite.tg\/?p=5987#article","isPartOf":{"@id":"https:\/\/macite.tg\/?p=5987"},"author":{"name":"Jean Pierre BAWELA","@id":"https:\/\/macite.tg\/#\/schema\/person\/e9f2de7e5dbbe7770a9402c7ce82f5c2"},"headline":"ACC\u00c8S AUX ENGRAIS EN AFRIQUE\u00a0: Le Pr\u00e9sident Faure Gnassingb\u00e9 r\u00e9affirme son engagement","datePublished":"2023-06-01T17:26:47+00:00","dateModified":"2023-06-01T17:26:50+00:00","mainEntityOfPage":{"@id":"https:\/\/macite.tg\/?p=5987"},"wordCount":891,"commentCount":0,"image":{"@id":"https:\/\/macite.tg\/?p=5987#primaryimage"},"thumbnailUrl":"https:\/\/macite.tg\/wp-content\/uploads\/2023\/06\/IMG-20230601-WA0072.jpg","articleSection":["ACTUALITE","AGRICULTURE"],"inLanguage":"fr-FR","potentialAction":[{"@type":"CommentAction","name":"Comment","target":["https:\/\/macite.tg\/?p=5987#respond"]}]},{"@type":"WebPage","@id":"https:\/\/macite.tg\/?p=5987","url":"https:\/\/macite.tg\/?p=5987","name":"ACC\u00c8S AUX ENGRAIS EN AFRIQUE\u00a0: Le Pr\u00e9sident Faure Gnassingb\u00e9 r\u00e9affirme son engagement -","isPartOf":{"@id":"https:\/\/macite.tg\/#website"},"primaryImageOfPage":{"@id":"https:\/\/macite.tg\/?p=5987#primaryimage"},"image":{"@id":"https:\/\/macite.tg\/?p=5987#primaryimage"},"thumbnailUrl":"https:\/\/macite.tg\/wp-content\/uploads\/2023\/06\/IMG-20230601-WA0072.jpg","datePublished":"2023-06-01T17:26:47+00:00","dateModified":"2023-06-01T17:26:50+00:00","author":{"@id":"https:\/\/macite.tg\/#\/schema\/person\/e9f2de7e5dbbe7770a9402c7ce82f5c2"},"breadcrumb":{"@id":"https:\/\/macite.tg\/?p=5987#breadcrumb"},"inLanguage":"fr-FR","potentialAction":[{"@type":"ReadAction","target":["https:\/\/macite.tg\/?p=5987"]}]},{"@type":"ImageObject","inLanguage":"fr-FR","@id":"https:\/\/macite.tg\/?p=5987#primaryimage","url":"https:\/\/macite.tg\/wp-content\/uploads\/2023\/06\/IMG-20230601-WA0072.jpg","contentUrl":"https:\/\/macite.tg\/wp-content\/uploads\/2023\/06\/IMG-20230601-WA0072.jpg","width":1600,"height":1280},{"@type":"BreadcrumbList","@id":"https:\/\/macite.tg\/?p=5987#breadcrumb","itemListElement":[{"@type":"ListItem","position":1,"name":"Accueil","item":"https:\/\/macite.tg\/"},{"@type":"ListItem","position":2,"name":"ACC\u00c8S AUX ENGRAIS EN AFRIQUE\u00a0: Le Pr\u00e9sident Faure Gnassingb\u00e9 r\u00e9affirme son engagement"}]},{"@type":"WebSite","@id":"https:\/\/macite.tg\/#website","url":"https:\/\/macite.tg\/","name":"","description":"L&#039;information, la bonne!!!","potentialAction":[{"@type":"SearchAction","target":{"@type":"EntryPoint","urlTemplate":"https:\/\/macite.tg\/?s={search_term_string}"},"query-input":{"@type":"PropertyValueSpecification","valueRequired":true,"valueName":"search_term_string"}}],"inLanguage":"fr-FR"},{"@type":"Person","@id":"https:\/\/macite.tg\/#\/schema\/person\/e9f2de7e5dbbe7770a9402c7ce82f5c2","name":"Jean Pierre BAWELA","image":{"@type":"ImageObject","inLanguage":"fr-FR","@id":"https:\/\/macite.tg\/wp-content\/uploads\/2023\/09\/WhatsApp-Image-2023-09-19-at-14.44.41-122x122.jpeg","url":"https:\/\/macite.tg\/wp-content\/uploads\/2023\/09\/WhatsApp-Image-2023-09-19-at-14.44.41-122x122.jpeg","contentUrl":"https:\/\/macite.tg\/wp-content\/uploads\/2023\/09\/WhatsApp-Image-2023-09-19-at-14.44.41-122x122.jpeg","caption":"Jean Pierre BAWELA"},"url":"https:\/\/macite.tg\/?author=2"}]}},"_links":{"self":[{"href":"https:\/\/macite.tg\/index.php?rest_route=\/wp\/v2\/posts\/5987","targetHints":{"allow":["GET"]}}],"collection":[{"href":"https:\/\/macite.tg\/index.php?rest_route=\/wp\/v2\/posts"}],"about":[{"href":"https:\/\/macite.tg\/index.php?rest_route=\/wp\/v2\/types\/post"}],"author":[{"embeddable":true,"href":"https:\/\/macite.tg\/index.php?rest_route=\/wp\/v2\/users\/2"}],"replies":[{"embeddable":true,"href":"https:\/\/macite.tg\/index.php?rest_route=%2Fwp%2Fv2%2Fcomments&post=5987"}],"version-history":[{"count":0,"href":"https:\/\/macite.tg\/index.php?rest_route=\/wp\/v2\/posts\/5987\/revisions"}],"wp:featuredmedia":[{"embeddable":true,"href":"https:\/\/macite.tg\/index.php?rest_route=\/wp\/v2\/media\/5989"}],"wp:attachment":[{"href":"https:\/\/macite.tg\/index.php?rest_route=%2Fwp%2Fv2%2Fmedia&parent=5987"}],"wp:term":[{"taxonomy":"category","embeddable":true,"href":"https:\/\/macite.tg\/index.php?rest_route=%2Fwp%2Fv2%2Fcategories&post=5987"},{"taxonomy":"post_tag","embeddable":true,"href":"https:\/\/macite.tg\/index.php?rest_route=%2Fwp%2Fv2%2Ftags&post=5987"}],"curies":[{"name":"wp","href":"https:\/\/api.w.org\/{rel}","templated":true}]}}