{"id":5986,"date":"2023-06-01T17:29:27","date_gmt":"2023-06-01T17:29:27","guid":{"rendered":"https:\/\/macite.tg\/?p=5986"},"modified":"2023-06-01T17:29:29","modified_gmt":"2023-06-01T17:29:29","slug":"table-ronde-sur-les-engrais-et-la-sante-des-sols-le-president-faure-gnassingbe-felicite-ses-pairs-presents-a-ses-cotes-a-lome","status":"publish","type":"post","link":"https:\/\/macite.tg\/?p=5986","title":{"rendered":"TABLE RONDE SUR LES ENGRAIS ET LA SANT\u00c9 DES SOLS\u00a0: Le Pr\u00e9sident Faure Gnassingb\u00e9 f\u00e9licite ses pairs pr\u00e9sents \u00e0 ses c\u00f4t\u00e9s \u00e0 Lom\u00e9"},"content":{"rendered":"\n<p class=\"wp-block-paragraph\"><strong><em>La table ronde de Lom\u00e9 sur les engrais et la sant\u00e9 des sols a connu la participation de plusieurs leaders ouest-africains. Cette rencontre de haut niveau qui a accouch\u00e9e d\u2019une feuille de route dans laquelle les chefs d\u2019Etat et ministres d\u2019Afrique de l\u2019Ouest r\u00e9affirment leur engagement\u00a0 en faveur d&rsquo;une acc\u00e9l\u00e9ration des investissements et des r\u00e9formes pour rendre les engrais plus accessibles et plus abordables.<\/em><\/strong><\/p>\n\n\n\n<p class=\"wp-block-paragraph\">Durant la table ronde de haut niveau organis\u00e9e, conjointement, par le l\u2019ex\u00e9cutif togolais, la Banque mondiale, et la Communaut\u00e9 \u00e9conomique des \u00c9tats d&rsquo;Afrique de l&rsquo;Ouest (CEDEAO), les Chefs d\u2019Etat et les ministres en charge de l\u2019Agriculture de l\u2019Afrique de l\u2019Ouest ont r\u00e9affirm\u00e9 leur engagement en faveur d&rsquo;une acc\u00e9l\u00e9ration des investissements et des r\u00e9formes pour rendre les engrais plus accessibles et plus abordables.<\/p>\n\n\n\n<p class=\"wp-block-paragraph\">Au lendemain de ce grand coup de maitre r\u00e9alis\u00e9 par le Chef de l\u2019Etat togolais, a adress\u00e9 un message de f\u00e9licitation \u00e0 ses pairs qui \u00e9taient pr\u00e9sents \u00e0 ces c\u00f4t\u00e9s \u00e0 Lom\u00e9.<\/p>\n\n\n\n<figure class=\"wp-block-image size-large\"><img loading=\"lazy\" decoding=\"async\" width=\"1024\" height=\"212\" src=\"https:\/\/macite.tg\/wp-content\/uploads\/2023\/06\/IMG-20230514-WA00962-1024x212.jpg\" alt=\"\" class=\"wp-image-5991\" srcset=\"https:\/\/macite.tg\/wp-content\/uploads\/2023\/06\/IMG-20230514-WA00962-1024x212.jpg 1024w, https:\/\/macite.tg\/wp-content\/uploads\/2023\/06\/IMG-20230514-WA00962-300x62.jpg 300w, https:\/\/macite.tg\/wp-content\/uploads\/2023\/06\/IMG-20230514-WA00962-768x159.jpg 768w, https:\/\/macite.tg\/wp-content\/uploads\/2023\/06\/IMG-20230514-WA00962-1536x318.jpg 1536w, https:\/\/macite.tg\/wp-content\/uploads\/2023\/06\/IMG-20230514-WA00962.jpg 1600w\" sizes=\"auto, (max-width: 1024px) 100vw, 1024px\" \/><\/figure>\n\n\n\n<p class=\"wp-block-paragraph\">Voici le contenu de son message post\u00e9 sur son compte Twetter&nbsp;:<\/p>\n\n\n\n<p class=\"wp-block-paragraph\"><em>\u00ab Chers homologues et fr\u00e8res,<\/em><\/p>\n\n\n\n<p class=\"wp-block-paragraph\"><em>@mohamedbazoum&nbsp; du #Niger et @USEmbalo&nbsp; de Guin\u00e9e Bissau, je vous adresse mes vifs remerciements pour votre pr\u00e9sence \u00e0 nos c\u00f4t\u00e9s ce 31.05.2023, \u00e0 l\u2019occasion de la Table ronde de #Lom\u00e9 sur les engrais et la sant\u00e9 des sols.<\/em><\/p>\n\n\n\n<p class=\"wp-block-paragraph\"><em>Ces remerciements vont \u00e9galement \u00e0 SEM @AOuattara_PRCI&nbsp; et SEM @PatriceTalonPR, qui ont \u00e9t\u00e9 repr\u00e9sent\u00e9s \u00e0 cette importante session.<\/em><\/p>\n\n\n\n<p class=\"wp-block-paragraph\"><em>La qualit\u00e9 des travaux et la convergence des vues sur les orientations de la Feuille de route sur les engrais et la sant\u00e9 des sols t\u00e9moignent de notre engagement commun \u00e0 soutenir la D\u00e9claration de Lom\u00e9. <\/em><em>#FloodSecurity&nbsp; #FeedTheSoil&nbsp;\u00bb.<\/em><\/p>\n\n\n\n<p class=\"wp-block-paragraph\"><strong><em>@macite.tg&nbsp;&nbsp;&nbsp;&nbsp;&nbsp;&nbsp;&nbsp;&nbsp;<\/em><\/strong><\/p>\n\n\n\n<p class=\"wp-block-paragraph\"><strong><em>E-mail&nbsp;: <\/em><\/strong><a href=\"mailto:maciteinfo@gmail.com\"><strong><em>maciteinfo@gmail.com<\/em><\/strong><\/a><strong><em>; <\/em><\/strong><a href=\"mailto:bawela1@gmail.com\"><strong><em>bawela1@gmail.com<\/em><\/strong><\/a><strong><em> <\/em><\/strong><strong><em><\/em><\/strong><\/p>\n\n\n\n<p class=\"wp-block-paragraph\"><strong><em>Pour vos annonces, (publi)reportages, etc., joignez nous au (00228)91515309\/<strong>79872224 <\/strong>www.macite.tg, L\u2019information, la bonne&nbsp;!<\/em><\/strong><\/p>\n","protected":false},"excerpt":{"rendered":"<p class=\"text-justify mb-2\" >La table ronde de Lom\u00e9 sur les engrais et la sant\u00e9 des sols a connu la participation de plusieurs leaders ouest-africains. Cette rencontre de haut niveau qui a accouch\u00e9e d\u2019une feuille de route dans laquelle les chefs d\u2019Etat et ministres d\u2019Afrique de l\u2019Ouest r\u00e9affirment leur [&hellip;]<\/p>\n","protected":false},"author":2,"featured_media":5993,"comment_status":"open","ping_status":"open","sticky":false,"template":"","format":"standard","meta":{"footnotes":""},"categories":[20,22],"tags":[],"class_list":["post-5986","post","type-post","status-publish","format-standard","has-post-thumbnail","hentry","category-actualite","category-agriculture"],"yoast_head":"<!-- This site is optimized with the Yoast SEO plugin v28.4 - https:\/\/yoast.com\/product\/yoast-seo-wordpress\/ -->\n<title>TABLE RONDE SUR LES ENGRAIS ET LA SANT\u00c9 DES SOLS\u00a0: Le Pr\u00e9sident Faure Gnassingb\u00e9 f\u00e9licite ses pairs pr\u00e9sents \u00e0 ses c\u00f4t\u00e9s \u00e0 Lom\u00e9 -<\/title>\n<meta name=\"robots\" content=\"index, follow, max-snippet:-1, max-image-preview:large, max-video-preview:-1\" \/>\n<link rel=\"canonical\" href=\"https:\/\/macite.tg\/?p=5986\" \/>\n<meta property=\"og:locale\" content=\"fr_FR\" \/>\n<meta property=\"og:type\" content=\"article\" \/>\n<meta property=\"og:title\" content=\"TABLE RONDE SUR LES ENGRAIS ET LA SANT\u00c9 DES SOLS\u00a0: Le Pr\u00e9sident Faure Gnassingb\u00e9 f\u00e9licite ses pairs pr\u00e9sents \u00e0 ses c\u00f4t\u00e9s \u00e0 Lom\u00e9 -\" \/>\n<meta property=\"og:description\" content=\"La table ronde de Lom\u00e9 sur les engrais et la sant\u00e9 des sols a connu la participation de plusieurs leaders ouest-africains. Cette rencontre de haut niveau qui a accouch\u00e9e d\u2019une feuille de route dans laquelle les chefs d\u2019Etat et ministres d\u2019Afrique de l\u2019Ouest r\u00e9affirment leur [&hellip;]\" \/>\n<meta property=\"og:url\" content=\"https:\/\/macite.tg\/?p=5986\" \/>\n<meta property=\"article:published_time\" content=\"2023-06-01T17:29:27+00:00\" \/>\n<meta property=\"article:modified_time\" content=\"2023-06-01T17:29:29+00:00\" \/>\n<meta property=\"og:image\" content=\"https:\/\/macite.tg\/wp-content\/uploads\/2023\/06\/FxhxDBeWAAAUfBP.jpeg\" \/>\n\t<meta property=\"og:image:width\" content=\"1600\" \/>\n\t<meta property=\"og:image:height\" content=\"1066\" \/>\n\t<meta property=\"og:image:type\" content=\"image\/jpeg\" \/>\n<meta name=\"author\" content=\"Jean Pierre BAWELA\" \/>\n<meta name=\"twitter:card\" content=\"summary_large_image\" \/>\n<meta name=\"twitter:label1\" content=\"\u00c9crit par\" \/>\n\t<meta name=\"twitter:data1\" content=\"Jean Pierre BAWELA\" \/>\n\t<meta name=\"twitter:label2\" content=\"Dur\u00e9e de lecture estim\u00e9e\" \/>\n\t<meta name=\"twitter:data2\" content=\"2 minutes\" \/>\n<script type=\"application\/ld+json\" class=\"yoast-schema-graph\">{\"@context\":\"https:\\\/\\\/schema.org\",\"@graph\":[{\"@type\":\"Article\",\"@id\":\"https:\\\/\\\/macite.tg\\\/?p=5986#article\",\"isPartOf\":{\"@id\":\"https:\\\/\\\/macite.tg\\\/?p=5986\"},\"author\":{\"name\":\"Jean Pierre BAWELA\",\"@id\":\"https:\\\/\\\/macite.tg\\\/#\\\/schema\\\/person\\\/e9f2de7e5dbbe7770a9402c7ce82f5c2\"},\"headline\":\"TABLE RONDE SUR LES ENGRAIS ET LA SANT\u00c9 DES SOLS\u00a0: Le Pr\u00e9sident Faure Gnassingb\u00e9 f\u00e9licite ses pairs pr\u00e9sents \u00e0 ses c\u00f4t\u00e9s \u00e0 Lom\u00e9\",\"datePublished\":\"2023-06-01T17:29:27+00:00\",\"dateModified\":\"2023-06-01T17:29:29+00:00\",\"mainEntityOfPage\":{\"@id\":\"https:\\\/\\\/macite.tg\\\/?p=5986\"},\"wordCount\":366,\"commentCount\":0,\"image\":{\"@id\":\"https:\\\/\\\/macite.tg\\\/?p=5986#primaryimage\"},\"thumbnailUrl\":\"https:\\\/\\\/macite.tg\\\/wp-content\\\/uploads\\\/2023\\\/06\\\/FxhxDBeWAAAUfBP.jpeg\",\"articleSection\":[\"ACTUALITE\",\"AGRICULTURE\"],\"inLanguage\":\"fr-FR\",\"potentialAction\":[{\"@type\":\"CommentAction\",\"name\":\"Comment\",\"target\":[\"https:\\\/\\\/macite.tg\\\/?p=5986#respond\"]}]},{\"@type\":\"WebPage\",\"@id\":\"https:\\\/\\\/macite.tg\\\/?p=5986\",\"url\":\"https:\\\/\\\/macite.tg\\\/?p=5986\",\"name\":\"TABLE RONDE SUR LES ENGRAIS ET LA SANT\u00c9 DES SOLS\u00a0: Le Pr\u00e9sident Faure Gnassingb\u00e9 f\u00e9licite ses pairs pr\u00e9sents \u00e0 ses c\u00f4t\u00e9s \u00e0 Lom\u00e9 -\",\"isPartOf\":{\"@id\":\"https:\\\/\\\/macite.tg\\\/#website\"},\"primaryImageOfPage\":{\"@id\":\"https:\\\/\\\/macite.tg\\\/?p=5986#primaryimage\"},\"image\":{\"@id\":\"https:\\\/\\\/macite.tg\\\/?p=5986#primaryimage\"},\"thumbnailUrl\":\"https:\\\/\\\/macite.tg\\\/wp-content\\\/uploads\\\/2023\\\/06\\\/FxhxDBeWAAAUfBP.jpeg\",\"datePublished\":\"2023-06-01T17:29:27+00:00\",\"dateModified\":\"2023-06-01T17:29:29+00:00\",\"author\":{\"@id\":\"https:\\\/\\\/macite.tg\\\/#\\\/schema\\\/person\\\/e9f2de7e5dbbe7770a9402c7ce82f5c2\"},\"breadcrumb\":{\"@id\":\"https:\\\/\\\/macite.tg\\\/?p=5986#breadcrumb\"},\"inLanguage\":\"fr-FR\",\"potentialAction\":[{\"@type\":\"ReadAction\",\"target\":[\"https:\\\/\\\/macite.tg\\\/?p=5986\"]}]},{\"@type\":\"ImageObject\",\"inLanguage\":\"fr-FR\",\"@id\":\"https:\\\/\\\/macite.tg\\\/?p=5986#primaryimage\",\"url\":\"https:\\\/\\\/macite.tg\\\/wp-content\\\/uploads\\\/2023\\\/06\\\/FxhxDBeWAAAUfBP.jpeg\",\"contentUrl\":\"https:\\\/\\\/macite.tg\\\/wp-content\\\/uploads\\\/2023\\\/06\\\/FxhxDBeWAAAUfBP.jpeg\",\"width\":1600,\"height\":1066},{\"@type\":\"BreadcrumbList\",\"@id\":\"https:\\\/\\\/macite.tg\\\/?p=5986#breadcrumb\",\"itemListElement\":[{\"@type\":\"ListItem\",\"position\":1,\"name\":\"Accueil\",\"item\":\"https:\\\/\\\/macite.tg\\\/\"},{\"@type\":\"ListItem\",\"position\":2,\"name\":\"TABLE RONDE SUR LES ENGRAIS ET LA SANT\u00c9 DES SOLS\u00a0: Le Pr\u00e9sident Faure Gnassingb\u00e9 f\u00e9licite ses pairs pr\u00e9sents \u00e0 ses c\u00f4t\u00e9s \u00e0 Lom\u00e9\"}]},{\"@type\":\"WebSite\",\"@id\":\"https:\\\/\\\/macite.tg\\\/#website\",\"url\":\"https:\\\/\\\/macite.tg\\\/\",\"name\":\"\",\"description\":\"L&#039;information, la bonne!!!\",\"potentialAction\":[{\"@type\":\"SearchAction\",\"target\":{\"@type\":\"EntryPoint\",\"urlTemplate\":\"https:\\\/\\\/macite.tg\\\/?s={search_term_string}\"},\"query-input\":{\"@type\":\"PropertyValueSpecification\",\"valueRequired\":true,\"valueName\":\"search_term_string\"}}],\"inLanguage\":\"fr-FR\"},{\"@type\":\"Person\",\"@id\":\"https:\\\/\\\/macite.tg\\\/#\\\/schema\\\/person\\\/e9f2de7e5dbbe7770a9402c7ce82f5c2\",\"name\":\"Jean Pierre BAWELA\",\"image\":{\"@type\":\"ImageObject\",\"inLanguage\":\"fr-FR\",\"@id\":\"https:\\\/\\\/macite.tg\\\/wp-content\\\/uploads\\\/2023\\\/09\\\/WhatsApp-Image-2023-09-19-at-14.44.41-122x122.jpeg\",\"url\":\"https:\\\/\\\/macite.tg\\\/wp-content\\\/uploads\\\/2023\\\/09\\\/WhatsApp-Image-2023-09-19-at-14.44.41-122x122.jpeg\",\"contentUrl\":\"https:\\\/\\\/macite.tg\\\/wp-content\\\/uploads\\\/2023\\\/09\\\/WhatsApp-Image-2023-09-19-at-14.44.41-122x122.jpeg\",\"caption\":\"Jean Pierre BAWELA\"},\"url\":\"https:\\\/\\\/macite.tg\\\/?author=2\"}]}<\/script>\n<!-- \/ Yoast SEO plugin. -->","yoast_head_json":{"title":"TABLE RONDE SUR LES ENGRAIS ET LA SANT\u00c9 DES SOLS\u00a0: Le Pr\u00e9sident Faure Gnassingb\u00e9 f\u00e9licite ses pairs pr\u00e9sents \u00e0 ses c\u00f4t\u00e9s \u00e0 Lom\u00e9 -","robots":{"index":"index","follow":"follow","max-snippet":"max-snippet:-1","max-image-preview":"max-image-preview:large","max-video-preview":"max-video-preview:-1"},"canonical":"https:\/\/macite.tg\/?p=5986","og_locale":"fr_FR","og_type":"article","og_title":"TABLE RONDE SUR LES ENGRAIS ET LA SANT\u00c9 DES SOLS\u00a0: Le Pr\u00e9sident Faure Gnassingb\u00e9 f\u00e9licite ses pairs pr\u00e9sents \u00e0 ses c\u00f4t\u00e9s \u00e0 Lom\u00e9 -","og_description":"La table ronde de Lom\u00e9 sur les engrais et la sant\u00e9 des sols a connu la participation de plusieurs leaders ouest-africains. Cette rencontre de haut niveau qui a accouch\u00e9e d\u2019une feuille de route dans laquelle les chefs d\u2019Etat et ministres d\u2019Afrique de l\u2019Ouest r\u00e9affirment leur [&hellip;]","og_url":"https:\/\/macite.tg\/?p=5986","article_published_time":"2023-06-01T17:29:27+00:00","article_modified_time":"2023-06-01T17:29:29+00:00","og_image":[{"width":1600,"height":1066,"url":"https:\/\/macite.tg\/wp-content\/uploads\/2023\/06\/FxhxDBeWAAAUfBP.jpeg","type":"image\/jpeg"}],"author":"Jean Pierre BAWELA","twitter_card":"summary_large_image","twitter_misc":{"\u00c9crit par":"Jean Pierre BAWELA","Dur\u00e9e de lecture estim\u00e9e":"2 minutes"},"schema":{"@context":"https:\/\/schema.org","@graph":[{"@type":"Article","@id":"https:\/\/macite.tg\/?p=5986#article","isPartOf":{"@id":"https:\/\/macite.tg\/?p=5986"},"author":{"name":"Jean Pierre BAWELA","@id":"https:\/\/macite.tg\/#\/schema\/person\/e9f2de7e5dbbe7770a9402c7ce82f5c2"},"headline":"TABLE RONDE SUR LES ENGRAIS ET LA SANT\u00c9 DES SOLS\u00a0: Le Pr\u00e9sident Faure Gnassingb\u00e9 f\u00e9licite ses pairs pr\u00e9sents \u00e0 ses c\u00f4t\u00e9s \u00e0 Lom\u00e9","datePublished":"2023-06-01T17:29:27+00:00","dateModified":"2023-06-01T17:29:29+00:00","mainEntityOfPage":{"@id":"https:\/\/macite.tg\/?p=5986"},"wordCount":366,"commentCount":0,"image":{"@id":"https:\/\/macite.tg\/?p=5986#primaryimage"},"thumbnailUrl":"https:\/\/macite.tg\/wp-content\/uploads\/2023\/06\/FxhxDBeWAAAUfBP.jpeg","articleSection":["ACTUALITE","AGRICULTURE"],"inLanguage":"fr-FR","potentialAction":[{"@type":"CommentAction","name":"Comment","target":["https:\/\/macite.tg\/?p=5986#respond"]}]},{"@type":"WebPage","@id":"https:\/\/macite.tg\/?p=5986","url":"https:\/\/macite.tg\/?p=5986","name":"TABLE RONDE SUR LES ENGRAIS ET LA SANT\u00c9 DES SOLS\u00a0: Le Pr\u00e9sident Faure Gnassingb\u00e9 f\u00e9licite ses pairs pr\u00e9sents \u00e0 ses c\u00f4t\u00e9s \u00e0 Lom\u00e9 -","isPartOf":{"@id":"https:\/\/macite.tg\/#website"},"primaryImageOfPage":{"@id":"https:\/\/macite.tg\/?p=5986#primaryimage"},"image":{"@id":"https:\/\/macite.tg\/?p=5986#primaryimage"},"thumbnailUrl":"https:\/\/macite.tg\/wp-content\/uploads\/2023\/06\/FxhxDBeWAAAUfBP.jpeg","datePublished":"2023-06-01T17:29:27+00:00","dateModified":"2023-06-01T17:29:29+00:00","author":{"@id":"https:\/\/macite.tg\/#\/schema\/person\/e9f2de7e5dbbe7770a9402c7ce82f5c2"},"breadcrumb":{"@id":"https:\/\/macite.tg\/?p=5986#breadcrumb"},"inLanguage":"fr-FR","potentialAction":[{"@type":"ReadAction","target":["https:\/\/macite.tg\/?p=5986"]}]},{"@type":"ImageObject","inLanguage":"fr-FR","@id":"https:\/\/macite.tg\/?p=5986#primaryimage","url":"https:\/\/macite.tg\/wp-content\/uploads\/2023\/06\/FxhxDBeWAAAUfBP.jpeg","contentUrl":"https:\/\/macite.tg\/wp-content\/uploads\/2023\/06\/FxhxDBeWAAAUfBP.jpeg","width":1600,"height":1066},{"@type":"BreadcrumbList","@id":"https:\/\/macite.tg\/?p=5986#breadcrumb","itemListElement":[{"@type":"ListItem","position":1,"name":"Accueil","item":"https:\/\/macite.tg\/"},{"@type":"ListItem","position":2,"name":"TABLE RONDE SUR LES ENGRAIS ET LA SANT\u00c9 DES SOLS\u00a0: Le Pr\u00e9sident Faure Gnassingb\u00e9 f\u00e9licite ses pairs pr\u00e9sents \u00e0 ses c\u00f4t\u00e9s \u00e0 Lom\u00e9"}]},{"@type":"WebSite","@id":"https:\/\/macite.tg\/#website","url":"https:\/\/macite.tg\/","name":"","description":"L&#039;information, la bonne!!!","potentialAction":[{"@type":"SearchAction","target":{"@type":"EntryPoint","urlTemplate":"https:\/\/macite.tg\/?s={search_term_string}"},"query-input":{"@type":"PropertyValueSpecification","valueRequired":true,"valueName":"search_term_string"}}],"inLanguage":"fr-FR"},{"@type":"Person","@id":"https:\/\/macite.tg\/#\/schema\/person\/e9f2de7e5dbbe7770a9402c7ce82f5c2","name":"Jean Pierre BAWELA","image":{"@type":"ImageObject","inLanguage":"fr-FR","@id":"https:\/\/macite.tg\/wp-content\/uploads\/2023\/09\/WhatsApp-Image-2023-09-19-at-14.44.41-122x122.jpeg","url":"https:\/\/macite.tg\/wp-content\/uploads\/2023\/09\/WhatsApp-Image-2023-09-19-at-14.44.41-122x122.jpeg","contentUrl":"https:\/\/macite.tg\/wp-content\/uploads\/2023\/09\/WhatsApp-Image-2023-09-19-at-14.44.41-122x122.jpeg","caption":"Jean Pierre BAWELA"},"url":"https:\/\/macite.tg\/?author=2"}]}},"_links":{"self":[{"href":"https:\/\/macite.tg\/index.php?rest_route=\/wp\/v2\/posts\/5986","targetHints":{"allow":["GET"]}}],"collection":[{"href":"https:\/\/macite.tg\/index.php?rest_route=\/wp\/v2\/posts"}],"about":[{"href":"https:\/\/macite.tg\/index.php?rest_route=\/wp\/v2\/types\/post"}],"author":[{"embeddable":true,"href":"https:\/\/macite.tg\/index.php?rest_route=\/wp\/v2\/users\/2"}],"replies":[{"embeddable":true,"href":"https:\/\/macite.tg\/index.php?rest_route=%2Fwp%2Fv2%2Fcomments&post=5986"}],"version-history":[{"count":0,"href":"https:\/\/macite.tg\/index.php?rest_route=\/wp\/v2\/posts\/5986\/revisions"}],"wp:featuredmedia":[{"embeddable":true,"href":"https:\/\/macite.tg\/index.php?rest_route=\/wp\/v2\/media\/5993"}],"wp:attachment":[{"href":"https:\/\/macite.tg\/index.php?rest_route=%2Fwp%2Fv2%2Fmedia&parent=5986"}],"wp:term":[{"taxonomy":"category","embeddable":true,"href":"https:\/\/macite.tg\/index.php?rest_route=%2Fwp%2Fv2%2Fcategories&post=5986"},{"taxonomy":"post_tag","embeddable":true,"href":"https:\/\/macite.tg\/index.php?rest_route=%2Fwp%2Fv2%2Ftags&post=5986"}],"curies":[{"name":"wp","href":"https:\/\/api.w.org\/{rel}","templated":true}]}}