{"id":5985,"date":"2023-06-01T17:35:04","date_gmt":"2023-06-01T17:35:04","guid":{"rendered":"https:\/\/macite.tg\/?p=5985"},"modified":"2023-06-01T17:37:31","modified_gmt":"2023-06-01T17:37:31","slug":"saint-louis-louga-mbacke-dakar-bignona-les-senegalais-vent-debout-contre-un-enieme-acharnement-contre-ousmane-sonko","status":"publish","type":"post","link":"https:\/\/macite.tg\/?p=5985","title":{"rendered":"SAINT-LOUIS, LOUGA, MBACKE, DAKAR, BIGNONA\u2026\u00a0: Les S\u00e9n\u00e9galais, vent debout, contre un \u00e9ni\u00e8me acharnement contre Ousmane Sonko"},"content":{"rendered":"\n<p class=\"wp-block-paragraph\"><strong><em>Suite \u00e0 la condamnation d\u2019Ousmane Sonko pour corruption de jeunesse dans l\u2019affaire Adji Sarr apr\u00e8s avoir \u00e9t\u00e9 retenu con coupable de viol et de menaces de mort, de nombreux S\u00e9n\u00e9galais sont descendus dans la rue\u2026<\/em><\/strong><\/p>\n\n\n\n<p class=\"wp-block-paragraph\">Au Sud (Ziguinchor, Bignona\u2026), au Nord (Saint-Louis, Louga\u2026), au centre (Mback\u00e9) et dans la capitale (Rufisque, Pikine, UCAD, Parcelles Assainies, M\u00e9dina\u2026), les manifestations s\u2019intensifient depuis ce verdict.<\/p>\n\n\n\n<figure class=\"wp-block-image size-large\"><img loading=\"lazy\" decoding=\"async\" width=\"1024\" height=\"212\" src=\"https:\/\/macite.tg\/wp-content\/uploads\/2023\/06\/IMG-20230514-WA00962-1024x212.jpg\" alt=\"\" class=\"wp-image-5991\" srcset=\"https:\/\/macite.tg\/wp-content\/uploads\/2023\/06\/IMG-20230514-WA00962-1024x212.jpg 1024w, https:\/\/macite.tg\/wp-content\/uploads\/2023\/06\/IMG-20230514-WA00962-300x62.jpg 300w, https:\/\/macite.tg\/wp-content\/uploads\/2023\/06\/IMG-20230514-WA00962-768x159.jpg 768w, https:\/\/macite.tg\/wp-content\/uploads\/2023\/06\/IMG-20230514-WA00962-1536x318.jpg 1536w, https:\/\/macite.tg\/wp-content\/uploads\/2023\/06\/IMG-20230514-WA00962.jpg 1600w\" sizes=\"auto, (max-width: 1024px) 100vw, 1024px\" \/><\/figure>\n\n\n\n<p class=\"wp-block-paragraph\">C\u2019\u00e9tait pr\u00e9visible, apr\u00e8s la condamnation d\u2019Ousmane Sonko, plusieurs s\u00e9n\u00e9galais sont sortis dans les rues pour manifester. <em>\u00ab&nbsp;Lib\u00e9rer Ousmane Sonko&nbsp;!&nbsp;\u00bb,<\/em> c\u2019est le chant qu\u2019ils entonnent, brulant des pneus et cassant tout sur leur passage.<\/p>\n\n\n\n<p class=\"wp-block-paragraph\">Dans plusieurs localit\u00e9s, des S\u00e9n\u00e9galais affrontent les forces de l\u2019ordre, en col\u00e8re apr\u00e8s la condamnation \u00e0 2 ans de prison du leader de l\u2019opposition.<\/p>\n\n\n\n<figure class=\"wp-block-embed is-type-video is-provider-youtube wp-block-embed-youtube wp-embed-aspect-16-9 wp-has-aspect-ratio\"><div class=\"wp-block-embed__wrapper\">\nhttps:\/\/youtu.be\/fPZmnEyD1iM\n<\/div><\/figure>\n\n\n\n<p class=\"wp-block-paragraph\"><strong>SeneNews<\/strong><\/p>\n\n\n\n<p class=\"wp-block-paragraph\"><strong><em>@macite.tg&nbsp;&nbsp;&nbsp;&nbsp;&nbsp;&nbsp;&nbsp;&nbsp;<\/em><\/strong><\/p>\n\n\n\n<p class=\"wp-block-paragraph\"><strong><em>E-mail&nbsp;: <\/em><\/strong><a href=\"mailto:maciteinfo@gmail.com\"><strong><em>maciteinfo@gmail.com<\/em><\/strong><\/a><strong><em>; <\/em><\/strong><a href=\"mailto:bawela1@gmail.com\"><strong><em>bawela1@gmail.com<\/em><\/strong><\/a><strong><em><\/em><\/strong><\/p>\n\n\n\n<p class=\"wp-block-paragraph\"><strong><em>Pour vos annonces, (publi)reportages, etc., joignez nous au (00228)91515309\/<strong>79872224 <\/strong>www.macite.tg, L\u2019information, la bonne&nbsp;!<\/em><\/strong><\/p>\n","protected":false},"excerpt":{"rendered":"<p class=\"text-justify mb-2\" >Suite \u00e0 la condamnation d\u2019Ousmane Sonko pour corruption de jeunesse dans l\u2019affaire Adji Sarr apr\u00e8s avoir \u00e9t\u00e9 retenu con coupable de viol et de menaces de mort, de nombreux S\u00e9n\u00e9galais sont descendus dans la rue\u2026 Au Sud (Ziguinchor, Bignona\u2026), au Nord (Saint-Louis, Louga\u2026), au centre [&hellip;]<\/p>\n","protected":false},"author":2,"featured_media":5995,"comment_status":"open","ping_status":"open","sticky":false,"template":"","format":"standard","meta":{"footnotes":""},"categories":[20],"tags":[],"class_list":["post-5985","post","type-post","status-publish","format-standard","has-post-thumbnail","hentry","category-actualite"],"yoast_head":"<!-- This site is optimized with the Yoast SEO plugin v28.4 - https:\/\/yoast.com\/product\/yoast-seo-wordpress\/ -->\n<title>SAINT-LOUIS, LOUGA, MBACKE, DAKAR, BIGNONA\u2026\u00a0: Les S\u00e9n\u00e9galais, vent debout, contre un \u00e9ni\u00e8me acharnement contre Ousmane Sonko -<\/title>\n<meta name=\"robots\" content=\"index, follow, max-snippet:-1, max-image-preview:large, max-video-preview:-1\" \/>\n<link rel=\"canonical\" href=\"https:\/\/macite.tg\/?p=5985\" \/>\n<meta property=\"og:locale\" content=\"fr_FR\" \/>\n<meta property=\"og:type\" content=\"article\" \/>\n<meta property=\"og:title\" content=\"SAINT-LOUIS, LOUGA, MBACKE, DAKAR, BIGNONA\u2026\u00a0: Les S\u00e9n\u00e9galais, vent debout, contre un \u00e9ni\u00e8me acharnement contre Ousmane Sonko -\" \/>\n<meta property=\"og:description\" content=\"Suite \u00e0 la condamnation d\u2019Ousmane Sonko pour corruption de jeunesse dans l\u2019affaire Adji Sarr apr\u00e8s avoir \u00e9t\u00e9 retenu con coupable de viol et de menaces de mort, de nombreux S\u00e9n\u00e9galais sont descendus dans la rue\u2026 Au Sud (Ziguinchor, Bignona\u2026), au Nord (Saint-Louis, Louga\u2026), au centre [&hellip;]\" \/>\n<meta property=\"og:url\" content=\"https:\/\/macite.tg\/?p=5985\" \/>\n<meta property=\"article:published_time\" content=\"2023-06-01T17:35:04+00:00\" \/>\n<meta property=\"article:modified_time\" content=\"2023-06-01T17:37:31+00:00\" \/>\n<meta property=\"og:image\" content=\"https:\/\/macite.tg\/wp-content\/uploads\/2023\/06\/7852762825ae9155c54ab096216e94b8d58e331f.jpg\" \/>\n\t<meta property=\"og:image:width\" content=\"612\" \/>\n\t<meta property=\"og:image:height\" content=\"298\" \/>\n\t<meta property=\"og:image:type\" content=\"image\/jpeg\" \/>\n<meta name=\"author\" content=\"Jean Pierre BAWELA\" \/>\n<meta name=\"twitter:card\" content=\"summary_large_image\" \/>\n<meta name=\"twitter:label1\" content=\"\u00c9crit par\" \/>\n\t<meta name=\"twitter:data1\" content=\"Jean Pierre BAWELA\" \/>\n\t<meta name=\"twitter:label2\" content=\"Dur\u00e9e de lecture estim\u00e9e\" \/>\n\t<meta name=\"twitter:data2\" content=\"1 minute\" \/>\n<script type=\"application\/ld+json\" class=\"yoast-schema-graph\">{\"@context\":\"https:\\\/\\\/schema.org\",\"@graph\":[{\"@type\":\"Article\",\"@id\":\"https:\\\/\\\/macite.tg\\\/?p=5985#article\",\"isPartOf\":{\"@id\":\"https:\\\/\\\/macite.tg\\\/?p=5985\"},\"author\":{\"name\":\"Jean Pierre BAWELA\",\"@id\":\"https:\\\/\\\/macite.tg\\\/#\\\/schema\\\/person\\\/e9f2de7e5dbbe7770a9402c7ce82f5c2\"},\"headline\":\"SAINT-LOUIS, LOUGA, MBACKE, DAKAR, BIGNONA\u2026\u00a0: Les S\u00e9n\u00e9galais, vent debout, contre un \u00e9ni\u00e8me acharnement contre Ousmane Sonko\",\"datePublished\":\"2023-06-01T17:35:04+00:00\",\"dateModified\":\"2023-06-01T17:37:31+00:00\",\"mainEntityOfPage\":{\"@id\":\"https:\\\/\\\/macite.tg\\\/?p=5985\"},\"wordCount\":202,\"commentCount\":0,\"image\":{\"@id\":\"https:\\\/\\\/macite.tg\\\/?p=5985#primaryimage\"},\"thumbnailUrl\":\"https:\\\/\\\/macite.tg\\\/wp-content\\\/uploads\\\/2023\\\/06\\\/7852762825ae9155c54ab096216e94b8d58e331f.jpg\",\"articleSection\":[\"ACTUALITE\"],\"inLanguage\":\"fr-FR\",\"potentialAction\":[{\"@type\":\"CommentAction\",\"name\":\"Comment\",\"target\":[\"https:\\\/\\\/macite.tg\\\/?p=5985#respond\"]}]},{\"@type\":\"WebPage\",\"@id\":\"https:\\\/\\\/macite.tg\\\/?p=5985\",\"url\":\"https:\\\/\\\/macite.tg\\\/?p=5985\",\"name\":\"SAINT-LOUIS, LOUGA, MBACKE, DAKAR, BIGNONA\u2026\u00a0: Les S\u00e9n\u00e9galais, vent debout, contre un \u00e9ni\u00e8me acharnement contre Ousmane Sonko -\",\"isPartOf\":{\"@id\":\"https:\\\/\\\/macite.tg\\\/#website\"},\"primaryImageOfPage\":{\"@id\":\"https:\\\/\\\/macite.tg\\\/?p=5985#primaryimage\"},\"image\":{\"@id\":\"https:\\\/\\\/macite.tg\\\/?p=5985#primaryimage\"},\"thumbnailUrl\":\"https:\\\/\\\/macite.tg\\\/wp-content\\\/uploads\\\/2023\\\/06\\\/7852762825ae9155c54ab096216e94b8d58e331f.jpg\",\"datePublished\":\"2023-06-01T17:35:04+00:00\",\"dateModified\":\"2023-06-01T17:37:31+00:00\",\"author\":{\"@id\":\"https:\\\/\\\/macite.tg\\\/#\\\/schema\\\/person\\\/e9f2de7e5dbbe7770a9402c7ce82f5c2\"},\"breadcrumb\":{\"@id\":\"https:\\\/\\\/macite.tg\\\/?p=5985#breadcrumb\"},\"inLanguage\":\"fr-FR\",\"potentialAction\":[{\"@type\":\"ReadAction\",\"target\":[\"https:\\\/\\\/macite.tg\\\/?p=5985\"]}]},{\"@type\":\"ImageObject\",\"inLanguage\":\"fr-FR\",\"@id\":\"https:\\\/\\\/macite.tg\\\/?p=5985#primaryimage\",\"url\":\"https:\\\/\\\/macite.tg\\\/wp-content\\\/uploads\\\/2023\\\/06\\\/7852762825ae9155c54ab096216e94b8d58e331f.jpg\",\"contentUrl\":\"https:\\\/\\\/macite.tg\\\/wp-content\\\/uploads\\\/2023\\\/06\\\/7852762825ae9155c54ab096216e94b8d58e331f.jpg\",\"width\":612,\"height\":298},{\"@type\":\"BreadcrumbList\",\"@id\":\"https:\\\/\\\/macite.tg\\\/?p=5985#breadcrumb\",\"itemListElement\":[{\"@type\":\"ListItem\",\"position\":1,\"name\":\"Accueil\",\"item\":\"https:\\\/\\\/macite.tg\\\/\"},{\"@type\":\"ListItem\",\"position\":2,\"name\":\"SAINT-LOUIS, LOUGA, MBACKE, DAKAR, BIGNONA\u2026\u00a0: Les S\u00e9n\u00e9galais, vent debout, contre un \u00e9ni\u00e8me acharnement contre Ousmane Sonko\"}]},{\"@type\":\"WebSite\",\"@id\":\"https:\\\/\\\/macite.tg\\\/#website\",\"url\":\"https:\\\/\\\/macite.tg\\\/\",\"name\":\"\",\"description\":\"L&#039;information, la bonne!!!\",\"potentialAction\":[{\"@type\":\"SearchAction\",\"target\":{\"@type\":\"EntryPoint\",\"urlTemplate\":\"https:\\\/\\\/macite.tg\\\/?s={search_term_string}\"},\"query-input\":{\"@type\":\"PropertyValueSpecification\",\"valueRequired\":true,\"valueName\":\"search_term_string\"}}],\"inLanguage\":\"fr-FR\"},{\"@type\":\"Person\",\"@id\":\"https:\\\/\\\/macite.tg\\\/#\\\/schema\\\/person\\\/e9f2de7e5dbbe7770a9402c7ce82f5c2\",\"name\":\"Jean Pierre BAWELA\",\"image\":{\"@type\":\"ImageObject\",\"inLanguage\":\"fr-FR\",\"@id\":\"https:\\\/\\\/macite.tg\\\/wp-content\\\/uploads\\\/2023\\\/09\\\/WhatsApp-Image-2023-09-19-at-14.44.41-122x122.jpeg\",\"url\":\"https:\\\/\\\/macite.tg\\\/wp-content\\\/uploads\\\/2023\\\/09\\\/WhatsApp-Image-2023-09-19-at-14.44.41-122x122.jpeg\",\"contentUrl\":\"https:\\\/\\\/macite.tg\\\/wp-content\\\/uploads\\\/2023\\\/09\\\/WhatsApp-Image-2023-09-19-at-14.44.41-122x122.jpeg\",\"caption\":\"Jean Pierre BAWELA\"},\"url\":\"https:\\\/\\\/macite.tg\\\/?author=2\"}]}<\/script>\n<!-- \/ Yoast SEO plugin. -->","yoast_head_json":{"title":"SAINT-LOUIS, LOUGA, MBACKE, DAKAR, BIGNONA\u2026\u00a0: Les S\u00e9n\u00e9galais, vent debout, contre un \u00e9ni\u00e8me acharnement contre Ousmane Sonko -","robots":{"index":"index","follow":"follow","max-snippet":"max-snippet:-1","max-image-preview":"max-image-preview:large","max-video-preview":"max-video-preview:-1"},"canonical":"https:\/\/macite.tg\/?p=5985","og_locale":"fr_FR","og_type":"article","og_title":"SAINT-LOUIS, LOUGA, MBACKE, DAKAR, BIGNONA\u2026\u00a0: Les S\u00e9n\u00e9galais, vent debout, contre un \u00e9ni\u00e8me acharnement contre Ousmane Sonko -","og_description":"Suite \u00e0 la condamnation d\u2019Ousmane Sonko pour corruption de jeunesse dans l\u2019affaire Adji Sarr apr\u00e8s avoir \u00e9t\u00e9 retenu con coupable de viol et de menaces de mort, de nombreux S\u00e9n\u00e9galais sont descendus dans la rue\u2026 Au Sud (Ziguinchor, Bignona\u2026), au Nord (Saint-Louis, Louga\u2026), au centre [&hellip;]","og_url":"https:\/\/macite.tg\/?p=5985","article_published_time":"2023-06-01T17:35:04+00:00","article_modified_time":"2023-06-01T17:37:31+00:00","og_image":[{"width":612,"height":298,"url":"https:\/\/macite.tg\/wp-content\/uploads\/2023\/06\/7852762825ae9155c54ab096216e94b8d58e331f.jpg","type":"image\/jpeg"}],"author":"Jean Pierre BAWELA","twitter_card":"summary_large_image","twitter_misc":{"\u00c9crit par":"Jean Pierre BAWELA","Dur\u00e9e de lecture estim\u00e9e":"1 minute"},"schema":{"@context":"https:\/\/schema.org","@graph":[{"@type":"Article","@id":"https:\/\/macite.tg\/?p=5985#article","isPartOf":{"@id":"https:\/\/macite.tg\/?p=5985"},"author":{"name":"Jean Pierre BAWELA","@id":"https:\/\/macite.tg\/#\/schema\/person\/e9f2de7e5dbbe7770a9402c7ce82f5c2"},"headline":"SAINT-LOUIS, LOUGA, MBACKE, DAKAR, BIGNONA\u2026\u00a0: Les S\u00e9n\u00e9galais, vent debout, contre un \u00e9ni\u00e8me acharnement contre Ousmane Sonko","datePublished":"2023-06-01T17:35:04+00:00","dateModified":"2023-06-01T17:37:31+00:00","mainEntityOfPage":{"@id":"https:\/\/macite.tg\/?p=5985"},"wordCount":202,"commentCount":0,"image":{"@id":"https:\/\/macite.tg\/?p=5985#primaryimage"},"thumbnailUrl":"https:\/\/macite.tg\/wp-content\/uploads\/2023\/06\/7852762825ae9155c54ab096216e94b8d58e331f.jpg","articleSection":["ACTUALITE"],"inLanguage":"fr-FR","potentialAction":[{"@type":"CommentAction","name":"Comment","target":["https:\/\/macite.tg\/?p=5985#respond"]}]},{"@type":"WebPage","@id":"https:\/\/macite.tg\/?p=5985","url":"https:\/\/macite.tg\/?p=5985","name":"SAINT-LOUIS, LOUGA, MBACKE, DAKAR, BIGNONA\u2026\u00a0: Les S\u00e9n\u00e9galais, vent debout, contre un \u00e9ni\u00e8me acharnement contre Ousmane Sonko -","isPartOf":{"@id":"https:\/\/macite.tg\/#website"},"primaryImageOfPage":{"@id":"https:\/\/macite.tg\/?p=5985#primaryimage"},"image":{"@id":"https:\/\/macite.tg\/?p=5985#primaryimage"},"thumbnailUrl":"https:\/\/macite.tg\/wp-content\/uploads\/2023\/06\/7852762825ae9155c54ab096216e94b8d58e331f.jpg","datePublished":"2023-06-01T17:35:04+00:00","dateModified":"2023-06-01T17:37:31+00:00","author":{"@id":"https:\/\/macite.tg\/#\/schema\/person\/e9f2de7e5dbbe7770a9402c7ce82f5c2"},"breadcrumb":{"@id":"https:\/\/macite.tg\/?p=5985#breadcrumb"},"inLanguage":"fr-FR","potentialAction":[{"@type":"ReadAction","target":["https:\/\/macite.tg\/?p=5985"]}]},{"@type":"ImageObject","inLanguage":"fr-FR","@id":"https:\/\/macite.tg\/?p=5985#primaryimage","url":"https:\/\/macite.tg\/wp-content\/uploads\/2023\/06\/7852762825ae9155c54ab096216e94b8d58e331f.jpg","contentUrl":"https:\/\/macite.tg\/wp-content\/uploads\/2023\/06\/7852762825ae9155c54ab096216e94b8d58e331f.jpg","width":612,"height":298},{"@type":"BreadcrumbList","@id":"https:\/\/macite.tg\/?p=5985#breadcrumb","itemListElement":[{"@type":"ListItem","position":1,"name":"Accueil","item":"https:\/\/macite.tg\/"},{"@type":"ListItem","position":2,"name":"SAINT-LOUIS, LOUGA, MBACKE, DAKAR, BIGNONA\u2026\u00a0: Les S\u00e9n\u00e9galais, vent debout, contre un \u00e9ni\u00e8me acharnement contre Ousmane Sonko"}]},{"@type":"WebSite","@id":"https:\/\/macite.tg\/#website","url":"https:\/\/macite.tg\/","name":"","description":"L&#039;information, la bonne!!!","potentialAction":[{"@type":"SearchAction","target":{"@type":"EntryPoint","urlTemplate":"https:\/\/macite.tg\/?s={search_term_string}"},"query-input":{"@type":"PropertyValueSpecification","valueRequired":true,"valueName":"search_term_string"}}],"inLanguage":"fr-FR"},{"@type":"Person","@id":"https:\/\/macite.tg\/#\/schema\/person\/e9f2de7e5dbbe7770a9402c7ce82f5c2","name":"Jean Pierre BAWELA","image":{"@type":"ImageObject","inLanguage":"fr-FR","@id":"https:\/\/macite.tg\/wp-content\/uploads\/2023\/09\/WhatsApp-Image-2023-09-19-at-14.44.41-122x122.jpeg","url":"https:\/\/macite.tg\/wp-content\/uploads\/2023\/09\/WhatsApp-Image-2023-09-19-at-14.44.41-122x122.jpeg","contentUrl":"https:\/\/macite.tg\/wp-content\/uploads\/2023\/09\/WhatsApp-Image-2023-09-19-at-14.44.41-122x122.jpeg","caption":"Jean Pierre BAWELA"},"url":"https:\/\/macite.tg\/?author=2"}]}},"_links":{"self":[{"href":"https:\/\/macite.tg\/index.php?rest_route=\/wp\/v2\/posts\/5985","targetHints":{"allow":["GET"]}}],"collection":[{"href":"https:\/\/macite.tg\/index.php?rest_route=\/wp\/v2\/posts"}],"about":[{"href":"https:\/\/macite.tg\/index.php?rest_route=\/wp\/v2\/types\/post"}],"author":[{"embeddable":true,"href":"https:\/\/macite.tg\/index.php?rest_route=\/wp\/v2\/users\/2"}],"replies":[{"embeddable":true,"href":"https:\/\/macite.tg\/index.php?rest_route=%2Fwp%2Fv2%2Fcomments&post=5985"}],"version-history":[{"count":0,"href":"https:\/\/macite.tg\/index.php?rest_route=\/wp\/v2\/posts\/5985\/revisions"}],"wp:featuredmedia":[{"embeddable":true,"href":"https:\/\/macite.tg\/index.php?rest_route=\/wp\/v2\/media\/5995"}],"wp:attachment":[{"href":"https:\/\/macite.tg\/index.php?rest_route=%2Fwp%2Fv2%2Fmedia&parent=5985"}],"wp:term":[{"taxonomy":"category","embeddable":true,"href":"https:\/\/macite.tg\/index.php?rest_route=%2Fwp%2Fv2%2Fcategories&post=5985"},{"taxonomy":"post_tag","embeddable":true,"href":"https:\/\/macite.tg\/index.php?rest_route=%2Fwp%2Fv2%2Ftags&post=5985"}],"curies":[{"name":"wp","href":"https:\/\/api.w.org\/{rel}","templated":true}]}}