{"id":5951,"date":"2023-06-01T12:13:01","date_gmt":"2023-06-01T12:13:01","guid":{"rendered":"https:\/\/macite.tg\/?p=5951"},"modified":"2023-06-01T12:13:11","modified_gmt":"2023-06-01T12:13:11","slug":"3e-mandat-menaces-des-magistrats-maisons-brulees-la-reponse-de-macky-sall-au-dialogue-national","status":"publish","type":"post","link":"https:\/\/macite.tg\/?p=5951","title":{"rendered":"3E MANDAT, MENACES DES MAGISTRATS, MAISONS BR\u00dbL\u00c9ES : La r\u00e9ponse de Macky Sall au dialogue national"},"content":{"rendered":"\n<p class=\"wp-block-paragraph\"><strong><em>Au terme de l\u2019ouverture de la c\u00e9r\u00e9monie du dialogue national, le pr\u00e9sident Macky Sall a \u00e9voqu\u00e9 les menaces\u00a0perp\u00e9tr\u00e9es contre les magistrats, sans oublier les maisons des autorit\u00e9s qui sont des cibles pour certains manifestants. Autant, le chef de l\u2019Etat a lav\u00e9 \u00e0 grand eau les forces de l\u2019ordre.<\/em><\/strong><\/p>\n\n\n\n<p class=\"wp-block-paragraph\"><em>\u00ab Ils veulent amener l\u2019\u00e9tat \u00e0 d\u00e9missionner sur son autorit\u00e9 r\u00e9galienne.<\/em><\/p>\n\n\n\n<figure class=\"wp-block-image size-large\"><img loading=\"lazy\" decoding=\"async\" width=\"1024\" height=\"212\" src=\"https:\/\/macite.tg\/wp-content\/uploads\/2023\/05\/IMG-20230514-WA00962-1-1024x212.jpg\" alt=\"\" class=\"wp-image-5687\" srcset=\"https:\/\/macite.tg\/wp-content\/uploads\/2023\/05\/IMG-20230514-WA00962-1-1024x212.jpg 1024w, https:\/\/macite.tg\/wp-content\/uploads\/2023\/05\/IMG-20230514-WA00962-1-300x62.jpg 300w, https:\/\/macite.tg\/wp-content\/uploads\/2023\/05\/IMG-20230514-WA00962-1-768x159.jpg 768w, https:\/\/macite.tg\/wp-content\/uploads\/2023\/05\/IMG-20230514-WA00962-1-1536x318.jpg 1536w, https:\/\/macite.tg\/wp-content\/uploads\/2023\/05\/IMG-20230514-WA00962-1.jpg 1600w\" sizes=\"auto, (max-width: 1024px) 100vw, 1024px\" \/><\/figure>\n\n\n\n<p class=\"wp-block-paragraph\"><em>Faut faire confiance \u00e0 l\u2019\u00e9tat, \u00e0 la justice, et aux forces de l\u2019ordre. C\u2019est une illusion de penser que vous pouvez dormir tranquillement apr\u00e8s avoir brul\u00e9 les maisons des individus. Si une personne est emprisonn\u00e9e c\u2019est parce qu\u2019il a caus\u00e9 un d\u00e9lit \u00bb,<\/em> a d\u00e9clar\u00e9 Macky Sall.<\/p>\n\n\n\n<p class=\"wp-block-paragraph\"><strong><em>@macite.tg&nbsp;&nbsp;&nbsp;&nbsp;&nbsp;&nbsp;&nbsp;&nbsp;<\/em><\/strong><\/p>\n\n\n\n<p class=\"wp-block-paragraph\"><strong><em>E-mail&nbsp;: <\/em><\/strong><a href=\"mailto:maciteinfo@gmail.com\"><strong><em>maciteinfo@gmail.com<\/em><\/strong><\/a><strong><em>; <\/em><\/strong><a href=\"mailto:bawela1@gmail.com\"><strong><em>bawela1@gmail.com<\/em><\/strong><\/a><strong><em><\/em><\/strong><\/p>\n\n\n\n<p class=\"wp-block-paragraph\"><strong><em>Pour vos annonces, (publi)reportages, etc., joignez nous au (00228)91515309\/<strong>79872224 <\/strong>www.macite.tg, L\u2019information, la bonne&nbsp;!<\/em><\/strong><\/p>\n","protected":false},"excerpt":{"rendered":"<p class=\"text-justify mb-2\" >Au terme de l\u2019ouverture de la c\u00e9r\u00e9monie du dialogue national, le pr\u00e9sident Macky Sall a \u00e9voqu\u00e9 les menaces\u00a0perp\u00e9tr\u00e9es contre les magistrats, sans oublier les maisons des autorit\u00e9s qui sont des cibles pour certains manifestants. Autant, le chef de l\u2019Etat a lav\u00e9 \u00e0 grand eau les [&hellip;]<\/p>\n","protected":false},"author":2,"featured_media":5954,"comment_status":"open","ping_status":"open","sticky":false,"template":"","format":"standard","meta":{"footnotes":""},"categories":[20,1],"tags":[],"class_list":["post-5951","post","type-post","status-publish","format-standard","has-post-thumbnail","hentry","category-actualite","category-politique"],"yoast_head":"<!-- This site is optimized with the Yoast SEO plugin v28.4 - https:\/\/yoast.com\/product\/yoast-seo-wordpress\/ -->\n<title>3E MANDAT, MENACES DES MAGISTRATS, MAISONS BR\u00dbL\u00c9ES : La r\u00e9ponse de Macky Sall au dialogue national -<\/title>\n<meta name=\"robots\" content=\"index, follow, max-snippet:-1, max-image-preview:large, max-video-preview:-1\" \/>\n<link rel=\"canonical\" href=\"https:\/\/macite.tg\/?p=5951\" \/>\n<meta property=\"og:locale\" content=\"fr_FR\" \/>\n<meta property=\"og:type\" content=\"article\" \/>\n<meta property=\"og:title\" content=\"3E MANDAT, MENACES DES MAGISTRATS, MAISONS BR\u00dbL\u00c9ES : La r\u00e9ponse de Macky Sall au dialogue national -\" \/>\n<meta property=\"og:description\" content=\"Au terme de l\u2019ouverture de la c\u00e9r\u00e9monie du dialogue national, le pr\u00e9sident Macky Sall a \u00e9voqu\u00e9 les menaces\u00a0perp\u00e9tr\u00e9es contre les magistrats, sans oublier les maisons des autorit\u00e9s qui sont des cibles pour certains manifestants. Autant, le chef de l\u2019Etat a lav\u00e9 \u00e0 grand eau les [&hellip;]\" \/>\n<meta property=\"og:url\" content=\"https:\/\/macite.tg\/?p=5951\" \/>\n<meta property=\"article:published_time\" content=\"2023-06-01T12:13:01+00:00\" \/>\n<meta property=\"article:modified_time\" content=\"2023-06-01T12:13:11+00:00\" \/>\n<meta property=\"og:image\" content=\"https:\/\/macite.tg\/wp-content\/uploads\/2023\/06\/macky-sall-696x388-1.jpg\" \/>\n\t<meta property=\"og:image:width\" content=\"696\" \/>\n\t<meta property=\"og:image:height\" content=\"388\" \/>\n\t<meta property=\"og:image:type\" content=\"image\/jpeg\" \/>\n<meta name=\"author\" content=\"Jean Pierre BAWELA\" \/>\n<meta name=\"twitter:card\" content=\"summary_large_image\" \/>\n<meta name=\"twitter:label1\" content=\"\u00c9crit par\" \/>\n\t<meta name=\"twitter:data1\" content=\"Jean Pierre BAWELA\" \/>\n\t<meta name=\"twitter:label2\" content=\"Dur\u00e9e de lecture estim\u00e9e\" \/>\n\t<meta name=\"twitter:data2\" content=\"1 minute\" \/>\n<script type=\"application\/ld+json\" class=\"yoast-schema-graph\">{\"@context\":\"https:\\\/\\\/schema.org\",\"@graph\":[{\"@type\":\"Article\",\"@id\":\"https:\\\/\\\/macite.tg\\\/?p=5951#article\",\"isPartOf\":{\"@id\":\"https:\\\/\\\/macite.tg\\\/?p=5951\"},\"author\":{\"name\":\"Jean Pierre BAWELA\",\"@id\":\"https:\\\/\\\/macite.tg\\\/#\\\/schema\\\/person\\\/e9f2de7e5dbbe7770a9402c7ce82f5c2\"},\"headline\":\"3E MANDAT, MENACES DES MAGISTRATS, MAISONS BR\u00dbL\u00c9ES : La r\u00e9ponse de Macky Sall au dialogue national\",\"datePublished\":\"2023-06-01T12:13:01+00:00\",\"dateModified\":\"2023-06-01T12:13:11+00:00\",\"mainEntityOfPage\":{\"@id\":\"https:\\\/\\\/macite.tg\\\/?p=5951\"},\"wordCount\":175,\"commentCount\":0,\"image\":{\"@id\":\"https:\\\/\\\/macite.tg\\\/?p=5951#primaryimage\"},\"thumbnailUrl\":\"https:\\\/\\\/macite.tg\\\/wp-content\\\/uploads\\\/2023\\\/06\\\/macky-sall-696x388-1.jpg\",\"articleSection\":[\"ACTUALITE\",\"POLITIQUE\"],\"inLanguage\":\"fr-FR\",\"potentialAction\":[{\"@type\":\"CommentAction\",\"name\":\"Comment\",\"target\":[\"https:\\\/\\\/macite.tg\\\/?p=5951#respond\"]}]},{\"@type\":\"WebPage\",\"@id\":\"https:\\\/\\\/macite.tg\\\/?p=5951\",\"url\":\"https:\\\/\\\/macite.tg\\\/?p=5951\",\"name\":\"3E MANDAT, MENACES DES MAGISTRATS, MAISONS BR\u00dbL\u00c9ES : La r\u00e9ponse de Macky Sall au dialogue national -\",\"isPartOf\":{\"@id\":\"https:\\\/\\\/macite.tg\\\/#website\"},\"primaryImageOfPage\":{\"@id\":\"https:\\\/\\\/macite.tg\\\/?p=5951#primaryimage\"},\"image\":{\"@id\":\"https:\\\/\\\/macite.tg\\\/?p=5951#primaryimage\"},\"thumbnailUrl\":\"https:\\\/\\\/macite.tg\\\/wp-content\\\/uploads\\\/2023\\\/06\\\/macky-sall-696x388-1.jpg\",\"datePublished\":\"2023-06-01T12:13:01+00:00\",\"dateModified\":\"2023-06-01T12:13:11+00:00\",\"author\":{\"@id\":\"https:\\\/\\\/macite.tg\\\/#\\\/schema\\\/person\\\/e9f2de7e5dbbe7770a9402c7ce82f5c2\"},\"breadcrumb\":{\"@id\":\"https:\\\/\\\/macite.tg\\\/?p=5951#breadcrumb\"},\"inLanguage\":\"fr-FR\",\"potentialAction\":[{\"@type\":\"ReadAction\",\"target\":[\"https:\\\/\\\/macite.tg\\\/?p=5951\"]}]},{\"@type\":\"ImageObject\",\"inLanguage\":\"fr-FR\",\"@id\":\"https:\\\/\\\/macite.tg\\\/?p=5951#primaryimage\",\"url\":\"https:\\\/\\\/macite.tg\\\/wp-content\\\/uploads\\\/2023\\\/06\\\/macky-sall-696x388-1.jpg\",\"contentUrl\":\"https:\\\/\\\/macite.tg\\\/wp-content\\\/uploads\\\/2023\\\/06\\\/macky-sall-696x388-1.jpg\",\"width\":696,\"height\":388},{\"@type\":\"BreadcrumbList\",\"@id\":\"https:\\\/\\\/macite.tg\\\/?p=5951#breadcrumb\",\"itemListElement\":[{\"@type\":\"ListItem\",\"position\":1,\"name\":\"Accueil\",\"item\":\"https:\\\/\\\/macite.tg\\\/\"},{\"@type\":\"ListItem\",\"position\":2,\"name\":\"3E MANDAT, MENACES DES MAGISTRATS, MAISONS BR\u00dbL\u00c9ES : La r\u00e9ponse de Macky Sall au dialogue national\"}]},{\"@type\":\"WebSite\",\"@id\":\"https:\\\/\\\/macite.tg\\\/#website\",\"url\":\"https:\\\/\\\/macite.tg\\\/\",\"name\":\"\",\"description\":\"L&#039;information, la bonne!!!\",\"potentialAction\":[{\"@type\":\"SearchAction\",\"target\":{\"@type\":\"EntryPoint\",\"urlTemplate\":\"https:\\\/\\\/macite.tg\\\/?s={search_term_string}\"},\"query-input\":{\"@type\":\"PropertyValueSpecification\",\"valueRequired\":true,\"valueName\":\"search_term_string\"}}],\"inLanguage\":\"fr-FR\"},{\"@type\":\"Person\",\"@id\":\"https:\\\/\\\/macite.tg\\\/#\\\/schema\\\/person\\\/e9f2de7e5dbbe7770a9402c7ce82f5c2\",\"name\":\"Jean Pierre BAWELA\",\"image\":{\"@type\":\"ImageObject\",\"inLanguage\":\"fr-FR\",\"@id\":\"https:\\\/\\\/macite.tg\\\/wp-content\\\/uploads\\\/2023\\\/09\\\/WhatsApp-Image-2023-09-19-at-14.44.41-122x122.jpeg\",\"url\":\"https:\\\/\\\/macite.tg\\\/wp-content\\\/uploads\\\/2023\\\/09\\\/WhatsApp-Image-2023-09-19-at-14.44.41-122x122.jpeg\",\"contentUrl\":\"https:\\\/\\\/macite.tg\\\/wp-content\\\/uploads\\\/2023\\\/09\\\/WhatsApp-Image-2023-09-19-at-14.44.41-122x122.jpeg\",\"caption\":\"Jean Pierre BAWELA\"},\"url\":\"https:\\\/\\\/macite.tg\\\/?author=2\"}]}<\/script>\n<!-- \/ Yoast SEO plugin. -->","yoast_head_json":{"title":"3E MANDAT, MENACES DES MAGISTRATS, MAISONS BR\u00dbL\u00c9ES : La r\u00e9ponse de Macky Sall au dialogue national -","robots":{"index":"index","follow":"follow","max-snippet":"max-snippet:-1","max-image-preview":"max-image-preview:large","max-video-preview":"max-video-preview:-1"},"canonical":"https:\/\/macite.tg\/?p=5951","og_locale":"fr_FR","og_type":"article","og_title":"3E MANDAT, MENACES DES MAGISTRATS, MAISONS BR\u00dbL\u00c9ES : La r\u00e9ponse de Macky Sall au dialogue national -","og_description":"Au terme de l\u2019ouverture de la c\u00e9r\u00e9monie du dialogue national, le pr\u00e9sident Macky Sall a \u00e9voqu\u00e9 les menaces\u00a0perp\u00e9tr\u00e9es contre les magistrats, sans oublier les maisons des autorit\u00e9s qui sont des cibles pour certains manifestants. Autant, le chef de l\u2019Etat a lav\u00e9 \u00e0 grand eau les [&hellip;]","og_url":"https:\/\/macite.tg\/?p=5951","article_published_time":"2023-06-01T12:13:01+00:00","article_modified_time":"2023-06-01T12:13:11+00:00","og_image":[{"width":696,"height":388,"url":"https:\/\/macite.tg\/wp-content\/uploads\/2023\/06\/macky-sall-696x388-1.jpg","type":"image\/jpeg"}],"author":"Jean Pierre BAWELA","twitter_card":"summary_large_image","twitter_misc":{"\u00c9crit par":"Jean Pierre BAWELA","Dur\u00e9e de lecture estim\u00e9e":"1 minute"},"schema":{"@context":"https:\/\/schema.org","@graph":[{"@type":"Article","@id":"https:\/\/macite.tg\/?p=5951#article","isPartOf":{"@id":"https:\/\/macite.tg\/?p=5951"},"author":{"name":"Jean Pierre BAWELA","@id":"https:\/\/macite.tg\/#\/schema\/person\/e9f2de7e5dbbe7770a9402c7ce82f5c2"},"headline":"3E MANDAT, MENACES DES MAGISTRATS, MAISONS BR\u00dbL\u00c9ES : La r\u00e9ponse de Macky Sall au dialogue national","datePublished":"2023-06-01T12:13:01+00:00","dateModified":"2023-06-01T12:13:11+00:00","mainEntityOfPage":{"@id":"https:\/\/macite.tg\/?p=5951"},"wordCount":175,"commentCount":0,"image":{"@id":"https:\/\/macite.tg\/?p=5951#primaryimage"},"thumbnailUrl":"https:\/\/macite.tg\/wp-content\/uploads\/2023\/06\/macky-sall-696x388-1.jpg","articleSection":["ACTUALITE","POLITIQUE"],"inLanguage":"fr-FR","potentialAction":[{"@type":"CommentAction","name":"Comment","target":["https:\/\/macite.tg\/?p=5951#respond"]}]},{"@type":"WebPage","@id":"https:\/\/macite.tg\/?p=5951","url":"https:\/\/macite.tg\/?p=5951","name":"3E MANDAT, MENACES DES MAGISTRATS, MAISONS BR\u00dbL\u00c9ES : La r\u00e9ponse de Macky Sall au dialogue national -","isPartOf":{"@id":"https:\/\/macite.tg\/#website"},"primaryImageOfPage":{"@id":"https:\/\/macite.tg\/?p=5951#primaryimage"},"image":{"@id":"https:\/\/macite.tg\/?p=5951#primaryimage"},"thumbnailUrl":"https:\/\/macite.tg\/wp-content\/uploads\/2023\/06\/macky-sall-696x388-1.jpg","datePublished":"2023-06-01T12:13:01+00:00","dateModified":"2023-06-01T12:13:11+00:00","author":{"@id":"https:\/\/macite.tg\/#\/schema\/person\/e9f2de7e5dbbe7770a9402c7ce82f5c2"},"breadcrumb":{"@id":"https:\/\/macite.tg\/?p=5951#breadcrumb"},"inLanguage":"fr-FR","potentialAction":[{"@type":"ReadAction","target":["https:\/\/macite.tg\/?p=5951"]}]},{"@type":"ImageObject","inLanguage":"fr-FR","@id":"https:\/\/macite.tg\/?p=5951#primaryimage","url":"https:\/\/macite.tg\/wp-content\/uploads\/2023\/06\/macky-sall-696x388-1.jpg","contentUrl":"https:\/\/macite.tg\/wp-content\/uploads\/2023\/06\/macky-sall-696x388-1.jpg","width":696,"height":388},{"@type":"BreadcrumbList","@id":"https:\/\/macite.tg\/?p=5951#breadcrumb","itemListElement":[{"@type":"ListItem","position":1,"name":"Accueil","item":"https:\/\/macite.tg\/"},{"@type":"ListItem","position":2,"name":"3E MANDAT, MENACES DES MAGISTRATS, MAISONS BR\u00dbL\u00c9ES : La r\u00e9ponse de Macky Sall au dialogue national"}]},{"@type":"WebSite","@id":"https:\/\/macite.tg\/#website","url":"https:\/\/macite.tg\/","name":"","description":"L&#039;information, la bonne!!!","potentialAction":[{"@type":"SearchAction","target":{"@type":"EntryPoint","urlTemplate":"https:\/\/macite.tg\/?s={search_term_string}"},"query-input":{"@type":"PropertyValueSpecification","valueRequired":true,"valueName":"search_term_string"}}],"inLanguage":"fr-FR"},{"@type":"Person","@id":"https:\/\/macite.tg\/#\/schema\/person\/e9f2de7e5dbbe7770a9402c7ce82f5c2","name":"Jean Pierre BAWELA","image":{"@type":"ImageObject","inLanguage":"fr-FR","@id":"https:\/\/macite.tg\/wp-content\/uploads\/2023\/09\/WhatsApp-Image-2023-09-19-at-14.44.41-122x122.jpeg","url":"https:\/\/macite.tg\/wp-content\/uploads\/2023\/09\/WhatsApp-Image-2023-09-19-at-14.44.41-122x122.jpeg","contentUrl":"https:\/\/macite.tg\/wp-content\/uploads\/2023\/09\/WhatsApp-Image-2023-09-19-at-14.44.41-122x122.jpeg","caption":"Jean Pierre BAWELA"},"url":"https:\/\/macite.tg\/?author=2"}]}},"_links":{"self":[{"href":"https:\/\/macite.tg\/index.php?rest_route=\/wp\/v2\/posts\/5951","targetHints":{"allow":["GET"]}}],"collection":[{"href":"https:\/\/macite.tg\/index.php?rest_route=\/wp\/v2\/posts"}],"about":[{"href":"https:\/\/macite.tg\/index.php?rest_route=\/wp\/v2\/types\/post"}],"author":[{"embeddable":true,"href":"https:\/\/macite.tg\/index.php?rest_route=\/wp\/v2\/users\/2"}],"replies":[{"embeddable":true,"href":"https:\/\/macite.tg\/index.php?rest_route=%2Fwp%2Fv2%2Fcomments&post=5951"}],"version-history":[{"count":0,"href":"https:\/\/macite.tg\/index.php?rest_route=\/wp\/v2\/posts\/5951\/revisions"}],"wp:featuredmedia":[{"embeddable":true,"href":"https:\/\/macite.tg\/index.php?rest_route=\/wp\/v2\/media\/5954"}],"wp:attachment":[{"href":"https:\/\/macite.tg\/index.php?rest_route=%2Fwp%2Fv2%2Fmedia&parent=5951"}],"wp:term":[{"taxonomy":"category","embeddable":true,"href":"https:\/\/macite.tg\/index.php?rest_route=%2Fwp%2Fv2%2Fcategories&post=5951"},{"taxonomy":"post_tag","embeddable":true,"href":"https:\/\/macite.tg\/index.php?rest_route=%2Fwp%2Fv2%2Ftags&post=5951"}],"curies":[{"name":"wp","href":"https:\/\/api.w.org\/{rel}","templated":true}]}}