{"id":5950,"date":"2023-06-01T12:11:13","date_gmt":"2023-06-01T12:11:13","guid":{"rendered":"https:\/\/macite.tg\/?p=5950"},"modified":"2023-06-01T12:11:16","modified_gmt":"2023-06-01T12:11:16","slug":"affaire-sonko-adji-sarr-lopposant-condamne-lourdement","status":"publish","type":"post","link":"https:\/\/macite.tg\/?p=5950","title":{"rendered":"AFFAIRE SONKO \u2013 ADJI SARR : L\u2019opposant condamn\u00e9 lourdement"},"content":{"rendered":"\n<h1 class=\"wp-block-heading\"><i class=\"fas fa-pencil-alt\"> <\/i><span><\/h1>\n\n\n\n<p class=\"wp-block-paragraph\"><strong><em>L\u2019affaire Sweet Beauty opposant Ousmane Sonko-Adji Sarr qui a \u00e9clat\u00e9 en 2021, connait-elle son d\u00e9nouement&nbsp;? Le juge de la chambre criminelle vient de rendre son verdict. Il a condamn\u00e9 Ousmane Sonko \u00e0 2 ans de prison ferme et une amende de 600.000 Fcfa.<\/em><\/strong><\/p>\n\n\n\n<p class=\"wp-block-paragraph\">Ousmane Sonko vient d\u2019\u00eatre condamn\u00e9 \u00e0 une peine de deux (02) ans de prison ferme dans l\u2019affaire Sweet Beauty, qui le lie avec Adji Sarr. Le leader de Pastef qui a \u00e9t\u00e9 cependant acquitt\u00e9 du viol et des menaces de mort, a \u00e9t\u00e9 condamn\u00e9 pour corruption de jeunesse.<\/p>\n\n\n\n<figure class=\"wp-block-image size-large\"><img loading=\"lazy\" decoding=\"async\" width=\"1024\" height=\"212\" src=\"https:\/\/macite.tg\/wp-content\/uploads\/2023\/05\/IMG-20230514-WA00962-1-1024x212.jpg\" alt=\"\" class=\"wp-image-5687\" srcset=\"https:\/\/macite.tg\/wp-content\/uploads\/2023\/05\/IMG-20230514-WA00962-1-1024x212.jpg 1024w, https:\/\/macite.tg\/wp-content\/uploads\/2023\/05\/IMG-20230514-WA00962-1-300x62.jpg 300w, https:\/\/macite.tg\/wp-content\/uploads\/2023\/05\/IMG-20230514-WA00962-1-768x159.jpg 768w, https:\/\/macite.tg\/wp-content\/uploads\/2023\/05\/IMG-20230514-WA00962-1-1536x318.jpg 1536w, https:\/\/macite.tg\/wp-content\/uploads\/2023\/05\/IMG-20230514-WA00962-1.jpg 1600w\" sizes=\"auto, (max-width: 1024px) 100vw, 1024px\" \/><\/figure>\n\n\n\n<p class=\"wp-block-paragraph\">Mais ce dossier qui a \u00e9clat\u00e9 en 2021 et connu plusieurs rebondissements, a \u00e9t\u00e9 d\u2019ailleurs la cause de nombreux affrontements. Ce premier verdict cloue le bec \u00e0 l\u2019opposant qui n\u2019entend pas rester l\u00e0.<\/p>\n\n\n\n<p class=\"wp-block-paragraph\">Pour rappel, le maitre des poursuites Abdou Karim Diop avait requis 10 ans de r\u00e9clusion criminelle. Et, \u00e0 d\u00e9faut de retenir le crime de viol, le magistrat a demand\u00e9 au juge une requalification des faits en d\u00e9lit de corruption de jeunesse et de condamner l\u2019accus\u00e9 \u00e0 5 ans de prison. Ceci, a-t-il poursuivi, en sus d\u2019un emprisonnement de 5 ans pour menaces de mort.<\/p>\n\n\n\n<p class=\"wp-block-paragraph\"> Il avait aussi requis une peine de cinq ans de prison pour Nd\u00e8ye Khady Ndiaye, propri\u00e9taire du salon <a href=\"https:\/\/www.senenews.com\/actualites\/ucad-verdict-du-proces-sweet-beauty-importante-decision-prise-pour-les-etudiants_446715.html\">Sweet Beauty<\/a> o\u00f9 se seraient d\u00e9roul\u00e9s les faits pr\u00e9sum\u00e9s, pour les d\u00e9lits de complicit\u00e9 de viol, incitation \u00e0 la d\u00e9bauche et diffusion d\u2019images obsc\u00e8nes.<\/p>\n\n\n\n<p class=\"wp-block-paragraph\"><strong>Avec SeneNews<\/strong><\/p>\n\n\n\n<p class=\"wp-block-paragraph\"><strong><em>@macite.tg&nbsp;&nbsp;&nbsp;&nbsp;&nbsp;&nbsp;&nbsp;&nbsp;<\/em><\/strong><\/p>\n\n\n\n<p class=\"wp-block-paragraph\"><strong><em>E-mail&nbsp;: <\/em><\/strong><a href=\"mailto:maciteinfo@gmail.com\"><strong><em>maciteinfo@gmail.com<\/em><\/strong><\/a><strong><em>; <\/em><\/strong><a href=\"mailto:bawela1@gmail.com\"><strong><em>bawela1@gmail.com<\/em><\/strong><\/a><\/p>\n\n\n\n<p class=\"wp-block-paragraph\"><strong><em>Pour vos annonces, (publi)reportages, etc., joignez nous au (00228)91515309\/<strong>79872224 <\/strong>www.macite.tg, L\u2019information, la bonne&nbsp;!<\/em><\/strong><\/p>\n","protected":false},"excerpt":{"rendered":"<p class=\"text-justify mb-2\" >L\u2019affaire Sweet Beauty opposant Ousmane Sonko-Adji Sarr qui a \u00e9clat\u00e9 en 2021, connait-elle son d\u00e9nouement&nbsp;? Le juge de la chambre criminelle vient de rendre son verdict. Il a condamn\u00e9 Ousmane Sonko \u00e0 2 ans de prison ferme et une amende de 600.000 Fcfa. Ousmane Sonko [&hellip;]<\/p>\n","protected":false},"author":2,"featured_media":5952,"comment_status":"open","ping_status":"open","sticky":false,"template":"","format":"standard","meta":{"footnotes":""},"categories":[20],"tags":[],"class_list":["post-5950","post","type-post","status-publish","format-standard","has-post-thumbnail","hentry","category-actualite"],"yoast_head":"<!-- This site is optimized with the Yoast SEO plugin v28.4 - https:\/\/yoast.com\/product\/yoast-seo-wordpress\/ -->\n<title>AFFAIRE SONKO \u2013 ADJI SARR : L\u2019opposant condamn\u00e9 lourdement -<\/title>\n<meta name=\"robots\" content=\"index, follow, max-snippet:-1, max-image-preview:large, max-video-preview:-1\" \/>\n<link rel=\"canonical\" href=\"https:\/\/macite.tg\/?p=5950\" \/>\n<meta property=\"og:locale\" content=\"fr_FR\" \/>\n<meta property=\"og:type\" content=\"article\" \/>\n<meta property=\"og:title\" content=\"AFFAIRE SONKO \u2013 ADJI SARR : L\u2019opposant condamn\u00e9 lourdement -\" \/>\n<meta property=\"og:description\" content=\"L\u2019affaire Sweet Beauty opposant Ousmane Sonko-Adji Sarr qui a \u00e9clat\u00e9 en 2021, connait-elle son d\u00e9nouement&nbsp;? Le juge de la chambre criminelle vient de rendre son verdict. Il a condamn\u00e9 Ousmane Sonko \u00e0 2 ans de prison ferme et une amende de 600.000 Fcfa. Ousmane Sonko [&hellip;]\" \/>\n<meta property=\"og:url\" content=\"https:\/\/macite.tg\/?p=5950\" \/>\n<meta property=\"article:published_time\" content=\"2023-06-01T12:11:13+00:00\" \/>\n<meta property=\"article:modified_time\" content=\"2023-06-01T12:11:16+00:00\" \/>\n<meta property=\"og:image\" content=\"https:\/\/macite.tg\/wp-content\/uploads\/2023\/06\/AOusmane-Sonko.jpg\" \/>\n\t<meta property=\"og:image:width\" content=\"696\" \/>\n\t<meta property=\"og:image:height\" content=\"392\" \/>\n\t<meta property=\"og:image:type\" content=\"image\/jpeg\" \/>\n<meta name=\"author\" content=\"Jean Pierre BAWELA\" \/>\n<meta name=\"twitter:card\" content=\"summary_large_image\" \/>\n<meta name=\"twitter:label1\" content=\"\u00c9crit par\" \/>\n\t<meta name=\"twitter:data1\" content=\"Jean Pierre BAWELA\" \/>\n\t<meta name=\"twitter:label2\" content=\"Dur\u00e9e de lecture estim\u00e9e\" \/>\n\t<meta name=\"twitter:data2\" content=\"1 minute\" \/>\n<script type=\"application\/ld+json\" class=\"yoast-schema-graph\">{\"@context\":\"https:\\\/\\\/schema.org\",\"@graph\":[{\"@type\":\"Article\",\"@id\":\"https:\\\/\\\/macite.tg\\\/?p=5950#article\",\"isPartOf\":{\"@id\":\"https:\\\/\\\/macite.tg\\\/?p=5950\"},\"author\":{\"name\":\"Jean Pierre BAWELA\",\"@id\":\"https:\\\/\\\/macite.tg\\\/#\\\/schema\\\/person\\\/e9f2de7e5dbbe7770a9402c7ce82f5c2\"},\"headline\":\"AFFAIRE SONKO \u2013 ADJI SARR : L\u2019opposant condamn\u00e9 lourdement\",\"datePublished\":\"2023-06-01T12:11:13+00:00\",\"dateModified\":\"2023-06-01T12:11:16+00:00\",\"mainEntityOfPage\":{\"@id\":\"https:\\\/\\\/macite.tg\\\/?p=5950\"},\"wordCount\":284,\"commentCount\":0,\"image\":{\"@id\":\"https:\\\/\\\/macite.tg\\\/?p=5950#primaryimage\"},\"thumbnailUrl\":\"https:\\\/\\\/macite.tg\\\/wp-content\\\/uploads\\\/2023\\\/06\\\/AOusmane-Sonko.jpg\",\"articleSection\":[\"ACTUALITE\"],\"inLanguage\":\"fr-FR\",\"potentialAction\":[{\"@type\":\"CommentAction\",\"name\":\"Comment\",\"target\":[\"https:\\\/\\\/macite.tg\\\/?p=5950#respond\"]}]},{\"@type\":\"WebPage\",\"@id\":\"https:\\\/\\\/macite.tg\\\/?p=5950\",\"url\":\"https:\\\/\\\/macite.tg\\\/?p=5950\",\"name\":\"AFFAIRE SONKO \u2013 ADJI SARR : L\u2019opposant condamn\u00e9 lourdement -\",\"isPartOf\":{\"@id\":\"https:\\\/\\\/macite.tg\\\/#website\"},\"primaryImageOfPage\":{\"@id\":\"https:\\\/\\\/macite.tg\\\/?p=5950#primaryimage\"},\"image\":{\"@id\":\"https:\\\/\\\/macite.tg\\\/?p=5950#primaryimage\"},\"thumbnailUrl\":\"https:\\\/\\\/macite.tg\\\/wp-content\\\/uploads\\\/2023\\\/06\\\/AOusmane-Sonko.jpg\",\"datePublished\":\"2023-06-01T12:11:13+00:00\",\"dateModified\":\"2023-06-01T12:11:16+00:00\",\"author\":{\"@id\":\"https:\\\/\\\/macite.tg\\\/#\\\/schema\\\/person\\\/e9f2de7e5dbbe7770a9402c7ce82f5c2\"},\"breadcrumb\":{\"@id\":\"https:\\\/\\\/macite.tg\\\/?p=5950#breadcrumb\"},\"inLanguage\":\"fr-FR\",\"potentialAction\":[{\"@type\":\"ReadAction\",\"target\":[\"https:\\\/\\\/macite.tg\\\/?p=5950\"]}]},{\"@type\":\"ImageObject\",\"inLanguage\":\"fr-FR\",\"@id\":\"https:\\\/\\\/macite.tg\\\/?p=5950#primaryimage\",\"url\":\"https:\\\/\\\/macite.tg\\\/wp-content\\\/uploads\\\/2023\\\/06\\\/AOusmane-Sonko.jpg\",\"contentUrl\":\"https:\\\/\\\/macite.tg\\\/wp-content\\\/uploads\\\/2023\\\/06\\\/AOusmane-Sonko.jpg\",\"width\":696,\"height\":392},{\"@type\":\"BreadcrumbList\",\"@id\":\"https:\\\/\\\/macite.tg\\\/?p=5950#breadcrumb\",\"itemListElement\":[{\"@type\":\"ListItem\",\"position\":1,\"name\":\"Accueil\",\"item\":\"https:\\\/\\\/macite.tg\\\/\"},{\"@type\":\"ListItem\",\"position\":2,\"name\":\"AFFAIRE SONKO \u2013 ADJI SARR : L\u2019opposant condamn\u00e9 lourdement\"}]},{\"@type\":\"WebSite\",\"@id\":\"https:\\\/\\\/macite.tg\\\/#website\",\"url\":\"https:\\\/\\\/macite.tg\\\/\",\"name\":\"\",\"description\":\"L&#039;information, la bonne!!!\",\"potentialAction\":[{\"@type\":\"SearchAction\",\"target\":{\"@type\":\"EntryPoint\",\"urlTemplate\":\"https:\\\/\\\/macite.tg\\\/?s={search_term_string}\"},\"query-input\":{\"@type\":\"PropertyValueSpecification\",\"valueRequired\":true,\"valueName\":\"search_term_string\"}}],\"inLanguage\":\"fr-FR\"},{\"@type\":\"Person\",\"@id\":\"https:\\\/\\\/macite.tg\\\/#\\\/schema\\\/person\\\/e9f2de7e5dbbe7770a9402c7ce82f5c2\",\"name\":\"Jean Pierre BAWELA\",\"image\":{\"@type\":\"ImageObject\",\"inLanguage\":\"fr-FR\",\"@id\":\"https:\\\/\\\/macite.tg\\\/wp-content\\\/uploads\\\/2023\\\/09\\\/WhatsApp-Image-2023-09-19-at-14.44.41-122x122.jpeg\",\"url\":\"https:\\\/\\\/macite.tg\\\/wp-content\\\/uploads\\\/2023\\\/09\\\/WhatsApp-Image-2023-09-19-at-14.44.41-122x122.jpeg\",\"contentUrl\":\"https:\\\/\\\/macite.tg\\\/wp-content\\\/uploads\\\/2023\\\/09\\\/WhatsApp-Image-2023-09-19-at-14.44.41-122x122.jpeg\",\"caption\":\"Jean Pierre BAWELA\"},\"url\":\"https:\\\/\\\/macite.tg\\\/?author=2\"}]}<\/script>\n<!-- \/ Yoast SEO plugin. -->","yoast_head_json":{"title":"AFFAIRE SONKO \u2013 ADJI SARR : L\u2019opposant condamn\u00e9 lourdement -","robots":{"index":"index","follow":"follow","max-snippet":"max-snippet:-1","max-image-preview":"max-image-preview:large","max-video-preview":"max-video-preview:-1"},"canonical":"https:\/\/macite.tg\/?p=5950","og_locale":"fr_FR","og_type":"article","og_title":"AFFAIRE SONKO \u2013 ADJI SARR : L\u2019opposant condamn\u00e9 lourdement -","og_description":"L\u2019affaire Sweet Beauty opposant Ousmane Sonko-Adji Sarr qui a \u00e9clat\u00e9 en 2021, connait-elle son d\u00e9nouement&nbsp;? Le juge de la chambre criminelle vient de rendre son verdict. Il a condamn\u00e9 Ousmane Sonko \u00e0 2 ans de prison ferme et une amende de 600.000 Fcfa. Ousmane Sonko [&hellip;]","og_url":"https:\/\/macite.tg\/?p=5950","article_published_time":"2023-06-01T12:11:13+00:00","article_modified_time":"2023-06-01T12:11:16+00:00","og_image":[{"width":696,"height":392,"url":"https:\/\/macite.tg\/wp-content\/uploads\/2023\/06\/AOusmane-Sonko.jpg","type":"image\/jpeg"}],"author":"Jean Pierre BAWELA","twitter_card":"summary_large_image","twitter_misc":{"\u00c9crit par":"Jean Pierre BAWELA","Dur\u00e9e de lecture estim\u00e9e":"1 minute"},"schema":{"@context":"https:\/\/schema.org","@graph":[{"@type":"Article","@id":"https:\/\/macite.tg\/?p=5950#article","isPartOf":{"@id":"https:\/\/macite.tg\/?p=5950"},"author":{"name":"Jean Pierre BAWELA","@id":"https:\/\/macite.tg\/#\/schema\/person\/e9f2de7e5dbbe7770a9402c7ce82f5c2"},"headline":"AFFAIRE SONKO \u2013 ADJI SARR : L\u2019opposant condamn\u00e9 lourdement","datePublished":"2023-06-01T12:11:13+00:00","dateModified":"2023-06-01T12:11:16+00:00","mainEntityOfPage":{"@id":"https:\/\/macite.tg\/?p=5950"},"wordCount":284,"commentCount":0,"image":{"@id":"https:\/\/macite.tg\/?p=5950#primaryimage"},"thumbnailUrl":"https:\/\/macite.tg\/wp-content\/uploads\/2023\/06\/AOusmane-Sonko.jpg","articleSection":["ACTUALITE"],"inLanguage":"fr-FR","potentialAction":[{"@type":"CommentAction","name":"Comment","target":["https:\/\/macite.tg\/?p=5950#respond"]}]},{"@type":"WebPage","@id":"https:\/\/macite.tg\/?p=5950","url":"https:\/\/macite.tg\/?p=5950","name":"AFFAIRE SONKO \u2013 ADJI SARR : L\u2019opposant condamn\u00e9 lourdement -","isPartOf":{"@id":"https:\/\/macite.tg\/#website"},"primaryImageOfPage":{"@id":"https:\/\/macite.tg\/?p=5950#primaryimage"},"image":{"@id":"https:\/\/macite.tg\/?p=5950#primaryimage"},"thumbnailUrl":"https:\/\/macite.tg\/wp-content\/uploads\/2023\/06\/AOusmane-Sonko.jpg","datePublished":"2023-06-01T12:11:13+00:00","dateModified":"2023-06-01T12:11:16+00:00","author":{"@id":"https:\/\/macite.tg\/#\/schema\/person\/e9f2de7e5dbbe7770a9402c7ce82f5c2"},"breadcrumb":{"@id":"https:\/\/macite.tg\/?p=5950#breadcrumb"},"inLanguage":"fr-FR","potentialAction":[{"@type":"ReadAction","target":["https:\/\/macite.tg\/?p=5950"]}]},{"@type":"ImageObject","inLanguage":"fr-FR","@id":"https:\/\/macite.tg\/?p=5950#primaryimage","url":"https:\/\/macite.tg\/wp-content\/uploads\/2023\/06\/AOusmane-Sonko.jpg","contentUrl":"https:\/\/macite.tg\/wp-content\/uploads\/2023\/06\/AOusmane-Sonko.jpg","width":696,"height":392},{"@type":"BreadcrumbList","@id":"https:\/\/macite.tg\/?p=5950#breadcrumb","itemListElement":[{"@type":"ListItem","position":1,"name":"Accueil","item":"https:\/\/macite.tg\/"},{"@type":"ListItem","position":2,"name":"AFFAIRE SONKO \u2013 ADJI SARR : L\u2019opposant condamn\u00e9 lourdement"}]},{"@type":"WebSite","@id":"https:\/\/macite.tg\/#website","url":"https:\/\/macite.tg\/","name":"","description":"L&#039;information, la bonne!!!","potentialAction":[{"@type":"SearchAction","target":{"@type":"EntryPoint","urlTemplate":"https:\/\/macite.tg\/?s={search_term_string}"},"query-input":{"@type":"PropertyValueSpecification","valueRequired":true,"valueName":"search_term_string"}}],"inLanguage":"fr-FR"},{"@type":"Person","@id":"https:\/\/macite.tg\/#\/schema\/person\/e9f2de7e5dbbe7770a9402c7ce82f5c2","name":"Jean Pierre BAWELA","image":{"@type":"ImageObject","inLanguage":"fr-FR","@id":"https:\/\/macite.tg\/wp-content\/uploads\/2023\/09\/WhatsApp-Image-2023-09-19-at-14.44.41-122x122.jpeg","url":"https:\/\/macite.tg\/wp-content\/uploads\/2023\/09\/WhatsApp-Image-2023-09-19-at-14.44.41-122x122.jpeg","contentUrl":"https:\/\/macite.tg\/wp-content\/uploads\/2023\/09\/WhatsApp-Image-2023-09-19-at-14.44.41-122x122.jpeg","caption":"Jean Pierre BAWELA"},"url":"https:\/\/macite.tg\/?author=2"}]}},"_links":{"self":[{"href":"https:\/\/macite.tg\/index.php?rest_route=\/wp\/v2\/posts\/5950","targetHints":{"allow":["GET"]}}],"collection":[{"href":"https:\/\/macite.tg\/index.php?rest_route=\/wp\/v2\/posts"}],"about":[{"href":"https:\/\/macite.tg\/index.php?rest_route=\/wp\/v2\/types\/post"}],"author":[{"embeddable":true,"href":"https:\/\/macite.tg\/index.php?rest_route=\/wp\/v2\/users\/2"}],"replies":[{"embeddable":true,"href":"https:\/\/macite.tg\/index.php?rest_route=%2Fwp%2Fv2%2Fcomments&post=5950"}],"version-history":[{"count":0,"href":"https:\/\/macite.tg\/index.php?rest_route=\/wp\/v2\/posts\/5950\/revisions"}],"wp:featuredmedia":[{"embeddable":true,"href":"https:\/\/macite.tg\/index.php?rest_route=\/wp\/v2\/media\/5952"}],"wp:attachment":[{"href":"https:\/\/macite.tg\/index.php?rest_route=%2Fwp%2Fv2%2Fmedia&parent=5950"}],"wp:term":[{"taxonomy":"category","embeddable":true,"href":"https:\/\/macite.tg\/index.php?rest_route=%2Fwp%2Fv2%2Fcategories&post=5950"},{"taxonomy":"post_tag","embeddable":true,"href":"https:\/\/macite.tg\/index.php?rest_route=%2Fwp%2Fv2%2Ftags&post=5950"}],"curies":[{"name":"wp","href":"https:\/\/api.w.org\/{rel}","templated":true}]}}