{"id":5941,"date":"2023-05-31T11:18:00","date_gmt":"2023-05-31T11:18:00","guid":{"rendered":"https:\/\/macite.tg\/?p=5941"},"modified":"2023-06-01T12:06:43","modified_gmt":"2023-06-01T12:06:43","slug":"acces-a-leau-potable-dans-les-savanes-le-gouvernement-met-les-bouchees-doubles","status":"publish","type":"post","link":"https:\/\/macite.tg\/?p=5941","title":{"rendered":"ACC\u00c8S A L\u2019EAU POTABLE DANS LES SAVANES : Le gouvernement met les bouch\u00e9es doubles"},"content":{"rendered":"\n<p class=\"wp-block-paragraph\"><strong><em>Lanc\u00e9 depuis le mois d\u2019avril 2022, le Programme d\u2019Urgence pour la R\u00e9gion des Savanes (PURS) fait d\u00e9j\u00e0 ses preuves avec le renforcement de la r\u00e9silience des populations de cette r\u00e9gion qui subissent, depuis novembre 2021, de fortes pressions s\u00e9curitaires dues \u00e0 des incursions des terroristes. Le secteur de l\u2019eau en est une belle illustration.<\/em><\/strong><\/p>\n\n\n\n<p class=\"wp-block-paragraph\">Le programme d\u2019urgence d\u2019acc\u00e8s \u00e0 l\u2019eau dans la r\u00e9gion des Savanes, initi\u00e9 par le gouvernement, vise \u00e0 am\u00e9liorer la d\u00e9serte en eau potable devant couvrir les besoins de quelques 160&nbsp;000 personnes suppl\u00e9mentaires. Ledit projet est structur\u00e9 en deux volets \u00e0 savoir&nbsp;: \u00ab&nbsp;eau potable&nbsp;\u00bb et \u00ab&nbsp;maitrise de l\u2019eau pour des petites irrigations&nbsp;\u00bb. <strong><em><\/em><\/strong><\/p>\n\n\n\n<p class=\"wp-block-paragraph\">Le premier volet devrait permettre de r\u00e9aliser des postes d\u2019eau autonomes dans 640 localit\u00e9s rurales et d\u2019\u00e9tendre le syst\u00e8me d\u2019adduction d\u2019eau potable dans les sept villes (Dapaong, Cinkass\u00e9, Mandouri, Naki-Est, Gando, Tandjoar\u00e9 et Mango), sans oublier les p\u00e9riph\u00e9ries de ces villes.<\/p>\n\n\n\n<figure class=\"wp-block-image size-large\"><img loading=\"lazy\" decoding=\"async\" width=\"1024\" height=\"212\" src=\"https:\/\/macite.tg\/wp-content\/uploads\/2023\/05\/IMG-20230514-WA00962-1-1024x212.jpg\" alt=\"\" class=\"wp-image-5687\" srcset=\"https:\/\/macite.tg\/wp-content\/uploads\/2023\/05\/IMG-20230514-WA00962-1-1024x212.jpg 1024w, https:\/\/macite.tg\/wp-content\/uploads\/2023\/05\/IMG-20230514-WA00962-1-300x62.jpg 300w, https:\/\/macite.tg\/wp-content\/uploads\/2023\/05\/IMG-20230514-WA00962-1-768x159.jpg 768w, https:\/\/macite.tg\/wp-content\/uploads\/2023\/05\/IMG-20230514-WA00962-1-1536x318.jpg 1536w, https:\/\/macite.tg\/wp-content\/uploads\/2023\/05\/IMG-20230514-WA00962-1.jpg 1600w\" sizes=\"auto, (max-width: 1024px) 100vw, 1024px\" \/><\/figure>\n\n\n\n<p class=\"wp-block-paragraph\">Le second volet consiste \u00e0 maitriser l\u2019eau pour les besoins agricoles \u00e0 travers la construction\/ r\u00e9habilitation de 166 retenues d\u2019eau collinaires y compris am\u00e9nagements agro-pastoraux de plus de 8304 ha dans les 69 cantons de la Savanes.<\/p>\n\n\n\n<p class=\"wp-block-paragraph\">A ce jour, 139 postes d\u2019eau autonomes \u00e9quip\u00e9s de panneaux solaires et 101 forages \u00e9quip\u00e9s de pompes \u00e0 motricit\u00e9 humaine ont \u00e9t\u00e9 r\u00e9alis\u00e9s dans les bases militaires et au sein des communaut\u00e9s offrant de l\u2019eau potable \u00e0 80&nbsp;000 personnes ainsi que l\u2019\u00e9tude de faisabilit\u00e9s pour la construction des retenues d\u2019eau collinaires agro-pastorales. Les travaux de r\u00e9alisation de 257 PEA \u00e0 pompage solaire en milieu rural sont en cours dans le cadre de ce programme.<\/p>\n\n\n\n<p class=\"wp-block-paragraph\">D\u2019autres travaux de renforcement des villes susmentionn\u00e9es en AEP sont en cours depuis 2022 dans le cadre du Projet PND-EAU et du projet PIDU. A cela, il faut ajouter le renouvellement et l\u2019extension des r\u00e9seaux de distribution des agences de la TdE.<\/p>\n\n\n\n<p class=\"wp-block-paragraph\">Tous ces travaux n\u00e9cessitent de grands investissements. Rien qu\u2019en 2022, l\u2019Etat a investi d\u00e9j\u00e0 50 milliards de francs CFA dans le secteur de l\u2019eau, l\u2019\u00e9lectricit\u00e9, piste rurale,\u2026 Les partenaires techniques et financiers s\u2019engagent \u00e0 mobiliser 150 milliards dans tous les secteurs et dans tout le pays. Sur la p\u00e9riode 2022-2025, il faut mobiliser un peu plus de 200 milliards de francs CFA.<\/p>\n\n\n\n<p class=\"wp-block-paragraph\">A l\u2019heure du bilan \u00e0 mi-parcours, ce Programme novateur du gouvernement porte des chiffres \u00e9loquents.<\/p>\n\n\n\n<p class=\"wp-block-paragraph\">Le Projet d\u2019am\u00e9lioration des conditions sanitaires en milieu scolaire et rural (PASSCO) 1 et 2 a permis de r\u00e9aliser 554 forages et 100 latrines, favorisant l\u2019acc\u00e8s \u00e0 l\u2019eau potable \u00e0 plus de 138 000 habitants dont plus de 25 000 \u00e9coliers. Le projet a am\u00e9lior\u00e9 sensiblement les conditions de vie et d\u2019hygi\u00e8ne des populations en facilitant leur acc\u00e8s \u00e0 l\u2019eau potable ainsi qu\u2019\u00e0 l\u2019assainissement.<\/p>\n\n\n\n<p class=\"wp-block-paragraph\">Quelques 50&nbsp;000 personnes ont pu b\u00e9n\u00e9ficier du programme Am\u00e9liorer l&rsquo;acc\u00e8s \u00e9quitable et durable \u00e0 une \u00e9ducation de qualit\u00e9 pour tous les enfants du Nord du Togo, entre 2019 et 2022.<\/p>\n\n\n\n<p class=\"wp-block-paragraph\">A Nagb\u00e9ni, par exemple, l\u2019eau potable est d\u00e9sormais \u00e0 la port\u00e9e de main dans le cadre du projet d\u2019am\u00e9nagement hydraulique multi usages. &nbsp;Il est construit un ch\u00e2teau d\u2019eau d\u2019une capacit\u00e9 de 50 m<sup>3<\/sup> qui alimente les populations d\u2019environ 5000 habitants en eau potable \u00e0 partir de 11 bornes fontaines et l\u2019am\u00e9nagement d\u2019un espace hydro-agricole de 28 ha pour la production des cultures de contre saison \u00e0 travers l\u2019irrigation.<\/p>\n\n\n\n<p class=\"wp-block-paragraph\">Le projet BID\/UEMOA d&rsquo;hydraulique et d&rsquo;assainissement en milieu rural au Togo, en phase finition, a permis de r\u00e9aliser 35 forages \u00e9quip\u00e9s de pompes \u00e0 motricit\u00e9 humaine en milieu rural et 11 mini-adductions d\u2019eau potable dans les centres semi-urbains pour desservir 75000 personnes.<\/p>\n\n\n<div class=\"wp-block-image\">\n<figure class=\"aligncenter size-large is-resized\"><img loading=\"lazy\" decoding=\"async\" src=\"https:\/\/macite.tg\/wp-content\/uploads\/2023\/05\/Popup_Site_gudef23-1024x902.jpg\" alt=\"\" class=\"wp-image-5752\" width=\"633\" height=\"557\" srcset=\"https:\/\/macite.tg\/wp-content\/uploads\/2023\/05\/Popup_Site_gudef23-1024x902.jpg 1024w, https:\/\/macite.tg\/wp-content\/uploads\/2023\/05\/Popup_Site_gudef23-300x264.jpg 300w, https:\/\/macite.tg\/wp-content\/uploads\/2023\/05\/Popup_Site_gudef23-768x676.jpg 768w, https:\/\/macite.tg\/wp-content\/uploads\/2023\/05\/Popup_Site_gudef23.jpg 1280w\" sizes=\"auto, (max-width: 633px) 100vw, 633px\" \/><\/figure>\n<\/div>\n\n\n<p class=\"wp-block-paragraph\">Ces diff\u00e9rents r\u00e9sultats positifs enregistr\u00e9s \u00e7\u00e0 et l\u00e0, ont permis \u00e0 l\u2019ex\u00e9cutif de signer, en d\u00e9cembre 2022, une convention de financement pour la phase 3 du PASSCO au profit des populations des r\u00e9gions des Savanes et de la Kara, avec au programme quelques 500 forages \u00e0 r\u00e9aliser dans la premi\u00e8re r\u00e9gion.<\/p>\n\n\n\n<p class=\"wp-block-paragraph\">Il faut souligner que d\u2019autres chantiers ont \u00e9t\u00e9 int\u00e9gr\u00e9s au Plan d\u2019urgence de la r\u00e9gion des Savanes. Il s\u2019agit notamment du Projet d\u2019infrastructures et de d\u00e9veloppement (PIDU) qui devra permettre l\u2019Extension du r\u00e9seau d\u2019eau potable de la ville de Dapaong qui permettra \u00e0 2400 m\u00e9nages de se brancher au r\u00e9seau d\u2019eau&nbsp; et l\u2019Adduction d\u2019eau potable de Naki-Est. Dans cette optique, \u00e0 Naki-Est, il sera question d\u2019adduction d&rsquo;eau potable \u00e0 partir de 4 forages, la construction d\u2019un ch\u00e2teau d\u2019eau de 100 m3 et de 33 bornes fontaines avec possibilit\u00e9s de branchements particuliers qui desserviront environ 5122 personnes.<\/p>\n\n\n\n<p class=\"wp-block-paragraph\">Notons que pour accro\u00eetre le taux de desserte en eau potable en milieu rural, le minist\u00e8re de l\u2019Eau et de l\u2019hydraulique villageoise s\u2019est dot\u00e9 de cinq (05) nouvelles foreuses pour renforcer la construction des ouvrages hydrauliques dans les r\u00e9gions. L\u2019objectif du gouvernement est d\u2019atteindre, \u00e0 l\u2019horizon 2025, le taux d\u2019acc\u00e8s en eau potable de 85% au plan national, 95% en milieu rural, 85% en milieu semi urbain, 75% en milieu urbain et 80% dans le Grand Lom\u00e9.<\/p>\n\n\n\n<p class=\"wp-block-paragraph\"><strong>La R\u00e9daction<\/strong><\/p>\n\n\n\n<p class=\"wp-block-paragraph\"><strong><em>@macite.tg&nbsp;&nbsp;&nbsp;&nbsp;&nbsp;&nbsp;&nbsp;&nbsp;<\/em><\/strong><\/p>\n\n\n\n<p class=\"wp-block-paragraph\"><strong><em>E-mail&nbsp;: <\/em><\/strong><a href=\"mailto:maciteinfo@gmail.com\"><strong><em>maciteinfo@gmail.com<\/em><\/strong><\/a><strong><em>; <\/em><\/strong><a href=\"mailto:bawela1@gmail.com\"><strong><em>bawela1@gmail.com<\/em><\/strong><\/a><strong><em><\/em><\/strong><\/p>\n\n\n\n<p class=\"wp-block-paragraph\"><strong><em>Pour vos annonces, (publi)reportages, etc., joignez nous au (00228)91515309\/<strong>79872224 <\/strong>www.macite.tg, L\u2019information, la bonne&nbsp;!<\/em><\/strong><\/p>\n","protected":false},"excerpt":{"rendered":"<p class=\"text-justify mb-2\" >Lanc\u00e9 depuis le mois d\u2019avril 2022, le Programme d\u2019Urgence pour la R\u00e9gion des Savanes (PURS) fait d\u00e9j\u00e0 ses preuves avec le renforcement de la r\u00e9silience des populations de cette r\u00e9gion qui subissent, depuis novembre 2021, de fortes pressions s\u00e9curitaires dues \u00e0 des incursions des terroristes. [&hellip;]<\/p>\n","protected":false},"author":2,"featured_media":5946,"comment_status":"open","ping_status":"open","sticky":false,"template":"","format":"standard","meta":{"footnotes":""},"categories":[20,15],"tags":[],"class_list":["post-5941","post","type-post","status-publish","format-standard","has-post-thumbnail","hentry","category-actualite","category-developpement"],"yoast_head":"<!-- This site is optimized with the Yoast SEO plugin v28.4 - https:\/\/yoast.com\/product\/yoast-seo-wordpress\/ -->\n<title>ACC\u00c8S A L\u2019EAU POTABLE DANS LES SAVANES : Le gouvernement met les bouch\u00e9es doubles -<\/title>\n<meta name=\"robots\" content=\"index, follow, max-snippet:-1, max-image-preview:large, max-video-preview:-1\" \/>\n<link rel=\"canonical\" href=\"https:\/\/macite.tg\/?p=5941\" \/>\n<meta property=\"og:locale\" content=\"fr_FR\" \/>\n<meta property=\"og:type\" content=\"article\" \/>\n<meta property=\"og:title\" content=\"ACC\u00c8S A L\u2019EAU POTABLE DANS LES SAVANES : Le gouvernement met les bouch\u00e9es doubles -\" \/>\n<meta property=\"og:description\" content=\"Lanc\u00e9 depuis le mois d\u2019avril 2022, le Programme d\u2019Urgence pour la R\u00e9gion des Savanes (PURS) fait d\u00e9j\u00e0 ses preuves avec le renforcement de la r\u00e9silience des populations de cette r\u00e9gion qui subissent, depuis novembre 2021, de fortes pressions s\u00e9curitaires dues \u00e0 des incursions des terroristes. [&hellip;]\" \/>\n<meta property=\"og:url\" content=\"https:\/\/macite.tg\/?p=5941\" \/>\n<meta property=\"article:published_time\" content=\"2023-05-31T11:18:00+00:00\" \/>\n<meta property=\"article:modified_time\" content=\"2023-06-01T12:06:43+00:00\" \/>\n<meta property=\"og:image\" content=\"https:\/\/macite.tg\/wp-content\/uploads\/2023\/06\/Eau.jpg\" \/>\n\t<meta property=\"og:image:width\" content=\"500\" \/>\n\t<meta property=\"og:image:height\" content=\"410\" \/>\n\t<meta property=\"og:image:type\" content=\"image\/jpeg\" \/>\n<meta name=\"author\" content=\"Jean Pierre BAWELA\" \/>\n<meta name=\"twitter:card\" content=\"summary_large_image\" \/>\n<meta name=\"twitter:label1\" content=\"\u00c9crit par\" \/>\n\t<meta name=\"twitter:data1\" content=\"Jean Pierre BAWELA\" \/>\n\t<meta name=\"twitter:label2\" content=\"Dur\u00e9e de lecture estim\u00e9e\" \/>\n\t<meta name=\"twitter:data2\" content=\"5 minutes\" \/>\n<script type=\"application\/ld+json\" class=\"yoast-schema-graph\">{\"@context\":\"https:\\\/\\\/schema.org\",\"@graph\":[{\"@type\":\"Article\",\"@id\":\"https:\\\/\\\/macite.tg\\\/?p=5941#article\",\"isPartOf\":{\"@id\":\"https:\\\/\\\/macite.tg\\\/?p=5941\"},\"author\":{\"name\":\"Jean Pierre BAWELA\",\"@id\":\"https:\\\/\\\/macite.tg\\\/#\\\/schema\\\/person\\\/e9f2de7e5dbbe7770a9402c7ce82f5c2\"},\"headline\":\"ACC\u00c8S A L\u2019EAU POTABLE DANS LES SAVANES : Le gouvernement met les bouch\u00e9es doubles\",\"datePublished\":\"2023-05-31T11:18:00+00:00\",\"dateModified\":\"2023-06-01T12:06:43+00:00\",\"mainEntityOfPage\":{\"@id\":\"https:\\\/\\\/macite.tg\\\/?p=5941\"},\"wordCount\":927,\"commentCount\":0,\"image\":{\"@id\":\"https:\\\/\\\/macite.tg\\\/?p=5941#primaryimage\"},\"thumbnailUrl\":\"https:\\\/\\\/macite.tg\\\/wp-content\\\/uploads\\\/2023\\\/06\\\/Eau.jpg\",\"articleSection\":[\"ACTUALITE\",\"DEVELOPPEMENT\"],\"inLanguage\":\"fr-FR\",\"potentialAction\":[{\"@type\":\"CommentAction\",\"name\":\"Comment\",\"target\":[\"https:\\\/\\\/macite.tg\\\/?p=5941#respond\"]}]},{\"@type\":\"WebPage\",\"@id\":\"https:\\\/\\\/macite.tg\\\/?p=5941\",\"url\":\"https:\\\/\\\/macite.tg\\\/?p=5941\",\"name\":\"ACC\u00c8S A L\u2019EAU POTABLE DANS LES SAVANES : Le gouvernement met les bouch\u00e9es doubles -\",\"isPartOf\":{\"@id\":\"https:\\\/\\\/macite.tg\\\/#website\"},\"primaryImageOfPage\":{\"@id\":\"https:\\\/\\\/macite.tg\\\/?p=5941#primaryimage\"},\"image\":{\"@id\":\"https:\\\/\\\/macite.tg\\\/?p=5941#primaryimage\"},\"thumbnailUrl\":\"https:\\\/\\\/macite.tg\\\/wp-content\\\/uploads\\\/2023\\\/06\\\/Eau.jpg\",\"datePublished\":\"2023-05-31T11:18:00+00:00\",\"dateModified\":\"2023-06-01T12:06:43+00:00\",\"author\":{\"@id\":\"https:\\\/\\\/macite.tg\\\/#\\\/schema\\\/person\\\/e9f2de7e5dbbe7770a9402c7ce82f5c2\"},\"breadcrumb\":{\"@id\":\"https:\\\/\\\/macite.tg\\\/?p=5941#breadcrumb\"},\"inLanguage\":\"fr-FR\",\"potentialAction\":[{\"@type\":\"ReadAction\",\"target\":[\"https:\\\/\\\/macite.tg\\\/?p=5941\"]}]},{\"@type\":\"ImageObject\",\"inLanguage\":\"fr-FR\",\"@id\":\"https:\\\/\\\/macite.tg\\\/?p=5941#primaryimage\",\"url\":\"https:\\\/\\\/macite.tg\\\/wp-content\\\/uploads\\\/2023\\\/06\\\/Eau.jpg\",\"contentUrl\":\"https:\\\/\\\/macite.tg\\\/wp-content\\\/uploads\\\/2023\\\/06\\\/Eau.jpg\",\"width\":500,\"height\":410},{\"@type\":\"BreadcrumbList\",\"@id\":\"https:\\\/\\\/macite.tg\\\/?p=5941#breadcrumb\",\"itemListElement\":[{\"@type\":\"ListItem\",\"position\":1,\"name\":\"Accueil\",\"item\":\"https:\\\/\\\/macite.tg\\\/\"},{\"@type\":\"ListItem\",\"position\":2,\"name\":\"ACC\u00c8S A L\u2019EAU POTABLE DANS LES SAVANES : Le gouvernement met les bouch\u00e9es doubles\"}]},{\"@type\":\"WebSite\",\"@id\":\"https:\\\/\\\/macite.tg\\\/#website\",\"url\":\"https:\\\/\\\/macite.tg\\\/\",\"name\":\"\",\"description\":\"L&#039;information, la bonne!!!\",\"potentialAction\":[{\"@type\":\"SearchAction\",\"target\":{\"@type\":\"EntryPoint\",\"urlTemplate\":\"https:\\\/\\\/macite.tg\\\/?s={search_term_string}\"},\"query-input\":{\"@type\":\"PropertyValueSpecification\",\"valueRequired\":true,\"valueName\":\"search_term_string\"}}],\"inLanguage\":\"fr-FR\"},{\"@type\":\"Person\",\"@id\":\"https:\\\/\\\/macite.tg\\\/#\\\/schema\\\/person\\\/e9f2de7e5dbbe7770a9402c7ce82f5c2\",\"name\":\"Jean Pierre BAWELA\",\"image\":{\"@type\":\"ImageObject\",\"inLanguage\":\"fr-FR\",\"@id\":\"https:\\\/\\\/macite.tg\\\/wp-content\\\/uploads\\\/2023\\\/09\\\/WhatsApp-Image-2023-09-19-at-14.44.41-122x122.jpeg\",\"url\":\"https:\\\/\\\/macite.tg\\\/wp-content\\\/uploads\\\/2023\\\/09\\\/WhatsApp-Image-2023-09-19-at-14.44.41-122x122.jpeg\",\"contentUrl\":\"https:\\\/\\\/macite.tg\\\/wp-content\\\/uploads\\\/2023\\\/09\\\/WhatsApp-Image-2023-09-19-at-14.44.41-122x122.jpeg\",\"caption\":\"Jean Pierre BAWELA\"},\"url\":\"https:\\\/\\\/macite.tg\\\/?author=2\"}]}<\/script>\n<!-- \/ Yoast SEO plugin. -->","yoast_head_json":{"title":"ACC\u00c8S A L\u2019EAU POTABLE DANS LES SAVANES : Le gouvernement met les bouch\u00e9es doubles -","robots":{"index":"index","follow":"follow","max-snippet":"max-snippet:-1","max-image-preview":"max-image-preview:large","max-video-preview":"max-video-preview:-1"},"canonical":"https:\/\/macite.tg\/?p=5941","og_locale":"fr_FR","og_type":"article","og_title":"ACC\u00c8S A L\u2019EAU POTABLE DANS LES SAVANES : Le gouvernement met les bouch\u00e9es doubles -","og_description":"Lanc\u00e9 depuis le mois d\u2019avril 2022, le Programme d\u2019Urgence pour la R\u00e9gion des Savanes (PURS) fait d\u00e9j\u00e0 ses preuves avec le renforcement de la r\u00e9silience des populations de cette r\u00e9gion qui subissent, depuis novembre 2021, de fortes pressions s\u00e9curitaires dues \u00e0 des incursions des terroristes. [&hellip;]","og_url":"https:\/\/macite.tg\/?p=5941","article_published_time":"2023-05-31T11:18:00+00:00","article_modified_time":"2023-06-01T12:06:43+00:00","og_image":[{"width":500,"height":410,"url":"https:\/\/macite.tg\/wp-content\/uploads\/2023\/06\/Eau.jpg","type":"image\/jpeg"}],"author":"Jean Pierre BAWELA","twitter_card":"summary_large_image","twitter_misc":{"\u00c9crit par":"Jean Pierre BAWELA","Dur\u00e9e de lecture estim\u00e9e":"5 minutes"},"schema":{"@context":"https:\/\/schema.org","@graph":[{"@type":"Article","@id":"https:\/\/macite.tg\/?p=5941#article","isPartOf":{"@id":"https:\/\/macite.tg\/?p=5941"},"author":{"name":"Jean Pierre BAWELA","@id":"https:\/\/macite.tg\/#\/schema\/person\/e9f2de7e5dbbe7770a9402c7ce82f5c2"},"headline":"ACC\u00c8S A L\u2019EAU POTABLE DANS LES SAVANES : Le gouvernement met les bouch\u00e9es doubles","datePublished":"2023-05-31T11:18:00+00:00","dateModified":"2023-06-01T12:06:43+00:00","mainEntityOfPage":{"@id":"https:\/\/macite.tg\/?p=5941"},"wordCount":927,"commentCount":0,"image":{"@id":"https:\/\/macite.tg\/?p=5941#primaryimage"},"thumbnailUrl":"https:\/\/macite.tg\/wp-content\/uploads\/2023\/06\/Eau.jpg","articleSection":["ACTUALITE","DEVELOPPEMENT"],"inLanguage":"fr-FR","potentialAction":[{"@type":"CommentAction","name":"Comment","target":["https:\/\/macite.tg\/?p=5941#respond"]}]},{"@type":"WebPage","@id":"https:\/\/macite.tg\/?p=5941","url":"https:\/\/macite.tg\/?p=5941","name":"ACC\u00c8S A L\u2019EAU POTABLE DANS LES SAVANES : Le gouvernement met les bouch\u00e9es doubles -","isPartOf":{"@id":"https:\/\/macite.tg\/#website"},"primaryImageOfPage":{"@id":"https:\/\/macite.tg\/?p=5941#primaryimage"},"image":{"@id":"https:\/\/macite.tg\/?p=5941#primaryimage"},"thumbnailUrl":"https:\/\/macite.tg\/wp-content\/uploads\/2023\/06\/Eau.jpg","datePublished":"2023-05-31T11:18:00+00:00","dateModified":"2023-06-01T12:06:43+00:00","author":{"@id":"https:\/\/macite.tg\/#\/schema\/person\/e9f2de7e5dbbe7770a9402c7ce82f5c2"},"breadcrumb":{"@id":"https:\/\/macite.tg\/?p=5941#breadcrumb"},"inLanguage":"fr-FR","potentialAction":[{"@type":"ReadAction","target":["https:\/\/macite.tg\/?p=5941"]}]},{"@type":"ImageObject","inLanguage":"fr-FR","@id":"https:\/\/macite.tg\/?p=5941#primaryimage","url":"https:\/\/macite.tg\/wp-content\/uploads\/2023\/06\/Eau.jpg","contentUrl":"https:\/\/macite.tg\/wp-content\/uploads\/2023\/06\/Eau.jpg","width":500,"height":410},{"@type":"BreadcrumbList","@id":"https:\/\/macite.tg\/?p=5941#breadcrumb","itemListElement":[{"@type":"ListItem","position":1,"name":"Accueil","item":"https:\/\/macite.tg\/"},{"@type":"ListItem","position":2,"name":"ACC\u00c8S A L\u2019EAU POTABLE DANS LES SAVANES : Le gouvernement met les bouch\u00e9es doubles"}]},{"@type":"WebSite","@id":"https:\/\/macite.tg\/#website","url":"https:\/\/macite.tg\/","name":"","description":"L&#039;information, la bonne!!!","potentialAction":[{"@type":"SearchAction","target":{"@type":"EntryPoint","urlTemplate":"https:\/\/macite.tg\/?s={search_term_string}"},"query-input":{"@type":"PropertyValueSpecification","valueRequired":true,"valueName":"search_term_string"}}],"inLanguage":"fr-FR"},{"@type":"Person","@id":"https:\/\/macite.tg\/#\/schema\/person\/e9f2de7e5dbbe7770a9402c7ce82f5c2","name":"Jean Pierre BAWELA","image":{"@type":"ImageObject","inLanguage":"fr-FR","@id":"https:\/\/macite.tg\/wp-content\/uploads\/2023\/09\/WhatsApp-Image-2023-09-19-at-14.44.41-122x122.jpeg","url":"https:\/\/macite.tg\/wp-content\/uploads\/2023\/09\/WhatsApp-Image-2023-09-19-at-14.44.41-122x122.jpeg","contentUrl":"https:\/\/macite.tg\/wp-content\/uploads\/2023\/09\/WhatsApp-Image-2023-09-19-at-14.44.41-122x122.jpeg","caption":"Jean Pierre BAWELA"},"url":"https:\/\/macite.tg\/?author=2"}]}},"_links":{"self":[{"href":"https:\/\/macite.tg\/index.php?rest_route=\/wp\/v2\/posts\/5941","targetHints":{"allow":["GET"]}}],"collection":[{"href":"https:\/\/macite.tg\/index.php?rest_route=\/wp\/v2\/posts"}],"about":[{"href":"https:\/\/macite.tg\/index.php?rest_route=\/wp\/v2\/types\/post"}],"author":[{"embeddable":true,"href":"https:\/\/macite.tg\/index.php?rest_route=\/wp\/v2\/users\/2"}],"replies":[{"embeddable":true,"href":"https:\/\/macite.tg\/index.php?rest_route=%2Fwp%2Fv2%2Fcomments&post=5941"}],"version-history":[{"count":0,"href":"https:\/\/macite.tg\/index.php?rest_route=\/wp\/v2\/posts\/5941\/revisions"}],"wp:featuredmedia":[{"embeddable":true,"href":"https:\/\/macite.tg\/index.php?rest_route=\/wp\/v2\/media\/5946"}],"wp:attachment":[{"href":"https:\/\/macite.tg\/index.php?rest_route=%2Fwp%2Fv2%2Fmedia&parent=5941"}],"wp:term":[{"taxonomy":"category","embeddable":true,"href":"https:\/\/macite.tg\/index.php?rest_route=%2Fwp%2Fv2%2Fcategories&post=5941"},{"taxonomy":"post_tag","embeddable":true,"href":"https:\/\/macite.tg\/index.php?rest_route=%2Fwp%2Fv2%2Ftags&post=5941"}],"curies":[{"name":"wp","href":"https:\/\/api.w.org\/{rel}","templated":true}]}}