{"id":5918,"date":"2023-05-31T15:52:55","date_gmt":"2023-05-31T15:52:55","guid":{"rendered":"https:\/\/macite.tg\/?p=5918"},"modified":"2023-05-31T16:26:08","modified_gmt":"2023-05-31T16:26:08","slug":"culture-le-commissaire-general-du-femua-asalfo-recu-par-le-chef-de-letat-faure-gnassingbe","status":"publish","type":"post","link":"https:\/\/macite.tg\/?p=5918","title":{"rendered":"CULTURE\u00a0: Le Commissaire g\u00e9n\u00e9ral du FEMUA, A\u2019Salfo, re\u00e7u par le Chef de l\u2019Etat Faure Gnassingb\u00e9"},"content":{"rendered":"\n<p class=\"wp-block-paragraph\"><strong><em>Le Commissaire G\u00e9n\u00e9ral du Festival des musiques urbaines d\u2019Anoumabo (FEMUA), en C\u00f4te d\u2019ivoire, a \u00e9t\u00e9 re\u00e7u le 25 mai dernier \u00e0 Lom\u00e9, par le Pr\u00e9sident de la R\u00e9publique, Faure Gnassingb\u00e9.<\/em><\/strong><\/p>\n\n\n<div class=\"wp-block-image\">\n<figure class=\"alignleft size-full is-resized\"><img loading=\"lazy\" decoding=\"async\" src=\"https:\/\/macite.tg\/wp-content\/uploads\/2023\/05\/IMG-20230531-WA0062.jpg\" alt=\"\" class=\"wp-image-5925\" width=\"532\" height=\"389\" srcset=\"https:\/\/macite.tg\/wp-content\/uploads\/2023\/05\/IMG-20230531-WA0062.jpg 495w, https:\/\/macite.tg\/wp-content\/uploads\/2023\/05\/IMG-20230531-WA0062-300x219.jpg 300w\" sizes=\"auto, (max-width: 532px) 100vw, 532px\" \/><\/figure>\n<\/div>\n\n\n<p class=\"wp-block-paragraph\">A\u2019salfo, le Commissaire g\u00e9n\u00e9ral du FEMUA \u00e9tait le 25 mai dernier chez le Pr\u00e9sident Faure Gnassingb\u00e9. Le leader charismatique du groupe Magic System, est venu remercier le Togo, invit\u00e9 d\u2019honneur de la 15\u00e8 \u00e9dition du FEMUA, pour sa brillante participation.<\/p>\n\n\n\n<p class=\"wp-block-paragraph\">Et le Commissaire g\u00e9n\u00e9ral n\u2019\u00e9tait pas venu les mains vides. Il a remis au Chef de l\u2019Etat, une Attestation de participation. <em>\u00ab&nbsp;C\u2019\u00e9tait l\u2019occasion pour nous de lui t\u00e9moigner, \u00e0 nouveau, notre gratitude pour sa contribution \u00e0 la brillante participation de son pays au FEMUA 15 en tant que pays invit\u00e9 d\u2019honneur&nbsp;\u00bb,<\/em> a post\u00e9 A\u2019Salfo sur les r\u00e9seaux sociaux<\/p>\n\n\n\n<figure class=\"wp-block-image size-large\"><img loading=\"lazy\" decoding=\"async\" width=\"1024\" height=\"212\" src=\"https:\/\/macite.tg\/wp-content\/uploads\/2023\/05\/IMG-20230514-WA00962-1-1024x212.jpg\" alt=\"\" class=\"wp-image-5687\" srcset=\"https:\/\/macite.tg\/wp-content\/uploads\/2023\/05\/IMG-20230514-WA00962-1-1024x212.jpg 1024w, https:\/\/macite.tg\/wp-content\/uploads\/2023\/05\/IMG-20230514-WA00962-1-300x62.jpg 300w, https:\/\/macite.tg\/wp-content\/uploads\/2023\/05\/IMG-20230514-WA00962-1-768x159.jpg 768w, https:\/\/macite.tg\/wp-content\/uploads\/2023\/05\/IMG-20230514-WA00962-1-1536x318.jpg 1536w, https:\/\/macite.tg\/wp-content\/uploads\/2023\/05\/IMG-20230514-WA00962-1.jpg 1600w\" sizes=\"auto, (max-width: 1024px) 100vw, 1024px\" \/><\/figure>\n\n\n\n<p class=\"wp-block-paragraph\">Notons que le Togo a fait une participation XXL lors de l\u2019\u00e9dition 2023 des FEMUA qui se sont d\u00e9roul\u00e9s du&nbsp; 25 au 30 avril dernier \u00e0 Anoumabo, \u00e0 Abidjan en C\u00f4te d\u2019Ivoire. Plusieurs artistes togolais \u00e9taient de la partie.<\/p>\n\n\n\n<p class=\"wp-block-paragraph\"><strong>La R\u00e9daction<\/strong><\/p>\n\n\n\n<p class=\"wp-block-paragraph\"><strong><em>@macite.tg<\/em><\/strong><\/p>\n\n\n\n<p class=\"wp-block-paragraph\"><strong><em>E-mail&nbsp;: <\/em><\/strong><a href=\"mailto:maciteinfo@gmail.com\"><strong><em>maciteinfo@gmail.com<\/em><\/strong><\/a><strong><em>; <\/em><\/strong><a href=\"mailto:bawela1@gmail.com\"><strong><em>bawela1@gmail.com<\/em><\/strong><\/a><strong><em><\/em><\/strong><\/p>\n\n\n\n<p class=\"wp-block-paragraph\"><strong><em>Pour vos annonces, (publi)reportages, etc., joignez nous au (00228)91515309\/<strong>79872224 <\/strong>www.macite.tg, L\u2019information, la bonne&nbsp;!<\/em><\/strong><\/p>\n","protected":false},"excerpt":{"rendered":"<p class=\"text-justify mb-2\" >Le Commissaire G\u00e9n\u00e9ral du Festival des musiques urbaines d\u2019Anoumabo (FEMUA), en C\u00f4te d\u2019ivoire, a \u00e9t\u00e9 re\u00e7u le 25 mai dernier \u00e0 Lom\u00e9, par le Pr\u00e9sident de la R\u00e9publique, Faure Gnassingb\u00e9. A\u2019salfo, le Commissaire g\u00e9n\u00e9ral du FEMUA \u00e9tait le 25 mai dernier chez le Pr\u00e9sident Faure [&hellip;]<\/p>\n","protected":false},"author":2,"featured_media":5920,"comment_status":"open","ping_status":"open","sticky":false,"template":"","format":"standard","meta":{"footnotes":""},"categories":[18],"tags":[],"class_list":["post-5918","post","type-post","status-publish","format-standard","has-post-thumbnail","hentry","category-culture"],"yoast_head":"<!-- This site is optimized with the Yoast SEO plugin v28.4 - https:\/\/yoast.com\/product\/yoast-seo-wordpress\/ -->\n<title>CULTURE\u00a0: Le Commissaire g\u00e9n\u00e9ral du FEMUA, A\u2019Salfo, re\u00e7u par le Chef de l\u2019Etat Faure Gnassingb\u00e9 -<\/title>\n<meta name=\"robots\" content=\"index, follow, max-snippet:-1, max-image-preview:large, max-video-preview:-1\" \/>\n<link rel=\"canonical\" href=\"https:\/\/macite.tg\/?p=5918\" \/>\n<meta property=\"og:locale\" content=\"fr_FR\" \/>\n<meta property=\"og:type\" content=\"article\" \/>\n<meta property=\"og:title\" content=\"CULTURE\u00a0: Le Commissaire g\u00e9n\u00e9ral du FEMUA, A\u2019Salfo, re\u00e7u par le Chef de l\u2019Etat Faure Gnassingb\u00e9 -\" \/>\n<meta property=\"og:description\" content=\"Le Commissaire G\u00e9n\u00e9ral du Festival des musiques urbaines d\u2019Anoumabo (FEMUA), en C\u00f4te d\u2019ivoire, a \u00e9t\u00e9 re\u00e7u le 25 mai dernier \u00e0 Lom\u00e9, par le Pr\u00e9sident de la R\u00e9publique, Faure Gnassingb\u00e9. A\u2019salfo, le Commissaire g\u00e9n\u00e9ral du FEMUA \u00e9tait le 25 mai dernier chez le Pr\u00e9sident Faure [&hellip;]\" \/>\n<meta property=\"og:url\" content=\"https:\/\/macite.tg\/?p=5918\" \/>\n<meta property=\"article:published_time\" content=\"2023-05-31T15:52:55+00:00\" \/>\n<meta property=\"article:modified_time\" content=\"2023-05-31T16:26:08+00:00\" \/>\n<meta property=\"og:image\" content=\"https:\/\/macite.tg\/wp-content\/uploads\/2023\/05\/Asalfo-et-Faure-Gnassongbe-750x375-1.jpg\" \/>\n\t<meta property=\"og:image:width\" content=\"750\" \/>\n\t<meta property=\"og:image:height\" content=\"375\" \/>\n\t<meta property=\"og:image:type\" content=\"image\/jpeg\" \/>\n<meta name=\"author\" content=\"Jean Pierre BAWELA\" \/>\n<meta name=\"twitter:card\" content=\"summary_large_image\" \/>\n<meta name=\"twitter:label1\" content=\"\u00c9crit par\" \/>\n\t<meta name=\"twitter:data1\" content=\"Jean Pierre BAWELA\" \/>\n\t<meta name=\"twitter:label2\" content=\"Dur\u00e9e de lecture estim\u00e9e\" \/>\n\t<meta name=\"twitter:data2\" content=\"1 minute\" \/>\n<script type=\"application\/ld+json\" class=\"yoast-schema-graph\">{\"@context\":\"https:\\\/\\\/schema.org\",\"@graph\":[{\"@type\":\"Article\",\"@id\":\"https:\\\/\\\/macite.tg\\\/?p=5918#article\",\"isPartOf\":{\"@id\":\"https:\\\/\\\/macite.tg\\\/?p=5918\"},\"author\":{\"name\":\"Jean Pierre BAWELA\",\"@id\":\"https:\\\/\\\/macite.tg\\\/#\\\/schema\\\/person\\\/e9f2de7e5dbbe7770a9402c7ce82f5c2\"},\"headline\":\"CULTURE\u00a0: Le Commissaire g\u00e9n\u00e9ral du FEMUA, A\u2019Salfo, re\u00e7u par le Chef de l\u2019Etat Faure Gnassingb\u00e9\",\"datePublished\":\"2023-05-31T15:52:55+00:00\",\"dateModified\":\"2023-05-31T16:26:08+00:00\",\"mainEntityOfPage\":{\"@id\":\"https:\\\/\\\/macite.tg\\\/?p=5918\"},\"wordCount\":236,\"commentCount\":0,\"image\":{\"@id\":\"https:\\\/\\\/macite.tg\\\/?p=5918#primaryimage\"},\"thumbnailUrl\":\"https:\\\/\\\/macite.tg\\\/wp-content\\\/uploads\\\/2023\\\/05\\\/Asalfo-et-Faure-Gnassongbe-750x375-1.jpg\",\"articleSection\":[\"CULTURE\"],\"inLanguage\":\"fr-FR\",\"potentialAction\":[{\"@type\":\"CommentAction\",\"name\":\"Comment\",\"target\":[\"https:\\\/\\\/macite.tg\\\/?p=5918#respond\"]}]},{\"@type\":\"WebPage\",\"@id\":\"https:\\\/\\\/macite.tg\\\/?p=5918\",\"url\":\"https:\\\/\\\/macite.tg\\\/?p=5918\",\"name\":\"CULTURE\u00a0: Le Commissaire g\u00e9n\u00e9ral du FEMUA, A\u2019Salfo, re\u00e7u par le Chef de l\u2019Etat Faure Gnassingb\u00e9 -\",\"isPartOf\":{\"@id\":\"https:\\\/\\\/macite.tg\\\/#website\"},\"primaryImageOfPage\":{\"@id\":\"https:\\\/\\\/macite.tg\\\/?p=5918#primaryimage\"},\"image\":{\"@id\":\"https:\\\/\\\/macite.tg\\\/?p=5918#primaryimage\"},\"thumbnailUrl\":\"https:\\\/\\\/macite.tg\\\/wp-content\\\/uploads\\\/2023\\\/05\\\/Asalfo-et-Faure-Gnassongbe-750x375-1.jpg\",\"datePublished\":\"2023-05-31T15:52:55+00:00\",\"dateModified\":\"2023-05-31T16:26:08+00:00\",\"author\":{\"@id\":\"https:\\\/\\\/macite.tg\\\/#\\\/schema\\\/person\\\/e9f2de7e5dbbe7770a9402c7ce82f5c2\"},\"breadcrumb\":{\"@id\":\"https:\\\/\\\/macite.tg\\\/?p=5918#breadcrumb\"},\"inLanguage\":\"fr-FR\",\"potentialAction\":[{\"@type\":\"ReadAction\",\"target\":[\"https:\\\/\\\/macite.tg\\\/?p=5918\"]}]},{\"@type\":\"ImageObject\",\"inLanguage\":\"fr-FR\",\"@id\":\"https:\\\/\\\/macite.tg\\\/?p=5918#primaryimage\",\"url\":\"https:\\\/\\\/macite.tg\\\/wp-content\\\/uploads\\\/2023\\\/05\\\/Asalfo-et-Faure-Gnassongbe-750x375-1.jpg\",\"contentUrl\":\"https:\\\/\\\/macite.tg\\\/wp-content\\\/uploads\\\/2023\\\/05\\\/Asalfo-et-Faure-Gnassongbe-750x375-1.jpg\",\"width\":750,\"height\":375},{\"@type\":\"BreadcrumbList\",\"@id\":\"https:\\\/\\\/macite.tg\\\/?p=5918#breadcrumb\",\"itemListElement\":[{\"@type\":\"ListItem\",\"position\":1,\"name\":\"Accueil\",\"item\":\"https:\\\/\\\/macite.tg\\\/\"},{\"@type\":\"ListItem\",\"position\":2,\"name\":\"CULTURE\u00a0: Le Commissaire g\u00e9n\u00e9ral du FEMUA, A\u2019Salfo, re\u00e7u par le Chef de l\u2019Etat Faure Gnassingb\u00e9\"}]},{\"@type\":\"WebSite\",\"@id\":\"https:\\\/\\\/macite.tg\\\/#website\",\"url\":\"https:\\\/\\\/macite.tg\\\/\",\"name\":\"\",\"description\":\"L&#039;information, la bonne!!!\",\"potentialAction\":[{\"@type\":\"SearchAction\",\"target\":{\"@type\":\"EntryPoint\",\"urlTemplate\":\"https:\\\/\\\/macite.tg\\\/?s={search_term_string}\"},\"query-input\":{\"@type\":\"PropertyValueSpecification\",\"valueRequired\":true,\"valueName\":\"search_term_string\"}}],\"inLanguage\":\"fr-FR\"},{\"@type\":\"Person\",\"@id\":\"https:\\\/\\\/macite.tg\\\/#\\\/schema\\\/person\\\/e9f2de7e5dbbe7770a9402c7ce82f5c2\",\"name\":\"Jean Pierre BAWELA\",\"image\":{\"@type\":\"ImageObject\",\"inLanguage\":\"fr-FR\",\"@id\":\"https:\\\/\\\/macite.tg\\\/wp-content\\\/uploads\\\/2023\\\/09\\\/WhatsApp-Image-2023-09-19-at-14.44.41-122x122.jpeg\",\"url\":\"https:\\\/\\\/macite.tg\\\/wp-content\\\/uploads\\\/2023\\\/09\\\/WhatsApp-Image-2023-09-19-at-14.44.41-122x122.jpeg\",\"contentUrl\":\"https:\\\/\\\/macite.tg\\\/wp-content\\\/uploads\\\/2023\\\/09\\\/WhatsApp-Image-2023-09-19-at-14.44.41-122x122.jpeg\",\"caption\":\"Jean Pierre BAWELA\"},\"url\":\"https:\\\/\\\/macite.tg\\\/?author=2\"}]}<\/script>\n<!-- \/ Yoast SEO plugin. -->","yoast_head_json":{"title":"CULTURE\u00a0: Le Commissaire g\u00e9n\u00e9ral du FEMUA, A\u2019Salfo, re\u00e7u par le Chef de l\u2019Etat Faure Gnassingb\u00e9 -","robots":{"index":"index","follow":"follow","max-snippet":"max-snippet:-1","max-image-preview":"max-image-preview:large","max-video-preview":"max-video-preview:-1"},"canonical":"https:\/\/macite.tg\/?p=5918","og_locale":"fr_FR","og_type":"article","og_title":"CULTURE\u00a0: Le Commissaire g\u00e9n\u00e9ral du FEMUA, A\u2019Salfo, re\u00e7u par le Chef de l\u2019Etat Faure Gnassingb\u00e9 -","og_description":"Le Commissaire G\u00e9n\u00e9ral du Festival des musiques urbaines d\u2019Anoumabo (FEMUA), en C\u00f4te d\u2019ivoire, a \u00e9t\u00e9 re\u00e7u le 25 mai dernier \u00e0 Lom\u00e9, par le Pr\u00e9sident de la R\u00e9publique, Faure Gnassingb\u00e9. A\u2019salfo, le Commissaire g\u00e9n\u00e9ral du FEMUA \u00e9tait le 25 mai dernier chez le Pr\u00e9sident Faure [&hellip;]","og_url":"https:\/\/macite.tg\/?p=5918","article_published_time":"2023-05-31T15:52:55+00:00","article_modified_time":"2023-05-31T16:26:08+00:00","og_image":[{"width":750,"height":375,"url":"https:\/\/macite.tg\/wp-content\/uploads\/2023\/05\/Asalfo-et-Faure-Gnassongbe-750x375-1.jpg","type":"image\/jpeg"}],"author":"Jean Pierre BAWELA","twitter_card":"summary_large_image","twitter_misc":{"\u00c9crit par":"Jean Pierre BAWELA","Dur\u00e9e de lecture estim\u00e9e":"1 minute"},"schema":{"@context":"https:\/\/schema.org","@graph":[{"@type":"Article","@id":"https:\/\/macite.tg\/?p=5918#article","isPartOf":{"@id":"https:\/\/macite.tg\/?p=5918"},"author":{"name":"Jean Pierre BAWELA","@id":"https:\/\/macite.tg\/#\/schema\/person\/e9f2de7e5dbbe7770a9402c7ce82f5c2"},"headline":"CULTURE\u00a0: Le Commissaire g\u00e9n\u00e9ral du FEMUA, A\u2019Salfo, re\u00e7u par le Chef de l\u2019Etat Faure Gnassingb\u00e9","datePublished":"2023-05-31T15:52:55+00:00","dateModified":"2023-05-31T16:26:08+00:00","mainEntityOfPage":{"@id":"https:\/\/macite.tg\/?p=5918"},"wordCount":236,"commentCount":0,"image":{"@id":"https:\/\/macite.tg\/?p=5918#primaryimage"},"thumbnailUrl":"https:\/\/macite.tg\/wp-content\/uploads\/2023\/05\/Asalfo-et-Faure-Gnassongbe-750x375-1.jpg","articleSection":["CULTURE"],"inLanguage":"fr-FR","potentialAction":[{"@type":"CommentAction","name":"Comment","target":["https:\/\/macite.tg\/?p=5918#respond"]}]},{"@type":"WebPage","@id":"https:\/\/macite.tg\/?p=5918","url":"https:\/\/macite.tg\/?p=5918","name":"CULTURE\u00a0: Le Commissaire g\u00e9n\u00e9ral du FEMUA, A\u2019Salfo, re\u00e7u par le Chef de l\u2019Etat Faure Gnassingb\u00e9 -","isPartOf":{"@id":"https:\/\/macite.tg\/#website"},"primaryImageOfPage":{"@id":"https:\/\/macite.tg\/?p=5918#primaryimage"},"image":{"@id":"https:\/\/macite.tg\/?p=5918#primaryimage"},"thumbnailUrl":"https:\/\/macite.tg\/wp-content\/uploads\/2023\/05\/Asalfo-et-Faure-Gnassongbe-750x375-1.jpg","datePublished":"2023-05-31T15:52:55+00:00","dateModified":"2023-05-31T16:26:08+00:00","author":{"@id":"https:\/\/macite.tg\/#\/schema\/person\/e9f2de7e5dbbe7770a9402c7ce82f5c2"},"breadcrumb":{"@id":"https:\/\/macite.tg\/?p=5918#breadcrumb"},"inLanguage":"fr-FR","potentialAction":[{"@type":"ReadAction","target":["https:\/\/macite.tg\/?p=5918"]}]},{"@type":"ImageObject","inLanguage":"fr-FR","@id":"https:\/\/macite.tg\/?p=5918#primaryimage","url":"https:\/\/macite.tg\/wp-content\/uploads\/2023\/05\/Asalfo-et-Faure-Gnassongbe-750x375-1.jpg","contentUrl":"https:\/\/macite.tg\/wp-content\/uploads\/2023\/05\/Asalfo-et-Faure-Gnassongbe-750x375-1.jpg","width":750,"height":375},{"@type":"BreadcrumbList","@id":"https:\/\/macite.tg\/?p=5918#breadcrumb","itemListElement":[{"@type":"ListItem","position":1,"name":"Accueil","item":"https:\/\/macite.tg\/"},{"@type":"ListItem","position":2,"name":"CULTURE\u00a0: Le Commissaire g\u00e9n\u00e9ral du FEMUA, A\u2019Salfo, re\u00e7u par le Chef de l\u2019Etat Faure Gnassingb\u00e9"}]},{"@type":"WebSite","@id":"https:\/\/macite.tg\/#website","url":"https:\/\/macite.tg\/","name":"","description":"L&#039;information, la bonne!!!","potentialAction":[{"@type":"SearchAction","target":{"@type":"EntryPoint","urlTemplate":"https:\/\/macite.tg\/?s={search_term_string}"},"query-input":{"@type":"PropertyValueSpecification","valueRequired":true,"valueName":"search_term_string"}}],"inLanguage":"fr-FR"},{"@type":"Person","@id":"https:\/\/macite.tg\/#\/schema\/person\/e9f2de7e5dbbe7770a9402c7ce82f5c2","name":"Jean Pierre BAWELA","image":{"@type":"ImageObject","inLanguage":"fr-FR","@id":"https:\/\/macite.tg\/wp-content\/uploads\/2023\/09\/WhatsApp-Image-2023-09-19-at-14.44.41-122x122.jpeg","url":"https:\/\/macite.tg\/wp-content\/uploads\/2023\/09\/WhatsApp-Image-2023-09-19-at-14.44.41-122x122.jpeg","contentUrl":"https:\/\/macite.tg\/wp-content\/uploads\/2023\/09\/WhatsApp-Image-2023-09-19-at-14.44.41-122x122.jpeg","caption":"Jean Pierre BAWELA"},"url":"https:\/\/macite.tg\/?author=2"}]}},"_links":{"self":[{"href":"https:\/\/macite.tg\/index.php?rest_route=\/wp\/v2\/posts\/5918","targetHints":{"allow":["GET"]}}],"collection":[{"href":"https:\/\/macite.tg\/index.php?rest_route=\/wp\/v2\/posts"}],"about":[{"href":"https:\/\/macite.tg\/index.php?rest_route=\/wp\/v2\/types\/post"}],"author":[{"embeddable":true,"href":"https:\/\/macite.tg\/index.php?rest_route=\/wp\/v2\/users\/2"}],"replies":[{"embeddable":true,"href":"https:\/\/macite.tg\/index.php?rest_route=%2Fwp%2Fv2%2Fcomments&post=5918"}],"version-history":[{"count":0,"href":"https:\/\/macite.tg\/index.php?rest_route=\/wp\/v2\/posts\/5918\/revisions"}],"wp:featuredmedia":[{"embeddable":true,"href":"https:\/\/macite.tg\/index.php?rest_route=\/wp\/v2\/media\/5920"}],"wp:attachment":[{"href":"https:\/\/macite.tg\/index.php?rest_route=%2Fwp%2Fv2%2Fmedia&parent=5918"}],"wp:term":[{"taxonomy":"category","embeddable":true,"href":"https:\/\/macite.tg\/index.php?rest_route=%2Fwp%2Fv2%2Fcategories&post=5918"},{"taxonomy":"post_tag","embeddable":true,"href":"https:\/\/macite.tg\/index.php?rest_route=%2Fwp%2Fv2%2Ftags&post=5918"}],"curies":[{"name":"wp","href":"https:\/\/api.w.org\/{rel}","templated":true}]}}