{"id":5906,"date":"2023-05-31T10:22:44","date_gmt":"2023-05-31T10:22:44","guid":{"rendered":"https:\/\/macite.tg\/?p=5906"},"modified":"2023-05-31T10:22:56","modified_gmt":"2023-05-31T10:22:56","slug":"du-materiel-didactique-aux-lycees-des-recompenses-aux-eleves-dans-le-vo","status":"publish","type":"post","link":"https:\/\/macite.tg\/?p=5906","title":{"rendered":"DU MAT\u00c9RIEL DIDACTIQUE AUX LYC\u00c9ES\u00a0: Des r\u00e9compenses aux \u00e9l\u00e8ves dans le Vo"},"content":{"rendered":"\n<p class=\"wp-block-paragraph\"><strong><em>Le ministre des Enseignements primaire, secondaire, technique et de l&rsquo;Artisanat, Dodzi Komla Kokoroko, a effectu\u00e9 une tourn\u00e9e aux Lyc\u00e9es d&rsquo;Akoumap\u00e9 et de Togoville, le mardi 23 mai, dans les communes Vo 2 et Vo 4. L&rsquo;objectif de ce p\u00e9riple est de se rendre compte de l&rsquo;\u00e9volution des activit\u00e9s scolaires dans ces \u00e9tablissements, de sensibiliser les apprenants \u00e0 la culture de l&rsquo;excellence et d&rsquo;encourager les responsables du syst\u00e8me \u00e9ducatif de Vo \u00e0 des efforts pour la r\u00e9ussite de l&rsquo;ann\u00e9e scolaire 2022-2023.<\/em><\/strong><\/p>\n\n\n\n<p class=\"wp-block-paragraph\">Que ce soit aux Lyc\u00e9es de Togoville ou au Lyc\u00e9e d&rsquo;Akoumap\u00e9, le ministre a signifi\u00e9 que sa visit\u00e9 se situe dans le cadre de la fraternit\u00e9, l&rsquo;amiti\u00e9 et d&rsquo;une gouvernance de proximit\u00e9 conform\u00e9ment aux engagements du chef de l&rsquo;Etat et du Premier ministre en faveur du secteur \u00e9ducatif, une gouvernance qui, selon lui, prend en compte les r\u00e9alit\u00e9s des populations, afin d&rsquo;y trouver les solutions les plus r\u00e9alistes. Le ministre a expliqu\u00e9 \u00e0 l&rsquo;assistance, les raisons de la fusion des \u00e9tablissements, les efforts du gouvernement en mati\u00e8re de la dotation des \u00e9tablissements des enseignants de qualit\u00e9 et des infrastructures scolaires.<\/p>\n\n\n<div class=\"wp-block-image\">\n<figure class=\"aligncenter size-large is-resized\"><img loading=\"lazy\" decoding=\"async\" src=\"https:\/\/macite.tg\/wp-content\/uploads\/2023\/05\/Popup_Site_gudef23-1-1024x902.jpg\" alt=\"\" class=\"wp-image-5755\" width=\"510\" height=\"448\" srcset=\"https:\/\/macite.tg\/wp-content\/uploads\/2023\/05\/Popup_Site_gudef23-1-1024x902.jpg 1024w, https:\/\/macite.tg\/wp-content\/uploads\/2023\/05\/Popup_Site_gudef23-1-300x264.jpg 300w, https:\/\/macite.tg\/wp-content\/uploads\/2023\/05\/Popup_Site_gudef23-1-768x676.jpg 768w, https:\/\/macite.tg\/wp-content\/uploads\/2023\/05\/Popup_Site_gudef23-1.jpg 1280w\" sizes=\"auto, (max-width: 510px) 100vw, 510px\" \/><\/figure>\n<\/div>\n\n\n<p class=\"wp-block-paragraph\"><em>\u00ab&nbsp;Le secteur \u00e9ducatif change et ce secteur changera davantage. En dotant les \u00e9tablissements scolaires de toutes les r\u00e9gions \u00e9ducatives du Togo de mat\u00e9riels informatiques, le Gouvernement manifeste une fois de plus sa volont\u00e9 non seulement \u00e0 fournir \u00e0 tous les \u00e9l\u00e8ves, les outils n\u00e9cessaires pour r\u00e9ussir \u00e0 l&rsquo;\u00e8re du num\u00e9rique, mais aussi son d\u00e9sir de favoriser l&rsquo;apprentissage moderne en pr\u00e9parant les jeunes \u00e0 faire face aux d\u00e9fis technologiques du 21\u00e8me si\u00e8cle.&nbsp;\u00bb,<\/em> a d\u00e9clar\u00e9 le ministre Kokoroko. Il a salu\u00e9 l&rsquo;engagement des enseignants et des parents d&rsquo;\u00e9l\u00e8ves dans les r\u00e9sultats scolaires et a encourag\u00e9 chacun \u00e0 poursuivre les efforts visant \u00e0 am\u00e9liorer la qualit\u00e9 de l&rsquo;\u00e9ducation.<\/p>\n\n\n\n<p class=\"wp-block-paragraph\">&nbsp;Il a rassur\u00e9 l&rsquo;assistance que, les d\u00e9cisions qui sont prises aujourd&rsquo;hui sont les meilleures et que toutes les r\u00e9formes aujourd&rsquo;hui se font au profit des populations. Le ministre a inform\u00e9 son auditoire sur les projets en vue dans les \u00e9tablissements scolaires au titre de la rentr\u00e9e scolaire prochaine, entre autres, la dotation des inspections des v\u00e9hicules, le recrutement des enseignants, la dotation des \u00e9tablissements des enseignants de qualit\u00e9 et la cr\u00e9ation des lyc\u00e9es scientifiques.<\/p>\n\n\n\n<p class=\"wp-block-paragraph\">Le Prof Kokoroko a encourag\u00e9 la population \u00e0 s&rsquo;inscrire dans la dynamique du changement et de l&rsquo;\u00e9volution. Le ministre a rassur\u00e9 la population que l&rsquo;attention du gouvernement sera davantage plus grande, afin qu&rsquo;elle se sente au c\u0153ur de la R\u00e9publique, pour que le d\u00e9veloppement des localit\u00e9s soit une r\u00e9alit\u00e9 partag\u00e9e.<\/p>\n\n\n\n<figure class=\"wp-block-image size-large\"><img loading=\"lazy\" decoding=\"async\" width=\"1024\" height=\"212\" src=\"https:\/\/macite.tg\/wp-content\/uploads\/2023\/05\/IMG-20230514-WA00962-1-1024x212.jpg\" alt=\"\" class=\"wp-image-5687\" srcset=\"https:\/\/macite.tg\/wp-content\/uploads\/2023\/05\/IMG-20230514-WA00962-1-1024x212.jpg 1024w, https:\/\/macite.tg\/wp-content\/uploads\/2023\/05\/IMG-20230514-WA00962-1-300x62.jpg 300w, https:\/\/macite.tg\/wp-content\/uploads\/2023\/05\/IMG-20230514-WA00962-1-768x159.jpg 768w, https:\/\/macite.tg\/wp-content\/uploads\/2023\/05\/IMG-20230514-WA00962-1-1536x318.jpg 1536w, https:\/\/macite.tg\/wp-content\/uploads\/2023\/05\/IMG-20230514-WA00962-1.jpg 1600w\" sizes=\"auto, (max-width: 1024px) 100vw, 1024px\" \/><\/figure>\n\n\n\n<p class=\"wp-block-paragraph\">La rencontre a \u00e9galement permis de gratifier deux meilleures \u00e9l\u00e8ves filles admises au BAC I l&rsquo;ann\u00e9e pass\u00e9e, par des ordinateurs portatifs, de faire don des ordinateurs et des machines photocopieuses aux deux lyc\u00e9es visit\u00e9s, d&rsquo;offrir des cadeaux de souvenir et de sensibiliser les \u00e9l\u00e8ves sur l&rsquo;importance de l&rsquo;\u00e9cole et la culture de l&rsquo;excellence. Les \u00e9l\u00e8ves de ces \u00e9tablissements scolaires visit\u00e9s ont, \u00e0 travers leurs porte-parole, remerci\u00e9 le ministre pour l&rsquo;attention particuli\u00e8re port\u00e9e \u00e0 eux. Ils ont exprim\u00e9 leur gratitude et leur reconnaissance au chef de l&rsquo;Etat, au Premier ministre et au gouvernement pour leur politique de proximit\u00e9 \u00e0 leur \u00e9gard et la volont\u00e9 d&rsquo;apporter un changement qualitatif dans le syst\u00e8me \u00e9ducatif du Togo.<\/p>\n\n\n\n<p class=\"wp-block-paragraph\"><strong>(In LE MEDIUM n\u00b0555 du 30 Mai au 05 Juin 2023)<\/strong><\/p>\n\n\n\n<p class=\"wp-block-paragraph\"><strong><em>@macite.tg&nbsp;&nbsp;&nbsp;&nbsp;&nbsp;&nbsp;&nbsp;&nbsp;<\/em><\/strong><\/p>\n\n\n\n<p class=\"wp-block-paragraph\"><strong><em>E-mail&nbsp;: <\/em><\/strong><a href=\"mailto:maciteinfo@gmail.com\"><strong><em>maciteinfo@gmail.com<\/em><\/strong><\/a><strong><em>; <\/em><\/strong><a href=\"mailto:bawela1@gmail.com\"><strong><em>bawela1@gmail.com<\/em><\/strong><\/a><strong><em><\/em><\/strong><\/p>\n\n\n\n<p class=\"wp-block-paragraph\"><strong><em>Pour vos annonces, (publi)reportages, etc., joignez nous au (00228)91515309\/<strong>79872224 <\/strong>www.macite.tg, L\u2019information, la bonne&nbsp;!<\/em><\/strong><\/p>\n","protected":false},"excerpt":{"rendered":"<p class=\"text-justify mb-2\" >Le ministre des Enseignements primaire, secondaire, technique et de l&rsquo;Artisanat, Dodzi Komla Kokoroko, a effectu\u00e9 une tourn\u00e9e aux Lyc\u00e9es d&rsquo;Akoumap\u00e9 et de Togoville, le mardi 23 mai, dans les communes Vo 2 et Vo 4. L&rsquo;objectif de ce p\u00e9riple est de se rendre compte de [&hellip;]<\/p>\n","protected":false},"author":2,"featured_media":5908,"comment_status":"open","ping_status":"open","sticky":false,"template":"","format":"standard","meta":{"footnotes":""},"categories":[4],"tags":[],"class_list":["post-5906","post","type-post","status-publish","format-standard","has-post-thumbnail","hentry","category-education"],"yoast_head":"<!-- This site is optimized with the Yoast SEO plugin v28.4 - https:\/\/yoast.com\/product\/yoast-seo-wordpress\/ -->\n<title>DU MAT\u00c9RIEL DIDACTIQUE AUX LYC\u00c9ES\u00a0: Des r\u00e9compenses aux \u00e9l\u00e8ves dans le Vo -<\/title>\n<meta name=\"robots\" content=\"index, follow, max-snippet:-1, max-image-preview:large, max-video-preview:-1\" \/>\n<link rel=\"canonical\" href=\"https:\/\/macite.tg\/?p=5906\" \/>\n<meta property=\"og:locale\" content=\"fr_FR\" \/>\n<meta property=\"og:type\" content=\"article\" \/>\n<meta property=\"og:title\" content=\"DU MAT\u00c9RIEL DIDACTIQUE AUX LYC\u00c9ES\u00a0: Des r\u00e9compenses aux \u00e9l\u00e8ves dans le Vo -\" \/>\n<meta property=\"og:description\" content=\"Le ministre des Enseignements primaire, secondaire, technique et de l&rsquo;Artisanat, Dodzi Komla Kokoroko, a effectu\u00e9 une tourn\u00e9e aux Lyc\u00e9es d&rsquo;Akoumap\u00e9 et de Togoville, le mardi 23 mai, dans les communes Vo 2 et Vo 4. L&rsquo;objectif de ce p\u00e9riple est de se rendre compte de [&hellip;]\" \/>\n<meta property=\"og:url\" content=\"https:\/\/macite.tg\/?p=5906\" \/>\n<meta property=\"article:published_time\" content=\"2023-05-31T10:22:44+00:00\" \/>\n<meta property=\"article:modified_time\" content=\"2023-05-31T10:22:56+00:00\" \/>\n<meta property=\"og:image\" content=\"https:\/\/macite.tg\/wp-content\/uploads\/2023\/05\/Education-Vo.jpg\" \/>\n\t<meta property=\"og:image:width\" content=\"500\" \/>\n\t<meta property=\"og:image:height\" content=\"167\" \/>\n\t<meta property=\"og:image:type\" content=\"image\/jpeg\" \/>\n<meta name=\"author\" content=\"Jean Pierre BAWELA\" \/>\n<meta name=\"twitter:card\" content=\"summary_large_image\" \/>\n<meta name=\"twitter:label1\" content=\"\u00c9crit par\" \/>\n\t<meta name=\"twitter:data1\" content=\"Jean Pierre BAWELA\" \/>\n\t<meta name=\"twitter:label2\" content=\"Dur\u00e9e de lecture estim\u00e9e\" \/>\n\t<meta name=\"twitter:data2\" content=\"3 minutes\" \/>\n<script type=\"application\/ld+json\" class=\"yoast-schema-graph\">{\"@context\":\"https:\\\/\\\/schema.org\",\"@graph\":[{\"@type\":\"Article\",\"@id\":\"https:\\\/\\\/macite.tg\\\/?p=5906#article\",\"isPartOf\":{\"@id\":\"https:\\\/\\\/macite.tg\\\/?p=5906\"},\"author\":{\"name\":\"Jean Pierre BAWELA\",\"@id\":\"https:\\\/\\\/macite.tg\\\/#\\\/schema\\\/person\\\/e9f2de7e5dbbe7770a9402c7ce82f5c2\"},\"headline\":\"DU MAT\u00c9RIEL DIDACTIQUE AUX LYC\u00c9ES\u00a0: Des r\u00e9compenses aux \u00e9l\u00e8ves dans le Vo\",\"datePublished\":\"2023-05-31T10:22:44+00:00\",\"dateModified\":\"2023-05-31T10:22:56+00:00\",\"mainEntityOfPage\":{\"@id\":\"https:\\\/\\\/macite.tg\\\/?p=5906\"},\"wordCount\":652,\"commentCount\":0,\"image\":{\"@id\":\"https:\\\/\\\/macite.tg\\\/?p=5906#primaryimage\"},\"thumbnailUrl\":\"https:\\\/\\\/macite.tg\\\/wp-content\\\/uploads\\\/2023\\\/05\\\/Education-Vo.jpg\",\"articleSection\":[\"EDUCATION\"],\"inLanguage\":\"fr-FR\",\"potentialAction\":[{\"@type\":\"CommentAction\",\"name\":\"Comment\",\"target\":[\"https:\\\/\\\/macite.tg\\\/?p=5906#respond\"]}]},{\"@type\":\"WebPage\",\"@id\":\"https:\\\/\\\/macite.tg\\\/?p=5906\",\"url\":\"https:\\\/\\\/macite.tg\\\/?p=5906\",\"name\":\"DU MAT\u00c9RIEL DIDACTIQUE AUX LYC\u00c9ES\u00a0: Des r\u00e9compenses aux \u00e9l\u00e8ves dans le Vo -\",\"isPartOf\":{\"@id\":\"https:\\\/\\\/macite.tg\\\/#website\"},\"primaryImageOfPage\":{\"@id\":\"https:\\\/\\\/macite.tg\\\/?p=5906#primaryimage\"},\"image\":{\"@id\":\"https:\\\/\\\/macite.tg\\\/?p=5906#primaryimage\"},\"thumbnailUrl\":\"https:\\\/\\\/macite.tg\\\/wp-content\\\/uploads\\\/2023\\\/05\\\/Education-Vo.jpg\",\"datePublished\":\"2023-05-31T10:22:44+00:00\",\"dateModified\":\"2023-05-31T10:22:56+00:00\",\"author\":{\"@id\":\"https:\\\/\\\/macite.tg\\\/#\\\/schema\\\/person\\\/e9f2de7e5dbbe7770a9402c7ce82f5c2\"},\"breadcrumb\":{\"@id\":\"https:\\\/\\\/macite.tg\\\/?p=5906#breadcrumb\"},\"inLanguage\":\"fr-FR\",\"potentialAction\":[{\"@type\":\"ReadAction\",\"target\":[\"https:\\\/\\\/macite.tg\\\/?p=5906\"]}]},{\"@type\":\"ImageObject\",\"inLanguage\":\"fr-FR\",\"@id\":\"https:\\\/\\\/macite.tg\\\/?p=5906#primaryimage\",\"url\":\"https:\\\/\\\/macite.tg\\\/wp-content\\\/uploads\\\/2023\\\/05\\\/Education-Vo.jpg\",\"contentUrl\":\"https:\\\/\\\/macite.tg\\\/wp-content\\\/uploads\\\/2023\\\/05\\\/Education-Vo.jpg\",\"width\":500,\"height\":167},{\"@type\":\"BreadcrumbList\",\"@id\":\"https:\\\/\\\/macite.tg\\\/?p=5906#breadcrumb\",\"itemListElement\":[{\"@type\":\"ListItem\",\"position\":1,\"name\":\"Accueil\",\"item\":\"https:\\\/\\\/macite.tg\\\/\"},{\"@type\":\"ListItem\",\"position\":2,\"name\":\"DU MAT\u00c9RIEL DIDACTIQUE AUX LYC\u00c9ES\u00a0: Des r\u00e9compenses aux \u00e9l\u00e8ves dans le Vo\"}]},{\"@type\":\"WebSite\",\"@id\":\"https:\\\/\\\/macite.tg\\\/#website\",\"url\":\"https:\\\/\\\/macite.tg\\\/\",\"name\":\"\",\"description\":\"L&#039;information, la bonne!!!\",\"potentialAction\":[{\"@type\":\"SearchAction\",\"target\":{\"@type\":\"EntryPoint\",\"urlTemplate\":\"https:\\\/\\\/macite.tg\\\/?s={search_term_string}\"},\"query-input\":{\"@type\":\"PropertyValueSpecification\",\"valueRequired\":true,\"valueName\":\"search_term_string\"}}],\"inLanguage\":\"fr-FR\"},{\"@type\":\"Person\",\"@id\":\"https:\\\/\\\/macite.tg\\\/#\\\/schema\\\/person\\\/e9f2de7e5dbbe7770a9402c7ce82f5c2\",\"name\":\"Jean Pierre BAWELA\",\"image\":{\"@type\":\"ImageObject\",\"inLanguage\":\"fr-FR\",\"@id\":\"https:\\\/\\\/macite.tg\\\/wp-content\\\/uploads\\\/2023\\\/09\\\/WhatsApp-Image-2023-09-19-at-14.44.41-122x122.jpeg\",\"url\":\"https:\\\/\\\/macite.tg\\\/wp-content\\\/uploads\\\/2023\\\/09\\\/WhatsApp-Image-2023-09-19-at-14.44.41-122x122.jpeg\",\"contentUrl\":\"https:\\\/\\\/macite.tg\\\/wp-content\\\/uploads\\\/2023\\\/09\\\/WhatsApp-Image-2023-09-19-at-14.44.41-122x122.jpeg\",\"caption\":\"Jean Pierre BAWELA\"},\"url\":\"https:\\\/\\\/macite.tg\\\/?author=2\"}]}<\/script>\n<!-- \/ Yoast SEO plugin. -->","yoast_head_json":{"title":"DU MAT\u00c9RIEL DIDACTIQUE AUX LYC\u00c9ES\u00a0: Des r\u00e9compenses aux \u00e9l\u00e8ves dans le Vo -","robots":{"index":"index","follow":"follow","max-snippet":"max-snippet:-1","max-image-preview":"max-image-preview:large","max-video-preview":"max-video-preview:-1"},"canonical":"https:\/\/macite.tg\/?p=5906","og_locale":"fr_FR","og_type":"article","og_title":"DU MAT\u00c9RIEL DIDACTIQUE AUX LYC\u00c9ES\u00a0: Des r\u00e9compenses aux \u00e9l\u00e8ves dans le Vo -","og_description":"Le ministre des Enseignements primaire, secondaire, technique et de l&rsquo;Artisanat, Dodzi Komla Kokoroko, a effectu\u00e9 une tourn\u00e9e aux Lyc\u00e9es d&rsquo;Akoumap\u00e9 et de Togoville, le mardi 23 mai, dans les communes Vo 2 et Vo 4. L&rsquo;objectif de ce p\u00e9riple est de se rendre compte de [&hellip;]","og_url":"https:\/\/macite.tg\/?p=5906","article_published_time":"2023-05-31T10:22:44+00:00","article_modified_time":"2023-05-31T10:22:56+00:00","og_image":[{"width":500,"height":167,"url":"https:\/\/macite.tg\/wp-content\/uploads\/2023\/05\/Education-Vo.jpg","type":"image\/jpeg"}],"author":"Jean Pierre BAWELA","twitter_card":"summary_large_image","twitter_misc":{"\u00c9crit par":"Jean Pierre BAWELA","Dur\u00e9e de lecture estim\u00e9e":"3 minutes"},"schema":{"@context":"https:\/\/schema.org","@graph":[{"@type":"Article","@id":"https:\/\/macite.tg\/?p=5906#article","isPartOf":{"@id":"https:\/\/macite.tg\/?p=5906"},"author":{"name":"Jean Pierre BAWELA","@id":"https:\/\/macite.tg\/#\/schema\/person\/e9f2de7e5dbbe7770a9402c7ce82f5c2"},"headline":"DU MAT\u00c9RIEL DIDACTIQUE AUX LYC\u00c9ES\u00a0: Des r\u00e9compenses aux \u00e9l\u00e8ves dans le Vo","datePublished":"2023-05-31T10:22:44+00:00","dateModified":"2023-05-31T10:22:56+00:00","mainEntityOfPage":{"@id":"https:\/\/macite.tg\/?p=5906"},"wordCount":652,"commentCount":0,"image":{"@id":"https:\/\/macite.tg\/?p=5906#primaryimage"},"thumbnailUrl":"https:\/\/macite.tg\/wp-content\/uploads\/2023\/05\/Education-Vo.jpg","articleSection":["EDUCATION"],"inLanguage":"fr-FR","potentialAction":[{"@type":"CommentAction","name":"Comment","target":["https:\/\/macite.tg\/?p=5906#respond"]}]},{"@type":"WebPage","@id":"https:\/\/macite.tg\/?p=5906","url":"https:\/\/macite.tg\/?p=5906","name":"DU MAT\u00c9RIEL DIDACTIQUE AUX LYC\u00c9ES\u00a0: Des r\u00e9compenses aux \u00e9l\u00e8ves dans le Vo -","isPartOf":{"@id":"https:\/\/macite.tg\/#website"},"primaryImageOfPage":{"@id":"https:\/\/macite.tg\/?p=5906#primaryimage"},"image":{"@id":"https:\/\/macite.tg\/?p=5906#primaryimage"},"thumbnailUrl":"https:\/\/macite.tg\/wp-content\/uploads\/2023\/05\/Education-Vo.jpg","datePublished":"2023-05-31T10:22:44+00:00","dateModified":"2023-05-31T10:22:56+00:00","author":{"@id":"https:\/\/macite.tg\/#\/schema\/person\/e9f2de7e5dbbe7770a9402c7ce82f5c2"},"breadcrumb":{"@id":"https:\/\/macite.tg\/?p=5906#breadcrumb"},"inLanguage":"fr-FR","potentialAction":[{"@type":"ReadAction","target":["https:\/\/macite.tg\/?p=5906"]}]},{"@type":"ImageObject","inLanguage":"fr-FR","@id":"https:\/\/macite.tg\/?p=5906#primaryimage","url":"https:\/\/macite.tg\/wp-content\/uploads\/2023\/05\/Education-Vo.jpg","contentUrl":"https:\/\/macite.tg\/wp-content\/uploads\/2023\/05\/Education-Vo.jpg","width":500,"height":167},{"@type":"BreadcrumbList","@id":"https:\/\/macite.tg\/?p=5906#breadcrumb","itemListElement":[{"@type":"ListItem","position":1,"name":"Accueil","item":"https:\/\/macite.tg\/"},{"@type":"ListItem","position":2,"name":"DU MAT\u00c9RIEL DIDACTIQUE AUX LYC\u00c9ES\u00a0: Des r\u00e9compenses aux \u00e9l\u00e8ves dans le Vo"}]},{"@type":"WebSite","@id":"https:\/\/macite.tg\/#website","url":"https:\/\/macite.tg\/","name":"","description":"L&#039;information, la bonne!!!","potentialAction":[{"@type":"SearchAction","target":{"@type":"EntryPoint","urlTemplate":"https:\/\/macite.tg\/?s={search_term_string}"},"query-input":{"@type":"PropertyValueSpecification","valueRequired":true,"valueName":"search_term_string"}}],"inLanguage":"fr-FR"},{"@type":"Person","@id":"https:\/\/macite.tg\/#\/schema\/person\/e9f2de7e5dbbe7770a9402c7ce82f5c2","name":"Jean Pierre BAWELA","image":{"@type":"ImageObject","inLanguage":"fr-FR","@id":"https:\/\/macite.tg\/wp-content\/uploads\/2023\/09\/WhatsApp-Image-2023-09-19-at-14.44.41-122x122.jpeg","url":"https:\/\/macite.tg\/wp-content\/uploads\/2023\/09\/WhatsApp-Image-2023-09-19-at-14.44.41-122x122.jpeg","contentUrl":"https:\/\/macite.tg\/wp-content\/uploads\/2023\/09\/WhatsApp-Image-2023-09-19-at-14.44.41-122x122.jpeg","caption":"Jean Pierre BAWELA"},"url":"https:\/\/macite.tg\/?author=2"}]}},"_links":{"self":[{"href":"https:\/\/macite.tg\/index.php?rest_route=\/wp\/v2\/posts\/5906","targetHints":{"allow":["GET"]}}],"collection":[{"href":"https:\/\/macite.tg\/index.php?rest_route=\/wp\/v2\/posts"}],"about":[{"href":"https:\/\/macite.tg\/index.php?rest_route=\/wp\/v2\/types\/post"}],"author":[{"embeddable":true,"href":"https:\/\/macite.tg\/index.php?rest_route=\/wp\/v2\/users\/2"}],"replies":[{"embeddable":true,"href":"https:\/\/macite.tg\/index.php?rest_route=%2Fwp%2Fv2%2Fcomments&post=5906"}],"version-history":[{"count":0,"href":"https:\/\/macite.tg\/index.php?rest_route=\/wp\/v2\/posts\/5906\/revisions"}],"wp:featuredmedia":[{"embeddable":true,"href":"https:\/\/macite.tg\/index.php?rest_route=\/wp\/v2\/media\/5908"}],"wp:attachment":[{"href":"https:\/\/macite.tg\/index.php?rest_route=%2Fwp%2Fv2%2Fmedia&parent=5906"}],"wp:term":[{"taxonomy":"category","embeddable":true,"href":"https:\/\/macite.tg\/index.php?rest_route=%2Fwp%2Fv2%2Fcategories&post=5906"},{"taxonomy":"post_tag","embeddable":true,"href":"https:\/\/macite.tg\/index.php?rest_route=%2Fwp%2Fv2%2Ftags&post=5906"}],"curies":[{"name":"wp","href":"https:\/\/api.w.org\/{rel}","templated":true}]}}