{"id":5901,"date":"2023-05-31T09:51:52","date_gmt":"2023-05-31T09:51:52","guid":{"rendered":"https:\/\/macite.tg\/?p=5901"},"modified":"2023-05-31T09:52:05","modified_gmt":"2023-05-31T09:52:05","slug":"energie-place-a-linstallation-des-lampadaires-solaires-intelligents","status":"publish","type":"post","link":"https:\/\/macite.tg\/?p=5901","title":{"rendered":"\u00c9NERGIE : Place \u00e0 l&rsquo;installation des lampadaires solaires intelligents"},"content":{"rendered":"\n<p class=\"wp-block-paragraph\"><strong><em>Pour venir \u00e0 bout du d\u00e9ficit en \u00e9nergie \u00e9lectrique dans certaines localit\u00e9s du pays, le gouvernement a adopt\u00e9 en 2018 une strat\u00e9gie d&rsquo;\u00e9lectrification nationale. Elle va garantir \u00e0 l&rsquo;horizon 2030 un acc\u00e8s de tous \u00e0 des services \u00e9nerg\u00e9tiques fiables, durables, modernes et \u00e0 un co\u00fbt abordable.<\/em><\/strong><\/p>\n\n\n\n<p class=\"wp-block-paragraph\">Dans cet \u00e9lan, le pr\u00e9sident de la R\u00e9publique a proc\u00e9d\u00e9 en avril 2023 au lancement du projet de fourniture, d&rsquo;installation et de maintenance de 50 000 lampadaires solaires intelligents. L&rsquo;initiative est en droite ligne avec la feuille de route gouvernementale qui vise le d\u00e9ploiement de ces lampadaires solaires intelligents (mod\u00e8les ISSL+) prioritairement dans les zones \u00e9lectrifi\u00e9es par kits solaires au Togo.<\/p>\n\n\n<div class=\"wp-block-image\">\n<figure class=\"aligncenter size-large is-resized\"><img loading=\"lazy\" decoding=\"async\" src=\"https:\/\/macite.tg\/wp-content\/uploads\/2023\/05\/Popup_Site_gudef23-1024x902.jpg\" alt=\"\" class=\"wp-image-5752\" width=\"459\" height=\"404\" srcset=\"https:\/\/macite.tg\/wp-content\/uploads\/2023\/05\/Popup_Site_gudef23-1024x902.jpg 1024w, https:\/\/macite.tg\/wp-content\/uploads\/2023\/05\/Popup_Site_gudef23-300x264.jpg 300w, https:\/\/macite.tg\/wp-content\/uploads\/2023\/05\/Popup_Site_gudef23-768x676.jpg 768w, https:\/\/macite.tg\/wp-content\/uploads\/2023\/05\/Popup_Site_gudef23.jpg 1280w\" sizes=\"auto, (max-width: 459px) 100vw, 459px\" \/><\/figure>\n<\/div>\n\n\n<p class=\"wp-block-paragraph\">C&rsquo;est le fruit d&rsquo;un march\u00e9 \u00e0 quarante millions d&rsquo;euros pass\u00e9 entre le Togo et la soci\u00e9t\u00e9 fran\u00e7aise Sunna Design pour la fourniture et l&rsquo;installation sur 24 mois, puis la maintenance sur 12 ans de ces 50 000 lampadaires solaires intelligents. Le projet vise aussi l&rsquo;\u00e9clairage des infrastructures sociales non \u00e9clair\u00e9es. Aucune zone habitable ne restera dans le noir. C&rsquo;est l&rsquo;ambition avec le projet qui couvre l&rsquo;ensemble du territoire et concerne 4 599 localit\u00e9s r\u00e9parties dans les r\u00e9gions avec une concentration sur la r\u00e9gion des Savanes en raison de l&rsquo;ins\u00e9curit\u00e9 que conna\u00eet la zone.<\/p>\n\n\n\n<p class=\"wp-block-paragraph\">Apr\u00e8s une ann\u00e9e de mise en \u0153uvre, plus de 15 000 lampadaires solaires ont \u00e9t\u00e9 install\u00e9s \u00e0 ce jour dans la pr\u00e9fecture de la Binah, l&rsquo;Oti, Oti Sud, Tone, Kpendjal Ouest et Tandjouar\u00e9. Il s&rsquo;agit des lampadaires \u00ab\u00a0tout en un\u00a0\u00bb, ce qui facilite leur d\u00e9ploiement \u00e0 grande \u00e9chelle.<\/p>\n\n\n\n<figure class=\"wp-block-image size-large\"><img loading=\"lazy\" decoding=\"async\" width=\"1024\" height=\"212\" src=\"https:\/\/macite.tg\/wp-content\/uploads\/2023\/05\/IMG-20230514-WA00962-1-1024x212.jpg\" alt=\"\" class=\"wp-image-5687\" srcset=\"https:\/\/macite.tg\/wp-content\/uploads\/2023\/05\/IMG-20230514-WA00962-1-1024x212.jpg 1024w, https:\/\/macite.tg\/wp-content\/uploads\/2023\/05\/IMG-20230514-WA00962-1-300x62.jpg 300w, https:\/\/macite.tg\/wp-content\/uploads\/2023\/05\/IMG-20230514-WA00962-1-768x159.jpg 768w, https:\/\/macite.tg\/wp-content\/uploads\/2023\/05\/IMG-20230514-WA00962-1-1536x318.jpg 1536w, https:\/\/macite.tg\/wp-content\/uploads\/2023\/05\/IMG-20230514-WA00962-1.jpg 1600w\" sizes=\"auto, (max-width: 1024px) 100vw, 1024px\" \/><\/figure>\n\n\n\n<p class=\"wp-block-paragraph\">Lanc\u00e9 le m\u00eame jour que le projet d&rsquo;installation des 50 000 lampadaires, le fonds Tinga permet aux usagers \u00e9ligibles, gr\u00e2ce \u00e0 des subventions remboursables, de b\u00e9n\u00e9ficier de l&rsquo;\u00e9lectricit\u00e9 contre une contribution de 1 000 francs avec la possibilit\u00e9 de solder le reste du montant d\u00fb sur une p\u00e9riode allant de 04 \u00e0 10 ans pour les populations les plus vuln\u00e9rables.<\/p>\n\n\n\n<p class=\"wp-block-paragraph\"><em>\u00ab&nbsp;Puisque le fonds fait partie int\u00e9grante de la vision d&rsquo;acc\u00e8s universel du gouvernement, toutes les nouvelles installations au cours de cette p\u00e9riode b\u00e9n\u00e9ficieront des offres du fonds Tinga&nbsp;\u00bb,<\/em> indique-t-on. Il est \u00e0 pr\u00e9ciser que, le gouvernement esp\u00e8re \u00e0 travers cette opportunit\u00e9 faciliter le branchement de 1 200 000 m\u00e9nages sur l&rsquo;ensemble du territoire d&rsquo;ici 2030.<\/p>\n\n\n\n<p class=\"wp-block-paragraph\"><strong>(In LE MEDIUM n\u00b0555 du 30 Mai au 05 Juin 2023)<\/strong><\/p>\n\n\n\n<p class=\"wp-block-paragraph\"><strong><em>@macite.tg&nbsp;&nbsp;&nbsp;&nbsp;&nbsp;&nbsp;&nbsp;&nbsp;<\/em><\/strong><\/p>\n\n\n\n<p class=\"wp-block-paragraph\"><strong><em>E-mail&nbsp;: <\/em><\/strong><a href=\"mailto:maciteinfo@gmail.com\"><strong><em>maciteinfo@gmail.com<\/em><\/strong><\/a><strong><em>; <\/em><\/strong><a href=\"mailto:bawela1@gmail.com\"><strong><em>bawela1@gmail.com<\/em><\/strong><\/a><strong><em><\/em><\/strong><\/p>\n\n\n\n<p class=\"wp-block-paragraph\"><strong><em>Pour vos annonces, (publi)reportages, etc., joignez nous au (00228)91515309\/<strong>79872224 <\/strong>www.macite.tg, L\u2019information, la bonne&nbsp;!<\/em><\/strong><\/p>\n","protected":false},"excerpt":{"rendered":"<p class=\"text-justify mb-2\" >Pour venir \u00e0 bout du d\u00e9ficit en \u00e9nergie \u00e9lectrique dans certaines localit\u00e9s du pays, le gouvernement a adopt\u00e9 en 2018 une strat\u00e9gie d&rsquo;\u00e9lectrification nationale. Elle va garantir \u00e0 l&rsquo;horizon 2030 un acc\u00e8s de tous \u00e0 des services \u00e9nerg\u00e9tiques fiables, durables, modernes et \u00e0 un co\u00fbt [&hellip;]<\/p>\n","protected":false},"author":2,"featured_media":5904,"comment_status":"open","ping_status":"open","sticky":false,"template":"","format":"standard","meta":{"footnotes":""},"categories":[20,38],"tags":[],"class_list":["post-5901","post","type-post","status-publish","format-standard","has-post-thumbnail","hentry","category-actualite","category-energie"],"yoast_head":"<!-- This site is optimized with the Yoast SEO plugin v28.4 - https:\/\/yoast.com\/product\/yoast-seo-wordpress\/ -->\n<title>\u00c9NERGIE : Place \u00e0 l&#039;installation des lampadaires solaires intelligents -<\/title>\n<meta name=\"robots\" content=\"index, follow, max-snippet:-1, max-image-preview:large, max-video-preview:-1\" \/>\n<link rel=\"canonical\" href=\"https:\/\/macite.tg\/?p=5901\" \/>\n<meta property=\"og:locale\" content=\"fr_FR\" \/>\n<meta property=\"og:type\" content=\"article\" \/>\n<meta property=\"og:title\" content=\"\u00c9NERGIE : Place \u00e0 l&#039;installation des lampadaires solaires intelligents -\" \/>\n<meta property=\"og:description\" content=\"Pour venir \u00e0 bout du d\u00e9ficit en \u00e9nergie \u00e9lectrique dans certaines localit\u00e9s du pays, le gouvernement a adopt\u00e9 en 2018 une strat\u00e9gie d&rsquo;\u00e9lectrification nationale. Elle va garantir \u00e0 l&rsquo;horizon 2030 un acc\u00e8s de tous \u00e0 des services \u00e9nerg\u00e9tiques fiables, durables, modernes et \u00e0 un co\u00fbt [&hellip;]\" \/>\n<meta property=\"og:url\" content=\"https:\/\/macite.tg\/?p=5901\" \/>\n<meta property=\"article:published_time\" content=\"2023-05-31T09:51:52+00:00\" \/>\n<meta property=\"article:modified_time\" content=\"2023-05-31T09:52:05+00:00\" \/>\n<meta property=\"og:image\" content=\"https:\/\/macite.tg\/wp-content\/uploads\/2023\/05\/Lampadaire.jpg\" \/>\n\t<meta property=\"og:image:width\" content=\"275\" \/>\n\t<meta property=\"og:image:height\" content=\"183\" \/>\n\t<meta property=\"og:image:type\" content=\"image\/jpeg\" \/>\n<meta name=\"author\" content=\"Jean Pierre BAWELA\" \/>\n<meta name=\"twitter:card\" content=\"summary_large_image\" \/>\n<meta name=\"twitter:label1\" content=\"\u00c9crit par\" \/>\n\t<meta name=\"twitter:data1\" content=\"Jean Pierre BAWELA\" \/>\n\t<meta name=\"twitter:label2\" content=\"Dur\u00e9e de lecture estim\u00e9e\" \/>\n\t<meta name=\"twitter:data2\" content=\"2 minutes\" \/>\n<script type=\"application\/ld+json\" class=\"yoast-schema-graph\">{\"@context\":\"https:\\\/\\\/schema.org\",\"@graph\":[{\"@type\":\"Article\",\"@id\":\"https:\\\/\\\/macite.tg\\\/?p=5901#article\",\"isPartOf\":{\"@id\":\"https:\\\/\\\/macite.tg\\\/?p=5901\"},\"author\":{\"name\":\"Jean Pierre BAWELA\",\"@id\":\"https:\\\/\\\/macite.tg\\\/#\\\/schema\\\/person\\\/e9f2de7e5dbbe7770a9402c7ce82f5c2\"},\"headline\":\"\u00c9NERGIE : Place \u00e0 l&rsquo;installation des lampadaires solaires intelligents\",\"datePublished\":\"2023-05-31T09:51:52+00:00\",\"dateModified\":\"2023-05-31T09:52:05+00:00\",\"mainEntityOfPage\":{\"@id\":\"https:\\\/\\\/macite.tg\\\/?p=5901\"},\"wordCount\":442,\"commentCount\":0,\"image\":{\"@id\":\"https:\\\/\\\/macite.tg\\\/?p=5901#primaryimage\"},\"thumbnailUrl\":\"https:\\\/\\\/macite.tg\\\/wp-content\\\/uploads\\\/2023\\\/05\\\/Lampadaire.jpg\",\"articleSection\":[\"ACTUALITE\",\"ENERGIE\"],\"inLanguage\":\"fr-FR\",\"potentialAction\":[{\"@type\":\"CommentAction\",\"name\":\"Comment\",\"target\":[\"https:\\\/\\\/macite.tg\\\/?p=5901#respond\"]}]},{\"@type\":\"WebPage\",\"@id\":\"https:\\\/\\\/macite.tg\\\/?p=5901\",\"url\":\"https:\\\/\\\/macite.tg\\\/?p=5901\",\"name\":\"\u00c9NERGIE : Place \u00e0 l'installation des lampadaires solaires intelligents -\",\"isPartOf\":{\"@id\":\"https:\\\/\\\/macite.tg\\\/#website\"},\"primaryImageOfPage\":{\"@id\":\"https:\\\/\\\/macite.tg\\\/?p=5901#primaryimage\"},\"image\":{\"@id\":\"https:\\\/\\\/macite.tg\\\/?p=5901#primaryimage\"},\"thumbnailUrl\":\"https:\\\/\\\/macite.tg\\\/wp-content\\\/uploads\\\/2023\\\/05\\\/Lampadaire.jpg\",\"datePublished\":\"2023-05-31T09:51:52+00:00\",\"dateModified\":\"2023-05-31T09:52:05+00:00\",\"author\":{\"@id\":\"https:\\\/\\\/macite.tg\\\/#\\\/schema\\\/person\\\/e9f2de7e5dbbe7770a9402c7ce82f5c2\"},\"breadcrumb\":{\"@id\":\"https:\\\/\\\/macite.tg\\\/?p=5901#breadcrumb\"},\"inLanguage\":\"fr-FR\",\"potentialAction\":[{\"@type\":\"ReadAction\",\"target\":[\"https:\\\/\\\/macite.tg\\\/?p=5901\"]}]},{\"@type\":\"ImageObject\",\"inLanguage\":\"fr-FR\",\"@id\":\"https:\\\/\\\/macite.tg\\\/?p=5901#primaryimage\",\"url\":\"https:\\\/\\\/macite.tg\\\/wp-content\\\/uploads\\\/2023\\\/05\\\/Lampadaire.jpg\",\"contentUrl\":\"https:\\\/\\\/macite.tg\\\/wp-content\\\/uploads\\\/2023\\\/05\\\/Lampadaire.jpg\",\"width\":275,\"height\":183},{\"@type\":\"BreadcrumbList\",\"@id\":\"https:\\\/\\\/macite.tg\\\/?p=5901#breadcrumb\",\"itemListElement\":[{\"@type\":\"ListItem\",\"position\":1,\"name\":\"Accueil\",\"item\":\"https:\\\/\\\/macite.tg\\\/\"},{\"@type\":\"ListItem\",\"position\":2,\"name\":\"\u00c9NERGIE : Place \u00e0 l&rsquo;installation des lampadaires solaires intelligents\"}]},{\"@type\":\"WebSite\",\"@id\":\"https:\\\/\\\/macite.tg\\\/#website\",\"url\":\"https:\\\/\\\/macite.tg\\\/\",\"name\":\"\",\"description\":\"L&#039;information, la bonne!!!\",\"potentialAction\":[{\"@type\":\"SearchAction\",\"target\":{\"@type\":\"EntryPoint\",\"urlTemplate\":\"https:\\\/\\\/macite.tg\\\/?s={search_term_string}\"},\"query-input\":{\"@type\":\"PropertyValueSpecification\",\"valueRequired\":true,\"valueName\":\"search_term_string\"}}],\"inLanguage\":\"fr-FR\"},{\"@type\":\"Person\",\"@id\":\"https:\\\/\\\/macite.tg\\\/#\\\/schema\\\/person\\\/e9f2de7e5dbbe7770a9402c7ce82f5c2\",\"name\":\"Jean Pierre BAWELA\",\"image\":{\"@type\":\"ImageObject\",\"inLanguage\":\"fr-FR\",\"@id\":\"https:\\\/\\\/macite.tg\\\/wp-content\\\/uploads\\\/2023\\\/09\\\/WhatsApp-Image-2023-09-19-at-14.44.41-122x122.jpeg\",\"url\":\"https:\\\/\\\/macite.tg\\\/wp-content\\\/uploads\\\/2023\\\/09\\\/WhatsApp-Image-2023-09-19-at-14.44.41-122x122.jpeg\",\"contentUrl\":\"https:\\\/\\\/macite.tg\\\/wp-content\\\/uploads\\\/2023\\\/09\\\/WhatsApp-Image-2023-09-19-at-14.44.41-122x122.jpeg\",\"caption\":\"Jean Pierre BAWELA\"},\"url\":\"https:\\\/\\\/macite.tg\\\/?author=2\"}]}<\/script>\n<!-- \/ Yoast SEO plugin. -->","yoast_head_json":{"title":"\u00c9NERGIE : Place \u00e0 l'installation des lampadaires solaires intelligents -","robots":{"index":"index","follow":"follow","max-snippet":"max-snippet:-1","max-image-preview":"max-image-preview:large","max-video-preview":"max-video-preview:-1"},"canonical":"https:\/\/macite.tg\/?p=5901","og_locale":"fr_FR","og_type":"article","og_title":"\u00c9NERGIE : Place \u00e0 l'installation des lampadaires solaires intelligents -","og_description":"Pour venir \u00e0 bout du d\u00e9ficit en \u00e9nergie \u00e9lectrique dans certaines localit\u00e9s du pays, le gouvernement a adopt\u00e9 en 2018 une strat\u00e9gie d&rsquo;\u00e9lectrification nationale. Elle va garantir \u00e0 l&rsquo;horizon 2030 un acc\u00e8s de tous \u00e0 des services \u00e9nerg\u00e9tiques fiables, durables, modernes et \u00e0 un co\u00fbt [&hellip;]","og_url":"https:\/\/macite.tg\/?p=5901","article_published_time":"2023-05-31T09:51:52+00:00","article_modified_time":"2023-05-31T09:52:05+00:00","og_image":[{"width":275,"height":183,"url":"https:\/\/macite.tg\/wp-content\/uploads\/2023\/05\/Lampadaire.jpg","type":"image\/jpeg"}],"author":"Jean Pierre BAWELA","twitter_card":"summary_large_image","twitter_misc":{"\u00c9crit par":"Jean Pierre BAWELA","Dur\u00e9e de lecture estim\u00e9e":"2 minutes"},"schema":{"@context":"https:\/\/schema.org","@graph":[{"@type":"Article","@id":"https:\/\/macite.tg\/?p=5901#article","isPartOf":{"@id":"https:\/\/macite.tg\/?p=5901"},"author":{"name":"Jean Pierre BAWELA","@id":"https:\/\/macite.tg\/#\/schema\/person\/e9f2de7e5dbbe7770a9402c7ce82f5c2"},"headline":"\u00c9NERGIE : Place \u00e0 l&rsquo;installation des lampadaires solaires intelligents","datePublished":"2023-05-31T09:51:52+00:00","dateModified":"2023-05-31T09:52:05+00:00","mainEntityOfPage":{"@id":"https:\/\/macite.tg\/?p=5901"},"wordCount":442,"commentCount":0,"image":{"@id":"https:\/\/macite.tg\/?p=5901#primaryimage"},"thumbnailUrl":"https:\/\/macite.tg\/wp-content\/uploads\/2023\/05\/Lampadaire.jpg","articleSection":["ACTUALITE","ENERGIE"],"inLanguage":"fr-FR","potentialAction":[{"@type":"CommentAction","name":"Comment","target":["https:\/\/macite.tg\/?p=5901#respond"]}]},{"@type":"WebPage","@id":"https:\/\/macite.tg\/?p=5901","url":"https:\/\/macite.tg\/?p=5901","name":"\u00c9NERGIE : Place \u00e0 l'installation des lampadaires solaires intelligents -","isPartOf":{"@id":"https:\/\/macite.tg\/#website"},"primaryImageOfPage":{"@id":"https:\/\/macite.tg\/?p=5901#primaryimage"},"image":{"@id":"https:\/\/macite.tg\/?p=5901#primaryimage"},"thumbnailUrl":"https:\/\/macite.tg\/wp-content\/uploads\/2023\/05\/Lampadaire.jpg","datePublished":"2023-05-31T09:51:52+00:00","dateModified":"2023-05-31T09:52:05+00:00","author":{"@id":"https:\/\/macite.tg\/#\/schema\/person\/e9f2de7e5dbbe7770a9402c7ce82f5c2"},"breadcrumb":{"@id":"https:\/\/macite.tg\/?p=5901#breadcrumb"},"inLanguage":"fr-FR","potentialAction":[{"@type":"ReadAction","target":["https:\/\/macite.tg\/?p=5901"]}]},{"@type":"ImageObject","inLanguage":"fr-FR","@id":"https:\/\/macite.tg\/?p=5901#primaryimage","url":"https:\/\/macite.tg\/wp-content\/uploads\/2023\/05\/Lampadaire.jpg","contentUrl":"https:\/\/macite.tg\/wp-content\/uploads\/2023\/05\/Lampadaire.jpg","width":275,"height":183},{"@type":"BreadcrumbList","@id":"https:\/\/macite.tg\/?p=5901#breadcrumb","itemListElement":[{"@type":"ListItem","position":1,"name":"Accueil","item":"https:\/\/macite.tg\/"},{"@type":"ListItem","position":2,"name":"\u00c9NERGIE : Place \u00e0 l&rsquo;installation des lampadaires solaires intelligents"}]},{"@type":"WebSite","@id":"https:\/\/macite.tg\/#website","url":"https:\/\/macite.tg\/","name":"","description":"L&#039;information, la bonne!!!","potentialAction":[{"@type":"SearchAction","target":{"@type":"EntryPoint","urlTemplate":"https:\/\/macite.tg\/?s={search_term_string}"},"query-input":{"@type":"PropertyValueSpecification","valueRequired":true,"valueName":"search_term_string"}}],"inLanguage":"fr-FR"},{"@type":"Person","@id":"https:\/\/macite.tg\/#\/schema\/person\/e9f2de7e5dbbe7770a9402c7ce82f5c2","name":"Jean Pierre BAWELA","image":{"@type":"ImageObject","inLanguage":"fr-FR","@id":"https:\/\/macite.tg\/wp-content\/uploads\/2023\/09\/WhatsApp-Image-2023-09-19-at-14.44.41-122x122.jpeg","url":"https:\/\/macite.tg\/wp-content\/uploads\/2023\/09\/WhatsApp-Image-2023-09-19-at-14.44.41-122x122.jpeg","contentUrl":"https:\/\/macite.tg\/wp-content\/uploads\/2023\/09\/WhatsApp-Image-2023-09-19-at-14.44.41-122x122.jpeg","caption":"Jean Pierre BAWELA"},"url":"https:\/\/macite.tg\/?author=2"}]}},"_links":{"self":[{"href":"https:\/\/macite.tg\/index.php?rest_route=\/wp\/v2\/posts\/5901","targetHints":{"allow":["GET"]}}],"collection":[{"href":"https:\/\/macite.tg\/index.php?rest_route=\/wp\/v2\/posts"}],"about":[{"href":"https:\/\/macite.tg\/index.php?rest_route=\/wp\/v2\/types\/post"}],"author":[{"embeddable":true,"href":"https:\/\/macite.tg\/index.php?rest_route=\/wp\/v2\/users\/2"}],"replies":[{"embeddable":true,"href":"https:\/\/macite.tg\/index.php?rest_route=%2Fwp%2Fv2%2Fcomments&post=5901"}],"version-history":[{"count":0,"href":"https:\/\/macite.tg\/index.php?rest_route=\/wp\/v2\/posts\/5901\/revisions"}],"wp:featuredmedia":[{"embeddable":true,"href":"https:\/\/macite.tg\/index.php?rest_route=\/wp\/v2\/media\/5904"}],"wp:attachment":[{"href":"https:\/\/macite.tg\/index.php?rest_route=%2Fwp%2Fv2%2Fmedia&parent=5901"}],"wp:term":[{"taxonomy":"category","embeddable":true,"href":"https:\/\/macite.tg\/index.php?rest_route=%2Fwp%2Fv2%2Fcategories&post=5901"},{"taxonomy":"post_tag","embeddable":true,"href":"https:\/\/macite.tg\/index.php?rest_route=%2Fwp%2Fv2%2Ftags&post=5901"}],"curies":[{"name":"wp","href":"https:\/\/api.w.org\/{rel}","templated":true}]}}