{"id":5900,"date":"2023-05-31T09:47:44","date_gmt":"2023-05-31T09:47:44","guid":{"rendered":"https:\/\/macite.tg\/?p=5900"},"modified":"2023-05-31T09:47:47","modified_gmt":"2023-05-31T09:47:47","slug":"campagne-nationale-de-reboisement-2023-les-chefs-traditionnels-invites-a-redoubler-defforts","status":"publish","type":"post","link":"https:\/\/macite.tg\/?p=5900","title":{"rendered":"CAMPAGNE NATIONALE DE REBOISEMENT 2023 : Les chefs traditionnels invit\u00e9s \u00e0 redoubler d&rsquo;efforts"},"content":{"rendered":"\n<p class=\"wp-block-paragraph\"><strong><em>Le 1er juin 2023, le Gouvernement proc\u00e9dera au lancement officiel de la campagne de reboisement de l&rsquo;ann\u00e9e 2023. Il est pr\u00e9vu la mise en terre de 14 000 000 plants sur une superficie d&rsquo;environ 11 000 ha, avec au moins 2 000.000, le premier jour.<\/em><\/strong><\/p>\n\n\n\n<p class=\"wp-block-paragraph\">Ainsi, l&rsquo;Etat poursuit son ambition de refaire le couvert national de 25% d&rsquo;ici 2025 et de planter 1 milliard d&rsquo;arbre en 2030.&nbsp; Le bilan de la campagne nationale de reboisement de la campagne pr\u00e9c\u00e9dente \u00e9tait en de\u00e7\u00e0 des esp\u00e9rances. Il est not\u00e9 le reboisement de 5 207 250 plants sur 8 256 ha, contre 3 300 000 plants sur une superficie de 4500 ha pour la campagne 2021.<\/p>\n\n\n<div class=\"wp-block-image\">\n<figure class=\"aligncenter size-large is-resized\"><img loading=\"lazy\" decoding=\"async\" src=\"https:\/\/macite.tg\/wp-content\/uploads\/2023\/05\/Popup_Site_gudef23-1024x902.jpg\" alt=\"\" class=\"wp-image-5752\" width=\"583\" height=\"513\" srcset=\"https:\/\/macite.tg\/wp-content\/uploads\/2023\/05\/Popup_Site_gudef23-1024x902.jpg 1024w, https:\/\/macite.tg\/wp-content\/uploads\/2023\/05\/Popup_Site_gudef23-300x264.jpg 300w, https:\/\/macite.tg\/wp-content\/uploads\/2023\/05\/Popup_Site_gudef23-768x676.jpg 768w, https:\/\/macite.tg\/wp-content\/uploads\/2023\/05\/Popup_Site_gudef23.jpg 1280w\" sizes=\"auto, (max-width: 583px) 100vw, 583px\" \/><\/figure>\n<\/div>\n\n\n<p class=\"wp-block-paragraph\"><strong>Surmonter les d\u00e9fis<\/strong><\/p>\n\n\n\n<p class=\"wp-block-paragraph\">A en croire la directrice des ressources foresti\u00e8res, cinq d\u00e9fis majeurs sont \u00e0 relever pour r\u00e9aliser l&rsquo;ambition du Gouvernement. Il s&rsquo;agit de la mobilisation des terres, la mobilisation des acteurs, des plants, des financements et la mise en place des conditions cadres pour favoriser la r\u00e9ussite des plants mis en terre.<\/p>\n\n\n\n<p class=\"wp-block-paragraph\">Pour certains de ces d\u00e9fis comme la mobilisation des terres, les autorit\u00e9s voudraient bien compter sur les chefs traditionnels, qui sont capables de drainer derri\u00e8re eux les populations pour reboiser et aussi des terres sur lesquelles les plants seront rebois\u00e9s. <em>\u00ab&nbsp;Sans terres, pas de reboisement&nbsp;\u00bb,<\/em> a dit Mensa Aboudou de la direction des ressources foresti\u00e8res.<\/p>\n\n\n\n<p class=\"wp-block-paragraph\">Pour ce faire, les garants des us et coutumes ont \u00e9t\u00e9 sensibilis\u00e9s sur le sujet. Il en est ainsi pour ceux de la r\u00e9gion maritime et des plateaux. <em>\u00ab&nbsp;Il s&rsquo;agit de voir comment nous allons mobiliser nos populations, ensuite des sites \u00e0 reboisement et avoir plus tard des for\u00eats qui vont am\u00e9liorer notre cadre de vie. Le gouvernement a bien fait de nous impliquer et nous le remercions pour cela&nbsp;\u00bb,<\/em> a soulign\u00e9 Togbui DJIDJOLI D\u00e9tu X, pr\u00e9sident du conseil des chefs traditionnels de la r\u00e9gion Maritime.<\/p>\n\n\n\n<p class=\"wp-block-paragraph\"><em>\u00ab&nbsp;L&rsquo;implication des chefs traditionnels est tr\u00e8s importante puisqu&rsquo;ils sont les garants de nos us et coutumes. De ce fait, ils sont les mieux plac\u00e9s pour aider le gouvernement, dans la mobilisation de leurs administr\u00e9s et des terres, surtout qu&rsquo;au Togo la terre appartient aux collectivit\u00e9s&nbsp;\u00bb,<\/em> a expliqu\u00e9 la directrice des ressources foresti\u00e8res, Dr. Amah ATUTONU.<\/p>\n\n\n\n<p class=\"wp-block-paragraph\">Pour elle, il faudrait que ces acteurs cl\u00e9s, dans le processus de reboisement, sachent la d\u00e9marche \u00e0 adopter pour r\u00e9ussir cette campagne et recueillir leurs orientations, afin d&rsquo;affiner ce document sur le reboisement 2023 afin d&rsquo;augmenter la couverture foresti\u00e8re.<\/p>\n\n\n\n<p class=\"wp-block-paragraph\">Les chefs traditionnels de la r\u00e9gion maritime et des Plateaux ont indiqu\u00e9 soutenir la politique du gouvernement pour le milliard de plants \u00e0 mettre en terre. <em>\u00ab&nbsp;Nous sommes tr\u00e8s disponibles \u00e0 mobiliser nos populations pour planter, donner nos terres. La preuve c&rsquo;est que certains chefs ont mis des hectares \u00e0 la disposition du minist\u00e8re. Nous devons inviter les populations \u00e0 moins couper les arbres&nbsp;\u00bb, <\/em>nous a confi\u00e9 Togbui Charles Ani ADDO VI, chef canton de Sodo, dans la pr\u00e9fecture d&rsquo;Amou.<\/p>\n\n\n\n<p class=\"wp-block-paragraph\"><strong>Bilan\u2026<\/strong><\/p>\n\n\n\n<p class=\"wp-block-paragraph\">Selon le bilan de la campagne 2022, la r\u00e9gion des plateaux a mis en terre 1 510 327 plants sur une superficie de 1 888,98 ha et 133,827 kilom\u00e8tres lin\u00e9aire. La r\u00e9gion maritime a occup\u00e9 le deuxi\u00e8me rang avec, 1 136 437 plants sur une superficie de 1 296,44 ha et 403,10 km lin\u00e9aire.<\/p>\n\n\n\n<p class=\"wp-block-paragraph\">Au regard de ce bilan, des propositions ont \u00e9t\u00e9 faites pour l&rsquo;am\u00e9lioration des activit\u00e9s de reboisement, pour que cette r\u00e9gion fasse mieux en 2023. Il s&rsquo;agit entre autres de la formation des comit\u00e9s locaux <em>\u00a0\u00bb Environnement \u00ab\u00a0<\/em> en collecte des semences et techniques de production de plants pour une disponibilit\u00e9 importante, la lutte contre les feux de v\u00e9g\u00e9tation, les solutions \u00e0 la transhumance, l&rsquo;avantage du cr\u00e9dit carbone pour les communaut\u00e9s et propri\u00e9taires des terres, le choix des essences en fonction des zones \u00e9cologiques, la sacralisation des for\u00eats communautaires.&nbsp;<\/p>\n\n\n\n<figure class=\"wp-block-image size-large\"><img loading=\"lazy\" decoding=\"async\" width=\"1024\" height=\"212\" src=\"https:\/\/macite.tg\/wp-content\/uploads\/2023\/05\/IMG-20230514-WA00962-1-1024x212.jpg\" alt=\"\" class=\"wp-image-5687\" srcset=\"https:\/\/macite.tg\/wp-content\/uploads\/2023\/05\/IMG-20230514-WA00962-1-1024x212.jpg 1024w, https:\/\/macite.tg\/wp-content\/uploads\/2023\/05\/IMG-20230514-WA00962-1-300x62.jpg 300w, https:\/\/macite.tg\/wp-content\/uploads\/2023\/05\/IMG-20230514-WA00962-1-768x159.jpg 768w, https:\/\/macite.tg\/wp-content\/uploads\/2023\/05\/IMG-20230514-WA00962-1-1536x318.jpg 1536w, https:\/\/macite.tg\/wp-content\/uploads\/2023\/05\/IMG-20230514-WA00962-1.jpg 1600w\" sizes=\"auto, (max-width: 1024px) 100vw, 1024px\" \/><\/figure>\n\n\n\n<p class=\"wp-block-paragraph\">Toujours dans la recherche des terres, il a \u00e9t\u00e9 demand\u00e9 aux chefs d&rsquo;avoir un regard sur les anciens et nouveaux acqu\u00e9reurs des domaines dans leurs localit\u00e9s, et surtout de faire une cartographie de ces derniers, de les inviter, \u00e9changer avec eux pour des solutions idoines, dans la mise en valeur de ces vastes \u00e9tendues de terres non exploit\u00e9es. D&rsquo;autres pr\u00e9occupations telles que, la gestion des anciennes carri\u00e8res et la collaboration plus accrue avec les conseillers techniques que sont les forestiers, ont \u00e9t\u00e9 soulev\u00e9es.&nbsp;<\/p>\n\n\n\n<p class=\"wp-block-paragraph\">Pour une meilleure collecte des statistiques de la campagne 2023, le minist\u00e8re a \u00e9labor\u00e9 des fiches de collecte d&rsquo;information. Ces fiches seront distribu\u00e9es aux chefs pour un meilleur rapportage des plants mis en terre. Les informations sur le cr\u00e9dit carbone ont \u00e9t\u00e9 port\u00e9es \u00e0 la connaissance des participants. Il a \u00e9t\u00e9 sugg\u00e9r\u00e9 aux chefs que lors de leur restitution des conclusions de ces assises, les g\u00e9om\u00e8tres, les mandataires, les acqu\u00e9reurs des terrains, les propri\u00e9taires de b\u0153ufs soient sensibilis\u00e9s.<\/p>\n\n\n\n<p class=\"wp-block-paragraph\"><strong>Ali SAMBA (In LE MEDIUM n\u00b0555 du 30 Mai au 05 Juin 2023)<\/strong><\/p>\n\n\n\n<p class=\"wp-block-paragraph\"><strong><em>@macite.tg&nbsp;&nbsp;&nbsp;&nbsp;&nbsp;&nbsp;&nbsp;&nbsp;<\/em><\/strong><\/p>\n\n\n\n<p class=\"wp-block-paragraph\"><strong><em>E-mail&nbsp;: <\/em><\/strong><a href=\"mailto:maciteinfo@gmail.com\"><strong><em>maciteinfo@gmail.com<\/em><\/strong><\/a><strong><em>; <\/em><\/strong><a href=\"mailto:bawela1@gmail.com\"><strong><em>bawela1@gmail.com<\/em><\/strong><\/a><strong><em><\/em><\/strong><\/p>\n\n\n\n<p class=\"wp-block-paragraph\"><strong><em>Pour vos annonces, (publi)reportages, etc., joignez nous au (00228)91515309\/<strong>79872224 <\/strong>www.macite.tg, L\u2019information, la bonne&nbsp;!<\/em><\/strong><\/p>\n","protected":false},"excerpt":{"rendered":"<p class=\"text-justify mb-2\" >Le 1er juin 2023, le Gouvernement proc\u00e9dera au lancement officiel de la campagne de reboisement de l&rsquo;ann\u00e9e 2023. Il est pr\u00e9vu la mise en terre de 14 000 000 plants sur une superficie d&rsquo;environ 11 000 ha, avec au moins 2 000.000, le premier jour. [&hellip;]<\/p>\n","protected":false},"author":2,"featured_media":5902,"comment_status":"open","ping_status":"open","sticky":false,"template":"","format":"standard","meta":{"footnotes":""},"categories":[19],"tags":[],"class_list":["post-5900","post","type-post","status-publish","format-standard","has-post-thumbnail","hentry","category-environnement"],"yoast_head":"<!-- This site is optimized with the Yoast SEO plugin v28.4 - https:\/\/yoast.com\/product\/yoast-seo-wordpress\/ -->\n<title>CAMPAGNE NATIONALE DE REBOISEMENT 2023 : Les chefs traditionnels invit\u00e9s \u00e0 redoubler d&#039;efforts -<\/title>\n<meta name=\"robots\" content=\"index, follow, max-snippet:-1, max-image-preview:large, max-video-preview:-1\" \/>\n<link rel=\"canonical\" href=\"https:\/\/macite.tg\/?p=5900\" \/>\n<meta property=\"og:locale\" content=\"fr_FR\" \/>\n<meta property=\"og:type\" content=\"article\" \/>\n<meta property=\"og:title\" content=\"CAMPAGNE NATIONALE DE REBOISEMENT 2023 : Les chefs traditionnels invit\u00e9s \u00e0 redoubler d&#039;efforts -\" \/>\n<meta property=\"og:description\" content=\"Le 1er juin 2023, le Gouvernement proc\u00e9dera au lancement officiel de la campagne de reboisement de l&rsquo;ann\u00e9e 2023. Il est pr\u00e9vu la mise en terre de 14 000 000 plants sur une superficie d&rsquo;environ 11 000 ha, avec au moins 2 000.000, le premier jour. [&hellip;]\" \/>\n<meta property=\"og:url\" content=\"https:\/\/macite.tg\/?p=5900\" \/>\n<meta property=\"article:published_time\" content=\"2023-05-31T09:47:44+00:00\" \/>\n<meta property=\"article:modified_time\" content=\"2023-05-31T09:47:47+00:00\" \/>\n<meta property=\"og:image\" content=\"https:\/\/macite.tg\/wp-content\/uploads\/2023\/05\/IMG-20230529-WA0064.jpg\" \/>\n\t<meta property=\"og:image:width\" content=\"1024\" \/>\n\t<meta property=\"og:image:height\" content=\"768\" \/>\n\t<meta property=\"og:image:type\" content=\"image\/jpeg\" \/>\n<meta name=\"author\" content=\"Jean Pierre BAWELA\" \/>\n<meta name=\"twitter:card\" content=\"summary_large_image\" \/>\n<meta name=\"twitter:label1\" content=\"\u00c9crit par\" \/>\n\t<meta name=\"twitter:data1\" content=\"Jean Pierre BAWELA\" \/>\n\t<meta name=\"twitter:label2\" content=\"Dur\u00e9e de lecture estim\u00e9e\" \/>\n\t<meta name=\"twitter:data2\" content=\"4 minutes\" \/>\n<script type=\"application\/ld+json\" class=\"yoast-schema-graph\">{\"@context\":\"https:\\\/\\\/schema.org\",\"@graph\":[{\"@type\":\"Article\",\"@id\":\"https:\\\/\\\/macite.tg\\\/?p=5900#article\",\"isPartOf\":{\"@id\":\"https:\\\/\\\/macite.tg\\\/?p=5900\"},\"author\":{\"name\":\"Jean Pierre BAWELA\",\"@id\":\"https:\\\/\\\/macite.tg\\\/#\\\/schema\\\/person\\\/e9f2de7e5dbbe7770a9402c7ce82f5c2\"},\"headline\":\"CAMPAGNE NATIONALE DE REBOISEMENT 2023 : Les chefs traditionnels invit\u00e9s \u00e0 redoubler d&rsquo;efforts\",\"datePublished\":\"2023-05-31T09:47:44+00:00\",\"dateModified\":\"2023-05-31T09:47:47+00:00\",\"mainEntityOfPage\":{\"@id\":\"https:\\\/\\\/macite.tg\\\/?p=5900\"},\"wordCount\":894,\"commentCount\":0,\"image\":{\"@id\":\"https:\\\/\\\/macite.tg\\\/?p=5900#primaryimage\"},\"thumbnailUrl\":\"https:\\\/\\\/macite.tg\\\/wp-content\\\/uploads\\\/2023\\\/05\\\/IMG-20230529-WA0064.jpg\",\"articleSection\":[\"ENVIRONNEMENT\"],\"inLanguage\":\"fr-FR\",\"potentialAction\":[{\"@type\":\"CommentAction\",\"name\":\"Comment\",\"target\":[\"https:\\\/\\\/macite.tg\\\/?p=5900#respond\"]}]},{\"@type\":\"WebPage\",\"@id\":\"https:\\\/\\\/macite.tg\\\/?p=5900\",\"url\":\"https:\\\/\\\/macite.tg\\\/?p=5900\",\"name\":\"CAMPAGNE NATIONALE DE REBOISEMENT 2023 : Les chefs traditionnels invit\u00e9s \u00e0 redoubler d'efforts -\",\"isPartOf\":{\"@id\":\"https:\\\/\\\/macite.tg\\\/#website\"},\"primaryImageOfPage\":{\"@id\":\"https:\\\/\\\/macite.tg\\\/?p=5900#primaryimage\"},\"image\":{\"@id\":\"https:\\\/\\\/macite.tg\\\/?p=5900#primaryimage\"},\"thumbnailUrl\":\"https:\\\/\\\/macite.tg\\\/wp-content\\\/uploads\\\/2023\\\/05\\\/IMG-20230529-WA0064.jpg\",\"datePublished\":\"2023-05-31T09:47:44+00:00\",\"dateModified\":\"2023-05-31T09:47:47+00:00\",\"author\":{\"@id\":\"https:\\\/\\\/macite.tg\\\/#\\\/schema\\\/person\\\/e9f2de7e5dbbe7770a9402c7ce82f5c2\"},\"breadcrumb\":{\"@id\":\"https:\\\/\\\/macite.tg\\\/?p=5900#breadcrumb\"},\"inLanguage\":\"fr-FR\",\"potentialAction\":[{\"@type\":\"ReadAction\",\"target\":[\"https:\\\/\\\/macite.tg\\\/?p=5900\"]}]},{\"@type\":\"ImageObject\",\"inLanguage\":\"fr-FR\",\"@id\":\"https:\\\/\\\/macite.tg\\\/?p=5900#primaryimage\",\"url\":\"https:\\\/\\\/macite.tg\\\/wp-content\\\/uploads\\\/2023\\\/05\\\/IMG-20230529-WA0064.jpg\",\"contentUrl\":\"https:\\\/\\\/macite.tg\\\/wp-content\\\/uploads\\\/2023\\\/05\\\/IMG-20230529-WA0064.jpg\",\"width\":1024,\"height\":768},{\"@type\":\"BreadcrumbList\",\"@id\":\"https:\\\/\\\/macite.tg\\\/?p=5900#breadcrumb\",\"itemListElement\":[{\"@type\":\"ListItem\",\"position\":1,\"name\":\"Accueil\",\"item\":\"https:\\\/\\\/macite.tg\\\/\"},{\"@type\":\"ListItem\",\"position\":2,\"name\":\"CAMPAGNE NATIONALE DE REBOISEMENT 2023 : Les chefs traditionnels invit\u00e9s \u00e0 redoubler d&rsquo;efforts\"}]},{\"@type\":\"WebSite\",\"@id\":\"https:\\\/\\\/macite.tg\\\/#website\",\"url\":\"https:\\\/\\\/macite.tg\\\/\",\"name\":\"\",\"description\":\"L&#039;information, la bonne!!!\",\"potentialAction\":[{\"@type\":\"SearchAction\",\"target\":{\"@type\":\"EntryPoint\",\"urlTemplate\":\"https:\\\/\\\/macite.tg\\\/?s={search_term_string}\"},\"query-input\":{\"@type\":\"PropertyValueSpecification\",\"valueRequired\":true,\"valueName\":\"search_term_string\"}}],\"inLanguage\":\"fr-FR\"},{\"@type\":\"Person\",\"@id\":\"https:\\\/\\\/macite.tg\\\/#\\\/schema\\\/person\\\/e9f2de7e5dbbe7770a9402c7ce82f5c2\",\"name\":\"Jean Pierre BAWELA\",\"image\":{\"@type\":\"ImageObject\",\"inLanguage\":\"fr-FR\",\"@id\":\"https:\\\/\\\/macite.tg\\\/wp-content\\\/uploads\\\/2023\\\/09\\\/WhatsApp-Image-2023-09-19-at-14.44.41-122x122.jpeg\",\"url\":\"https:\\\/\\\/macite.tg\\\/wp-content\\\/uploads\\\/2023\\\/09\\\/WhatsApp-Image-2023-09-19-at-14.44.41-122x122.jpeg\",\"contentUrl\":\"https:\\\/\\\/macite.tg\\\/wp-content\\\/uploads\\\/2023\\\/09\\\/WhatsApp-Image-2023-09-19-at-14.44.41-122x122.jpeg\",\"caption\":\"Jean Pierre BAWELA\"},\"url\":\"https:\\\/\\\/macite.tg\\\/?author=2\"}]}<\/script>\n<!-- \/ Yoast SEO plugin. -->","yoast_head_json":{"title":"CAMPAGNE NATIONALE DE REBOISEMENT 2023 : Les chefs traditionnels invit\u00e9s \u00e0 redoubler d'efforts -","robots":{"index":"index","follow":"follow","max-snippet":"max-snippet:-1","max-image-preview":"max-image-preview:large","max-video-preview":"max-video-preview:-1"},"canonical":"https:\/\/macite.tg\/?p=5900","og_locale":"fr_FR","og_type":"article","og_title":"CAMPAGNE NATIONALE DE REBOISEMENT 2023 : Les chefs traditionnels invit\u00e9s \u00e0 redoubler d'efforts -","og_description":"Le 1er juin 2023, le Gouvernement proc\u00e9dera au lancement officiel de la campagne de reboisement de l&rsquo;ann\u00e9e 2023. Il est pr\u00e9vu la mise en terre de 14 000 000 plants sur une superficie d&rsquo;environ 11 000 ha, avec au moins 2 000.000, le premier jour. [&hellip;]","og_url":"https:\/\/macite.tg\/?p=5900","article_published_time":"2023-05-31T09:47:44+00:00","article_modified_time":"2023-05-31T09:47:47+00:00","og_image":[{"width":1024,"height":768,"url":"https:\/\/macite.tg\/wp-content\/uploads\/2023\/05\/IMG-20230529-WA0064.jpg","type":"image\/jpeg"}],"author":"Jean Pierre BAWELA","twitter_card":"summary_large_image","twitter_misc":{"\u00c9crit par":"Jean Pierre BAWELA","Dur\u00e9e de lecture estim\u00e9e":"4 minutes"},"schema":{"@context":"https:\/\/schema.org","@graph":[{"@type":"Article","@id":"https:\/\/macite.tg\/?p=5900#article","isPartOf":{"@id":"https:\/\/macite.tg\/?p=5900"},"author":{"name":"Jean Pierre BAWELA","@id":"https:\/\/macite.tg\/#\/schema\/person\/e9f2de7e5dbbe7770a9402c7ce82f5c2"},"headline":"CAMPAGNE NATIONALE DE REBOISEMENT 2023 : Les chefs traditionnels invit\u00e9s \u00e0 redoubler d&rsquo;efforts","datePublished":"2023-05-31T09:47:44+00:00","dateModified":"2023-05-31T09:47:47+00:00","mainEntityOfPage":{"@id":"https:\/\/macite.tg\/?p=5900"},"wordCount":894,"commentCount":0,"image":{"@id":"https:\/\/macite.tg\/?p=5900#primaryimage"},"thumbnailUrl":"https:\/\/macite.tg\/wp-content\/uploads\/2023\/05\/IMG-20230529-WA0064.jpg","articleSection":["ENVIRONNEMENT"],"inLanguage":"fr-FR","potentialAction":[{"@type":"CommentAction","name":"Comment","target":["https:\/\/macite.tg\/?p=5900#respond"]}]},{"@type":"WebPage","@id":"https:\/\/macite.tg\/?p=5900","url":"https:\/\/macite.tg\/?p=5900","name":"CAMPAGNE NATIONALE DE REBOISEMENT 2023 : Les chefs traditionnels invit\u00e9s \u00e0 redoubler d'efforts -","isPartOf":{"@id":"https:\/\/macite.tg\/#website"},"primaryImageOfPage":{"@id":"https:\/\/macite.tg\/?p=5900#primaryimage"},"image":{"@id":"https:\/\/macite.tg\/?p=5900#primaryimage"},"thumbnailUrl":"https:\/\/macite.tg\/wp-content\/uploads\/2023\/05\/IMG-20230529-WA0064.jpg","datePublished":"2023-05-31T09:47:44+00:00","dateModified":"2023-05-31T09:47:47+00:00","author":{"@id":"https:\/\/macite.tg\/#\/schema\/person\/e9f2de7e5dbbe7770a9402c7ce82f5c2"},"breadcrumb":{"@id":"https:\/\/macite.tg\/?p=5900#breadcrumb"},"inLanguage":"fr-FR","potentialAction":[{"@type":"ReadAction","target":["https:\/\/macite.tg\/?p=5900"]}]},{"@type":"ImageObject","inLanguage":"fr-FR","@id":"https:\/\/macite.tg\/?p=5900#primaryimage","url":"https:\/\/macite.tg\/wp-content\/uploads\/2023\/05\/IMG-20230529-WA0064.jpg","contentUrl":"https:\/\/macite.tg\/wp-content\/uploads\/2023\/05\/IMG-20230529-WA0064.jpg","width":1024,"height":768},{"@type":"BreadcrumbList","@id":"https:\/\/macite.tg\/?p=5900#breadcrumb","itemListElement":[{"@type":"ListItem","position":1,"name":"Accueil","item":"https:\/\/macite.tg\/"},{"@type":"ListItem","position":2,"name":"CAMPAGNE NATIONALE DE REBOISEMENT 2023 : Les chefs traditionnels invit\u00e9s \u00e0 redoubler d&rsquo;efforts"}]},{"@type":"WebSite","@id":"https:\/\/macite.tg\/#website","url":"https:\/\/macite.tg\/","name":"","description":"L&#039;information, la bonne!!!","potentialAction":[{"@type":"SearchAction","target":{"@type":"EntryPoint","urlTemplate":"https:\/\/macite.tg\/?s={search_term_string}"},"query-input":{"@type":"PropertyValueSpecification","valueRequired":true,"valueName":"search_term_string"}}],"inLanguage":"fr-FR"},{"@type":"Person","@id":"https:\/\/macite.tg\/#\/schema\/person\/e9f2de7e5dbbe7770a9402c7ce82f5c2","name":"Jean Pierre BAWELA","image":{"@type":"ImageObject","inLanguage":"fr-FR","@id":"https:\/\/macite.tg\/wp-content\/uploads\/2023\/09\/WhatsApp-Image-2023-09-19-at-14.44.41-122x122.jpeg","url":"https:\/\/macite.tg\/wp-content\/uploads\/2023\/09\/WhatsApp-Image-2023-09-19-at-14.44.41-122x122.jpeg","contentUrl":"https:\/\/macite.tg\/wp-content\/uploads\/2023\/09\/WhatsApp-Image-2023-09-19-at-14.44.41-122x122.jpeg","caption":"Jean Pierre BAWELA"},"url":"https:\/\/macite.tg\/?author=2"}]}},"_links":{"self":[{"href":"https:\/\/macite.tg\/index.php?rest_route=\/wp\/v2\/posts\/5900","targetHints":{"allow":["GET"]}}],"collection":[{"href":"https:\/\/macite.tg\/index.php?rest_route=\/wp\/v2\/posts"}],"about":[{"href":"https:\/\/macite.tg\/index.php?rest_route=\/wp\/v2\/types\/post"}],"author":[{"embeddable":true,"href":"https:\/\/macite.tg\/index.php?rest_route=\/wp\/v2\/users\/2"}],"replies":[{"embeddable":true,"href":"https:\/\/macite.tg\/index.php?rest_route=%2Fwp%2Fv2%2Fcomments&post=5900"}],"version-history":[{"count":0,"href":"https:\/\/macite.tg\/index.php?rest_route=\/wp\/v2\/posts\/5900\/revisions"}],"wp:featuredmedia":[{"embeddable":true,"href":"https:\/\/macite.tg\/index.php?rest_route=\/wp\/v2\/media\/5902"}],"wp:attachment":[{"href":"https:\/\/macite.tg\/index.php?rest_route=%2Fwp%2Fv2%2Fmedia&parent=5900"}],"wp:term":[{"taxonomy":"category","embeddable":true,"href":"https:\/\/macite.tg\/index.php?rest_route=%2Fwp%2Fv2%2Fcategories&post=5900"},{"taxonomy":"post_tag","embeddable":true,"href":"https:\/\/macite.tg\/index.php?rest_route=%2Fwp%2Fv2%2Ftags&post=5900"}],"curies":[{"name":"wp","href":"https:\/\/api.w.org\/{rel}","templated":true}]}}