{"id":5889,"date":"2023-05-31T08:35:55","date_gmt":"2023-05-31T08:35:55","guid":{"rendered":"https:\/\/macite.tg\/?p=5889"},"modified":"2023-05-31T08:36:08","modified_gmt":"2023-05-31T08:36:08","slug":"la-confidence-de-claude-leroy-sur-sadio-mane-thomas-tuchel-na-pas","status":"publish","type":"post","link":"https:\/\/macite.tg\/?p=5889","title":{"rendered":"LA CONFIDENCE DE CLAUDE LEROY SUR SADIO MANE : \u00ab\u00a0Thomas Tuchel n\u2019a pas\u2026\u00a0\u00bb"},"content":{"rendered":"\n<p class=\"wp-block-paragraph\"><strong><em>Pr\u00e9sent sur l\u2019\u00e9mission Talent d\u2019Afrique diffus\u00e9e sur Canal + Sport 1, Claude Leroy a une fois de plus donn\u00e9 son point de vue sur la situation de Sadio Man\u00e9 au Bayern Munich. Selon le technicien fran\u00e7ais, l\u2019attaquant s\u00e9n\u00e9galais n\u2019a aucune chance de rester dans le club bavarois.<\/em><\/strong><\/p>\n\n\n\n<p class=\"wp-block-paragraph\"> Le samedi 27 mai dernier, Sadio Man\u00e9 a c\u00e9l\u00e9br\u00e9 le 33e titre de la Bundesliga remport\u00e9 par le Bayern Munich. Cependant, l\u2019international s\u00e9n\u00e9galais n\u2019a m\u00eame pas jou\u00e9 une seule seconde lors du match contre le Cologne FC. Depuis le banc de touche, il a observ\u00e9 ses co\u00e9quipiers se battre pour obtenir le 11e titre cons\u00e9cutif du Bayern Munich.<\/p>\n\n\n<div class=\"wp-block-image\">\n<figure class=\"aligncenter size-large is-resized\"><img loading=\"lazy\" decoding=\"async\" src=\"https:\/\/macite.tg\/wp-content\/uploads\/2023\/05\/Popup_Site_gudef23-1-1024x902.jpg\" alt=\"\" class=\"wp-image-5755\" width=\"533\" height=\"469\" srcset=\"https:\/\/macite.tg\/wp-content\/uploads\/2023\/05\/Popup_Site_gudef23-1-1024x902.jpg 1024w, https:\/\/macite.tg\/wp-content\/uploads\/2023\/05\/Popup_Site_gudef23-1-300x264.jpg 300w, https:\/\/macite.tg\/wp-content\/uploads\/2023\/05\/Popup_Site_gudef23-1-768x676.jpg 768w, https:\/\/macite.tg\/wp-content\/uploads\/2023\/05\/Popup_Site_gudef23-1.jpg 1280w\" sizes=\"auto, (max-width: 533px) 100vw, 533px\" \/><\/figure>\n<\/div>\n\n\n<p class=\"wp-block-paragraph\">Apr\u00e8s le match, les joueurs ont c\u00e9l\u00e9br\u00e9 le sacre. \u00c0 ce moment-l\u00e0, Thomas M\u00fcller a demand\u00e9 \u00e0 Sadio Man\u00e9 de prendre le troph\u00e9e et de le brandir devant les supporters munichois. Un geste g\u00e9n\u00e9reux de la part de l\u2019Allemand qui a \u00e9t\u00e9 appr\u00e9ci\u00e9 par Claude Leroy. Selon le technicien fran\u00e7ais, cette action d\u00e9montre l\u2019importance de Sadio Man\u00e9 au sein du vestiaire du Bayern Munich.<\/p>\n\n\n\n<figure class=\"wp-block-image size-large\"><img loading=\"lazy\" decoding=\"async\" width=\"1024\" height=\"212\" src=\"https:\/\/macite.tg\/wp-content\/uploads\/2023\/05\/IMG-20230514-WA00962-1-1024x212.jpg\" alt=\"\" class=\"wp-image-5687\" srcset=\"https:\/\/macite.tg\/wp-content\/uploads\/2023\/05\/IMG-20230514-WA00962-1-1024x212.jpg 1024w, https:\/\/macite.tg\/wp-content\/uploads\/2023\/05\/IMG-20230514-WA00962-1-300x62.jpg 300w, https:\/\/macite.tg\/wp-content\/uploads\/2023\/05\/IMG-20230514-WA00962-1-768x159.jpg 768w, https:\/\/macite.tg\/wp-content\/uploads\/2023\/05\/IMG-20230514-WA00962-1-1536x318.jpg 1536w, https:\/\/macite.tg\/wp-content\/uploads\/2023\/05\/IMG-20230514-WA00962-1.jpg 1600w\" sizes=\"auto, (max-width: 1024px) 100vw, 1024px\" \/><\/figure>\n\n\n\n<p class=\"wp-block-paragraph\"> Cependant, cela ne suffit pas \u00e0 garantir sa pr\u00e9sence dans le club. Lors de l\u2019\u00e9mission Talent d\u2019Afrique, Claude Leroy a affirm\u00e9 que Sadio Man\u00e9 n\u2019a aucune chance de rester au Bayern Munich en raison de l\u2019entra\u00eeneur Thomas Tuchel. <em>\u00ab\u00a0Malgr\u00e9 tout, je ne pense pas que Sadio Man\u00e9 restera au Bayern Munich. Le joueur en a peut-\u00eatre envie, mais je ne pense pas que ce soit le cas de Thomas Tuchel\u00a0\u00bb,<\/em> a d\u00e9clar\u00e9 Claude Leroy.<\/p>\n\n\n\n<p class=\"wp-block-paragraph\"><strong>SeneNews<\/strong><\/p>\n\n\n\n<p class=\"wp-block-paragraph\"><strong><em>@macite.tg<\/em><\/strong><\/p>\n\n\n\n<p class=\"wp-block-paragraph\"><strong><em>E-mail&nbsp;: <\/em><\/strong><a href=\"mailto:maciteinfo@gmail.com\"><strong><em>maciteinfo@gmail.com<\/em><\/strong><\/a><strong><em>; <\/em><\/strong><a href=\"mailto:bawela1@gmail.com\"><strong><em>bawela1@gmail.com<\/em><\/strong><\/a><strong><em><\/em><\/strong><\/p>\n\n\n\n<p class=\"wp-block-paragraph\"><strong><em>Pour vos annonces, (publi)reportages, etc., joignez nous au (00228)91515309\/<strong>79872224 <\/strong>www.macite.tg, L\u2019information, la bonne&nbsp;!<\/em><\/strong><\/p>\n","protected":false},"excerpt":{"rendered":"<p class=\"text-justify mb-2\" >Pr\u00e9sent sur l\u2019\u00e9mission Talent d\u2019Afrique diffus\u00e9e sur Canal + Sport 1, Claude Leroy a une fois de plus donn\u00e9 son point de vue sur la situation de Sadio Man\u00e9 au Bayern Munich. Selon le technicien fran\u00e7ais, l\u2019attaquant s\u00e9n\u00e9galais n\u2019a aucune chance de rester dans le [&hellip;]<\/p>\n","protected":false},"author":2,"featured_media":5890,"comment_status":"open","ping_status":"open","sticky":false,"template":"","format":"standard","meta":{"footnotes":""},"categories":[7],"tags":[],"class_list":["post-5889","post","type-post","status-publish","format-standard","has-post-thumbnail","hentry","category-sports"],"yoast_head":"<!-- This site is optimized with the Yoast SEO plugin v28.4 - https:\/\/yoast.com\/product\/yoast-seo-wordpress\/ -->\n<title>LA CONFIDENCE DE CLAUDE LEROY SUR SADIO MANE : \u00ab\u00a0Thomas Tuchel n\u2019a pas\u2026\u00a0\u00bb -<\/title>\n<meta name=\"robots\" content=\"index, follow, max-snippet:-1, max-image-preview:large, max-video-preview:-1\" \/>\n<link rel=\"canonical\" href=\"https:\/\/macite.tg\/?p=5889\" \/>\n<meta property=\"og:locale\" content=\"fr_FR\" \/>\n<meta property=\"og:type\" content=\"article\" \/>\n<meta property=\"og:title\" content=\"LA CONFIDENCE DE CLAUDE LEROY SUR SADIO MANE : \u00ab\u00a0Thomas Tuchel n\u2019a pas\u2026\u00a0\u00bb -\" \/>\n<meta property=\"og:description\" content=\"Pr\u00e9sent sur l\u2019\u00e9mission Talent d\u2019Afrique diffus\u00e9e sur Canal + Sport 1, Claude Leroy a une fois de plus donn\u00e9 son point de vue sur la situation de Sadio Man\u00e9 au Bayern Munich. Selon le technicien fran\u00e7ais, l\u2019attaquant s\u00e9n\u00e9galais n\u2019a aucune chance de rester dans le [&hellip;]\" \/>\n<meta property=\"og:url\" content=\"https:\/\/macite.tg\/?p=5889\" \/>\n<meta property=\"article:published_time\" content=\"2023-05-31T08:35:55+00:00\" \/>\n<meta property=\"article:modified_time\" content=\"2023-05-31T08:36:08+00:00\" \/>\n<meta property=\"og:image\" content=\"https:\/\/macite.tg\/wp-content\/uploads\/2023\/05\/fotojet-25-696x348-1.jpg\" \/>\n\t<meta property=\"og:image:width\" content=\"696\" \/>\n\t<meta property=\"og:image:height\" content=\"348\" \/>\n\t<meta property=\"og:image:type\" content=\"image\/jpeg\" \/>\n<meta name=\"author\" content=\"Jean Pierre BAWELA\" \/>\n<meta name=\"twitter:card\" content=\"summary_large_image\" \/>\n<meta name=\"twitter:label1\" content=\"\u00c9crit par\" \/>\n\t<meta name=\"twitter:data1\" content=\"Jean Pierre BAWELA\" \/>\n\t<meta name=\"twitter:label2\" content=\"Dur\u00e9e de lecture estim\u00e9e\" \/>\n\t<meta name=\"twitter:data2\" content=\"2 minutes\" \/>\n<script type=\"application\/ld+json\" class=\"yoast-schema-graph\">{\"@context\":\"https:\\\/\\\/schema.org\",\"@graph\":[{\"@type\":\"Article\",\"@id\":\"https:\\\/\\\/macite.tg\\\/?p=5889#article\",\"isPartOf\":{\"@id\":\"https:\\\/\\\/macite.tg\\\/?p=5889\"},\"author\":{\"name\":\"Jean Pierre BAWELA\",\"@id\":\"https:\\\/\\\/macite.tg\\\/#\\\/schema\\\/person\\\/e9f2de7e5dbbe7770a9402c7ce82f5c2\"},\"headline\":\"LA CONFIDENCE DE CLAUDE LEROY SUR SADIO MANE : \u00ab\u00a0Thomas Tuchel n\u2019a pas\u2026\u00a0\u00bb\",\"datePublished\":\"2023-05-31T08:35:55+00:00\",\"dateModified\":\"2023-05-31T08:36:08+00:00\",\"mainEntityOfPage\":{\"@id\":\"https:\\\/\\\/macite.tg\\\/?p=5889\"},\"wordCount\":316,\"commentCount\":0,\"image\":{\"@id\":\"https:\\\/\\\/macite.tg\\\/?p=5889#primaryimage\"},\"thumbnailUrl\":\"https:\\\/\\\/macite.tg\\\/wp-content\\\/uploads\\\/2023\\\/05\\\/fotojet-25-696x348-1.jpg\",\"articleSection\":[\"SPORTS\"],\"inLanguage\":\"fr-FR\",\"potentialAction\":[{\"@type\":\"CommentAction\",\"name\":\"Comment\",\"target\":[\"https:\\\/\\\/macite.tg\\\/?p=5889#respond\"]}]},{\"@type\":\"WebPage\",\"@id\":\"https:\\\/\\\/macite.tg\\\/?p=5889\",\"url\":\"https:\\\/\\\/macite.tg\\\/?p=5889\",\"name\":\"LA CONFIDENCE DE CLAUDE LEROY SUR SADIO MANE : \u00ab\u00a0Thomas Tuchel n\u2019a pas\u2026\u00a0\u00bb -\",\"isPartOf\":{\"@id\":\"https:\\\/\\\/macite.tg\\\/#website\"},\"primaryImageOfPage\":{\"@id\":\"https:\\\/\\\/macite.tg\\\/?p=5889#primaryimage\"},\"image\":{\"@id\":\"https:\\\/\\\/macite.tg\\\/?p=5889#primaryimage\"},\"thumbnailUrl\":\"https:\\\/\\\/macite.tg\\\/wp-content\\\/uploads\\\/2023\\\/05\\\/fotojet-25-696x348-1.jpg\",\"datePublished\":\"2023-05-31T08:35:55+00:00\",\"dateModified\":\"2023-05-31T08:36:08+00:00\",\"author\":{\"@id\":\"https:\\\/\\\/macite.tg\\\/#\\\/schema\\\/person\\\/e9f2de7e5dbbe7770a9402c7ce82f5c2\"},\"breadcrumb\":{\"@id\":\"https:\\\/\\\/macite.tg\\\/?p=5889#breadcrumb\"},\"inLanguage\":\"fr-FR\",\"potentialAction\":[{\"@type\":\"ReadAction\",\"target\":[\"https:\\\/\\\/macite.tg\\\/?p=5889\"]}]},{\"@type\":\"ImageObject\",\"inLanguage\":\"fr-FR\",\"@id\":\"https:\\\/\\\/macite.tg\\\/?p=5889#primaryimage\",\"url\":\"https:\\\/\\\/macite.tg\\\/wp-content\\\/uploads\\\/2023\\\/05\\\/fotojet-25-696x348-1.jpg\",\"contentUrl\":\"https:\\\/\\\/macite.tg\\\/wp-content\\\/uploads\\\/2023\\\/05\\\/fotojet-25-696x348-1.jpg\",\"width\":696,\"height\":348},{\"@type\":\"BreadcrumbList\",\"@id\":\"https:\\\/\\\/macite.tg\\\/?p=5889#breadcrumb\",\"itemListElement\":[{\"@type\":\"ListItem\",\"position\":1,\"name\":\"Accueil\",\"item\":\"https:\\\/\\\/macite.tg\\\/\"},{\"@type\":\"ListItem\",\"position\":2,\"name\":\"LA CONFIDENCE DE CLAUDE LEROY SUR SADIO MANE : \u00ab\u00a0Thomas Tuchel n\u2019a pas\u2026\u00a0\u00bb\"}]},{\"@type\":\"WebSite\",\"@id\":\"https:\\\/\\\/macite.tg\\\/#website\",\"url\":\"https:\\\/\\\/macite.tg\\\/\",\"name\":\"\",\"description\":\"L&#039;information, la bonne!!!\",\"potentialAction\":[{\"@type\":\"SearchAction\",\"target\":{\"@type\":\"EntryPoint\",\"urlTemplate\":\"https:\\\/\\\/macite.tg\\\/?s={search_term_string}\"},\"query-input\":{\"@type\":\"PropertyValueSpecification\",\"valueRequired\":true,\"valueName\":\"search_term_string\"}}],\"inLanguage\":\"fr-FR\"},{\"@type\":\"Person\",\"@id\":\"https:\\\/\\\/macite.tg\\\/#\\\/schema\\\/person\\\/e9f2de7e5dbbe7770a9402c7ce82f5c2\",\"name\":\"Jean Pierre BAWELA\",\"image\":{\"@type\":\"ImageObject\",\"inLanguage\":\"fr-FR\",\"@id\":\"https:\\\/\\\/macite.tg\\\/wp-content\\\/uploads\\\/2023\\\/09\\\/WhatsApp-Image-2023-09-19-at-14.44.41-122x122.jpeg\",\"url\":\"https:\\\/\\\/macite.tg\\\/wp-content\\\/uploads\\\/2023\\\/09\\\/WhatsApp-Image-2023-09-19-at-14.44.41-122x122.jpeg\",\"contentUrl\":\"https:\\\/\\\/macite.tg\\\/wp-content\\\/uploads\\\/2023\\\/09\\\/WhatsApp-Image-2023-09-19-at-14.44.41-122x122.jpeg\",\"caption\":\"Jean Pierre BAWELA\"},\"url\":\"https:\\\/\\\/macite.tg\\\/?author=2\"}]}<\/script>\n<!-- \/ Yoast SEO plugin. -->","yoast_head_json":{"title":"LA CONFIDENCE DE CLAUDE LEROY SUR SADIO MANE : \u00ab\u00a0Thomas Tuchel n\u2019a pas\u2026\u00a0\u00bb -","robots":{"index":"index","follow":"follow","max-snippet":"max-snippet:-1","max-image-preview":"max-image-preview:large","max-video-preview":"max-video-preview:-1"},"canonical":"https:\/\/macite.tg\/?p=5889","og_locale":"fr_FR","og_type":"article","og_title":"LA CONFIDENCE DE CLAUDE LEROY SUR SADIO MANE : \u00ab\u00a0Thomas Tuchel n\u2019a pas\u2026\u00a0\u00bb -","og_description":"Pr\u00e9sent sur l\u2019\u00e9mission Talent d\u2019Afrique diffus\u00e9e sur Canal + Sport 1, Claude Leroy a une fois de plus donn\u00e9 son point de vue sur la situation de Sadio Man\u00e9 au Bayern Munich. Selon le technicien fran\u00e7ais, l\u2019attaquant s\u00e9n\u00e9galais n\u2019a aucune chance de rester dans le [&hellip;]","og_url":"https:\/\/macite.tg\/?p=5889","article_published_time":"2023-05-31T08:35:55+00:00","article_modified_time":"2023-05-31T08:36:08+00:00","og_image":[{"width":696,"height":348,"url":"https:\/\/macite.tg\/wp-content\/uploads\/2023\/05\/fotojet-25-696x348-1.jpg","type":"image\/jpeg"}],"author":"Jean Pierre BAWELA","twitter_card":"summary_large_image","twitter_misc":{"\u00c9crit par":"Jean Pierre BAWELA","Dur\u00e9e de lecture estim\u00e9e":"2 minutes"},"schema":{"@context":"https:\/\/schema.org","@graph":[{"@type":"Article","@id":"https:\/\/macite.tg\/?p=5889#article","isPartOf":{"@id":"https:\/\/macite.tg\/?p=5889"},"author":{"name":"Jean Pierre BAWELA","@id":"https:\/\/macite.tg\/#\/schema\/person\/e9f2de7e5dbbe7770a9402c7ce82f5c2"},"headline":"LA CONFIDENCE DE CLAUDE LEROY SUR SADIO MANE : \u00ab\u00a0Thomas Tuchel n\u2019a pas\u2026\u00a0\u00bb","datePublished":"2023-05-31T08:35:55+00:00","dateModified":"2023-05-31T08:36:08+00:00","mainEntityOfPage":{"@id":"https:\/\/macite.tg\/?p=5889"},"wordCount":316,"commentCount":0,"image":{"@id":"https:\/\/macite.tg\/?p=5889#primaryimage"},"thumbnailUrl":"https:\/\/macite.tg\/wp-content\/uploads\/2023\/05\/fotojet-25-696x348-1.jpg","articleSection":["SPORTS"],"inLanguage":"fr-FR","potentialAction":[{"@type":"CommentAction","name":"Comment","target":["https:\/\/macite.tg\/?p=5889#respond"]}]},{"@type":"WebPage","@id":"https:\/\/macite.tg\/?p=5889","url":"https:\/\/macite.tg\/?p=5889","name":"LA CONFIDENCE DE CLAUDE LEROY SUR SADIO MANE : \u00ab\u00a0Thomas Tuchel n\u2019a pas\u2026\u00a0\u00bb -","isPartOf":{"@id":"https:\/\/macite.tg\/#website"},"primaryImageOfPage":{"@id":"https:\/\/macite.tg\/?p=5889#primaryimage"},"image":{"@id":"https:\/\/macite.tg\/?p=5889#primaryimage"},"thumbnailUrl":"https:\/\/macite.tg\/wp-content\/uploads\/2023\/05\/fotojet-25-696x348-1.jpg","datePublished":"2023-05-31T08:35:55+00:00","dateModified":"2023-05-31T08:36:08+00:00","author":{"@id":"https:\/\/macite.tg\/#\/schema\/person\/e9f2de7e5dbbe7770a9402c7ce82f5c2"},"breadcrumb":{"@id":"https:\/\/macite.tg\/?p=5889#breadcrumb"},"inLanguage":"fr-FR","potentialAction":[{"@type":"ReadAction","target":["https:\/\/macite.tg\/?p=5889"]}]},{"@type":"ImageObject","inLanguage":"fr-FR","@id":"https:\/\/macite.tg\/?p=5889#primaryimage","url":"https:\/\/macite.tg\/wp-content\/uploads\/2023\/05\/fotojet-25-696x348-1.jpg","contentUrl":"https:\/\/macite.tg\/wp-content\/uploads\/2023\/05\/fotojet-25-696x348-1.jpg","width":696,"height":348},{"@type":"BreadcrumbList","@id":"https:\/\/macite.tg\/?p=5889#breadcrumb","itemListElement":[{"@type":"ListItem","position":1,"name":"Accueil","item":"https:\/\/macite.tg\/"},{"@type":"ListItem","position":2,"name":"LA CONFIDENCE DE CLAUDE LEROY SUR SADIO MANE : \u00ab\u00a0Thomas Tuchel n\u2019a pas\u2026\u00a0\u00bb"}]},{"@type":"WebSite","@id":"https:\/\/macite.tg\/#website","url":"https:\/\/macite.tg\/","name":"","description":"L&#039;information, la bonne!!!","potentialAction":[{"@type":"SearchAction","target":{"@type":"EntryPoint","urlTemplate":"https:\/\/macite.tg\/?s={search_term_string}"},"query-input":{"@type":"PropertyValueSpecification","valueRequired":true,"valueName":"search_term_string"}}],"inLanguage":"fr-FR"},{"@type":"Person","@id":"https:\/\/macite.tg\/#\/schema\/person\/e9f2de7e5dbbe7770a9402c7ce82f5c2","name":"Jean Pierre BAWELA","image":{"@type":"ImageObject","inLanguage":"fr-FR","@id":"https:\/\/macite.tg\/wp-content\/uploads\/2023\/09\/WhatsApp-Image-2023-09-19-at-14.44.41-122x122.jpeg","url":"https:\/\/macite.tg\/wp-content\/uploads\/2023\/09\/WhatsApp-Image-2023-09-19-at-14.44.41-122x122.jpeg","contentUrl":"https:\/\/macite.tg\/wp-content\/uploads\/2023\/09\/WhatsApp-Image-2023-09-19-at-14.44.41-122x122.jpeg","caption":"Jean Pierre BAWELA"},"url":"https:\/\/macite.tg\/?author=2"}]}},"_links":{"self":[{"href":"https:\/\/macite.tg\/index.php?rest_route=\/wp\/v2\/posts\/5889","targetHints":{"allow":["GET"]}}],"collection":[{"href":"https:\/\/macite.tg\/index.php?rest_route=\/wp\/v2\/posts"}],"about":[{"href":"https:\/\/macite.tg\/index.php?rest_route=\/wp\/v2\/types\/post"}],"author":[{"embeddable":true,"href":"https:\/\/macite.tg\/index.php?rest_route=\/wp\/v2\/users\/2"}],"replies":[{"embeddable":true,"href":"https:\/\/macite.tg\/index.php?rest_route=%2Fwp%2Fv2%2Fcomments&post=5889"}],"version-history":[{"count":0,"href":"https:\/\/macite.tg\/index.php?rest_route=\/wp\/v2\/posts\/5889\/revisions"}],"wp:featuredmedia":[{"embeddable":true,"href":"https:\/\/macite.tg\/index.php?rest_route=\/wp\/v2\/media\/5890"}],"wp:attachment":[{"href":"https:\/\/macite.tg\/index.php?rest_route=%2Fwp%2Fv2%2Fmedia&parent=5889"}],"wp:term":[{"taxonomy":"category","embeddable":true,"href":"https:\/\/macite.tg\/index.php?rest_route=%2Fwp%2Fv2%2Fcategories&post=5889"},{"taxonomy":"post_tag","embeddable":true,"href":"https:\/\/macite.tg\/index.php?rest_route=%2Fwp%2Fv2%2Ftags&post=5889"}],"curies":[{"name":"wp","href":"https:\/\/api.w.org\/{rel}","templated":true}]}}