{"id":5874,"date":"2023-05-30T18:49:55","date_gmt":"2023-05-30T18:49:55","guid":{"rendered":"https:\/\/macite.tg\/?p=5874"},"modified":"2023-05-30T18:50:08","modified_gmt":"2023-05-30T18:50:08","slug":"equite-et-qualite-de-leducation-de-base-des-delegues-syndicaux-membres-du-cofesyet-outilles-a-lome","status":"publish","type":"post","link":"https:\/\/macite.tg\/?p=5874","title":{"rendered":"\u00c9QUIT\u00c9 ET QUALIT\u00c9 DE L\u2019\u00c9DUCATION DE BASE\u00a0: Des d\u00e9l\u00e9gu\u00e9s syndicaux membres du COFESYET outill\u00e9s \u00e0 Lom\u00e9"},"content":{"rendered":"\n<p class=\"wp-block-paragraph\"><strong><em>Les membres des f\u00e9d\u00e9rations\u00a0 de syndicats de l\u2019enseignement regroup\u00e9s au sein du Collectif des f\u00e9d\u00e9rations des syndicats de l\u2019\u00e9ducation (COFESYET) sont en atelier de renforcement de capacit\u00e9s sur les principaux cadres politiques et textes juridiques r\u00e9gissant le secteur de l\u2019\u00e9ducation. D\u00e9marr\u00e9e ce 30 mai \u00e0 Lom\u00e9, cette formation prendra fin le 02 juin prochain.<\/em><\/strong><\/p>\n\n\n\n<p class=\"wp-block-paragraph\">Initi\u00e9 par le gouvernement togolais, et financ\u00e9 par le Partenariat mondial pour l\u2019\u00e9ducation (PME) et l\u2019Association internationale de D\u00e9veloppement (IDA), cette formation s\u2019inscrit dans le cadre de la mise en \u0153uvre du Projet d\u2019am\u00e9lioration de la qualit\u00e9 et de l\u2019\u00e9quit\u00e9 de l\u2019\u00e9ducation de base (PAQEEB), \u00e0 travers ses sous-composantes 3.2&nbsp;: Consolidation &nbsp;de la redevabilit\u00e9 et renforcement des capacit\u00e9s des COGEP\/COGERES et autres principales parties prenantes, notamment des syndicats des enseignants.<\/p>\n\n\n<div class=\"wp-block-image\">\n<figure class=\"aligncenter size-full is-resized\"><img loading=\"lazy\" decoding=\"async\" src=\"https:\/\/macite.tg\/wp-content\/uploads\/2023\/05\/IMG-20230530-WA0068.jpg\" alt=\"\" class=\"wp-image-5886\" width=\"668\" height=\"377\" srcset=\"https:\/\/macite.tg\/wp-content\/uploads\/2023\/05\/IMG-20230530-WA0068.jpg 992w, https:\/\/macite.tg\/wp-content\/uploads\/2023\/05\/IMG-20230530-WA0068-300x169.jpg 300w, https:\/\/macite.tg\/wp-content\/uploads\/2023\/05\/IMG-20230530-WA0068-768x434.jpg 768w\" sizes=\"auto, (max-width: 668px) 100vw, 668px\" \/><figcaption class=\"wp-element-caption\"><strong><em>Une vue de l&rsquo;assistance&#8230;<\/em><\/strong><\/figcaption><\/figure>\n<\/div>\n\n\n<p class=\"wp-block-paragraph\">Il s\u2019agit de mani\u00e8re globale, \u00e0 travers cette formation, <em>\u00ab&nbsp;d\u2019accro\u00eetre l\u2019acc\u00e8s, la r\u00e9tention, la qualit\u00e9 et l\u2019\u00e9quit\u00e9 au niveau de l\u2019\u00e9ducation de base&nbsp;\u00bb,<\/em> dans l\u2019optique de soutenir la mise en \u0153uvre du Plan sectoriel de l\u2019\u00e9ducation (PSE) 2020-2030 de l\u2019ex\u00e9cutif togolais.<\/p>\n\n\n\n<p class=\"wp-block-paragraph\">Ils sont alors plus d\u2019une cinquantaine de participants venus des sept r\u00e9gions \u00e9ducatives du Togo, \u00e0 prendre part \u00e0 cette formation des leaders syndicaux des f\u00e9d\u00e9rations de l\u2019enseignement, qui porte sur les principaux cadres politiques et textes juridiques r\u00e9gissant le secteur de l\u2019\u00e9ducation au Togo.<\/p>\n\n\n\n<p class=\"wp-block-paragraph\">Durant ces quatre jours (du 30 mai au 02 juin 2023), ces leaders syndicaux devront se familiariser avec ces textes et instruments juridiques en vue d\u2019une professionnalisation et d\u2019une qu\u00eate de performance soutenue dans l\u2019exercice de leur fonction. Plusieurs th\u00e9matiques sont au programme de cette formation \u00e0 savoir&nbsp;: <em>\u00ab&nbsp;Code du travail et statut g\u00e9n\u00e9ral de la fonction publique&nbsp;\u00bb&nbsp;; \u00ab&nbsp;Pr\u00e9cis de l\u00e9gislation&nbsp;\u00bb&nbsp;; \u00ab&nbsp;Statut particulier des enseignants&nbsp;\u00bb&nbsp;; \u00ab&nbsp;Protocole d\u2019accord&nbsp;\u00bb&nbsp;; \u00ab&nbsp;Code de bonne conduite&nbsp;\u00bb&nbsp;; \u00ab&nbsp;M\u00e9morandum d\u2019entente&nbsp;\u00bb&nbsp;; \u00ab&nbsp;Les innovations p\u00e9dagogiques (APC, TPA, sous-cycle)&nbsp;\u00bb&nbsp;; \u00ab&nbsp;Politiques, plans et projets de l\u2019\u00e9ducation&nbsp;\u00bb&nbsp;;<\/em> etc.<\/p>\n\n\n\n<p class=\"wp-block-paragraph\"><em>\u00ab (\u2026) Il faut que le gens comprennent qu\u2019aujourd\u2019hui, le syndicat est r\u00e9gi par le code du travail qui est aussi applicable \u00e0 la fonction publique. Du coup, il faudrait que les participants maitrisent tous documents pour pouvoir l\u2019utiliser \u00e0 bon escient\u2026\u00bb,<\/em> a indiqu\u00e9 Adrien B\u00e9l\u00e9ki, formateur.<\/p>\n\n\n<div class=\"wp-block-image\">\n<figure class=\"aligncenter size-large is-resized\"><img loading=\"lazy\" decoding=\"async\" src=\"https:\/\/macite.tg\/wp-content\/uploads\/2023\/05\/Popup_Site_gudef23-1-1024x902.jpg\" alt=\"\" class=\"wp-image-5755\" width=\"598\" height=\"526\" srcset=\"https:\/\/macite.tg\/wp-content\/uploads\/2023\/05\/Popup_Site_gudef23-1-1024x902.jpg 1024w, https:\/\/macite.tg\/wp-content\/uploads\/2023\/05\/Popup_Site_gudef23-1-300x264.jpg 300w, https:\/\/macite.tg\/wp-content\/uploads\/2023\/05\/Popup_Site_gudef23-1-768x676.jpg 768w, https:\/\/macite.tg\/wp-content\/uploads\/2023\/05\/Popup_Site_gudef23-1.jpg 1280w\" sizes=\"auto, (max-width: 598px) 100vw, 598px\" \/><\/figure>\n<\/div>\n\n\n<p class=\"wp-block-paragraph\">&nbsp;Pour le porte-parole du Collectif des f\u00e9d\u00e9rations des syndicats de l\u2019\u00e9ducation du Togo (COFESYET), Pierro Ayit\u00e9 Abaglo, <em>\u00ab&nbsp;il \u00e9tait important d\u2019aller \u00e0 la formation ouvri\u00e8re quelque temps apr\u00e8s la mise sur pied du Collectif. Cette formation \u00e9tait important d\u2019expliquer un certain nombre de chose aux camarades (\u2026) car beaucoup de nos camarades ont \u00e9t\u00e9 sanctionn\u00e9s par m\u00e9connaissance de textes. Nul n\u2019est cens\u00e9 ignorer la loi, dit-on, mais il ne faut oublier qu\u2019il y a des camarades qui sont dans des milieux recul\u00e9s qui n\u2019ont pas la chance ni les moyens de se procurer tous ces documents. Donc cette formation vient \u00e0 point nomm\u00e9 pour donner des outils n\u00e9cessaires, notamment tout l\u2019arsenal juridique, pour une meilleure pratique de la fonction enseignante au Togo&nbsp;\u00bb<\/em>.<\/p>\n\n\n\n<p class=\"wp-block-paragraph\">Notons qu&rsquo;une fois de retour dans leur base, ces leaders syndicaux devront partager les acquis de cette formation.<\/p>\n\n\n\n<p class=\"wp-block-paragraph\"><strong>JPB<\/strong><\/p>\n\n\n\n<p class=\"wp-block-paragraph\"><strong><em>@macite.tg&nbsp;&nbsp;&nbsp;&nbsp;&nbsp;&nbsp;&nbsp;&nbsp;<\/em><\/strong><\/p>\n\n\n\n<p class=\"wp-block-paragraph\"><strong><em>E-mail&nbsp;: <\/em><\/strong><a href=\"mailto:maciteinfo@gmail.com\"><strong><em>maciteinfo@gmail.com<\/em><\/strong><\/a><strong><em>; <\/em><\/strong><a href=\"mailto:bawela1@gmail.com\"><strong><em>bawela1@gmail.com<\/em><\/strong><\/a><strong><em><\/em><\/strong><\/p>\n\n\n\n<p class=\"wp-block-paragraph\"><strong><em>Pour vos annonces, (publi)reportages, etc., joignez nous au (00228)91515309\/<strong>79872224 <\/strong>www.macite.tg, L\u2019information, la bonne&nbsp;!<\/em><\/strong><\/p>\n","protected":false},"excerpt":{"rendered":"<p class=\"text-justify mb-2\" >Les membres des f\u00e9d\u00e9rations\u00a0 de syndicats de l\u2019enseignement regroup\u00e9s au sein du Collectif des f\u00e9d\u00e9rations des syndicats de l\u2019\u00e9ducation (COFESYET) sont en atelier de renforcement de capacit\u00e9s sur les principaux cadres politiques et textes juridiques r\u00e9gissant le secteur de l\u2019\u00e9ducation. D\u00e9marr\u00e9e ce 30 mai \u00e0 [&hellip;]<\/p>\n","protected":false},"author":2,"featured_media":5885,"comment_status":"open","ping_status":"open","sticky":false,"template":"","format":"standard","meta":{"footnotes":""},"categories":[20,4],"tags":[],"class_list":["post-5874","post","type-post","status-publish","format-standard","has-post-thumbnail","hentry","category-actualite","category-education"],"yoast_head":"<!-- This site is optimized with the Yoast SEO plugin v28.4 - https:\/\/yoast.com\/product\/yoast-seo-wordpress\/ -->\n<title>\u00c9QUIT\u00c9 ET QUALIT\u00c9 DE L\u2019\u00c9DUCATION DE BASE\u00a0: Des d\u00e9l\u00e9gu\u00e9s syndicaux membres du COFESYET outill\u00e9s \u00e0 Lom\u00e9 -<\/title>\n<meta name=\"robots\" content=\"index, follow, max-snippet:-1, max-image-preview:large, max-video-preview:-1\" \/>\n<link rel=\"canonical\" href=\"https:\/\/macite.tg\/?p=5874\" \/>\n<meta property=\"og:locale\" content=\"fr_FR\" \/>\n<meta property=\"og:type\" content=\"article\" \/>\n<meta property=\"og:title\" content=\"\u00c9QUIT\u00c9 ET QUALIT\u00c9 DE L\u2019\u00c9DUCATION DE BASE\u00a0: Des d\u00e9l\u00e9gu\u00e9s syndicaux membres du COFESYET outill\u00e9s \u00e0 Lom\u00e9 -\" \/>\n<meta property=\"og:description\" content=\"Les membres des f\u00e9d\u00e9rations\u00a0 de syndicats de l\u2019enseignement regroup\u00e9s au sein du Collectif des f\u00e9d\u00e9rations des syndicats de l\u2019\u00e9ducation (COFESYET) sont en atelier de renforcement de capacit\u00e9s sur les principaux cadres politiques et textes juridiques r\u00e9gissant le secteur de l\u2019\u00e9ducation. D\u00e9marr\u00e9e ce 30 mai \u00e0 [&hellip;]\" \/>\n<meta property=\"og:url\" content=\"https:\/\/macite.tg\/?p=5874\" \/>\n<meta property=\"article:published_time\" content=\"2023-05-30T18:49:55+00:00\" \/>\n<meta property=\"article:modified_time\" content=\"2023-05-30T18:50:08+00:00\" \/>\n<meta property=\"og:image\" content=\"https:\/\/macite.tg\/wp-content\/uploads\/2023\/05\/Cofesyet.jpg\" \/>\n\t<meta property=\"og:image:width\" content=\"500\" \/>\n\t<meta property=\"og:image:height\" content=\"135\" \/>\n\t<meta property=\"og:image:type\" content=\"image\/jpeg\" \/>\n<meta name=\"author\" content=\"Jean Pierre BAWELA\" \/>\n<meta name=\"twitter:card\" content=\"summary_large_image\" \/>\n<meta name=\"twitter:label1\" content=\"\u00c9crit par\" \/>\n\t<meta name=\"twitter:data1\" content=\"Jean Pierre BAWELA\" \/>\n\t<meta name=\"twitter:label2\" content=\"Dur\u00e9e de lecture estim\u00e9e\" \/>\n\t<meta name=\"twitter:data2\" content=\"3 minutes\" \/>\n<script type=\"application\/ld+json\" class=\"yoast-schema-graph\">{\"@context\":\"https:\\\/\\\/schema.org\",\"@graph\":[{\"@type\":\"Article\",\"@id\":\"https:\\\/\\\/macite.tg\\\/?p=5874#article\",\"isPartOf\":{\"@id\":\"https:\\\/\\\/macite.tg\\\/?p=5874\"},\"author\":{\"name\":\"Jean Pierre BAWELA\",\"@id\":\"https:\\\/\\\/macite.tg\\\/#\\\/schema\\\/person\\\/e9f2de7e5dbbe7770a9402c7ce82f5c2\"},\"headline\":\"\u00c9QUIT\u00c9 ET QUALIT\u00c9 DE L\u2019\u00c9DUCATION DE BASE\u00a0: Des d\u00e9l\u00e9gu\u00e9s syndicaux membres du COFESYET outill\u00e9s \u00e0 Lom\u00e9\",\"datePublished\":\"2023-05-30T18:49:55+00:00\",\"dateModified\":\"2023-05-30T18:50:08+00:00\",\"mainEntityOfPage\":{\"@id\":\"https:\\\/\\\/macite.tg\\\/?p=5874\"},\"wordCount\":635,\"commentCount\":0,\"image\":{\"@id\":\"https:\\\/\\\/macite.tg\\\/?p=5874#primaryimage\"},\"thumbnailUrl\":\"https:\\\/\\\/macite.tg\\\/wp-content\\\/uploads\\\/2023\\\/05\\\/Cofesyet.jpg\",\"articleSection\":[\"ACTUALITE\",\"EDUCATION\"],\"inLanguage\":\"fr-FR\",\"potentialAction\":[{\"@type\":\"CommentAction\",\"name\":\"Comment\",\"target\":[\"https:\\\/\\\/macite.tg\\\/?p=5874#respond\"]}]},{\"@type\":\"WebPage\",\"@id\":\"https:\\\/\\\/macite.tg\\\/?p=5874\",\"url\":\"https:\\\/\\\/macite.tg\\\/?p=5874\",\"name\":\"\u00c9QUIT\u00c9 ET QUALIT\u00c9 DE L\u2019\u00c9DUCATION DE BASE\u00a0: Des d\u00e9l\u00e9gu\u00e9s syndicaux membres du COFESYET outill\u00e9s \u00e0 Lom\u00e9 -\",\"isPartOf\":{\"@id\":\"https:\\\/\\\/macite.tg\\\/#website\"},\"primaryImageOfPage\":{\"@id\":\"https:\\\/\\\/macite.tg\\\/?p=5874#primaryimage\"},\"image\":{\"@id\":\"https:\\\/\\\/macite.tg\\\/?p=5874#primaryimage\"},\"thumbnailUrl\":\"https:\\\/\\\/macite.tg\\\/wp-content\\\/uploads\\\/2023\\\/05\\\/Cofesyet.jpg\",\"datePublished\":\"2023-05-30T18:49:55+00:00\",\"dateModified\":\"2023-05-30T18:50:08+00:00\",\"author\":{\"@id\":\"https:\\\/\\\/macite.tg\\\/#\\\/schema\\\/person\\\/e9f2de7e5dbbe7770a9402c7ce82f5c2\"},\"breadcrumb\":{\"@id\":\"https:\\\/\\\/macite.tg\\\/?p=5874#breadcrumb\"},\"inLanguage\":\"fr-FR\",\"potentialAction\":[{\"@type\":\"ReadAction\",\"target\":[\"https:\\\/\\\/macite.tg\\\/?p=5874\"]}]},{\"@type\":\"ImageObject\",\"inLanguage\":\"fr-FR\",\"@id\":\"https:\\\/\\\/macite.tg\\\/?p=5874#primaryimage\",\"url\":\"https:\\\/\\\/macite.tg\\\/wp-content\\\/uploads\\\/2023\\\/05\\\/Cofesyet.jpg\",\"contentUrl\":\"https:\\\/\\\/macite.tg\\\/wp-content\\\/uploads\\\/2023\\\/05\\\/Cofesyet.jpg\",\"width\":500,\"height\":135},{\"@type\":\"BreadcrumbList\",\"@id\":\"https:\\\/\\\/macite.tg\\\/?p=5874#breadcrumb\",\"itemListElement\":[{\"@type\":\"ListItem\",\"position\":1,\"name\":\"Accueil\",\"item\":\"https:\\\/\\\/macite.tg\\\/\"},{\"@type\":\"ListItem\",\"position\":2,\"name\":\"\u00c9QUIT\u00c9 ET QUALIT\u00c9 DE L\u2019\u00c9DUCATION DE BASE\u00a0: Des d\u00e9l\u00e9gu\u00e9s syndicaux membres du COFESYET outill\u00e9s \u00e0 Lom\u00e9\"}]},{\"@type\":\"WebSite\",\"@id\":\"https:\\\/\\\/macite.tg\\\/#website\",\"url\":\"https:\\\/\\\/macite.tg\\\/\",\"name\":\"\",\"description\":\"L&#039;information, la bonne!!!\",\"potentialAction\":[{\"@type\":\"SearchAction\",\"target\":{\"@type\":\"EntryPoint\",\"urlTemplate\":\"https:\\\/\\\/macite.tg\\\/?s={search_term_string}\"},\"query-input\":{\"@type\":\"PropertyValueSpecification\",\"valueRequired\":true,\"valueName\":\"search_term_string\"}}],\"inLanguage\":\"fr-FR\"},{\"@type\":\"Person\",\"@id\":\"https:\\\/\\\/macite.tg\\\/#\\\/schema\\\/person\\\/e9f2de7e5dbbe7770a9402c7ce82f5c2\",\"name\":\"Jean Pierre BAWELA\",\"image\":{\"@type\":\"ImageObject\",\"inLanguage\":\"fr-FR\",\"@id\":\"https:\\\/\\\/macite.tg\\\/wp-content\\\/uploads\\\/2023\\\/09\\\/WhatsApp-Image-2023-09-19-at-14.44.41-122x122.jpeg\",\"url\":\"https:\\\/\\\/macite.tg\\\/wp-content\\\/uploads\\\/2023\\\/09\\\/WhatsApp-Image-2023-09-19-at-14.44.41-122x122.jpeg\",\"contentUrl\":\"https:\\\/\\\/macite.tg\\\/wp-content\\\/uploads\\\/2023\\\/09\\\/WhatsApp-Image-2023-09-19-at-14.44.41-122x122.jpeg\",\"caption\":\"Jean Pierre BAWELA\"},\"url\":\"https:\\\/\\\/macite.tg\\\/?author=2\"}]}<\/script>\n<!-- \/ Yoast SEO plugin. -->","yoast_head_json":{"title":"\u00c9QUIT\u00c9 ET QUALIT\u00c9 DE L\u2019\u00c9DUCATION DE BASE\u00a0: Des d\u00e9l\u00e9gu\u00e9s syndicaux membres du COFESYET outill\u00e9s \u00e0 Lom\u00e9 -","robots":{"index":"index","follow":"follow","max-snippet":"max-snippet:-1","max-image-preview":"max-image-preview:large","max-video-preview":"max-video-preview:-1"},"canonical":"https:\/\/macite.tg\/?p=5874","og_locale":"fr_FR","og_type":"article","og_title":"\u00c9QUIT\u00c9 ET QUALIT\u00c9 DE L\u2019\u00c9DUCATION DE BASE\u00a0: Des d\u00e9l\u00e9gu\u00e9s syndicaux membres du COFESYET outill\u00e9s \u00e0 Lom\u00e9 -","og_description":"Les membres des f\u00e9d\u00e9rations\u00a0 de syndicats de l\u2019enseignement regroup\u00e9s au sein du Collectif des f\u00e9d\u00e9rations des syndicats de l\u2019\u00e9ducation (COFESYET) sont en atelier de renforcement de capacit\u00e9s sur les principaux cadres politiques et textes juridiques r\u00e9gissant le secteur de l\u2019\u00e9ducation. D\u00e9marr\u00e9e ce 30 mai \u00e0 [&hellip;]","og_url":"https:\/\/macite.tg\/?p=5874","article_published_time":"2023-05-30T18:49:55+00:00","article_modified_time":"2023-05-30T18:50:08+00:00","og_image":[{"width":500,"height":135,"url":"https:\/\/macite.tg\/wp-content\/uploads\/2023\/05\/Cofesyet.jpg","type":"image\/jpeg"}],"author":"Jean Pierre BAWELA","twitter_card":"summary_large_image","twitter_misc":{"\u00c9crit par":"Jean Pierre BAWELA","Dur\u00e9e de lecture estim\u00e9e":"3 minutes"},"schema":{"@context":"https:\/\/schema.org","@graph":[{"@type":"Article","@id":"https:\/\/macite.tg\/?p=5874#article","isPartOf":{"@id":"https:\/\/macite.tg\/?p=5874"},"author":{"name":"Jean Pierre BAWELA","@id":"https:\/\/macite.tg\/#\/schema\/person\/e9f2de7e5dbbe7770a9402c7ce82f5c2"},"headline":"\u00c9QUIT\u00c9 ET QUALIT\u00c9 DE L\u2019\u00c9DUCATION DE BASE\u00a0: Des d\u00e9l\u00e9gu\u00e9s syndicaux membres du COFESYET outill\u00e9s \u00e0 Lom\u00e9","datePublished":"2023-05-30T18:49:55+00:00","dateModified":"2023-05-30T18:50:08+00:00","mainEntityOfPage":{"@id":"https:\/\/macite.tg\/?p=5874"},"wordCount":635,"commentCount":0,"image":{"@id":"https:\/\/macite.tg\/?p=5874#primaryimage"},"thumbnailUrl":"https:\/\/macite.tg\/wp-content\/uploads\/2023\/05\/Cofesyet.jpg","articleSection":["ACTUALITE","EDUCATION"],"inLanguage":"fr-FR","potentialAction":[{"@type":"CommentAction","name":"Comment","target":["https:\/\/macite.tg\/?p=5874#respond"]}]},{"@type":"WebPage","@id":"https:\/\/macite.tg\/?p=5874","url":"https:\/\/macite.tg\/?p=5874","name":"\u00c9QUIT\u00c9 ET QUALIT\u00c9 DE L\u2019\u00c9DUCATION DE BASE\u00a0: Des d\u00e9l\u00e9gu\u00e9s syndicaux membres du COFESYET outill\u00e9s \u00e0 Lom\u00e9 -","isPartOf":{"@id":"https:\/\/macite.tg\/#website"},"primaryImageOfPage":{"@id":"https:\/\/macite.tg\/?p=5874#primaryimage"},"image":{"@id":"https:\/\/macite.tg\/?p=5874#primaryimage"},"thumbnailUrl":"https:\/\/macite.tg\/wp-content\/uploads\/2023\/05\/Cofesyet.jpg","datePublished":"2023-05-30T18:49:55+00:00","dateModified":"2023-05-30T18:50:08+00:00","author":{"@id":"https:\/\/macite.tg\/#\/schema\/person\/e9f2de7e5dbbe7770a9402c7ce82f5c2"},"breadcrumb":{"@id":"https:\/\/macite.tg\/?p=5874#breadcrumb"},"inLanguage":"fr-FR","potentialAction":[{"@type":"ReadAction","target":["https:\/\/macite.tg\/?p=5874"]}]},{"@type":"ImageObject","inLanguage":"fr-FR","@id":"https:\/\/macite.tg\/?p=5874#primaryimage","url":"https:\/\/macite.tg\/wp-content\/uploads\/2023\/05\/Cofesyet.jpg","contentUrl":"https:\/\/macite.tg\/wp-content\/uploads\/2023\/05\/Cofesyet.jpg","width":500,"height":135},{"@type":"BreadcrumbList","@id":"https:\/\/macite.tg\/?p=5874#breadcrumb","itemListElement":[{"@type":"ListItem","position":1,"name":"Accueil","item":"https:\/\/macite.tg\/"},{"@type":"ListItem","position":2,"name":"\u00c9QUIT\u00c9 ET QUALIT\u00c9 DE L\u2019\u00c9DUCATION DE BASE\u00a0: Des d\u00e9l\u00e9gu\u00e9s syndicaux membres du COFESYET outill\u00e9s \u00e0 Lom\u00e9"}]},{"@type":"WebSite","@id":"https:\/\/macite.tg\/#website","url":"https:\/\/macite.tg\/","name":"","description":"L&#039;information, la bonne!!!","potentialAction":[{"@type":"SearchAction","target":{"@type":"EntryPoint","urlTemplate":"https:\/\/macite.tg\/?s={search_term_string}"},"query-input":{"@type":"PropertyValueSpecification","valueRequired":true,"valueName":"search_term_string"}}],"inLanguage":"fr-FR"},{"@type":"Person","@id":"https:\/\/macite.tg\/#\/schema\/person\/e9f2de7e5dbbe7770a9402c7ce82f5c2","name":"Jean Pierre BAWELA","image":{"@type":"ImageObject","inLanguage":"fr-FR","@id":"https:\/\/macite.tg\/wp-content\/uploads\/2023\/09\/WhatsApp-Image-2023-09-19-at-14.44.41-122x122.jpeg","url":"https:\/\/macite.tg\/wp-content\/uploads\/2023\/09\/WhatsApp-Image-2023-09-19-at-14.44.41-122x122.jpeg","contentUrl":"https:\/\/macite.tg\/wp-content\/uploads\/2023\/09\/WhatsApp-Image-2023-09-19-at-14.44.41-122x122.jpeg","caption":"Jean Pierre BAWELA"},"url":"https:\/\/macite.tg\/?author=2"}]}},"_links":{"self":[{"href":"https:\/\/macite.tg\/index.php?rest_route=\/wp\/v2\/posts\/5874","targetHints":{"allow":["GET"]}}],"collection":[{"href":"https:\/\/macite.tg\/index.php?rest_route=\/wp\/v2\/posts"}],"about":[{"href":"https:\/\/macite.tg\/index.php?rest_route=\/wp\/v2\/types\/post"}],"author":[{"embeddable":true,"href":"https:\/\/macite.tg\/index.php?rest_route=\/wp\/v2\/users\/2"}],"replies":[{"embeddable":true,"href":"https:\/\/macite.tg\/index.php?rest_route=%2Fwp%2Fv2%2Fcomments&post=5874"}],"version-history":[{"count":0,"href":"https:\/\/macite.tg\/index.php?rest_route=\/wp\/v2\/posts\/5874\/revisions"}],"wp:featuredmedia":[{"embeddable":true,"href":"https:\/\/macite.tg\/index.php?rest_route=\/wp\/v2\/media\/5885"}],"wp:attachment":[{"href":"https:\/\/macite.tg\/index.php?rest_route=%2Fwp%2Fv2%2Fmedia&parent=5874"}],"wp:term":[{"taxonomy":"category","embeddable":true,"href":"https:\/\/macite.tg\/index.php?rest_route=%2Fwp%2Fv2%2Fcategories&post=5874"},{"taxonomy":"post_tag","embeddable":true,"href":"https:\/\/macite.tg\/index.php?rest_route=%2Fwp%2Fv2%2Ftags&post=5874"}],"curies":[{"name":"wp","href":"https:\/\/api.w.org\/{rel}","templated":true}]}}