{"id":5872,"date":"2023-05-30T17:21:12","date_gmt":"2023-05-30T17:21:12","guid":{"rendered":"https:\/\/macite.tg\/?p=5872"},"modified":"2023-05-30T17:23:13","modified_gmt":"2023-05-30T17:23:13","slug":"camps-de-tindouf-la-gente-feminine-cible-des-violences-des-milices-du-front-polisario-video","status":"publish","type":"post","link":"https:\/\/macite.tg\/?p=5872","title":{"rendered":"CAMPS DE TINDOUF\u00a0: La gente f\u00e9minine, cible des violences des milices du Front Polisario (vid\u00e9o)"},"content":{"rendered":"\n<p class=\"wp-block-paragraph\"><strong><em>Les milices affili\u00e9es au Front Polisario continue d\u2019exercer des violences contre les manifestations pacifiques des familles des d\u00e9tenus dans les camps de Tindouf. La derni\u00e8re en date est la violente r\u00e9pression de la manifestation de la famille de Mohamed Salem Maa El Ainin Asweed, devant le bureau d\u2019Ibrahim Ghali.<\/em><\/strong><\/p>\n\n\n\n<p class=\"wp-block-paragraph\">La famille du d\u00e9tenu Mohamed Salem Maa El Ainin Asweed qui manifestait devant le bureau priv\u00e9 d\u2019Ibrahim Ghali, a \u00e9t\u00e9 violemment r\u00e9prim\u00e9e par les milices reconnues proches du Front Polisario.<\/p>\n\n\n\n<figure class=\"wp-block-image size-large\"><img loading=\"lazy\" decoding=\"async\" width=\"1024\" height=\"212\" src=\"https:\/\/macite.tg\/wp-content\/uploads\/2023\/05\/IMG-20230514-WA00962-1-1024x212.jpg\" alt=\"\" class=\"wp-image-5687\" srcset=\"https:\/\/macite.tg\/wp-content\/uploads\/2023\/05\/IMG-20230514-WA00962-1-1024x212.jpg 1024w, https:\/\/macite.tg\/wp-content\/uploads\/2023\/05\/IMG-20230514-WA00962-1-300x62.jpg 300w, https:\/\/macite.tg\/wp-content\/uploads\/2023\/05\/IMG-20230514-WA00962-1-768x159.jpg 768w, https:\/\/macite.tg\/wp-content\/uploads\/2023\/05\/IMG-20230514-WA00962-1-1536x318.jpg 1536w, https:\/\/macite.tg\/wp-content\/uploads\/2023\/05\/IMG-20230514-WA00962-1.jpg 1600w\" sizes=\"auto, (max-width: 1024px) 100vw, 1024px\" \/><\/figure>\n\n\n\n<p class=\"wp-block-paragraph\">Au moment o\u00f9 des membres des familles manquent \u00e0 l\u2019appel, car ayant \u00e9t\u00e9 fait prisonnier, des vid\u00e9os de la r\u00e9pression de cette manifestation pourtant pacifique, font le tour des r\u00e9seaux sociaux.<\/p>\n\n\n\n<p class=\"wp-block-paragraph\">La violence de la r\u00e9pression a fait plusieurs bless\u00e9s surtout dans la gente f\u00e9minine malheureusement sans d\u00e9fense.<\/p>\n\n\n\n<p class=\"wp-block-paragraph\">\u00c2mes sensibles, s\u2019abstenir\u2026<\/p>\n\n\n\n<figure class=\"wp-block-video\"><video height=\"352\" style=\"aspect-ratio: 640 \/ 352;\" width=\"640\" controls src=\"https:\/\/macite.tg\/wp-content\/uploads\/2023\/05\/VID-20230530-WA0092.mp4\"><\/video><\/figure>\n\n\n\n<figure class=\"wp-block-video\"><video height=\"480\" style=\"aspect-ratio: 640 \/ 480;\" width=\"640\" controls src=\"https:\/\/macite.tg\/wp-content\/uploads\/2023\/05\/VID-20230530-WA0091-1.mp4\"><\/video><\/figure>\n\n\n\n<p class=\"wp-block-paragraph\"><strong><em>@macite.tg&nbsp;&nbsp;&nbsp;&nbsp;&nbsp;&nbsp;&nbsp;&nbsp;<\/em><\/strong><\/p>\n\n\n\n<p class=\"wp-block-paragraph\"><strong><em>E-mail&nbsp;: <\/em><\/strong><a href=\"mailto:maciteinfo@gmail.com\"><strong><em>maciteinfo@gmail.com<\/em><\/strong><\/a><strong><em>; <\/em><\/strong><a href=\"mailto:bawela1@gmail.com\"><strong><em>bawela1@gmail.com<\/em><\/strong><\/a><strong><em><\/em><\/strong><\/p>\n\n\n\n<p class=\"wp-block-paragraph\"><strong><em>Pour vos annonces, (publi)reportages, etc., joignez nous au (00228)91515309\/<strong>79872224 <\/strong>www.macite.tg, L\u2019information, la bonne&nbsp;!<\/em><\/strong><\/p>\n","protected":false},"excerpt":{"rendered":"<p class=\"text-justify mb-2\" >Les milices affili\u00e9es au Front Polisario continue d\u2019exercer des violences contre les manifestations pacifiques des familles des d\u00e9tenus dans les camps de Tindouf. La derni\u00e8re en date est la violente r\u00e9pression de la manifestation de la famille de Mohamed Salem Maa El Ainin Asweed, devant [&hellip;]<\/p>\n","protected":false},"author":2,"featured_media":5879,"comment_status":"open","ping_status":"open","sticky":false,"template":"","format":"standard","meta":{"footnotes":""},"categories":[20],"tags":[],"class_list":["post-5872","post","type-post","status-publish","format-standard","has-post-thumbnail","hentry","category-actualite"],"yoast_head":"<!-- This site is optimized with the Yoast SEO plugin v28.4 - https:\/\/yoast.com\/product\/yoast-seo-wordpress\/ -->\n<title>CAMPS DE TINDOUF\u00a0: La gente f\u00e9minine, cible des violences des milices du Front Polisario (vid\u00e9o) -<\/title>\n<meta name=\"robots\" content=\"index, follow, max-snippet:-1, max-image-preview:large, max-video-preview:-1\" \/>\n<link rel=\"canonical\" href=\"https:\/\/macite.tg\/?p=5872\" \/>\n<meta property=\"og:locale\" content=\"fr_FR\" \/>\n<meta property=\"og:type\" content=\"article\" \/>\n<meta property=\"og:title\" content=\"CAMPS DE TINDOUF\u00a0: La gente f\u00e9minine, cible des violences des milices du Front Polisario (vid\u00e9o) -\" \/>\n<meta property=\"og:description\" content=\"Les milices affili\u00e9es au Front Polisario continue d\u2019exercer des violences contre les manifestations pacifiques des familles des d\u00e9tenus dans les camps de Tindouf. La derni\u00e8re en date est la violente r\u00e9pression de la manifestation de la famille de Mohamed Salem Maa El Ainin Asweed, devant [&hellip;]\" \/>\n<meta property=\"og:url\" content=\"https:\/\/macite.tg\/?p=5872\" \/>\n<meta property=\"article:published_time\" content=\"2023-05-30T17:21:12+00:00\" \/>\n<meta property=\"article:modified_time\" content=\"2023-05-30T17:23:13+00:00\" \/>\n<meta property=\"og:image\" content=\"https:\/\/macite.tg\/wp-content\/uploads\/2023\/05\/Tindouf-femmes.jpg\" \/>\n\t<meta property=\"og:image:width\" content=\"277\" \/>\n\t<meta property=\"og:image:height\" content=\"182\" \/>\n\t<meta property=\"og:image:type\" content=\"image\/jpeg\" \/>\n<meta name=\"author\" content=\"Jean Pierre BAWELA\" \/>\n<meta name=\"twitter:card\" content=\"summary_large_image\" \/>\n<meta name=\"twitter:label1\" content=\"\u00c9crit par\" \/>\n\t<meta name=\"twitter:data1\" content=\"Jean Pierre BAWELA\" \/>\n\t<meta name=\"twitter:label2\" content=\"Dur\u00e9e de lecture estim\u00e9e\" \/>\n\t<meta name=\"twitter:data2\" content=\"1 minute\" \/>\n<script type=\"application\/ld+json\" class=\"yoast-schema-graph\">{\"@context\":\"https:\\\/\\\/schema.org\",\"@graph\":[{\"@type\":\"Article\",\"@id\":\"https:\\\/\\\/macite.tg\\\/?p=5872#article\",\"isPartOf\":{\"@id\":\"https:\\\/\\\/macite.tg\\\/?p=5872\"},\"author\":{\"name\":\"Jean Pierre BAWELA\",\"@id\":\"https:\\\/\\\/macite.tg\\\/#\\\/schema\\\/person\\\/e9f2de7e5dbbe7770a9402c7ce82f5c2\"},\"headline\":\"CAMPS DE TINDOUF\u00a0: La gente f\u00e9minine, cible des violences des milices du Front Polisario (vid\u00e9o)\",\"datePublished\":\"2023-05-30T17:21:12+00:00\",\"dateModified\":\"2023-05-30T17:23:13+00:00\",\"mainEntityOfPage\":{\"@id\":\"https:\\\/\\\/macite.tg\\\/?p=5872\"},\"wordCount\":200,\"commentCount\":0,\"image\":{\"@id\":\"https:\\\/\\\/macite.tg\\\/?p=5872#primaryimage\"},\"thumbnailUrl\":\"https:\\\/\\\/macite.tg\\\/wp-content\\\/uploads\\\/2023\\\/05\\\/Tindouf-femmes.jpg\",\"articleSection\":[\"ACTUALITE\"],\"inLanguage\":\"fr-FR\",\"potentialAction\":[{\"@type\":\"CommentAction\",\"name\":\"Comment\",\"target\":[\"https:\\\/\\\/macite.tg\\\/?p=5872#respond\"]}]},{\"@type\":\"WebPage\",\"@id\":\"https:\\\/\\\/macite.tg\\\/?p=5872\",\"url\":\"https:\\\/\\\/macite.tg\\\/?p=5872\",\"name\":\"CAMPS DE TINDOUF\u00a0: La gente f\u00e9minine, cible des violences des milices du Front Polisario (vid\u00e9o) -\",\"isPartOf\":{\"@id\":\"https:\\\/\\\/macite.tg\\\/#website\"},\"primaryImageOfPage\":{\"@id\":\"https:\\\/\\\/macite.tg\\\/?p=5872#primaryimage\"},\"image\":{\"@id\":\"https:\\\/\\\/macite.tg\\\/?p=5872#primaryimage\"},\"thumbnailUrl\":\"https:\\\/\\\/macite.tg\\\/wp-content\\\/uploads\\\/2023\\\/05\\\/Tindouf-femmes.jpg\",\"datePublished\":\"2023-05-30T17:21:12+00:00\",\"dateModified\":\"2023-05-30T17:23:13+00:00\",\"author\":{\"@id\":\"https:\\\/\\\/macite.tg\\\/#\\\/schema\\\/person\\\/e9f2de7e5dbbe7770a9402c7ce82f5c2\"},\"breadcrumb\":{\"@id\":\"https:\\\/\\\/macite.tg\\\/?p=5872#breadcrumb\"},\"inLanguage\":\"fr-FR\",\"potentialAction\":[{\"@type\":\"ReadAction\",\"target\":[\"https:\\\/\\\/macite.tg\\\/?p=5872\"]}]},{\"@type\":\"ImageObject\",\"inLanguage\":\"fr-FR\",\"@id\":\"https:\\\/\\\/macite.tg\\\/?p=5872#primaryimage\",\"url\":\"https:\\\/\\\/macite.tg\\\/wp-content\\\/uploads\\\/2023\\\/05\\\/Tindouf-femmes.jpg\",\"contentUrl\":\"https:\\\/\\\/macite.tg\\\/wp-content\\\/uploads\\\/2023\\\/05\\\/Tindouf-femmes.jpg\",\"width\":277,\"height\":182},{\"@type\":\"BreadcrumbList\",\"@id\":\"https:\\\/\\\/macite.tg\\\/?p=5872#breadcrumb\",\"itemListElement\":[{\"@type\":\"ListItem\",\"position\":1,\"name\":\"Accueil\",\"item\":\"https:\\\/\\\/macite.tg\\\/\"},{\"@type\":\"ListItem\",\"position\":2,\"name\":\"CAMPS DE TINDOUF\u00a0: La gente f\u00e9minine, cible des violences des milices du Front Polisario (vid\u00e9o)\"}]},{\"@type\":\"WebSite\",\"@id\":\"https:\\\/\\\/macite.tg\\\/#website\",\"url\":\"https:\\\/\\\/macite.tg\\\/\",\"name\":\"\",\"description\":\"L&#039;information, la bonne!!!\",\"potentialAction\":[{\"@type\":\"SearchAction\",\"target\":{\"@type\":\"EntryPoint\",\"urlTemplate\":\"https:\\\/\\\/macite.tg\\\/?s={search_term_string}\"},\"query-input\":{\"@type\":\"PropertyValueSpecification\",\"valueRequired\":true,\"valueName\":\"search_term_string\"}}],\"inLanguage\":\"fr-FR\"},{\"@type\":\"Person\",\"@id\":\"https:\\\/\\\/macite.tg\\\/#\\\/schema\\\/person\\\/e9f2de7e5dbbe7770a9402c7ce82f5c2\",\"name\":\"Jean Pierre BAWELA\",\"image\":{\"@type\":\"ImageObject\",\"inLanguage\":\"fr-FR\",\"@id\":\"https:\\\/\\\/macite.tg\\\/wp-content\\\/uploads\\\/2023\\\/09\\\/WhatsApp-Image-2023-09-19-at-14.44.41-122x122.jpeg\",\"url\":\"https:\\\/\\\/macite.tg\\\/wp-content\\\/uploads\\\/2023\\\/09\\\/WhatsApp-Image-2023-09-19-at-14.44.41-122x122.jpeg\",\"contentUrl\":\"https:\\\/\\\/macite.tg\\\/wp-content\\\/uploads\\\/2023\\\/09\\\/WhatsApp-Image-2023-09-19-at-14.44.41-122x122.jpeg\",\"caption\":\"Jean Pierre BAWELA\"},\"url\":\"https:\\\/\\\/macite.tg\\\/?author=2\"}]}<\/script>\n<!-- \/ Yoast SEO plugin. -->","yoast_head_json":{"title":"CAMPS DE TINDOUF\u00a0: La gente f\u00e9minine, cible des violences des milices du Front Polisario (vid\u00e9o) -","robots":{"index":"index","follow":"follow","max-snippet":"max-snippet:-1","max-image-preview":"max-image-preview:large","max-video-preview":"max-video-preview:-1"},"canonical":"https:\/\/macite.tg\/?p=5872","og_locale":"fr_FR","og_type":"article","og_title":"CAMPS DE TINDOUF\u00a0: La gente f\u00e9minine, cible des violences des milices du Front Polisario (vid\u00e9o) -","og_description":"Les milices affili\u00e9es au Front Polisario continue d\u2019exercer des violences contre les manifestations pacifiques des familles des d\u00e9tenus dans les camps de Tindouf. La derni\u00e8re en date est la violente r\u00e9pression de la manifestation de la famille de Mohamed Salem Maa El Ainin Asweed, devant [&hellip;]","og_url":"https:\/\/macite.tg\/?p=5872","article_published_time":"2023-05-30T17:21:12+00:00","article_modified_time":"2023-05-30T17:23:13+00:00","og_image":[{"width":277,"height":182,"url":"https:\/\/macite.tg\/wp-content\/uploads\/2023\/05\/Tindouf-femmes.jpg","type":"image\/jpeg"}],"author":"Jean Pierre BAWELA","twitter_card":"summary_large_image","twitter_misc":{"\u00c9crit par":"Jean Pierre BAWELA","Dur\u00e9e de lecture estim\u00e9e":"1 minute"},"schema":{"@context":"https:\/\/schema.org","@graph":[{"@type":"Article","@id":"https:\/\/macite.tg\/?p=5872#article","isPartOf":{"@id":"https:\/\/macite.tg\/?p=5872"},"author":{"name":"Jean Pierre BAWELA","@id":"https:\/\/macite.tg\/#\/schema\/person\/e9f2de7e5dbbe7770a9402c7ce82f5c2"},"headline":"CAMPS DE TINDOUF\u00a0: La gente f\u00e9minine, cible des violences des milices du Front Polisario (vid\u00e9o)","datePublished":"2023-05-30T17:21:12+00:00","dateModified":"2023-05-30T17:23:13+00:00","mainEntityOfPage":{"@id":"https:\/\/macite.tg\/?p=5872"},"wordCount":200,"commentCount":0,"image":{"@id":"https:\/\/macite.tg\/?p=5872#primaryimage"},"thumbnailUrl":"https:\/\/macite.tg\/wp-content\/uploads\/2023\/05\/Tindouf-femmes.jpg","articleSection":["ACTUALITE"],"inLanguage":"fr-FR","potentialAction":[{"@type":"CommentAction","name":"Comment","target":["https:\/\/macite.tg\/?p=5872#respond"]}]},{"@type":"WebPage","@id":"https:\/\/macite.tg\/?p=5872","url":"https:\/\/macite.tg\/?p=5872","name":"CAMPS DE TINDOUF\u00a0: La gente f\u00e9minine, cible des violences des milices du Front Polisario (vid\u00e9o) -","isPartOf":{"@id":"https:\/\/macite.tg\/#website"},"primaryImageOfPage":{"@id":"https:\/\/macite.tg\/?p=5872#primaryimage"},"image":{"@id":"https:\/\/macite.tg\/?p=5872#primaryimage"},"thumbnailUrl":"https:\/\/macite.tg\/wp-content\/uploads\/2023\/05\/Tindouf-femmes.jpg","datePublished":"2023-05-30T17:21:12+00:00","dateModified":"2023-05-30T17:23:13+00:00","author":{"@id":"https:\/\/macite.tg\/#\/schema\/person\/e9f2de7e5dbbe7770a9402c7ce82f5c2"},"breadcrumb":{"@id":"https:\/\/macite.tg\/?p=5872#breadcrumb"},"inLanguage":"fr-FR","potentialAction":[{"@type":"ReadAction","target":["https:\/\/macite.tg\/?p=5872"]}]},{"@type":"ImageObject","inLanguage":"fr-FR","@id":"https:\/\/macite.tg\/?p=5872#primaryimage","url":"https:\/\/macite.tg\/wp-content\/uploads\/2023\/05\/Tindouf-femmes.jpg","contentUrl":"https:\/\/macite.tg\/wp-content\/uploads\/2023\/05\/Tindouf-femmes.jpg","width":277,"height":182},{"@type":"BreadcrumbList","@id":"https:\/\/macite.tg\/?p=5872#breadcrumb","itemListElement":[{"@type":"ListItem","position":1,"name":"Accueil","item":"https:\/\/macite.tg\/"},{"@type":"ListItem","position":2,"name":"CAMPS DE TINDOUF\u00a0: La gente f\u00e9minine, cible des violences des milices du Front Polisario (vid\u00e9o)"}]},{"@type":"WebSite","@id":"https:\/\/macite.tg\/#website","url":"https:\/\/macite.tg\/","name":"","description":"L&#039;information, la bonne!!!","potentialAction":[{"@type":"SearchAction","target":{"@type":"EntryPoint","urlTemplate":"https:\/\/macite.tg\/?s={search_term_string}"},"query-input":{"@type":"PropertyValueSpecification","valueRequired":true,"valueName":"search_term_string"}}],"inLanguage":"fr-FR"},{"@type":"Person","@id":"https:\/\/macite.tg\/#\/schema\/person\/e9f2de7e5dbbe7770a9402c7ce82f5c2","name":"Jean Pierre BAWELA","image":{"@type":"ImageObject","inLanguage":"fr-FR","@id":"https:\/\/macite.tg\/wp-content\/uploads\/2023\/09\/WhatsApp-Image-2023-09-19-at-14.44.41-122x122.jpeg","url":"https:\/\/macite.tg\/wp-content\/uploads\/2023\/09\/WhatsApp-Image-2023-09-19-at-14.44.41-122x122.jpeg","contentUrl":"https:\/\/macite.tg\/wp-content\/uploads\/2023\/09\/WhatsApp-Image-2023-09-19-at-14.44.41-122x122.jpeg","caption":"Jean Pierre BAWELA"},"url":"https:\/\/macite.tg\/?author=2"}]}},"_links":{"self":[{"href":"https:\/\/macite.tg\/index.php?rest_route=\/wp\/v2\/posts\/5872","targetHints":{"allow":["GET"]}}],"collection":[{"href":"https:\/\/macite.tg\/index.php?rest_route=\/wp\/v2\/posts"}],"about":[{"href":"https:\/\/macite.tg\/index.php?rest_route=\/wp\/v2\/types\/post"}],"author":[{"embeddable":true,"href":"https:\/\/macite.tg\/index.php?rest_route=\/wp\/v2\/users\/2"}],"replies":[{"embeddable":true,"href":"https:\/\/macite.tg\/index.php?rest_route=%2Fwp%2Fv2%2Fcomments&post=5872"}],"version-history":[{"count":0,"href":"https:\/\/macite.tg\/index.php?rest_route=\/wp\/v2\/posts\/5872\/revisions"}],"wp:featuredmedia":[{"embeddable":true,"href":"https:\/\/macite.tg\/index.php?rest_route=\/wp\/v2\/media\/5879"}],"wp:attachment":[{"href":"https:\/\/macite.tg\/index.php?rest_route=%2Fwp%2Fv2%2Fmedia&parent=5872"}],"wp:term":[{"taxonomy":"category","embeddable":true,"href":"https:\/\/macite.tg\/index.php?rest_route=%2Fwp%2Fv2%2Fcategories&post=5872"},{"taxonomy":"post_tag","embeddable":true,"href":"https:\/\/macite.tg\/index.php?rest_route=%2Fwp%2Fv2%2Ftags&post=5872"}],"curies":[{"name":"wp","href":"https:\/\/api.w.org\/{rel}","templated":true}]}}