{"id":5867,"date":"2023-05-30T16:32:58","date_gmt":"2023-05-30T16:32:58","guid":{"rendered":"https:\/\/macite.tg\/?p=5867"},"modified":"2023-05-30T16:33:10","modified_gmt":"2023-05-30T16:33:10","slug":"un-cataclysme-annonce-au-bayern-munich-apres-oliver-kahn-et-hasan-salihamidzic-thomas-tuchel-le-prochain-sur-la-liste","status":"publish","type":"post","link":"https:\/\/macite.tg\/?p=5867","title":{"rendered":"UN CATACLYSME ANNONCE AU BAYERN MUNICH : Apr\u00e8s Oliver Kahn et Hasan Salihamidzic,\u2026 Thomas Tuchel, le prochain sur la liste"},"content":{"rendered":"\n<p class=\"wp-block-paragraph\"><strong><em>Le Bayern Munich traverse une crise de gestion sans pr\u00e9c\u00e9dent qui engendre des turbulences au sein du club. Cette situation a culmin\u00e9 avec le renvoi du directeur g\u00e9n\u00e9ral Oliver Kahn et du directeur sportif Hasan Salihamidzic, juste apr\u00e8s l\u2019obtention du titre de Bundesliga.<\/em><\/strong><\/p>\n\n\n<div class=\"wp-block-image\">\n<figure class=\"aligncenter size-large is-resized\"><img loading=\"lazy\" decoding=\"async\" src=\"https:\/\/macite.tg\/wp-content\/uploads\/2023\/05\/Popup_Site_gudef23-1024x902.jpg\" alt=\"\" class=\"wp-image-5752\" width=\"625\" height=\"550\" srcset=\"https:\/\/macite.tg\/wp-content\/uploads\/2023\/05\/Popup_Site_gudef23-1024x902.jpg 1024w, https:\/\/macite.tg\/wp-content\/uploads\/2023\/05\/Popup_Site_gudef23-300x264.jpg 300w, https:\/\/macite.tg\/wp-content\/uploads\/2023\/05\/Popup_Site_gudef23-768x676.jpg 768w, https:\/\/macite.tg\/wp-content\/uploads\/2023\/05\/Popup_Site_gudef23.jpg 1280w\" sizes=\"auto, (max-width: 625px) 100vw, 625px\" \/><\/figure>\n<\/div>\n\n\n<p class=\"wp-block-paragraph\">La d\u00e9mission de ces deux hauts responsables a sem\u00e9 le doute quant \u00e0 la stabilit\u00e9 du club et a donn\u00e9 lieu \u00e0 des sp\u00e9culations sur d\u2019autres d\u00e9parts \u00e9ventuels. Dietmar Hamann, une l\u00e9gende du Bayern, a m\u00eame \u00e9voqu\u00e9 la possibilit\u00e9 que l\u2019entra\u00eeneur <a href=\"https:\/\/www.senenews.com\/actualites\/sport\/derniere-minute-le-bayern-munich-a-tranche-pour-lavenir-de-thomas-tuchel_445393.html\">Thomas Tuchel<\/a> soit le prochain sur la liste.<\/p>\n\n\n\n<p class=\"wp-block-paragraph\">Hamann a exprim\u00e9 ses pr\u00e9occupations dans une interview accord\u00e9e \u00e0 la cha\u00eene allemande Sky Sport. Il a fait part de son inqui\u00e9tude quant au traitement r\u00e9serv\u00e9 aux individus au sein du club et a r\u00e9v\u00e9l\u00e9 que de tels comportements pourraient dissuader certains entra\u00eeneurs de vouloir travailler pour le Bayern Munich. Il n\u2019a pas non plus \u00e9cart\u00e9 la possibilit\u00e9 que Tuchel d\u00e9missionne de son poste.<\/p>\n\n\n\n<figure class=\"wp-block-image size-large\"><img loading=\"lazy\" decoding=\"async\" width=\"1024\" height=\"212\" src=\"https:\/\/macite.tg\/wp-content\/uploads\/2023\/05\/IMG-20230514-WA00962-1-1024x212.jpg\" alt=\"\" class=\"wp-image-5687\" srcset=\"https:\/\/macite.tg\/wp-content\/uploads\/2023\/05\/IMG-20230514-WA00962-1-1024x212.jpg 1024w, https:\/\/macite.tg\/wp-content\/uploads\/2023\/05\/IMG-20230514-WA00962-1-300x62.jpg 300w, https:\/\/macite.tg\/wp-content\/uploads\/2023\/05\/IMG-20230514-WA00962-1-768x159.jpg 768w, https:\/\/macite.tg\/wp-content\/uploads\/2023\/05\/IMG-20230514-WA00962-1-1536x318.jpg 1536w, https:\/\/macite.tg\/wp-content\/uploads\/2023\/05\/IMG-20230514-WA00962-1.jpg 1600w\" sizes=\"auto, (max-width: 1024px) 100vw, 1024px\" \/><\/figure>\n\n\n\n<p class=\"wp-block-paragraph\"><em>\u00ab Lorsque les gens sont trait\u00e9s de cette mani\u00e8re, il faut se demander si l\u2019on souhaite travailler pour ce club. Je ne pense pas qu\u2019il soit exclu qu\u2019il ne soit plus l\u2019entra\u00eeneur, de sa propre volont\u00e9 \u00bb,<\/em> a-t-il d\u00e9clar\u00e9 sur la cha\u00eene allemande Sky Sport. Le MailSport va m\u00eame plus loin et assure que le technicien allemand pourrait s\u2019en aller, aujourd\u2019hui. D\u00e9cid\u00e9ment !<\/p>\n\n\n\n<p class=\"wp-block-paragraph\"><strong>SeneNews<\/strong><\/p>\n\n\n\n<p class=\"wp-block-paragraph\"><strong><em>@macite.tg&nbsp;&nbsp;&nbsp;&nbsp;&nbsp;&nbsp;&nbsp;&nbsp;<\/em><\/strong><\/p>\n\n\n\n<p class=\"wp-block-paragraph\"><strong><em>E-mail&nbsp;: <\/em><\/strong><a href=\"mailto:maciteinfo@gmail.com\"><strong><em>maciteinfo@gmail.com<\/em><\/strong><\/a><strong><em>; <\/em><\/strong><a href=\"mailto:bawela1@gmail.com\"><strong><em>bawela1@gmail.com<\/em><\/strong><\/a><strong><em><\/em><\/strong><\/p>\n\n\n\n<p class=\"wp-block-paragraph\"><strong><em>Pour vos annonces, (publi)reportages, etc., joignez nous au (00228)91515309\/<strong>79872224 <\/strong>www.macite.tg, L\u2019information, la bonne&nbsp;!<\/em><\/strong><\/p>\n","protected":false},"excerpt":{"rendered":"<p class=\"text-justify mb-2\" >Le Bayern Munich traverse une crise de gestion sans pr\u00e9c\u00e9dent qui engendre des turbulences au sein du club. Cette situation a culmin\u00e9 avec le renvoi du directeur g\u00e9n\u00e9ral Oliver Kahn et du directeur sportif Hasan Salihamidzic, juste apr\u00e8s l\u2019obtention du titre de Bundesliga. La d\u00e9mission [&hellip;]<\/p>\n","protected":false},"author":2,"featured_media":5870,"comment_status":"open","ping_status":"open","sticky":false,"template":"","format":"standard","meta":{"footnotes":""},"categories":[20,7],"tags":[],"class_list":["post-5867","post","type-post","status-publish","format-standard","has-post-thumbnail","hentry","category-actualite","category-sports"],"yoast_head":"<!-- This site is optimized with the Yoast SEO plugin v28.4 - https:\/\/yoast.com\/product\/yoast-seo-wordpress\/ -->\n<title>UN CATACLYSME ANNONCE AU BAYERN MUNICH : Apr\u00e8s Oliver Kahn et Hasan Salihamidzic,\u2026 Thomas Tuchel, le prochain sur la liste -<\/title>\n<meta name=\"robots\" content=\"index, follow, max-snippet:-1, max-image-preview:large, max-video-preview:-1\" \/>\n<link rel=\"canonical\" href=\"https:\/\/macite.tg\/?p=5867\" \/>\n<meta property=\"og:locale\" content=\"fr_FR\" \/>\n<meta property=\"og:type\" content=\"article\" \/>\n<meta property=\"og:title\" content=\"UN CATACLYSME ANNONCE AU BAYERN MUNICH : Apr\u00e8s Oliver Kahn et Hasan Salihamidzic,\u2026 Thomas Tuchel, le prochain sur la liste -\" \/>\n<meta property=\"og:description\" content=\"Le Bayern Munich traverse une crise de gestion sans pr\u00e9c\u00e9dent qui engendre des turbulences au sein du club. Cette situation a culmin\u00e9 avec le renvoi du directeur g\u00e9n\u00e9ral Oliver Kahn et du directeur sportif Hasan Salihamidzic, juste apr\u00e8s l\u2019obtention du titre de Bundesliga. La d\u00e9mission [&hellip;]\" \/>\n<meta property=\"og:url\" content=\"https:\/\/macite.tg\/?p=5867\" \/>\n<meta property=\"article:published_time\" content=\"2023-05-30T16:32:58+00:00\" \/>\n<meta property=\"article:modified_time\" content=\"2023-05-30T16:33:10+00:00\" \/>\n<meta property=\"og:image\" content=\"https:\/\/macite.tg\/wp-content\/uploads\/2023\/05\/gettyimages-1486537588-696x392-1.jpg\" \/>\n\t<meta property=\"og:image:width\" content=\"696\" \/>\n\t<meta property=\"og:image:height\" content=\"392\" \/>\n\t<meta property=\"og:image:type\" content=\"image\/jpeg\" \/>\n<meta name=\"author\" content=\"Jean Pierre BAWELA\" \/>\n<meta name=\"twitter:card\" content=\"summary_large_image\" \/>\n<meta name=\"twitter:label1\" content=\"\u00c9crit par\" \/>\n\t<meta name=\"twitter:data1\" content=\"Jean Pierre BAWELA\" \/>\n\t<meta name=\"twitter:label2\" content=\"Dur\u00e9e de lecture estim\u00e9e\" \/>\n\t<meta name=\"twitter:data2\" content=\"1 minute\" \/>\n<script type=\"application\/ld+json\" class=\"yoast-schema-graph\">{\"@context\":\"https:\\\/\\\/schema.org\",\"@graph\":[{\"@type\":\"Article\",\"@id\":\"https:\\\/\\\/macite.tg\\\/?p=5867#article\",\"isPartOf\":{\"@id\":\"https:\\\/\\\/macite.tg\\\/?p=5867\"},\"author\":{\"name\":\"Jean Pierre BAWELA\",\"@id\":\"https:\\\/\\\/macite.tg\\\/#\\\/schema\\\/person\\\/e9f2de7e5dbbe7770a9402c7ce82f5c2\"},\"headline\":\"UN CATACLYSME ANNONCE AU BAYERN MUNICH : Apr\u00e8s Oliver Kahn et Hasan Salihamidzic,\u2026 Thomas Tuchel, le prochain sur la liste\",\"datePublished\":\"2023-05-30T16:32:58+00:00\",\"dateModified\":\"2023-05-30T16:33:10+00:00\",\"mainEntityOfPage\":{\"@id\":\"https:\\\/\\\/macite.tg\\\/?p=5867\"},\"wordCount\":307,\"commentCount\":0,\"image\":{\"@id\":\"https:\\\/\\\/macite.tg\\\/?p=5867#primaryimage\"},\"thumbnailUrl\":\"https:\\\/\\\/macite.tg\\\/wp-content\\\/uploads\\\/2023\\\/05\\\/gettyimages-1486537588-696x392-1.jpg\",\"articleSection\":[\"ACTUALITE\",\"SPORTS\"],\"inLanguage\":\"fr-FR\",\"potentialAction\":[{\"@type\":\"CommentAction\",\"name\":\"Comment\",\"target\":[\"https:\\\/\\\/macite.tg\\\/?p=5867#respond\"]}]},{\"@type\":\"WebPage\",\"@id\":\"https:\\\/\\\/macite.tg\\\/?p=5867\",\"url\":\"https:\\\/\\\/macite.tg\\\/?p=5867\",\"name\":\"UN CATACLYSME ANNONCE AU BAYERN MUNICH : Apr\u00e8s Oliver Kahn et Hasan Salihamidzic,\u2026 Thomas Tuchel, le prochain sur la liste -\",\"isPartOf\":{\"@id\":\"https:\\\/\\\/macite.tg\\\/#website\"},\"primaryImageOfPage\":{\"@id\":\"https:\\\/\\\/macite.tg\\\/?p=5867#primaryimage\"},\"image\":{\"@id\":\"https:\\\/\\\/macite.tg\\\/?p=5867#primaryimage\"},\"thumbnailUrl\":\"https:\\\/\\\/macite.tg\\\/wp-content\\\/uploads\\\/2023\\\/05\\\/gettyimages-1486537588-696x392-1.jpg\",\"datePublished\":\"2023-05-30T16:32:58+00:00\",\"dateModified\":\"2023-05-30T16:33:10+00:00\",\"author\":{\"@id\":\"https:\\\/\\\/macite.tg\\\/#\\\/schema\\\/person\\\/e9f2de7e5dbbe7770a9402c7ce82f5c2\"},\"breadcrumb\":{\"@id\":\"https:\\\/\\\/macite.tg\\\/?p=5867#breadcrumb\"},\"inLanguage\":\"fr-FR\",\"potentialAction\":[{\"@type\":\"ReadAction\",\"target\":[\"https:\\\/\\\/macite.tg\\\/?p=5867\"]}]},{\"@type\":\"ImageObject\",\"inLanguage\":\"fr-FR\",\"@id\":\"https:\\\/\\\/macite.tg\\\/?p=5867#primaryimage\",\"url\":\"https:\\\/\\\/macite.tg\\\/wp-content\\\/uploads\\\/2023\\\/05\\\/gettyimages-1486537588-696x392-1.jpg\",\"contentUrl\":\"https:\\\/\\\/macite.tg\\\/wp-content\\\/uploads\\\/2023\\\/05\\\/gettyimages-1486537588-696x392-1.jpg\",\"width\":696,\"height\":392},{\"@type\":\"BreadcrumbList\",\"@id\":\"https:\\\/\\\/macite.tg\\\/?p=5867#breadcrumb\",\"itemListElement\":[{\"@type\":\"ListItem\",\"position\":1,\"name\":\"Accueil\",\"item\":\"https:\\\/\\\/macite.tg\\\/\"},{\"@type\":\"ListItem\",\"position\":2,\"name\":\"UN CATACLYSME ANNONCE AU BAYERN MUNICH : Apr\u00e8s Oliver Kahn et Hasan Salihamidzic,\u2026 Thomas Tuchel, le prochain sur la liste\"}]},{\"@type\":\"WebSite\",\"@id\":\"https:\\\/\\\/macite.tg\\\/#website\",\"url\":\"https:\\\/\\\/macite.tg\\\/\",\"name\":\"\",\"description\":\"L&#039;information, la bonne!!!\",\"potentialAction\":[{\"@type\":\"SearchAction\",\"target\":{\"@type\":\"EntryPoint\",\"urlTemplate\":\"https:\\\/\\\/macite.tg\\\/?s={search_term_string}\"},\"query-input\":{\"@type\":\"PropertyValueSpecification\",\"valueRequired\":true,\"valueName\":\"search_term_string\"}}],\"inLanguage\":\"fr-FR\"},{\"@type\":\"Person\",\"@id\":\"https:\\\/\\\/macite.tg\\\/#\\\/schema\\\/person\\\/e9f2de7e5dbbe7770a9402c7ce82f5c2\",\"name\":\"Jean Pierre BAWELA\",\"image\":{\"@type\":\"ImageObject\",\"inLanguage\":\"fr-FR\",\"@id\":\"https:\\\/\\\/macite.tg\\\/wp-content\\\/uploads\\\/2023\\\/09\\\/WhatsApp-Image-2023-09-19-at-14.44.41-122x122.jpeg\",\"url\":\"https:\\\/\\\/macite.tg\\\/wp-content\\\/uploads\\\/2023\\\/09\\\/WhatsApp-Image-2023-09-19-at-14.44.41-122x122.jpeg\",\"contentUrl\":\"https:\\\/\\\/macite.tg\\\/wp-content\\\/uploads\\\/2023\\\/09\\\/WhatsApp-Image-2023-09-19-at-14.44.41-122x122.jpeg\",\"caption\":\"Jean Pierre BAWELA\"},\"url\":\"https:\\\/\\\/macite.tg\\\/?author=2\"}]}<\/script>\n<!-- \/ Yoast SEO plugin. -->","yoast_head_json":{"title":"UN CATACLYSME ANNONCE AU BAYERN MUNICH : Apr\u00e8s Oliver Kahn et Hasan Salihamidzic,\u2026 Thomas Tuchel, le prochain sur la liste -","robots":{"index":"index","follow":"follow","max-snippet":"max-snippet:-1","max-image-preview":"max-image-preview:large","max-video-preview":"max-video-preview:-1"},"canonical":"https:\/\/macite.tg\/?p=5867","og_locale":"fr_FR","og_type":"article","og_title":"UN CATACLYSME ANNONCE AU BAYERN MUNICH : Apr\u00e8s Oliver Kahn et Hasan Salihamidzic,\u2026 Thomas Tuchel, le prochain sur la liste -","og_description":"Le Bayern Munich traverse une crise de gestion sans pr\u00e9c\u00e9dent qui engendre des turbulences au sein du club. Cette situation a culmin\u00e9 avec le renvoi du directeur g\u00e9n\u00e9ral Oliver Kahn et du directeur sportif Hasan Salihamidzic, juste apr\u00e8s l\u2019obtention du titre de Bundesliga. La d\u00e9mission [&hellip;]","og_url":"https:\/\/macite.tg\/?p=5867","article_published_time":"2023-05-30T16:32:58+00:00","article_modified_time":"2023-05-30T16:33:10+00:00","og_image":[{"width":696,"height":392,"url":"https:\/\/macite.tg\/wp-content\/uploads\/2023\/05\/gettyimages-1486537588-696x392-1.jpg","type":"image\/jpeg"}],"author":"Jean Pierre BAWELA","twitter_card":"summary_large_image","twitter_misc":{"\u00c9crit par":"Jean Pierre BAWELA","Dur\u00e9e de lecture estim\u00e9e":"1 minute"},"schema":{"@context":"https:\/\/schema.org","@graph":[{"@type":"Article","@id":"https:\/\/macite.tg\/?p=5867#article","isPartOf":{"@id":"https:\/\/macite.tg\/?p=5867"},"author":{"name":"Jean Pierre BAWELA","@id":"https:\/\/macite.tg\/#\/schema\/person\/e9f2de7e5dbbe7770a9402c7ce82f5c2"},"headline":"UN CATACLYSME ANNONCE AU BAYERN MUNICH : Apr\u00e8s Oliver Kahn et Hasan Salihamidzic,\u2026 Thomas Tuchel, le prochain sur la liste","datePublished":"2023-05-30T16:32:58+00:00","dateModified":"2023-05-30T16:33:10+00:00","mainEntityOfPage":{"@id":"https:\/\/macite.tg\/?p=5867"},"wordCount":307,"commentCount":0,"image":{"@id":"https:\/\/macite.tg\/?p=5867#primaryimage"},"thumbnailUrl":"https:\/\/macite.tg\/wp-content\/uploads\/2023\/05\/gettyimages-1486537588-696x392-1.jpg","articleSection":["ACTUALITE","SPORTS"],"inLanguage":"fr-FR","potentialAction":[{"@type":"CommentAction","name":"Comment","target":["https:\/\/macite.tg\/?p=5867#respond"]}]},{"@type":"WebPage","@id":"https:\/\/macite.tg\/?p=5867","url":"https:\/\/macite.tg\/?p=5867","name":"UN CATACLYSME ANNONCE AU BAYERN MUNICH : Apr\u00e8s Oliver Kahn et Hasan Salihamidzic,\u2026 Thomas Tuchel, le prochain sur la liste -","isPartOf":{"@id":"https:\/\/macite.tg\/#website"},"primaryImageOfPage":{"@id":"https:\/\/macite.tg\/?p=5867#primaryimage"},"image":{"@id":"https:\/\/macite.tg\/?p=5867#primaryimage"},"thumbnailUrl":"https:\/\/macite.tg\/wp-content\/uploads\/2023\/05\/gettyimages-1486537588-696x392-1.jpg","datePublished":"2023-05-30T16:32:58+00:00","dateModified":"2023-05-30T16:33:10+00:00","author":{"@id":"https:\/\/macite.tg\/#\/schema\/person\/e9f2de7e5dbbe7770a9402c7ce82f5c2"},"breadcrumb":{"@id":"https:\/\/macite.tg\/?p=5867#breadcrumb"},"inLanguage":"fr-FR","potentialAction":[{"@type":"ReadAction","target":["https:\/\/macite.tg\/?p=5867"]}]},{"@type":"ImageObject","inLanguage":"fr-FR","@id":"https:\/\/macite.tg\/?p=5867#primaryimage","url":"https:\/\/macite.tg\/wp-content\/uploads\/2023\/05\/gettyimages-1486537588-696x392-1.jpg","contentUrl":"https:\/\/macite.tg\/wp-content\/uploads\/2023\/05\/gettyimages-1486537588-696x392-1.jpg","width":696,"height":392},{"@type":"BreadcrumbList","@id":"https:\/\/macite.tg\/?p=5867#breadcrumb","itemListElement":[{"@type":"ListItem","position":1,"name":"Accueil","item":"https:\/\/macite.tg\/"},{"@type":"ListItem","position":2,"name":"UN CATACLYSME ANNONCE AU BAYERN MUNICH : Apr\u00e8s Oliver Kahn et Hasan Salihamidzic,\u2026 Thomas Tuchel, le prochain sur la liste"}]},{"@type":"WebSite","@id":"https:\/\/macite.tg\/#website","url":"https:\/\/macite.tg\/","name":"","description":"L&#039;information, la bonne!!!","potentialAction":[{"@type":"SearchAction","target":{"@type":"EntryPoint","urlTemplate":"https:\/\/macite.tg\/?s={search_term_string}"},"query-input":{"@type":"PropertyValueSpecification","valueRequired":true,"valueName":"search_term_string"}}],"inLanguage":"fr-FR"},{"@type":"Person","@id":"https:\/\/macite.tg\/#\/schema\/person\/e9f2de7e5dbbe7770a9402c7ce82f5c2","name":"Jean Pierre BAWELA","image":{"@type":"ImageObject","inLanguage":"fr-FR","@id":"https:\/\/macite.tg\/wp-content\/uploads\/2023\/09\/WhatsApp-Image-2023-09-19-at-14.44.41-122x122.jpeg","url":"https:\/\/macite.tg\/wp-content\/uploads\/2023\/09\/WhatsApp-Image-2023-09-19-at-14.44.41-122x122.jpeg","contentUrl":"https:\/\/macite.tg\/wp-content\/uploads\/2023\/09\/WhatsApp-Image-2023-09-19-at-14.44.41-122x122.jpeg","caption":"Jean Pierre BAWELA"},"url":"https:\/\/macite.tg\/?author=2"}]}},"_links":{"self":[{"href":"https:\/\/macite.tg\/index.php?rest_route=\/wp\/v2\/posts\/5867","targetHints":{"allow":["GET"]}}],"collection":[{"href":"https:\/\/macite.tg\/index.php?rest_route=\/wp\/v2\/posts"}],"about":[{"href":"https:\/\/macite.tg\/index.php?rest_route=\/wp\/v2\/types\/post"}],"author":[{"embeddable":true,"href":"https:\/\/macite.tg\/index.php?rest_route=\/wp\/v2\/users\/2"}],"replies":[{"embeddable":true,"href":"https:\/\/macite.tg\/index.php?rest_route=%2Fwp%2Fv2%2Fcomments&post=5867"}],"version-history":[{"count":0,"href":"https:\/\/macite.tg\/index.php?rest_route=\/wp\/v2\/posts\/5867\/revisions"}],"wp:featuredmedia":[{"embeddable":true,"href":"https:\/\/macite.tg\/index.php?rest_route=\/wp\/v2\/media\/5870"}],"wp:attachment":[{"href":"https:\/\/macite.tg\/index.php?rest_route=%2Fwp%2Fv2%2Fmedia&parent=5867"}],"wp:term":[{"taxonomy":"category","embeddable":true,"href":"https:\/\/macite.tg\/index.php?rest_route=%2Fwp%2Fv2%2Fcategories&post=5867"},{"taxonomy":"post_tag","embeddable":true,"href":"https:\/\/macite.tg\/index.php?rest_route=%2Fwp%2Fv2%2Ftags&post=5867"}],"curies":[{"name":"wp","href":"https:\/\/api.w.org\/{rel}","templated":true}]}}