{"id":5866,"date":"2023-05-30T16:22:12","date_gmt":"2023-05-30T16:22:12","guid":{"rendered":"https:\/\/macite.tg\/?p=5866"},"modified":"2023-05-30T16:22:25","modified_gmt":"2023-05-30T16:22:25","slug":"politiques-la-cpp-et-le-bac-et-dautres-en-congres-statutaires","status":"publish","type":"post","link":"https:\/\/macite.tg\/?p=5866","title":{"rendered":"POLITIQUES : La CPP et le BAC et d&rsquo;autres en Congr\u00e8s statutaires"},"content":{"rendered":"\n<p class=\"wp-block-paragraph\"><strong><em>C&rsquo;est la saison des congr\u00e8s statutaires. A l&rsquo;approche des \u00e9lections r\u00e9gionales et l\u00e9gislatives, il ne se passe plus une semaine sans qu&rsquo;un parti politique n&rsquo;organise son congr\u00e8s statutaire. C&rsquo;est le cas de la CCP, du BAC et d&rsquo;autres partis de l&rsquo;opposition qui se conforment ainsi aux dispositions de la loi relative aux partis politiques.<\/em><\/strong><\/p>\n\n\n\n<p class=\"wp-block-paragraph\">La Convergence patriotique panafricaine (CPP) indique que la tenue de son congr\u00e8s statutaire, r\u00e9pond \u00e0 trois exigences : se conformer \u00e0 la nouvelle loi des partis politiques, d\u00e9cid\u00e9e \u00e0 la Concertation nationale entre acteurs politiques (CNAP), donner un caract\u00e8re d\u00e9finitif au Bureau ex\u00e9cutif provisoire, \u00e9lu en novembre 2020, et se mettre en ordre de bataille pour briguer les \u00e9lections \u00e0 venir. Et dans cette dynamique des prochaines joutes \u00e9lectorales, des orientations ont \u00e9t\u00e9 d\u00e9finies par les congressistes.<\/p>\n\n\n<div class=\"wp-block-image\">\n<figure class=\"aligncenter size-large is-resized\"><img loading=\"lazy\" decoding=\"async\" src=\"https:\/\/macite.tg\/wp-content\/uploads\/2023\/05\/Popup_Site_gudef23-1-1024x902.jpg\" alt=\"\" class=\"wp-image-5755\" width=\"625\" height=\"550\" srcset=\"https:\/\/macite.tg\/wp-content\/uploads\/2023\/05\/Popup_Site_gudef23-1-1024x902.jpg 1024w, https:\/\/macite.tg\/wp-content\/uploads\/2023\/05\/Popup_Site_gudef23-1-300x264.jpg 300w, https:\/\/macite.tg\/wp-content\/uploads\/2023\/05\/Popup_Site_gudef23-1-768x676.jpg 768w, https:\/\/macite.tg\/wp-content\/uploads\/2023\/05\/Popup_Site_gudef23-1.jpg 1280w\" sizes=\"auto, (max-width: 625px) 100vw, 625px\" \/><\/figure>\n<\/div>\n\n\n<p class=\"wp-block-paragraph\">Le congr\u00e8s a \u00e9t\u00e9 plac\u00e9 sous le th\u00e8me <em>: \u00a0\u00bb Ensemble, relevons le d\u00e9fi du vivre-ensemble \u00ab\u00a0.<\/em> Pour Beliki Aku\u00e9t\u00e9, qui a \u00e9t\u00e9 reconduit \u00e0 la pr\u00e9sidence du parti, la CPP a toujours parl\u00e9 du vivre-ensemble, du d\u00e9veloppement inclusif, et le parti ne pense pas transiger sur le sujet. <em>\u00ab&nbsp;Nous devons ensemble penser \u00e0 ce pays, faire en sorte que le ch\u00f4mage et le sous-emploi diminuent, que les jeunes trouvent de l&#8217;emploi et que nous soyons main dans la main pour relever les d\u00e9fis de la lutte contre le terrorisme, l&rsquo;extr\u00e9misme violent et du d\u00e9veloppement inclusif&nbsp;\u00bb,<\/em> a dit Beliki Akouete.<\/p>\n\n\n\n<p class=\"wp-block-paragraph\">En ce qui concerne les \u00e9lections \u00e0 venir, le Pr\u00e9sident de la CPP a indiqu\u00e9 que son parti y participera, en faisant des alliances si possibles. <em>\u00ab&nbsp;Nous participerons aux \u00e9lections qui arrivent, les r\u00e9gionales et les l\u00e9gislatives, mais pas dans toutes les circonscriptions \u00e9lectorales de la CPP. Pour les l\u00e9gislatives, nous en avons choisi entre 4, 5 et 6 ; mais pour les r\u00e9gionales, nous sommes dans les 12 circonscriptions \u00e9lectorales de la CPP. Nous participerons \u00e0 ces \u00e9lections dans un esprit d&rsquo;alliance \u00e9lectorale, mais au cas par cas et non plus dans une coalition&nbsp;\u00bb,<\/em> a-t-il indiqu\u00e9. Il est \u00e0 rappeler qu&rsquo;\u00e0 l&rsquo;issue de ce congr\u00e8s, c&rsquo;est un Bureau de quatorze (14) membres qui va aider \u00e0 porter le parti pendant le mandat r\u00e9gulier de cinq (5) ans.<\/p>\n\n\n\n<p class=\"wp-block-paragraph\">Au Bloc d&rsquo;action pour le Changement (BAC) qui tenait aussi son congr\u00e8s, c&rsquo;est Thomas N&rsquo;soukpo\u00e9 qui a \u00e9t\u00e9 reconduit \u00e0 la t\u00eate du parti qui est, pour le moment, loin d&rsquo;une participation aux prochaines \u00e9lections. Une d\u00e9cision des militants de base est attendue.<\/p>\n\n\n\n<p class=\"wp-block-paragraph\">Membre de la DMK, le BAC appelle les acteurs politiques \u00e0 taire leurs \u00e9gos et privil\u00e9gier le climat de paix et de r\u00e9conciliation nationale. Dans cet esprit, le BAC exige le retour du Dr Agb\u00e9yom\u00e9 Messan Kodjo, de Monseigneur Kpodzro et de plusieurs exil\u00e9s politiques et propose qu&rsquo;une solution d\u00e9finitive soit trouv\u00e9e pour le r\u00e8glement du contentieux \u00e9lectoral du 22 f\u00e9vrier 2020.<\/p>\n\n\n\n<figure class=\"wp-block-image size-large\"><img loading=\"lazy\" decoding=\"async\" width=\"1024\" height=\"212\" src=\"https:\/\/macite.tg\/wp-content\/uploads\/2023\/05\/IMG-20230514-WA00962-1-1024x212.jpg\" alt=\"\" class=\"wp-image-5687\" srcset=\"https:\/\/macite.tg\/wp-content\/uploads\/2023\/05\/IMG-20230514-WA00962-1-1024x212.jpg 1024w, https:\/\/macite.tg\/wp-content\/uploads\/2023\/05\/IMG-20230514-WA00962-1-300x62.jpg 300w, https:\/\/macite.tg\/wp-content\/uploads\/2023\/05\/IMG-20230514-WA00962-1-768x159.jpg 768w, https:\/\/macite.tg\/wp-content\/uploads\/2023\/05\/IMG-20230514-WA00962-1-1536x318.jpg 1536w, https:\/\/macite.tg\/wp-content\/uploads\/2023\/05\/IMG-20230514-WA00962-1.jpg 1600w\" sizes=\"auto, (max-width: 1024px) 100vw, 1024px\" \/><\/figure>\n\n\n\n<p class=\"wp-block-paragraph\"><em>\u00ab&nbsp;Le Togo est sur le chemin de Canaan. Le peuple togolais est fatigu\u00e9. Le peuple g\u00e9mit. Quiconque s&rsquo;oppose \u00e0 sa d\u00e9livrance, sera puni par la col\u00e8re de Dieu. Dieu a tout accompli pour sa Nation, le Togo. Le Togo doit&nbsp;&nbsp;&nbsp;&nbsp; d\u00e9sormais acc\u00e9der \u00e0 sa dignit\u00e9 tant attendue. Le pouvoir de Faure Gnassingb\u00e9 \u00e0 fort \u00e0 jouer pour \u00e9viter le chaos&nbsp;\u00bb,<\/em> a lanc\u00e9 Thomas N&rsquo;soukpo\u00e9.<\/p>\n\n\n\n<p class=\"wp-block-paragraph\">Il faut rappeler que beaucoup de partis, \u00e0 l&rsquo;instar de ADDI, FDR, MCD, SANTE DU PEUPLE ont aussi tenu leur congr\u00e8s ordinaires ces derni\u00e8res semaines.<\/p>\n\n\n\n<p class=\"wp-block-paragraph\"><strong>Ali SAMBA<\/strong> <strong>(In LE MEDIUM n\u00b0555 du 30 Mai au 05 Juin 2023)<\/strong><\/p>\n\n\n\n<p class=\"wp-block-paragraph\"><strong><em>@macite.tg&nbsp;&nbsp;&nbsp;&nbsp;&nbsp;&nbsp;&nbsp;&nbsp;<\/em><\/strong><\/p>\n\n\n\n<p class=\"wp-block-paragraph\"><strong><em>E-mail&nbsp;: <\/em><\/strong><a href=\"mailto:maciteinfo@gmail.com\"><strong><em>maciteinfo@gmail.com<\/em><\/strong><\/a><strong><em>; <\/em><\/strong><a href=\"mailto:bawela1@gmail.com\"><strong><em>bawela1@gmail.com<\/em><\/strong><\/a><strong><em><\/em><\/strong><\/p>\n\n\n\n<p class=\"wp-block-paragraph\"><strong><em>Pour vos annonces, (publi)reportages, etc., joignez nous au (00228)91515309\/<strong>79872224 <\/strong>www.macite.tg, L\u2019information, la bonne&nbsp;!<\/em><\/strong><\/p>\n","protected":false},"excerpt":{"rendered":"<p class=\"text-justify mb-2\" >C&rsquo;est la saison des congr\u00e8s statutaires. A l&rsquo;approche des \u00e9lections r\u00e9gionales et l\u00e9gislatives, il ne se passe plus une semaine sans qu&rsquo;un parti politique n&rsquo;organise son congr\u00e8s statutaire. C&rsquo;est le cas de la CCP, du BAC et d&rsquo;autres partis de l&rsquo;opposition qui se conforment ainsi [&hellip;]<\/p>\n","protected":false},"author":2,"featured_media":5868,"comment_status":"open","ping_status":"open","sticky":false,"template":"","format":"standard","meta":{"footnotes":""},"categories":[1],"tags":[],"class_list":["post-5866","post","type-post","status-publish","format-standard","has-post-thumbnail","hentry","category-politique"],"yoast_head":"<!-- This site is optimized with the Yoast SEO plugin v28.4 - https:\/\/yoast.com\/product\/yoast-seo-wordpress\/ -->\n<title>POLITIQUES : La CPP et le BAC et d&#039;autres en Congr\u00e8s statutaires -<\/title>\n<meta name=\"robots\" content=\"index, follow, max-snippet:-1, max-image-preview:large, max-video-preview:-1\" \/>\n<link rel=\"canonical\" href=\"https:\/\/macite.tg\/?p=5866\" \/>\n<meta property=\"og:locale\" content=\"fr_FR\" \/>\n<meta property=\"og:type\" content=\"article\" \/>\n<meta property=\"og:title\" content=\"POLITIQUES : La CPP et le BAC et d&#039;autres en Congr\u00e8s statutaires -\" \/>\n<meta property=\"og:description\" content=\"C&rsquo;est la saison des congr\u00e8s statutaires. A l&rsquo;approche des \u00e9lections r\u00e9gionales et l\u00e9gislatives, il ne se passe plus une semaine sans qu&rsquo;un parti politique n&rsquo;organise son congr\u00e8s statutaire. C&rsquo;est le cas de la CCP, du BAC et d&rsquo;autres partis de l&rsquo;opposition qui se conforment ainsi [&hellip;]\" \/>\n<meta property=\"og:url\" content=\"https:\/\/macite.tg\/?p=5866\" \/>\n<meta property=\"article:published_time\" content=\"2023-05-30T16:22:12+00:00\" \/>\n<meta property=\"article:modified_time\" content=\"2023-05-30T16:22:25+00:00\" \/>\n<meta property=\"og:image\" content=\"https:\/\/macite.tg\/wp-content\/uploads\/2023\/05\/IMG-20230529-WA0063.jpg\" \/>\n\t<meta property=\"og:image:width\" content=\"915\" \/>\n\t<meta property=\"og:image:height\" content=\"616\" \/>\n\t<meta property=\"og:image:type\" content=\"image\/jpeg\" \/>\n<meta name=\"author\" content=\"Jean Pierre BAWELA\" \/>\n<meta name=\"twitter:card\" content=\"summary_large_image\" \/>\n<meta name=\"twitter:label1\" content=\"\u00c9crit par\" \/>\n\t<meta name=\"twitter:data1\" content=\"Jean Pierre BAWELA\" \/>\n\t<meta name=\"twitter:label2\" content=\"Dur\u00e9e de lecture estim\u00e9e\" \/>\n\t<meta name=\"twitter:data2\" content=\"3 minutes\" \/>\n<script type=\"application\/ld+json\" class=\"yoast-schema-graph\">{\"@context\":\"https:\\\/\\\/schema.org\",\"@graph\":[{\"@type\":\"Article\",\"@id\":\"https:\\\/\\\/macite.tg\\\/?p=5866#article\",\"isPartOf\":{\"@id\":\"https:\\\/\\\/macite.tg\\\/?p=5866\"},\"author\":{\"name\":\"Jean Pierre BAWELA\",\"@id\":\"https:\\\/\\\/macite.tg\\\/#\\\/schema\\\/person\\\/e9f2de7e5dbbe7770a9402c7ce82f5c2\"},\"headline\":\"POLITIQUES : La CPP et le BAC et d&rsquo;autres en Congr\u00e8s statutaires\",\"datePublished\":\"2023-05-30T16:22:12+00:00\",\"dateModified\":\"2023-05-30T16:22:25+00:00\",\"mainEntityOfPage\":{\"@id\":\"https:\\\/\\\/macite.tg\\\/?p=5866\"},\"wordCount\":657,\"commentCount\":0,\"image\":{\"@id\":\"https:\\\/\\\/macite.tg\\\/?p=5866#primaryimage\"},\"thumbnailUrl\":\"https:\\\/\\\/macite.tg\\\/wp-content\\\/uploads\\\/2023\\\/05\\\/IMG-20230529-WA0063.jpg\",\"articleSection\":[\"POLITIQUE\"],\"inLanguage\":\"fr-FR\",\"potentialAction\":[{\"@type\":\"CommentAction\",\"name\":\"Comment\",\"target\":[\"https:\\\/\\\/macite.tg\\\/?p=5866#respond\"]}]},{\"@type\":\"WebPage\",\"@id\":\"https:\\\/\\\/macite.tg\\\/?p=5866\",\"url\":\"https:\\\/\\\/macite.tg\\\/?p=5866\",\"name\":\"POLITIQUES : La CPP et le BAC et d'autres en Congr\u00e8s statutaires -\",\"isPartOf\":{\"@id\":\"https:\\\/\\\/macite.tg\\\/#website\"},\"primaryImageOfPage\":{\"@id\":\"https:\\\/\\\/macite.tg\\\/?p=5866#primaryimage\"},\"image\":{\"@id\":\"https:\\\/\\\/macite.tg\\\/?p=5866#primaryimage\"},\"thumbnailUrl\":\"https:\\\/\\\/macite.tg\\\/wp-content\\\/uploads\\\/2023\\\/05\\\/IMG-20230529-WA0063.jpg\",\"datePublished\":\"2023-05-30T16:22:12+00:00\",\"dateModified\":\"2023-05-30T16:22:25+00:00\",\"author\":{\"@id\":\"https:\\\/\\\/macite.tg\\\/#\\\/schema\\\/person\\\/e9f2de7e5dbbe7770a9402c7ce82f5c2\"},\"breadcrumb\":{\"@id\":\"https:\\\/\\\/macite.tg\\\/?p=5866#breadcrumb\"},\"inLanguage\":\"fr-FR\",\"potentialAction\":[{\"@type\":\"ReadAction\",\"target\":[\"https:\\\/\\\/macite.tg\\\/?p=5866\"]}]},{\"@type\":\"ImageObject\",\"inLanguage\":\"fr-FR\",\"@id\":\"https:\\\/\\\/macite.tg\\\/?p=5866#primaryimage\",\"url\":\"https:\\\/\\\/macite.tg\\\/wp-content\\\/uploads\\\/2023\\\/05\\\/IMG-20230529-WA0063.jpg\",\"contentUrl\":\"https:\\\/\\\/macite.tg\\\/wp-content\\\/uploads\\\/2023\\\/05\\\/IMG-20230529-WA0063.jpg\",\"width\":915,\"height\":616},{\"@type\":\"BreadcrumbList\",\"@id\":\"https:\\\/\\\/macite.tg\\\/?p=5866#breadcrumb\",\"itemListElement\":[{\"@type\":\"ListItem\",\"position\":1,\"name\":\"Accueil\",\"item\":\"https:\\\/\\\/macite.tg\\\/\"},{\"@type\":\"ListItem\",\"position\":2,\"name\":\"POLITIQUES : La CPP et le BAC et d&rsquo;autres en Congr\u00e8s statutaires\"}]},{\"@type\":\"WebSite\",\"@id\":\"https:\\\/\\\/macite.tg\\\/#website\",\"url\":\"https:\\\/\\\/macite.tg\\\/\",\"name\":\"\",\"description\":\"L&#039;information, la bonne!!!\",\"potentialAction\":[{\"@type\":\"SearchAction\",\"target\":{\"@type\":\"EntryPoint\",\"urlTemplate\":\"https:\\\/\\\/macite.tg\\\/?s={search_term_string}\"},\"query-input\":{\"@type\":\"PropertyValueSpecification\",\"valueRequired\":true,\"valueName\":\"search_term_string\"}}],\"inLanguage\":\"fr-FR\"},{\"@type\":\"Person\",\"@id\":\"https:\\\/\\\/macite.tg\\\/#\\\/schema\\\/person\\\/e9f2de7e5dbbe7770a9402c7ce82f5c2\",\"name\":\"Jean Pierre BAWELA\",\"image\":{\"@type\":\"ImageObject\",\"inLanguage\":\"fr-FR\",\"@id\":\"https:\\\/\\\/macite.tg\\\/wp-content\\\/uploads\\\/2023\\\/09\\\/WhatsApp-Image-2023-09-19-at-14.44.41-122x122.jpeg\",\"url\":\"https:\\\/\\\/macite.tg\\\/wp-content\\\/uploads\\\/2023\\\/09\\\/WhatsApp-Image-2023-09-19-at-14.44.41-122x122.jpeg\",\"contentUrl\":\"https:\\\/\\\/macite.tg\\\/wp-content\\\/uploads\\\/2023\\\/09\\\/WhatsApp-Image-2023-09-19-at-14.44.41-122x122.jpeg\",\"caption\":\"Jean Pierre BAWELA\"},\"url\":\"https:\\\/\\\/macite.tg\\\/?author=2\"}]}<\/script>\n<!-- \/ Yoast SEO plugin. -->","yoast_head_json":{"title":"POLITIQUES : La CPP et le BAC et d'autres en Congr\u00e8s statutaires -","robots":{"index":"index","follow":"follow","max-snippet":"max-snippet:-1","max-image-preview":"max-image-preview:large","max-video-preview":"max-video-preview:-1"},"canonical":"https:\/\/macite.tg\/?p=5866","og_locale":"fr_FR","og_type":"article","og_title":"POLITIQUES : La CPP et le BAC et d'autres en Congr\u00e8s statutaires -","og_description":"C&rsquo;est la saison des congr\u00e8s statutaires. A l&rsquo;approche des \u00e9lections r\u00e9gionales et l\u00e9gislatives, il ne se passe plus une semaine sans qu&rsquo;un parti politique n&rsquo;organise son congr\u00e8s statutaire. C&rsquo;est le cas de la CCP, du BAC et d&rsquo;autres partis de l&rsquo;opposition qui se conforment ainsi [&hellip;]","og_url":"https:\/\/macite.tg\/?p=5866","article_published_time":"2023-05-30T16:22:12+00:00","article_modified_time":"2023-05-30T16:22:25+00:00","og_image":[{"width":915,"height":616,"url":"https:\/\/macite.tg\/wp-content\/uploads\/2023\/05\/IMG-20230529-WA0063.jpg","type":"image\/jpeg"}],"author":"Jean Pierre BAWELA","twitter_card":"summary_large_image","twitter_misc":{"\u00c9crit par":"Jean Pierre BAWELA","Dur\u00e9e de lecture estim\u00e9e":"3 minutes"},"schema":{"@context":"https:\/\/schema.org","@graph":[{"@type":"Article","@id":"https:\/\/macite.tg\/?p=5866#article","isPartOf":{"@id":"https:\/\/macite.tg\/?p=5866"},"author":{"name":"Jean Pierre BAWELA","@id":"https:\/\/macite.tg\/#\/schema\/person\/e9f2de7e5dbbe7770a9402c7ce82f5c2"},"headline":"POLITIQUES : La CPP et le BAC et d&rsquo;autres en Congr\u00e8s statutaires","datePublished":"2023-05-30T16:22:12+00:00","dateModified":"2023-05-30T16:22:25+00:00","mainEntityOfPage":{"@id":"https:\/\/macite.tg\/?p=5866"},"wordCount":657,"commentCount":0,"image":{"@id":"https:\/\/macite.tg\/?p=5866#primaryimage"},"thumbnailUrl":"https:\/\/macite.tg\/wp-content\/uploads\/2023\/05\/IMG-20230529-WA0063.jpg","articleSection":["POLITIQUE"],"inLanguage":"fr-FR","potentialAction":[{"@type":"CommentAction","name":"Comment","target":["https:\/\/macite.tg\/?p=5866#respond"]}]},{"@type":"WebPage","@id":"https:\/\/macite.tg\/?p=5866","url":"https:\/\/macite.tg\/?p=5866","name":"POLITIQUES : La CPP et le BAC et d'autres en Congr\u00e8s statutaires -","isPartOf":{"@id":"https:\/\/macite.tg\/#website"},"primaryImageOfPage":{"@id":"https:\/\/macite.tg\/?p=5866#primaryimage"},"image":{"@id":"https:\/\/macite.tg\/?p=5866#primaryimage"},"thumbnailUrl":"https:\/\/macite.tg\/wp-content\/uploads\/2023\/05\/IMG-20230529-WA0063.jpg","datePublished":"2023-05-30T16:22:12+00:00","dateModified":"2023-05-30T16:22:25+00:00","author":{"@id":"https:\/\/macite.tg\/#\/schema\/person\/e9f2de7e5dbbe7770a9402c7ce82f5c2"},"breadcrumb":{"@id":"https:\/\/macite.tg\/?p=5866#breadcrumb"},"inLanguage":"fr-FR","potentialAction":[{"@type":"ReadAction","target":["https:\/\/macite.tg\/?p=5866"]}]},{"@type":"ImageObject","inLanguage":"fr-FR","@id":"https:\/\/macite.tg\/?p=5866#primaryimage","url":"https:\/\/macite.tg\/wp-content\/uploads\/2023\/05\/IMG-20230529-WA0063.jpg","contentUrl":"https:\/\/macite.tg\/wp-content\/uploads\/2023\/05\/IMG-20230529-WA0063.jpg","width":915,"height":616},{"@type":"BreadcrumbList","@id":"https:\/\/macite.tg\/?p=5866#breadcrumb","itemListElement":[{"@type":"ListItem","position":1,"name":"Accueil","item":"https:\/\/macite.tg\/"},{"@type":"ListItem","position":2,"name":"POLITIQUES : La CPP et le BAC et d&rsquo;autres en Congr\u00e8s statutaires"}]},{"@type":"WebSite","@id":"https:\/\/macite.tg\/#website","url":"https:\/\/macite.tg\/","name":"","description":"L&#039;information, la bonne!!!","potentialAction":[{"@type":"SearchAction","target":{"@type":"EntryPoint","urlTemplate":"https:\/\/macite.tg\/?s={search_term_string}"},"query-input":{"@type":"PropertyValueSpecification","valueRequired":true,"valueName":"search_term_string"}}],"inLanguage":"fr-FR"},{"@type":"Person","@id":"https:\/\/macite.tg\/#\/schema\/person\/e9f2de7e5dbbe7770a9402c7ce82f5c2","name":"Jean Pierre BAWELA","image":{"@type":"ImageObject","inLanguage":"fr-FR","@id":"https:\/\/macite.tg\/wp-content\/uploads\/2023\/09\/WhatsApp-Image-2023-09-19-at-14.44.41-122x122.jpeg","url":"https:\/\/macite.tg\/wp-content\/uploads\/2023\/09\/WhatsApp-Image-2023-09-19-at-14.44.41-122x122.jpeg","contentUrl":"https:\/\/macite.tg\/wp-content\/uploads\/2023\/09\/WhatsApp-Image-2023-09-19-at-14.44.41-122x122.jpeg","caption":"Jean Pierre BAWELA"},"url":"https:\/\/macite.tg\/?author=2"}]}},"_links":{"self":[{"href":"https:\/\/macite.tg\/index.php?rest_route=\/wp\/v2\/posts\/5866","targetHints":{"allow":["GET"]}}],"collection":[{"href":"https:\/\/macite.tg\/index.php?rest_route=\/wp\/v2\/posts"}],"about":[{"href":"https:\/\/macite.tg\/index.php?rest_route=\/wp\/v2\/types\/post"}],"author":[{"embeddable":true,"href":"https:\/\/macite.tg\/index.php?rest_route=\/wp\/v2\/users\/2"}],"replies":[{"embeddable":true,"href":"https:\/\/macite.tg\/index.php?rest_route=%2Fwp%2Fv2%2Fcomments&post=5866"}],"version-history":[{"count":0,"href":"https:\/\/macite.tg\/index.php?rest_route=\/wp\/v2\/posts\/5866\/revisions"}],"wp:featuredmedia":[{"embeddable":true,"href":"https:\/\/macite.tg\/index.php?rest_route=\/wp\/v2\/media\/5868"}],"wp:attachment":[{"href":"https:\/\/macite.tg\/index.php?rest_route=%2Fwp%2Fv2%2Fmedia&parent=5866"}],"wp:term":[{"taxonomy":"category","embeddable":true,"href":"https:\/\/macite.tg\/index.php?rest_route=%2Fwp%2Fv2%2Fcategories&post=5866"},{"taxonomy":"post_tag","embeddable":true,"href":"https:\/\/macite.tg\/index.php?rest_route=%2Fwp%2Fv2%2Ftags&post=5866"}],"curies":[{"name":"wp","href":"https:\/\/api.w.org\/{rel}","templated":true}]}}