{"id":5860,"date":"2023-05-30T08:47:35","date_gmt":"2023-05-30T08:47:35","guid":{"rendered":"https:\/\/macite.tg\/?p=5860"},"modified":"2023-05-30T08:47:47","modified_gmt":"2023-05-30T08:47:47","slug":"manifestations-dans-les-camps-de-tindouf-repression-et-arrestations-violentes-devant-le-siege-du-chef-du-polisario","status":"publish","type":"post","link":"https:\/\/macite.tg\/?p=5860","title":{"rendered":"MANIFESTATIONS DANS LES CAMPS DE TINDOUF : R\u00e9pression et arrestations violentes devant le si\u00e8ge du chef du Polisario"},"content":{"rendered":"\n<p class=\"wp-block-paragraph\"><strong><em>Les violences perp\u00e9tr\u00e9es par les milices affili\u00e9es au\u00a0 Front Polisario, dans les camps de Tindouf,\u00a0 cesseront-elles un jour ? La derni\u00e8re en date est la r\u00e9pression avec usage d\u00e9mesur\u00e9e de la force brutale, contre une manifestation de la famille du d\u00e9tenu sahraoui, Mohamed Salem Maa El Ainin Asweed.<\/em><\/strong><\/p>\n\n\n\n<p class=\"wp-block-paragraph\">Alors que la famille de Mohamed Salem Maa El Ainin Asweed manifestait devant le bureau priv\u00e9 d\u2019Ibrahim Ghali, des milices de la gendarmerie sahraouie, affili\u00e9e au Front Polisario, ont attaqu\u00e9 les manifestants.<\/p>\n\n\n<div class=\"wp-block-image\">\n<figure class=\"aligncenter size-large is-resized\"><img loading=\"lazy\" decoding=\"async\" src=\"https:\/\/macite.tg\/wp-content\/uploads\/2023\/05\/Popup_Site_gudef23-1-1024x902.jpg\" alt=\"\" class=\"wp-image-5755\" width=\"612\" height=\"538\" srcset=\"https:\/\/macite.tg\/wp-content\/uploads\/2023\/05\/Popup_Site_gudef23-1-1024x902.jpg 1024w, https:\/\/macite.tg\/wp-content\/uploads\/2023\/05\/Popup_Site_gudef23-1-300x264.jpg 300w, https:\/\/macite.tg\/wp-content\/uploads\/2023\/05\/Popup_Site_gudef23-1-768x676.jpg 768w, https:\/\/macite.tg\/wp-content\/uploads\/2023\/05\/Popup_Site_gudef23-1.jpg 1280w\" sizes=\"auto, (max-width: 612px) 100vw, 612px\" \/><\/figure>\n<\/div>\n\n\n<p class=\"wp-block-paragraph\">La r\u00e9pression qui s\u2019est faite dans une violence sans pareille, a fait plusieurs bless\u00e9s, surtout dans la gente f\u00e9minine, mais aussi des arrestations.<\/p>\n\n\n\n<p class=\"wp-block-paragraph\">Au rang des arrestations, on peut citer: Didi Mohamed Souid, Mohamed Malaainine Souid,&nbsp; Abdelhay Limam Jouli, Banna Ould Bougrine, Ould Zobeir Ould Maatala, Aziz Ould Hmetu Ould Maatala, Ould Abreir, Khalihenna ould Jouli Ould Nane, Hossein Ould Sidi Moussa, &nbsp;Moulay Ould Malaainine Souid, et Hmetou Ould Maatala.<\/p>\n\n\n\n<p class=\"wp-block-paragraph\">Alors que cette nouvelle preuve de la violence excessive exerc\u00e9e par des milices du Front Polisario, tourne encore en boucle sur les r\u00e9seaux sociaux avec le lot des audio, les d\u00e9tenues seraient jet\u00e9s \u00e0 la prison de Dheibiya, selon des sources concordantes.<\/p>\n\n\n\n<figure class=\"wp-block-image size-large\"><img loading=\"lazy\" decoding=\"async\" width=\"1024\" height=\"212\" src=\"https:\/\/macite.tg\/wp-content\/uploads\/2023\/05\/IMG-20230514-WA00962-1-1024x212.jpg\" alt=\"\" class=\"wp-image-5687\" srcset=\"https:\/\/macite.tg\/wp-content\/uploads\/2023\/05\/IMG-20230514-WA00962-1-1024x212.jpg 1024w, https:\/\/macite.tg\/wp-content\/uploads\/2023\/05\/IMG-20230514-WA00962-1-300x62.jpg 300w, https:\/\/macite.tg\/wp-content\/uploads\/2023\/05\/IMG-20230514-WA00962-1-768x159.jpg 768w, https:\/\/macite.tg\/wp-content\/uploads\/2023\/05\/IMG-20230514-WA00962-1-1536x318.jpg 1536w, https:\/\/macite.tg\/wp-content\/uploads\/2023\/05\/IMG-20230514-WA00962-1.jpg 1600w\" sizes=\"auto, (max-width: 1024px) 100vw, 1024px\" \/><\/figure>\n\n\n\n<p class=\"wp-block-paragraph\">Il est regrettable que malgr\u00e9 ces preuves accablantes contre le Front Polisario et ses milices, la communaut\u00e9 internationale se mure dans un silence assourdissant et se refuse des sanctions \u00e0 l\u2019encontre des dirigeants de cette hydre de la violence dans les camps de Tindouf.<\/p>\n\n\n\n<p class=\"wp-block-paragraph\"><strong><em>@macite.tg&nbsp;&nbsp;&nbsp;&nbsp;&nbsp;&nbsp;&nbsp;&nbsp;<\/em><\/strong><\/p>\n\n\n\n<p class=\"wp-block-paragraph\"><strong><em>E-mail&nbsp;: <\/em><\/strong><a href=\"mailto:maciteinfo@gmail.com\"><strong><em>maciteinfo@gmail.com<\/em><\/strong><\/a><strong><em>; <\/em><\/strong><a href=\"mailto:bawela1@gmail.com\"><strong><em>bawela1@gmail.com<\/em><\/strong><\/a><strong><em><\/em><\/strong><\/p>\n\n\n\n<p class=\"wp-block-paragraph\"><strong><em>Pour vos annonces, (publi)reportages, etc., joignez nous au (00228)91515309\/<strong>79872224 <\/strong>www.macite.tg, L\u2019information, la bonne&nbsp;!<\/em><\/strong><\/p>\n","protected":false},"excerpt":{"rendered":"<p class=\"text-justify mb-2\" >Les violences perp\u00e9tr\u00e9es par les milices affili\u00e9es au\u00a0 Front Polisario, dans les camps de Tindouf,\u00a0 cesseront-elles un jour ? La derni\u00e8re en date est la r\u00e9pression avec usage d\u00e9mesur\u00e9e de la force brutale, contre une manifestation de la famille du d\u00e9tenu sahraoui, Mohamed Salem Maa [&hellip;]<\/p>\n","protected":false},"author":2,"featured_media":5864,"comment_status":"open","ping_status":"open","sticky":false,"template":"","format":"standard","meta":{"footnotes":""},"categories":[20,1],"tags":[],"class_list":["post-5860","post","type-post","status-publish","format-standard","has-post-thumbnail","hentry","category-actualite","category-politique"],"yoast_head":"<!-- This site is optimized with the Yoast SEO plugin v28.4 - https:\/\/yoast.com\/product\/yoast-seo-wordpress\/ -->\n<title>MANIFESTATIONS DANS LES CAMPS DE TINDOUF : R\u00e9pression et arrestations violentes devant le si\u00e8ge du chef du Polisario -<\/title>\n<meta name=\"robots\" content=\"index, follow, max-snippet:-1, max-image-preview:large, max-video-preview:-1\" \/>\n<link rel=\"canonical\" href=\"https:\/\/macite.tg\/?p=5860\" \/>\n<meta property=\"og:locale\" content=\"fr_FR\" \/>\n<meta property=\"og:type\" content=\"article\" \/>\n<meta property=\"og:title\" content=\"MANIFESTATIONS DANS LES CAMPS DE TINDOUF : R\u00e9pression et arrestations violentes devant le si\u00e8ge du chef du Polisario -\" \/>\n<meta property=\"og:description\" content=\"Les violences perp\u00e9tr\u00e9es par les milices affili\u00e9es au\u00a0 Front Polisario, dans les camps de Tindouf,\u00a0 cesseront-elles un jour ? La derni\u00e8re en date est la r\u00e9pression avec usage d\u00e9mesur\u00e9e de la force brutale, contre une manifestation de la famille du d\u00e9tenu sahraoui, Mohamed Salem Maa [&hellip;]\" \/>\n<meta property=\"og:url\" content=\"https:\/\/macite.tg\/?p=5860\" \/>\n<meta property=\"article:published_time\" content=\"2023-05-30T08:47:35+00:00\" \/>\n<meta property=\"article:modified_time\" content=\"2023-05-30T08:47:47+00:00\" \/>\n<meta property=\"og:image\" content=\"https:\/\/macite.tg\/wp-content\/uploads\/2023\/05\/Camp-de-Tindouf.jpg\" \/>\n\t<meta property=\"og:image:width\" content=\"297\" \/>\n\t<meta property=\"og:image:height\" content=\"170\" \/>\n\t<meta property=\"og:image:type\" content=\"image\/jpeg\" \/>\n<meta name=\"author\" content=\"Jean Pierre BAWELA\" \/>\n<meta name=\"twitter:card\" content=\"summary_large_image\" \/>\n<meta name=\"twitter:label1\" content=\"\u00c9crit par\" \/>\n\t<meta name=\"twitter:data1\" content=\"Jean Pierre BAWELA\" \/>\n\t<meta name=\"twitter:label2\" content=\"Dur\u00e9e de lecture estim\u00e9e\" \/>\n\t<meta name=\"twitter:data2\" content=\"1 minute\" \/>\n<script type=\"application\/ld+json\" class=\"yoast-schema-graph\">{\"@context\":\"https:\\\/\\\/schema.org\",\"@graph\":[{\"@type\":\"Article\",\"@id\":\"https:\\\/\\\/macite.tg\\\/?p=5860#article\",\"isPartOf\":{\"@id\":\"https:\\\/\\\/macite.tg\\\/?p=5860\"},\"author\":{\"name\":\"Jean Pierre BAWELA\",\"@id\":\"https:\\\/\\\/macite.tg\\\/#\\\/schema\\\/person\\\/e9f2de7e5dbbe7770a9402c7ce82f5c2\"},\"headline\":\"MANIFESTATIONS DANS LES CAMPS DE TINDOUF : R\u00e9pression et arrestations violentes devant le si\u00e8ge du chef du Polisario\",\"datePublished\":\"2023-05-30T08:47:35+00:00\",\"dateModified\":\"2023-05-30T08:47:47+00:00\",\"mainEntityOfPage\":{\"@id\":\"https:\\\/\\\/macite.tg\\\/?p=5860\"},\"wordCount\":308,\"commentCount\":0,\"image\":{\"@id\":\"https:\\\/\\\/macite.tg\\\/?p=5860#primaryimage\"},\"thumbnailUrl\":\"https:\\\/\\\/macite.tg\\\/wp-content\\\/uploads\\\/2023\\\/05\\\/Camp-de-Tindouf.jpg\",\"articleSection\":[\"ACTUALITE\",\"POLITIQUE\"],\"inLanguage\":\"fr-FR\",\"potentialAction\":[{\"@type\":\"CommentAction\",\"name\":\"Comment\",\"target\":[\"https:\\\/\\\/macite.tg\\\/?p=5860#respond\"]}]},{\"@type\":\"WebPage\",\"@id\":\"https:\\\/\\\/macite.tg\\\/?p=5860\",\"url\":\"https:\\\/\\\/macite.tg\\\/?p=5860\",\"name\":\"MANIFESTATIONS DANS LES CAMPS DE TINDOUF : R\u00e9pression et arrestations violentes devant le si\u00e8ge du chef du Polisario -\",\"isPartOf\":{\"@id\":\"https:\\\/\\\/macite.tg\\\/#website\"},\"primaryImageOfPage\":{\"@id\":\"https:\\\/\\\/macite.tg\\\/?p=5860#primaryimage\"},\"image\":{\"@id\":\"https:\\\/\\\/macite.tg\\\/?p=5860#primaryimage\"},\"thumbnailUrl\":\"https:\\\/\\\/macite.tg\\\/wp-content\\\/uploads\\\/2023\\\/05\\\/Camp-de-Tindouf.jpg\",\"datePublished\":\"2023-05-30T08:47:35+00:00\",\"dateModified\":\"2023-05-30T08:47:47+00:00\",\"author\":{\"@id\":\"https:\\\/\\\/macite.tg\\\/#\\\/schema\\\/person\\\/e9f2de7e5dbbe7770a9402c7ce82f5c2\"},\"breadcrumb\":{\"@id\":\"https:\\\/\\\/macite.tg\\\/?p=5860#breadcrumb\"},\"inLanguage\":\"fr-FR\",\"potentialAction\":[{\"@type\":\"ReadAction\",\"target\":[\"https:\\\/\\\/macite.tg\\\/?p=5860\"]}]},{\"@type\":\"ImageObject\",\"inLanguage\":\"fr-FR\",\"@id\":\"https:\\\/\\\/macite.tg\\\/?p=5860#primaryimage\",\"url\":\"https:\\\/\\\/macite.tg\\\/wp-content\\\/uploads\\\/2023\\\/05\\\/Camp-de-Tindouf.jpg\",\"contentUrl\":\"https:\\\/\\\/macite.tg\\\/wp-content\\\/uploads\\\/2023\\\/05\\\/Camp-de-Tindouf.jpg\",\"width\":297,\"height\":170},{\"@type\":\"BreadcrumbList\",\"@id\":\"https:\\\/\\\/macite.tg\\\/?p=5860#breadcrumb\",\"itemListElement\":[{\"@type\":\"ListItem\",\"position\":1,\"name\":\"Accueil\",\"item\":\"https:\\\/\\\/macite.tg\\\/\"},{\"@type\":\"ListItem\",\"position\":2,\"name\":\"MANIFESTATIONS DANS LES CAMPS DE TINDOUF : R\u00e9pression et arrestations violentes devant le si\u00e8ge du chef du Polisario\"}]},{\"@type\":\"WebSite\",\"@id\":\"https:\\\/\\\/macite.tg\\\/#website\",\"url\":\"https:\\\/\\\/macite.tg\\\/\",\"name\":\"\",\"description\":\"L&#039;information, la bonne!!!\",\"potentialAction\":[{\"@type\":\"SearchAction\",\"target\":{\"@type\":\"EntryPoint\",\"urlTemplate\":\"https:\\\/\\\/macite.tg\\\/?s={search_term_string}\"},\"query-input\":{\"@type\":\"PropertyValueSpecification\",\"valueRequired\":true,\"valueName\":\"search_term_string\"}}],\"inLanguage\":\"fr-FR\"},{\"@type\":\"Person\",\"@id\":\"https:\\\/\\\/macite.tg\\\/#\\\/schema\\\/person\\\/e9f2de7e5dbbe7770a9402c7ce82f5c2\",\"name\":\"Jean Pierre BAWELA\",\"image\":{\"@type\":\"ImageObject\",\"inLanguage\":\"fr-FR\",\"@id\":\"https:\\\/\\\/macite.tg\\\/wp-content\\\/uploads\\\/2023\\\/09\\\/WhatsApp-Image-2023-09-19-at-14.44.41-122x122.jpeg\",\"url\":\"https:\\\/\\\/macite.tg\\\/wp-content\\\/uploads\\\/2023\\\/09\\\/WhatsApp-Image-2023-09-19-at-14.44.41-122x122.jpeg\",\"contentUrl\":\"https:\\\/\\\/macite.tg\\\/wp-content\\\/uploads\\\/2023\\\/09\\\/WhatsApp-Image-2023-09-19-at-14.44.41-122x122.jpeg\",\"caption\":\"Jean Pierre BAWELA\"},\"url\":\"https:\\\/\\\/macite.tg\\\/?author=2\"}]}<\/script>\n<!-- \/ Yoast SEO plugin. -->","yoast_head_json":{"title":"MANIFESTATIONS DANS LES CAMPS DE TINDOUF : R\u00e9pression et arrestations violentes devant le si\u00e8ge du chef du Polisario -","robots":{"index":"index","follow":"follow","max-snippet":"max-snippet:-1","max-image-preview":"max-image-preview:large","max-video-preview":"max-video-preview:-1"},"canonical":"https:\/\/macite.tg\/?p=5860","og_locale":"fr_FR","og_type":"article","og_title":"MANIFESTATIONS DANS LES CAMPS DE TINDOUF : R\u00e9pression et arrestations violentes devant le si\u00e8ge du chef du Polisario -","og_description":"Les violences perp\u00e9tr\u00e9es par les milices affili\u00e9es au\u00a0 Front Polisario, dans les camps de Tindouf,\u00a0 cesseront-elles un jour ? La derni\u00e8re en date est la r\u00e9pression avec usage d\u00e9mesur\u00e9e de la force brutale, contre une manifestation de la famille du d\u00e9tenu sahraoui, Mohamed Salem Maa [&hellip;]","og_url":"https:\/\/macite.tg\/?p=5860","article_published_time":"2023-05-30T08:47:35+00:00","article_modified_time":"2023-05-30T08:47:47+00:00","og_image":[{"width":297,"height":170,"url":"https:\/\/macite.tg\/wp-content\/uploads\/2023\/05\/Camp-de-Tindouf.jpg","type":"image\/jpeg"}],"author":"Jean Pierre BAWELA","twitter_card":"summary_large_image","twitter_misc":{"\u00c9crit par":"Jean Pierre BAWELA","Dur\u00e9e de lecture estim\u00e9e":"1 minute"},"schema":{"@context":"https:\/\/schema.org","@graph":[{"@type":"Article","@id":"https:\/\/macite.tg\/?p=5860#article","isPartOf":{"@id":"https:\/\/macite.tg\/?p=5860"},"author":{"name":"Jean Pierre BAWELA","@id":"https:\/\/macite.tg\/#\/schema\/person\/e9f2de7e5dbbe7770a9402c7ce82f5c2"},"headline":"MANIFESTATIONS DANS LES CAMPS DE TINDOUF : R\u00e9pression et arrestations violentes devant le si\u00e8ge du chef du Polisario","datePublished":"2023-05-30T08:47:35+00:00","dateModified":"2023-05-30T08:47:47+00:00","mainEntityOfPage":{"@id":"https:\/\/macite.tg\/?p=5860"},"wordCount":308,"commentCount":0,"image":{"@id":"https:\/\/macite.tg\/?p=5860#primaryimage"},"thumbnailUrl":"https:\/\/macite.tg\/wp-content\/uploads\/2023\/05\/Camp-de-Tindouf.jpg","articleSection":["ACTUALITE","POLITIQUE"],"inLanguage":"fr-FR","potentialAction":[{"@type":"CommentAction","name":"Comment","target":["https:\/\/macite.tg\/?p=5860#respond"]}]},{"@type":"WebPage","@id":"https:\/\/macite.tg\/?p=5860","url":"https:\/\/macite.tg\/?p=5860","name":"MANIFESTATIONS DANS LES CAMPS DE TINDOUF : R\u00e9pression et arrestations violentes devant le si\u00e8ge du chef du Polisario -","isPartOf":{"@id":"https:\/\/macite.tg\/#website"},"primaryImageOfPage":{"@id":"https:\/\/macite.tg\/?p=5860#primaryimage"},"image":{"@id":"https:\/\/macite.tg\/?p=5860#primaryimage"},"thumbnailUrl":"https:\/\/macite.tg\/wp-content\/uploads\/2023\/05\/Camp-de-Tindouf.jpg","datePublished":"2023-05-30T08:47:35+00:00","dateModified":"2023-05-30T08:47:47+00:00","author":{"@id":"https:\/\/macite.tg\/#\/schema\/person\/e9f2de7e5dbbe7770a9402c7ce82f5c2"},"breadcrumb":{"@id":"https:\/\/macite.tg\/?p=5860#breadcrumb"},"inLanguage":"fr-FR","potentialAction":[{"@type":"ReadAction","target":["https:\/\/macite.tg\/?p=5860"]}]},{"@type":"ImageObject","inLanguage":"fr-FR","@id":"https:\/\/macite.tg\/?p=5860#primaryimage","url":"https:\/\/macite.tg\/wp-content\/uploads\/2023\/05\/Camp-de-Tindouf.jpg","contentUrl":"https:\/\/macite.tg\/wp-content\/uploads\/2023\/05\/Camp-de-Tindouf.jpg","width":297,"height":170},{"@type":"BreadcrumbList","@id":"https:\/\/macite.tg\/?p=5860#breadcrumb","itemListElement":[{"@type":"ListItem","position":1,"name":"Accueil","item":"https:\/\/macite.tg\/"},{"@type":"ListItem","position":2,"name":"MANIFESTATIONS DANS LES CAMPS DE TINDOUF : R\u00e9pression et arrestations violentes devant le si\u00e8ge du chef du Polisario"}]},{"@type":"WebSite","@id":"https:\/\/macite.tg\/#website","url":"https:\/\/macite.tg\/","name":"","description":"L&#039;information, la bonne!!!","potentialAction":[{"@type":"SearchAction","target":{"@type":"EntryPoint","urlTemplate":"https:\/\/macite.tg\/?s={search_term_string}"},"query-input":{"@type":"PropertyValueSpecification","valueRequired":true,"valueName":"search_term_string"}}],"inLanguage":"fr-FR"},{"@type":"Person","@id":"https:\/\/macite.tg\/#\/schema\/person\/e9f2de7e5dbbe7770a9402c7ce82f5c2","name":"Jean Pierre BAWELA","image":{"@type":"ImageObject","inLanguage":"fr-FR","@id":"https:\/\/macite.tg\/wp-content\/uploads\/2023\/09\/WhatsApp-Image-2023-09-19-at-14.44.41-122x122.jpeg","url":"https:\/\/macite.tg\/wp-content\/uploads\/2023\/09\/WhatsApp-Image-2023-09-19-at-14.44.41-122x122.jpeg","contentUrl":"https:\/\/macite.tg\/wp-content\/uploads\/2023\/09\/WhatsApp-Image-2023-09-19-at-14.44.41-122x122.jpeg","caption":"Jean Pierre BAWELA"},"url":"https:\/\/macite.tg\/?author=2"}]}},"_links":{"self":[{"href":"https:\/\/macite.tg\/index.php?rest_route=\/wp\/v2\/posts\/5860","targetHints":{"allow":["GET"]}}],"collection":[{"href":"https:\/\/macite.tg\/index.php?rest_route=\/wp\/v2\/posts"}],"about":[{"href":"https:\/\/macite.tg\/index.php?rest_route=\/wp\/v2\/types\/post"}],"author":[{"embeddable":true,"href":"https:\/\/macite.tg\/index.php?rest_route=\/wp\/v2\/users\/2"}],"replies":[{"embeddable":true,"href":"https:\/\/macite.tg\/index.php?rest_route=%2Fwp%2Fv2%2Fcomments&post=5860"}],"version-history":[{"count":0,"href":"https:\/\/macite.tg\/index.php?rest_route=\/wp\/v2\/posts\/5860\/revisions"}],"wp:featuredmedia":[{"embeddable":true,"href":"https:\/\/macite.tg\/index.php?rest_route=\/wp\/v2\/media\/5864"}],"wp:attachment":[{"href":"https:\/\/macite.tg\/index.php?rest_route=%2Fwp%2Fv2%2Fmedia&parent=5860"}],"wp:term":[{"taxonomy":"category","embeddable":true,"href":"https:\/\/macite.tg\/index.php?rest_route=%2Fwp%2Fv2%2Fcategories&post=5860"},{"taxonomy":"post_tag","embeddable":true,"href":"https:\/\/macite.tg\/index.php?rest_route=%2Fwp%2Fv2%2Ftags&post=5860"}],"curies":[{"name":"wp","href":"https:\/\/api.w.org\/{rel}","templated":true}]}}