{"id":5856,"date":"2023-05-30T08:32:40","date_gmt":"2023-05-30T08:32:40","guid":{"rendered":"https:\/\/macite.tg\/?p=5856"},"modified":"2023-05-30T08:32:53","modified_gmt":"2023-05-30T08:32:53","slug":"economie-une-loi-de-finances-rectificative-envisagee","status":"publish","type":"post","link":"https:\/\/macite.tg\/?p=5856","title":{"rendered":"\u00c9CONOMIE : Une Loi de finances rectificative envisag\u00e9e&#8230;"},"content":{"rendered":"\n<p class=\"wp-block-paragraph\"><strong><em>En conseil des ministres, la situation \u00e9conomique et financi\u00e8re et le financement de l&rsquo;\u00e9conomie \u00e0 fin d\u00e9cembre 2022 et au premier trimestre 2023 du Togo a fait l&rsquo;objet d&rsquo;une communication du ministre de l&rsquo;\u00e9conomie et des finances. Selon lui, Le contexte \u00e9conomique mondial en 2022 a \u00e9t\u00e9 marqu\u00e9 par de fortes tensions inflationnistes, en liaison avec les effets des diff\u00e9rentes crises. Ainsi l&rsquo;inflation mondiale, en moyenne annuelle, a atteint 8,7% apr\u00e8s 4,76% en 2021. Dans la zone UEMOA, le taux de croissance \u00e9conomique est estim\u00e9 \u00e0 5,7% contre 5,9% en 2021 avec un taux d&rsquo;inflation moyen de 7,1 % contre 3,5 % en 2021.<\/em><\/strong><\/p>\n\n\n<div class=\"wp-block-image\">\n<figure class=\"aligncenter size-large is-resized\"><img loading=\"lazy\" decoding=\"async\" src=\"https:\/\/macite.tg\/wp-content\/uploads\/2023\/05\/Popup_Site_gudef23-1024x902.jpg\" alt=\"\" class=\"wp-image-5752\" width=\"653\" height=\"574\" srcset=\"https:\/\/macite.tg\/wp-content\/uploads\/2023\/05\/Popup_Site_gudef23-1024x902.jpg 1024w, https:\/\/macite.tg\/wp-content\/uploads\/2023\/05\/Popup_Site_gudef23-300x264.jpg 300w, https:\/\/macite.tg\/wp-content\/uploads\/2023\/05\/Popup_Site_gudef23-768x676.jpg 768w, https:\/\/macite.tg\/wp-content\/uploads\/2023\/05\/Popup_Site_gudef23.jpg 1280w\" sizes=\"auto, (max-width: 653px) 100vw, 653px\" \/><\/figure>\n<\/div>\n\n\n<p class=\"wp-block-paragraph\">Au Togo, la conjoncture \u00e9conomique compar\u00e9e \u00e0 2021 est caract\u00e9ris\u00e9e par une \u00e9volution globalement satisfaisante de l&rsquo;activit\u00e9 \u00e9conomique reposant notamment sur une bonne dynamique observ\u00e9e dans le trafic portuaire et a\u00e9roportuaire avec une hausse du niveau de financement de l&rsquo;\u00e9conomie au profit notamment des petites et moyennes entreprises.<\/p>\n\n\n\n<p class=\"wp-block-paragraph\">De mani\u00e8re sp\u00e9cifique, au niveau des syst\u00e8mes financiers d\u00e9centralis\u00e9s (SFD), le volume de nouvelles mises en place de cr\u00e9dits par les institutions de microfinance s&rsquo;est \u00e9tabli \u00e0 255,2 milliards de FCFA en 2022 contre 196,8 milliards de FCFA en 2021. Cette \u00e9volution a permis de hisser l&rsquo;encours de cr\u00e9dit des SFD \u00e0 288,2 milliards contre 225,7 milliards de FCFA il y a un an. Il ressort de cette communication que, les \u00e9volutions conjoncturelles en 2022 restent globalement en phase avec les estimations et pr\u00e9visions du cadre macro\u00e9conomique. Les estimations tablent sur une croissance du PIB r\u00e9el de 5,8% en 2022 contre 6% en 2021.<\/p>\n\n\n\n<p class=\"wp-block-paragraph\">L&rsquo;attention du conseil a \u00e9t\u00e9 attir\u00e9e sur le fait que la plupart des banques centrales (la R\u00e9serve F\u00e9d\u00e9rale Am\u00e9ricaine ; la Banque Centrale Europ\u00e9enne et la Banque Centrale des Etats de l&rsquo;Afrique de l&rsquo;Ouest) ont proc\u00e9d\u00e9 \u00e0 un resserrement des politiques mon\u00e9taires rendant de plus en plus difficiles les financements sur les march\u00e9s financiers. Ces financements sont devenus rares et plus on\u00e9reux.<\/p>\n\n\n\n<p class=\"wp-block-paragraph\">Face \u00e0 ces difficult\u00e9s de financement et tenant compte de la n\u00e9cessit\u00e9 de prioriser les d\u00e9penses, le gouvernement a engag\u00e9 des analyses, afin d&rsquo;ajuster ses pr\u00e9visions de d\u00e9penses pour l&rsquo;ann\u00e9e 2023. Ce qui conduirait \u00e0 la pr\u00e9sentation d&rsquo;un projet de loi de finances rectificative \u00e0 l&rsquo;Assembl\u00e9e nationale.<\/p>\n\n\n\n<figure class=\"wp-block-image size-large\"><img loading=\"lazy\" decoding=\"async\" width=\"1024\" height=\"212\" src=\"https:\/\/macite.tg\/wp-content\/uploads\/2023\/05\/IMG-20230514-WA00962-1-1024x212.jpg\" alt=\"\" class=\"wp-image-5687\" srcset=\"https:\/\/macite.tg\/wp-content\/uploads\/2023\/05\/IMG-20230514-WA00962-1-1024x212.jpg 1024w, https:\/\/macite.tg\/wp-content\/uploads\/2023\/05\/IMG-20230514-WA00962-1-300x62.jpg 300w, https:\/\/macite.tg\/wp-content\/uploads\/2023\/05\/IMG-20230514-WA00962-1-768x159.jpg 768w, https:\/\/macite.tg\/wp-content\/uploads\/2023\/05\/IMG-20230514-WA00962-1-1536x318.jpg 1536w, https:\/\/macite.tg\/wp-content\/uploads\/2023\/05\/IMG-20230514-WA00962-1.jpg 1600w\" sizes=\"auto, (max-width: 1024px) 100vw, 1024px\" \/><\/figure>\n\n\n\n<p class=\"wp-block-paragraph\">Le conseil a salu\u00e9 les performances et la r\u00e9silience de l&rsquo;\u00e9conomie togolaise gr\u00e2ce aux r\u00e9formes structurelles conduites sous la tr\u00e8s haute impulsion du Pr\u00e9sident de la R\u00e9publique, Faure Gnassingb\u00e9, et a encourag\u00e9 les membres du gouvernement \u00e0 se mobiliser pour poursuivre les projets et programmes dont les ressources sont d\u00e9j\u00e0 disponibles, afin de continuer \u00e0 r\u00e9pondre aux besoins du pays.<\/p>\n\n\n\n<p class=\"wp-block-paragraph\"><strong>(In LE MEDIUM n\u00b0555 du 30 Mai au 05 Juin 2023)<\/strong><\/p>\n\n\n\n<p class=\"wp-block-paragraph\"><strong><em>@macite.tg&nbsp;&nbsp;&nbsp;&nbsp;&nbsp;&nbsp;&nbsp;&nbsp;<\/em><\/strong><\/p>\n\n\n\n<p class=\"wp-block-paragraph\"><strong><em>E-mail&nbsp;: <\/em><\/strong><a href=\"mailto:maciteinfo@gmail.com\"><strong><em>maciteinfo@gmail.com<\/em><\/strong><\/a><strong><em>; <\/em><\/strong><a href=\"mailto:bawela1@gmail.com\"><strong><em>bawela1@gmail.com<\/em><\/strong><\/a><strong><em><\/em><\/strong><\/p>\n\n\n\n<p class=\"wp-block-paragraph\"><strong><em>Pour vos annonces, (publi)reportages, etc., joignez nous au (00228)91515309\/<strong>79872224 <\/strong>www.macite.tg, L\u2019information, la bonne&nbsp;!<\/em><\/strong><\/p>\n","protected":false},"excerpt":{"rendered":"<p class=\"text-justify mb-2\" >En conseil des ministres, la situation \u00e9conomique et financi\u00e8re et le financement de l&rsquo;\u00e9conomie \u00e0 fin d\u00e9cembre 2022 et au premier trimestre 2023 du Togo a fait l&rsquo;objet d&rsquo;une communication du ministre de l&rsquo;\u00e9conomie et des finances. Selon lui, Le contexte \u00e9conomique mondial en 2022 [&hellip;]<\/p>\n","protected":false},"author":2,"featured_media":5858,"comment_status":"open","ping_status":"open","sticky":false,"template":"","format":"standard","meta":{"footnotes":""},"categories":[20,3],"tags":[],"class_list":["post-5856","post","type-post","status-publish","format-standard","has-post-thumbnail","hentry","category-actualite","category-economie"],"yoast_head":"<!-- This site is optimized with the Yoast SEO plugin v28.4 - https:\/\/yoast.com\/product\/yoast-seo-wordpress\/ -->\n<title>\u00c9CONOMIE : Une Loi de finances rectificative envisag\u00e9e... -<\/title>\n<meta name=\"robots\" content=\"index, follow, max-snippet:-1, max-image-preview:large, max-video-preview:-1\" \/>\n<link rel=\"canonical\" href=\"https:\/\/macite.tg\/?p=5856\" \/>\n<meta property=\"og:locale\" content=\"fr_FR\" \/>\n<meta property=\"og:type\" content=\"article\" \/>\n<meta property=\"og:title\" content=\"\u00c9CONOMIE : Une Loi de finances rectificative envisag\u00e9e... -\" \/>\n<meta property=\"og:description\" content=\"En conseil des ministres, la situation \u00e9conomique et financi\u00e8re et le financement de l&rsquo;\u00e9conomie \u00e0 fin d\u00e9cembre 2022 et au premier trimestre 2023 du Togo a fait l&rsquo;objet d&rsquo;une communication du ministre de l&rsquo;\u00e9conomie et des finances. Selon lui, Le contexte \u00e9conomique mondial en 2022 [&hellip;]\" \/>\n<meta property=\"og:url\" content=\"https:\/\/macite.tg\/?p=5856\" \/>\n<meta property=\"article:published_time\" content=\"2023-05-30T08:32:40+00:00\" \/>\n<meta property=\"article:modified_time\" content=\"2023-05-30T08:32:53+00:00\" \/>\n<meta property=\"og:image\" content=\"https:\/\/macite.tg\/wp-content\/uploads\/2023\/05\/Loi-de-finances.png\" \/>\n\t<meta property=\"og:image:width\" content=\"267\" \/>\n\t<meta property=\"og:image:height\" content=\"189\" \/>\n\t<meta property=\"og:image:type\" content=\"image\/png\" \/>\n<meta name=\"author\" content=\"Jean Pierre BAWELA\" \/>\n<meta name=\"twitter:card\" content=\"summary_large_image\" \/>\n<meta name=\"twitter:label1\" content=\"\u00c9crit par\" \/>\n\t<meta name=\"twitter:data1\" content=\"Jean Pierre BAWELA\" \/>\n\t<meta name=\"twitter:label2\" content=\"Dur\u00e9e de lecture estim\u00e9e\" \/>\n\t<meta name=\"twitter:data2\" content=\"2 minutes\" \/>\n<script type=\"application\/ld+json\" class=\"yoast-schema-graph\">{\"@context\":\"https:\\\/\\\/schema.org\",\"@graph\":[{\"@type\":\"Article\",\"@id\":\"https:\\\/\\\/macite.tg\\\/?p=5856#article\",\"isPartOf\":{\"@id\":\"https:\\\/\\\/macite.tg\\\/?p=5856\"},\"author\":{\"name\":\"Jean Pierre BAWELA\",\"@id\":\"https:\\\/\\\/macite.tg\\\/#\\\/schema\\\/person\\\/e9f2de7e5dbbe7770a9402c7ce82f5c2\"},\"headline\":\"\u00c9CONOMIE : Une Loi de finances rectificative envisag\u00e9e&#8230;\",\"datePublished\":\"2023-05-30T08:32:40+00:00\",\"dateModified\":\"2023-05-30T08:32:53+00:00\",\"mainEntityOfPage\":{\"@id\":\"https:\\\/\\\/macite.tg\\\/?p=5856\"},\"wordCount\":500,\"commentCount\":0,\"image\":{\"@id\":\"https:\\\/\\\/macite.tg\\\/?p=5856#primaryimage\"},\"thumbnailUrl\":\"https:\\\/\\\/macite.tg\\\/wp-content\\\/uploads\\\/2023\\\/05\\\/Loi-de-finances.png\",\"articleSection\":[\"ACTUALITE\",\"ECONOMIE\"],\"inLanguage\":\"fr-FR\",\"potentialAction\":[{\"@type\":\"CommentAction\",\"name\":\"Comment\",\"target\":[\"https:\\\/\\\/macite.tg\\\/?p=5856#respond\"]}]},{\"@type\":\"WebPage\",\"@id\":\"https:\\\/\\\/macite.tg\\\/?p=5856\",\"url\":\"https:\\\/\\\/macite.tg\\\/?p=5856\",\"name\":\"\u00c9CONOMIE : Une Loi de finances rectificative envisag\u00e9e... -\",\"isPartOf\":{\"@id\":\"https:\\\/\\\/macite.tg\\\/#website\"},\"primaryImageOfPage\":{\"@id\":\"https:\\\/\\\/macite.tg\\\/?p=5856#primaryimage\"},\"image\":{\"@id\":\"https:\\\/\\\/macite.tg\\\/?p=5856#primaryimage\"},\"thumbnailUrl\":\"https:\\\/\\\/macite.tg\\\/wp-content\\\/uploads\\\/2023\\\/05\\\/Loi-de-finances.png\",\"datePublished\":\"2023-05-30T08:32:40+00:00\",\"dateModified\":\"2023-05-30T08:32:53+00:00\",\"author\":{\"@id\":\"https:\\\/\\\/macite.tg\\\/#\\\/schema\\\/person\\\/e9f2de7e5dbbe7770a9402c7ce82f5c2\"},\"breadcrumb\":{\"@id\":\"https:\\\/\\\/macite.tg\\\/?p=5856#breadcrumb\"},\"inLanguage\":\"fr-FR\",\"potentialAction\":[{\"@type\":\"ReadAction\",\"target\":[\"https:\\\/\\\/macite.tg\\\/?p=5856\"]}]},{\"@type\":\"ImageObject\",\"inLanguage\":\"fr-FR\",\"@id\":\"https:\\\/\\\/macite.tg\\\/?p=5856#primaryimage\",\"url\":\"https:\\\/\\\/macite.tg\\\/wp-content\\\/uploads\\\/2023\\\/05\\\/Loi-de-finances.png\",\"contentUrl\":\"https:\\\/\\\/macite.tg\\\/wp-content\\\/uploads\\\/2023\\\/05\\\/Loi-de-finances.png\",\"width\":267,\"height\":189},{\"@type\":\"BreadcrumbList\",\"@id\":\"https:\\\/\\\/macite.tg\\\/?p=5856#breadcrumb\",\"itemListElement\":[{\"@type\":\"ListItem\",\"position\":1,\"name\":\"Accueil\",\"item\":\"https:\\\/\\\/macite.tg\\\/\"},{\"@type\":\"ListItem\",\"position\":2,\"name\":\"\u00c9CONOMIE : Une Loi de finances rectificative envisag\u00e9e&#8230;\"}]},{\"@type\":\"WebSite\",\"@id\":\"https:\\\/\\\/macite.tg\\\/#website\",\"url\":\"https:\\\/\\\/macite.tg\\\/\",\"name\":\"\",\"description\":\"L&#039;information, la bonne!!!\",\"potentialAction\":[{\"@type\":\"SearchAction\",\"target\":{\"@type\":\"EntryPoint\",\"urlTemplate\":\"https:\\\/\\\/macite.tg\\\/?s={search_term_string}\"},\"query-input\":{\"@type\":\"PropertyValueSpecification\",\"valueRequired\":true,\"valueName\":\"search_term_string\"}}],\"inLanguage\":\"fr-FR\"},{\"@type\":\"Person\",\"@id\":\"https:\\\/\\\/macite.tg\\\/#\\\/schema\\\/person\\\/e9f2de7e5dbbe7770a9402c7ce82f5c2\",\"name\":\"Jean Pierre BAWELA\",\"image\":{\"@type\":\"ImageObject\",\"inLanguage\":\"fr-FR\",\"@id\":\"https:\\\/\\\/macite.tg\\\/wp-content\\\/uploads\\\/2023\\\/09\\\/WhatsApp-Image-2023-09-19-at-14.44.41-122x122.jpeg\",\"url\":\"https:\\\/\\\/macite.tg\\\/wp-content\\\/uploads\\\/2023\\\/09\\\/WhatsApp-Image-2023-09-19-at-14.44.41-122x122.jpeg\",\"contentUrl\":\"https:\\\/\\\/macite.tg\\\/wp-content\\\/uploads\\\/2023\\\/09\\\/WhatsApp-Image-2023-09-19-at-14.44.41-122x122.jpeg\",\"caption\":\"Jean Pierre BAWELA\"},\"url\":\"https:\\\/\\\/macite.tg\\\/?author=2\"}]}<\/script>\n<!-- \/ Yoast SEO plugin. -->","yoast_head_json":{"title":"\u00c9CONOMIE : Une Loi de finances rectificative envisag\u00e9e... -","robots":{"index":"index","follow":"follow","max-snippet":"max-snippet:-1","max-image-preview":"max-image-preview:large","max-video-preview":"max-video-preview:-1"},"canonical":"https:\/\/macite.tg\/?p=5856","og_locale":"fr_FR","og_type":"article","og_title":"\u00c9CONOMIE : Une Loi de finances rectificative envisag\u00e9e... -","og_description":"En conseil des ministres, la situation \u00e9conomique et financi\u00e8re et le financement de l&rsquo;\u00e9conomie \u00e0 fin d\u00e9cembre 2022 et au premier trimestre 2023 du Togo a fait l&rsquo;objet d&rsquo;une communication du ministre de l&rsquo;\u00e9conomie et des finances. Selon lui, Le contexte \u00e9conomique mondial en 2022 [&hellip;]","og_url":"https:\/\/macite.tg\/?p=5856","article_published_time":"2023-05-30T08:32:40+00:00","article_modified_time":"2023-05-30T08:32:53+00:00","og_image":[{"width":267,"height":189,"url":"https:\/\/macite.tg\/wp-content\/uploads\/2023\/05\/Loi-de-finances.png","type":"image\/png"}],"author":"Jean Pierre BAWELA","twitter_card":"summary_large_image","twitter_misc":{"\u00c9crit par":"Jean Pierre BAWELA","Dur\u00e9e de lecture estim\u00e9e":"2 minutes"},"schema":{"@context":"https:\/\/schema.org","@graph":[{"@type":"Article","@id":"https:\/\/macite.tg\/?p=5856#article","isPartOf":{"@id":"https:\/\/macite.tg\/?p=5856"},"author":{"name":"Jean Pierre BAWELA","@id":"https:\/\/macite.tg\/#\/schema\/person\/e9f2de7e5dbbe7770a9402c7ce82f5c2"},"headline":"\u00c9CONOMIE : Une Loi de finances rectificative envisag\u00e9e&#8230;","datePublished":"2023-05-30T08:32:40+00:00","dateModified":"2023-05-30T08:32:53+00:00","mainEntityOfPage":{"@id":"https:\/\/macite.tg\/?p=5856"},"wordCount":500,"commentCount":0,"image":{"@id":"https:\/\/macite.tg\/?p=5856#primaryimage"},"thumbnailUrl":"https:\/\/macite.tg\/wp-content\/uploads\/2023\/05\/Loi-de-finances.png","articleSection":["ACTUALITE","ECONOMIE"],"inLanguage":"fr-FR","potentialAction":[{"@type":"CommentAction","name":"Comment","target":["https:\/\/macite.tg\/?p=5856#respond"]}]},{"@type":"WebPage","@id":"https:\/\/macite.tg\/?p=5856","url":"https:\/\/macite.tg\/?p=5856","name":"\u00c9CONOMIE : Une Loi de finances rectificative envisag\u00e9e... -","isPartOf":{"@id":"https:\/\/macite.tg\/#website"},"primaryImageOfPage":{"@id":"https:\/\/macite.tg\/?p=5856#primaryimage"},"image":{"@id":"https:\/\/macite.tg\/?p=5856#primaryimage"},"thumbnailUrl":"https:\/\/macite.tg\/wp-content\/uploads\/2023\/05\/Loi-de-finances.png","datePublished":"2023-05-30T08:32:40+00:00","dateModified":"2023-05-30T08:32:53+00:00","author":{"@id":"https:\/\/macite.tg\/#\/schema\/person\/e9f2de7e5dbbe7770a9402c7ce82f5c2"},"breadcrumb":{"@id":"https:\/\/macite.tg\/?p=5856#breadcrumb"},"inLanguage":"fr-FR","potentialAction":[{"@type":"ReadAction","target":["https:\/\/macite.tg\/?p=5856"]}]},{"@type":"ImageObject","inLanguage":"fr-FR","@id":"https:\/\/macite.tg\/?p=5856#primaryimage","url":"https:\/\/macite.tg\/wp-content\/uploads\/2023\/05\/Loi-de-finances.png","contentUrl":"https:\/\/macite.tg\/wp-content\/uploads\/2023\/05\/Loi-de-finances.png","width":267,"height":189},{"@type":"BreadcrumbList","@id":"https:\/\/macite.tg\/?p=5856#breadcrumb","itemListElement":[{"@type":"ListItem","position":1,"name":"Accueil","item":"https:\/\/macite.tg\/"},{"@type":"ListItem","position":2,"name":"\u00c9CONOMIE : Une Loi de finances rectificative envisag\u00e9e&#8230;"}]},{"@type":"WebSite","@id":"https:\/\/macite.tg\/#website","url":"https:\/\/macite.tg\/","name":"","description":"L&#039;information, la bonne!!!","potentialAction":[{"@type":"SearchAction","target":{"@type":"EntryPoint","urlTemplate":"https:\/\/macite.tg\/?s={search_term_string}"},"query-input":{"@type":"PropertyValueSpecification","valueRequired":true,"valueName":"search_term_string"}}],"inLanguage":"fr-FR"},{"@type":"Person","@id":"https:\/\/macite.tg\/#\/schema\/person\/e9f2de7e5dbbe7770a9402c7ce82f5c2","name":"Jean Pierre BAWELA","image":{"@type":"ImageObject","inLanguage":"fr-FR","@id":"https:\/\/macite.tg\/wp-content\/uploads\/2023\/09\/WhatsApp-Image-2023-09-19-at-14.44.41-122x122.jpeg","url":"https:\/\/macite.tg\/wp-content\/uploads\/2023\/09\/WhatsApp-Image-2023-09-19-at-14.44.41-122x122.jpeg","contentUrl":"https:\/\/macite.tg\/wp-content\/uploads\/2023\/09\/WhatsApp-Image-2023-09-19-at-14.44.41-122x122.jpeg","caption":"Jean Pierre BAWELA"},"url":"https:\/\/macite.tg\/?author=2"}]}},"_links":{"self":[{"href":"https:\/\/macite.tg\/index.php?rest_route=\/wp\/v2\/posts\/5856","targetHints":{"allow":["GET"]}}],"collection":[{"href":"https:\/\/macite.tg\/index.php?rest_route=\/wp\/v2\/posts"}],"about":[{"href":"https:\/\/macite.tg\/index.php?rest_route=\/wp\/v2\/types\/post"}],"author":[{"embeddable":true,"href":"https:\/\/macite.tg\/index.php?rest_route=\/wp\/v2\/users\/2"}],"replies":[{"embeddable":true,"href":"https:\/\/macite.tg\/index.php?rest_route=%2Fwp%2Fv2%2Fcomments&post=5856"}],"version-history":[{"count":0,"href":"https:\/\/macite.tg\/index.php?rest_route=\/wp\/v2\/posts\/5856\/revisions"}],"wp:featuredmedia":[{"embeddable":true,"href":"https:\/\/macite.tg\/index.php?rest_route=\/wp\/v2\/media\/5858"}],"wp:attachment":[{"href":"https:\/\/macite.tg\/index.php?rest_route=%2Fwp%2Fv2%2Fmedia&parent=5856"}],"wp:term":[{"taxonomy":"category","embeddable":true,"href":"https:\/\/macite.tg\/index.php?rest_route=%2Fwp%2Fv2%2Fcategories&post=5856"},{"taxonomy":"post_tag","embeddable":true,"href":"https:\/\/macite.tg\/index.php?rest_route=%2Fwp%2Fv2%2Ftags&post=5856"}],"curies":[{"name":"wp","href":"https:\/\/api.w.org\/{rel}","templated":true}]}}