{"id":5838,"date":"2023-05-29T15:00:51","date_gmt":"2023-05-29T15:00:51","guid":{"rendered":"https:\/\/macite.tg\/?p=5838"},"modified":"2023-05-29T15:17:51","modified_gmt":"2023-05-29T15:17:51","slug":"investiture-du-president-nigerian-le-chef-de-letat-sest-envole-pour-abuja","status":"publish","type":"post","link":"https:\/\/macite.tg\/?p=5838","title":{"rendered":"INVESTITURE DU NOUVEAU PR\u00c9SIDENT NIG\u00c9RIAN\u00a0: Le chef de l\u2019\u00c9tat s\u2019est envol\u00e9 pour Abuja"},"content":{"rendered":"\n<p class=\"wp-block-paragraph\"><strong><em>C\u2019est aujourd\u2019hui l\u2019investiture du pr\u00e9sident nig\u00e9rian \u00e9lu, Bola Ahmed Tinubu. Le pr\u00e9sident togolais, tout comme ses pairs de la sous-r\u00e9gion, s\u2019est envol\u00e9 t\u00f4t ce matin pour rallier la capitale nig\u00e9riane, Abuja.<\/em><\/strong><\/p>\n\n\n\n<p class=\"wp-block-paragraph\">Le Pr\u00e9sident togolais, Faure Gnassingb\u00e9, et ses pairs de la sous-r\u00e9gion sont dans la capitale politique nig\u00e9riane, Abuju,&nbsp; pour assister \u00e0 la c\u00e9r\u00e9monie d\u2019investiture du pr\u00e9sident du Nigeria, Bola Ahmed Tinubu, \u00e9lu le 25 f\u00e9vrier dernier \u00e0 la magistrature du g\u00e9ant ouest- africain, apprend-on de sources officielles.<\/p>\n\n\n\n<figure class=\"wp-block-image size-large\"><img loading=\"lazy\" decoding=\"async\" width=\"1024\" height=\"212\" src=\"https:\/\/macite.tg\/wp-content\/uploads\/2023\/05\/IMG-20230514-WA00962-1-1024x212.jpg\" alt=\"\" class=\"wp-image-5687\" srcset=\"https:\/\/macite.tg\/wp-content\/uploads\/2023\/05\/IMG-20230514-WA00962-1-1024x212.jpg 1024w, https:\/\/macite.tg\/wp-content\/uploads\/2023\/05\/IMG-20230514-WA00962-1-300x62.jpg 300w, https:\/\/macite.tg\/wp-content\/uploads\/2023\/05\/IMG-20230514-WA00962-1-768x159.jpg 768w, https:\/\/macite.tg\/wp-content\/uploads\/2023\/05\/IMG-20230514-WA00962-1-1536x318.jpg 1536w, https:\/\/macite.tg\/wp-content\/uploads\/2023\/05\/IMG-20230514-WA00962-1.jpg 1600w\" sizes=\"auto, (max-width: 1024px) 100vw, 1024px\" \/><\/figure>\n\n\n\n<p class=\"wp-block-paragraph\">Cette c\u00e9r\u00e9monie d\u2019investiture sera suivie d\u2019une parades et d\u2019animations festives diverses en l\u2019honneur du nouveau pr\u00e9sident du Nigeria.<\/p>\n\n\n\n<p class=\"wp-block-paragraph\"><em>\u00ab&nbsp;<\/em><em>\u00c0 cette occasion, le chef de l\u2019\u00c9tat va r\u00e9it\u00e9rer \u00e0 son nouvel homologue nig\u00e9rian ses f\u00e9licitations et sa disponibilit\u00e9 \u00e0 poursuivre les relations de coop\u00e9ration entre Lom\u00e9 et Abuja, pour le renforcement de l\u2019int\u00e9gration sous r\u00e9gionale et la promotion de la paix et de la stabilit\u00e9&nbsp;\u2026\u00bb, <\/em>souligne un communiqu\u00e9 du gouvernement togolais.<\/p>\n\n\n\n<p class=\"wp-block-paragraph\"><strong>La R\u00e9daction<\/strong><\/p>\n\n\n\n<p class=\"wp-block-paragraph\"><strong><em>@macite.tg&nbsp;&nbsp;&nbsp;&nbsp;&nbsp;&nbsp;&nbsp;&nbsp;<\/em><\/strong><\/p>\n\n\n\n<p class=\"wp-block-paragraph\"><strong><em>E-mail&nbsp;: <\/em><\/strong><a href=\"mailto:maciteinfo@gmail.com\"><strong><em>maciteinfo@gmail.com<\/em><\/strong><\/a><strong><em>; <\/em><\/strong><a href=\"mailto:bawela1@gmail.com\"><strong><em>bawela1@gmail.com<\/em><\/strong><\/a><strong><em><\/em><\/strong><\/p>\n\n\n\n<p class=\"wp-block-paragraph\"><strong><em>Pour vos annonces, (publi)reportages, etc., joignez nous au (00228)91515309\/<strong>79872224 <\/strong>www.macite.tg, L\u2019information, la bonne&nbsp;!<\/em><\/strong><\/p>\n","protected":false},"excerpt":{"rendered":"<p class=\"text-justify mb-2\" >C\u2019est aujourd\u2019hui l\u2019investiture du pr\u00e9sident nig\u00e9rian \u00e9lu, Bola Ahmed Tinubu. Le pr\u00e9sident togolais, tout comme ses pairs de la sous-r\u00e9gion, s\u2019est envol\u00e9 t\u00f4t ce matin pour rallier la capitale nig\u00e9riane, Abuja. Le Pr\u00e9sident togolais, Faure Gnassingb\u00e9, et ses pairs de la sous-r\u00e9gion sont dans la [&hellip;]<\/p>\n","protected":false},"author":2,"featured_media":5843,"comment_status":"open","ping_status":"open","sticky":false,"template":"","format":"standard","meta":{"footnotes":""},"categories":[20,1],"tags":[],"class_list":["post-5838","post","type-post","status-publish","format-standard","has-post-thumbnail","hentry","category-actualite","category-politique"],"yoast_head":"<!-- This site is optimized with the Yoast SEO plugin v28.4 - https:\/\/yoast.com\/product\/yoast-seo-wordpress\/ -->\n<title>INVESTITURE DU NOUVEAU PR\u00c9SIDENT NIG\u00c9RIAN\u00a0: Le chef de l\u2019\u00c9tat s\u2019est envol\u00e9 pour Abuja -<\/title>\n<meta name=\"robots\" content=\"index, follow, max-snippet:-1, max-image-preview:large, max-video-preview:-1\" \/>\n<link rel=\"canonical\" href=\"https:\/\/macite.tg\/?p=5838\" \/>\n<meta property=\"og:locale\" content=\"fr_FR\" \/>\n<meta property=\"og:type\" content=\"article\" \/>\n<meta property=\"og:title\" content=\"INVESTITURE DU NOUVEAU PR\u00c9SIDENT NIG\u00c9RIAN\u00a0: Le chef de l\u2019\u00c9tat s\u2019est envol\u00e9 pour Abuja -\" \/>\n<meta property=\"og:description\" content=\"C\u2019est aujourd\u2019hui l\u2019investiture du pr\u00e9sident nig\u00e9rian \u00e9lu, Bola Ahmed Tinubu. Le pr\u00e9sident togolais, tout comme ses pairs de la sous-r\u00e9gion, s\u2019est envol\u00e9 t\u00f4t ce matin pour rallier la capitale nig\u00e9riane, Abuja. Le Pr\u00e9sident togolais, Faure Gnassingb\u00e9, et ses pairs de la sous-r\u00e9gion sont dans la [&hellip;]\" \/>\n<meta property=\"og:url\" content=\"https:\/\/macite.tg\/?p=5838\" \/>\n<meta property=\"article:published_time\" content=\"2023-05-29T15:00:51+00:00\" \/>\n<meta property=\"article:modified_time\" content=\"2023-05-29T15:17:51+00:00\" \/>\n<meta property=\"og:image\" content=\"https:\/\/macite.tg\/wp-content\/uploads\/2023\/05\/AFEG.jpg\" \/>\n\t<meta property=\"og:image:width\" content=\"275\" \/>\n\t<meta property=\"og:image:height\" content=\"183\" \/>\n\t<meta property=\"og:image:type\" content=\"image\/jpeg\" \/>\n<meta name=\"author\" content=\"Jean Pierre BAWELA\" \/>\n<meta name=\"twitter:card\" content=\"summary_large_image\" \/>\n<meta name=\"twitter:label1\" content=\"\u00c9crit par\" \/>\n\t<meta name=\"twitter:data1\" content=\"Jean Pierre BAWELA\" \/>\n\t<meta name=\"twitter:label2\" content=\"Dur\u00e9e de lecture estim\u00e9e\" \/>\n\t<meta name=\"twitter:data2\" content=\"1 minute\" \/>\n<script type=\"application\/ld+json\" class=\"yoast-schema-graph\">{\"@context\":\"https:\\\/\\\/schema.org\",\"@graph\":[{\"@type\":\"Article\",\"@id\":\"https:\\\/\\\/macite.tg\\\/?p=5838#article\",\"isPartOf\":{\"@id\":\"https:\\\/\\\/macite.tg\\\/?p=5838\"},\"author\":{\"name\":\"Jean Pierre BAWELA\",\"@id\":\"https:\\\/\\\/macite.tg\\\/#\\\/schema\\\/person\\\/e9f2de7e5dbbe7770a9402c7ce82f5c2\"},\"headline\":\"INVESTITURE DU NOUVEAU PR\u00c9SIDENT NIG\u00c9RIAN\u00a0: Le chef de l\u2019\u00c9tat s\u2019est envol\u00e9 pour Abuja\",\"datePublished\":\"2023-05-29T15:00:51+00:00\",\"dateModified\":\"2023-05-29T15:17:51+00:00\",\"mainEntityOfPage\":{\"@id\":\"https:\\\/\\\/macite.tg\\\/?p=5838\"},\"wordCount\":235,\"commentCount\":0,\"image\":{\"@id\":\"https:\\\/\\\/macite.tg\\\/?p=5838#primaryimage\"},\"thumbnailUrl\":\"https:\\\/\\\/macite.tg\\\/wp-content\\\/uploads\\\/2023\\\/05\\\/AFEG.jpg\",\"articleSection\":[\"ACTUALITE\",\"POLITIQUE\"],\"inLanguage\":\"fr-FR\",\"potentialAction\":[{\"@type\":\"CommentAction\",\"name\":\"Comment\",\"target\":[\"https:\\\/\\\/macite.tg\\\/?p=5838#respond\"]}]},{\"@type\":\"WebPage\",\"@id\":\"https:\\\/\\\/macite.tg\\\/?p=5838\",\"url\":\"https:\\\/\\\/macite.tg\\\/?p=5838\",\"name\":\"INVESTITURE DU NOUVEAU PR\u00c9SIDENT NIG\u00c9RIAN\u00a0: Le chef de l\u2019\u00c9tat s\u2019est envol\u00e9 pour Abuja -\",\"isPartOf\":{\"@id\":\"https:\\\/\\\/macite.tg\\\/#website\"},\"primaryImageOfPage\":{\"@id\":\"https:\\\/\\\/macite.tg\\\/?p=5838#primaryimage\"},\"image\":{\"@id\":\"https:\\\/\\\/macite.tg\\\/?p=5838#primaryimage\"},\"thumbnailUrl\":\"https:\\\/\\\/macite.tg\\\/wp-content\\\/uploads\\\/2023\\\/05\\\/AFEG.jpg\",\"datePublished\":\"2023-05-29T15:00:51+00:00\",\"dateModified\":\"2023-05-29T15:17:51+00:00\",\"author\":{\"@id\":\"https:\\\/\\\/macite.tg\\\/#\\\/schema\\\/person\\\/e9f2de7e5dbbe7770a9402c7ce82f5c2\"},\"breadcrumb\":{\"@id\":\"https:\\\/\\\/macite.tg\\\/?p=5838#breadcrumb\"},\"inLanguage\":\"fr-FR\",\"potentialAction\":[{\"@type\":\"ReadAction\",\"target\":[\"https:\\\/\\\/macite.tg\\\/?p=5838\"]}]},{\"@type\":\"ImageObject\",\"inLanguage\":\"fr-FR\",\"@id\":\"https:\\\/\\\/macite.tg\\\/?p=5838#primaryimage\",\"url\":\"https:\\\/\\\/macite.tg\\\/wp-content\\\/uploads\\\/2023\\\/05\\\/AFEG.jpg\",\"contentUrl\":\"https:\\\/\\\/macite.tg\\\/wp-content\\\/uploads\\\/2023\\\/05\\\/AFEG.jpg\",\"width\":275,\"height\":183},{\"@type\":\"BreadcrumbList\",\"@id\":\"https:\\\/\\\/macite.tg\\\/?p=5838#breadcrumb\",\"itemListElement\":[{\"@type\":\"ListItem\",\"position\":1,\"name\":\"Accueil\",\"item\":\"https:\\\/\\\/macite.tg\\\/\"},{\"@type\":\"ListItem\",\"position\":2,\"name\":\"INVESTITURE DU NOUVEAU PR\u00c9SIDENT NIG\u00c9RIAN\u00a0: Le chef de l\u2019\u00c9tat s\u2019est envol\u00e9 pour Abuja\"}]},{\"@type\":\"WebSite\",\"@id\":\"https:\\\/\\\/macite.tg\\\/#website\",\"url\":\"https:\\\/\\\/macite.tg\\\/\",\"name\":\"\",\"description\":\"L&#039;information, la bonne!!!\",\"potentialAction\":[{\"@type\":\"SearchAction\",\"target\":{\"@type\":\"EntryPoint\",\"urlTemplate\":\"https:\\\/\\\/macite.tg\\\/?s={search_term_string}\"},\"query-input\":{\"@type\":\"PropertyValueSpecification\",\"valueRequired\":true,\"valueName\":\"search_term_string\"}}],\"inLanguage\":\"fr-FR\"},{\"@type\":\"Person\",\"@id\":\"https:\\\/\\\/macite.tg\\\/#\\\/schema\\\/person\\\/e9f2de7e5dbbe7770a9402c7ce82f5c2\",\"name\":\"Jean Pierre BAWELA\",\"image\":{\"@type\":\"ImageObject\",\"inLanguage\":\"fr-FR\",\"@id\":\"https:\\\/\\\/macite.tg\\\/wp-content\\\/uploads\\\/2023\\\/09\\\/WhatsApp-Image-2023-09-19-at-14.44.41-122x122.jpeg\",\"url\":\"https:\\\/\\\/macite.tg\\\/wp-content\\\/uploads\\\/2023\\\/09\\\/WhatsApp-Image-2023-09-19-at-14.44.41-122x122.jpeg\",\"contentUrl\":\"https:\\\/\\\/macite.tg\\\/wp-content\\\/uploads\\\/2023\\\/09\\\/WhatsApp-Image-2023-09-19-at-14.44.41-122x122.jpeg\",\"caption\":\"Jean Pierre BAWELA\"},\"url\":\"https:\\\/\\\/macite.tg\\\/?author=2\"}]}<\/script>\n<!-- \/ Yoast SEO plugin. -->","yoast_head_json":{"title":"INVESTITURE DU NOUVEAU PR\u00c9SIDENT NIG\u00c9RIAN\u00a0: Le chef de l\u2019\u00c9tat s\u2019est envol\u00e9 pour Abuja -","robots":{"index":"index","follow":"follow","max-snippet":"max-snippet:-1","max-image-preview":"max-image-preview:large","max-video-preview":"max-video-preview:-1"},"canonical":"https:\/\/macite.tg\/?p=5838","og_locale":"fr_FR","og_type":"article","og_title":"INVESTITURE DU NOUVEAU PR\u00c9SIDENT NIG\u00c9RIAN\u00a0: Le chef de l\u2019\u00c9tat s\u2019est envol\u00e9 pour Abuja -","og_description":"C\u2019est aujourd\u2019hui l\u2019investiture du pr\u00e9sident nig\u00e9rian \u00e9lu, Bola Ahmed Tinubu. Le pr\u00e9sident togolais, tout comme ses pairs de la sous-r\u00e9gion, s\u2019est envol\u00e9 t\u00f4t ce matin pour rallier la capitale nig\u00e9riane, Abuja. Le Pr\u00e9sident togolais, Faure Gnassingb\u00e9, et ses pairs de la sous-r\u00e9gion sont dans la [&hellip;]","og_url":"https:\/\/macite.tg\/?p=5838","article_published_time":"2023-05-29T15:00:51+00:00","article_modified_time":"2023-05-29T15:17:51+00:00","og_image":[{"width":275,"height":183,"url":"https:\/\/macite.tg\/wp-content\/uploads\/2023\/05\/AFEG.jpg","type":"image\/jpeg"}],"author":"Jean Pierre BAWELA","twitter_card":"summary_large_image","twitter_misc":{"\u00c9crit par":"Jean Pierre BAWELA","Dur\u00e9e de lecture estim\u00e9e":"1 minute"},"schema":{"@context":"https:\/\/schema.org","@graph":[{"@type":"Article","@id":"https:\/\/macite.tg\/?p=5838#article","isPartOf":{"@id":"https:\/\/macite.tg\/?p=5838"},"author":{"name":"Jean Pierre BAWELA","@id":"https:\/\/macite.tg\/#\/schema\/person\/e9f2de7e5dbbe7770a9402c7ce82f5c2"},"headline":"INVESTITURE DU NOUVEAU PR\u00c9SIDENT NIG\u00c9RIAN\u00a0: Le chef de l\u2019\u00c9tat s\u2019est envol\u00e9 pour Abuja","datePublished":"2023-05-29T15:00:51+00:00","dateModified":"2023-05-29T15:17:51+00:00","mainEntityOfPage":{"@id":"https:\/\/macite.tg\/?p=5838"},"wordCount":235,"commentCount":0,"image":{"@id":"https:\/\/macite.tg\/?p=5838#primaryimage"},"thumbnailUrl":"https:\/\/macite.tg\/wp-content\/uploads\/2023\/05\/AFEG.jpg","articleSection":["ACTUALITE","POLITIQUE"],"inLanguage":"fr-FR","potentialAction":[{"@type":"CommentAction","name":"Comment","target":["https:\/\/macite.tg\/?p=5838#respond"]}]},{"@type":"WebPage","@id":"https:\/\/macite.tg\/?p=5838","url":"https:\/\/macite.tg\/?p=5838","name":"INVESTITURE DU NOUVEAU PR\u00c9SIDENT NIG\u00c9RIAN\u00a0: Le chef de l\u2019\u00c9tat s\u2019est envol\u00e9 pour Abuja -","isPartOf":{"@id":"https:\/\/macite.tg\/#website"},"primaryImageOfPage":{"@id":"https:\/\/macite.tg\/?p=5838#primaryimage"},"image":{"@id":"https:\/\/macite.tg\/?p=5838#primaryimage"},"thumbnailUrl":"https:\/\/macite.tg\/wp-content\/uploads\/2023\/05\/AFEG.jpg","datePublished":"2023-05-29T15:00:51+00:00","dateModified":"2023-05-29T15:17:51+00:00","author":{"@id":"https:\/\/macite.tg\/#\/schema\/person\/e9f2de7e5dbbe7770a9402c7ce82f5c2"},"breadcrumb":{"@id":"https:\/\/macite.tg\/?p=5838#breadcrumb"},"inLanguage":"fr-FR","potentialAction":[{"@type":"ReadAction","target":["https:\/\/macite.tg\/?p=5838"]}]},{"@type":"ImageObject","inLanguage":"fr-FR","@id":"https:\/\/macite.tg\/?p=5838#primaryimage","url":"https:\/\/macite.tg\/wp-content\/uploads\/2023\/05\/AFEG.jpg","contentUrl":"https:\/\/macite.tg\/wp-content\/uploads\/2023\/05\/AFEG.jpg","width":275,"height":183},{"@type":"BreadcrumbList","@id":"https:\/\/macite.tg\/?p=5838#breadcrumb","itemListElement":[{"@type":"ListItem","position":1,"name":"Accueil","item":"https:\/\/macite.tg\/"},{"@type":"ListItem","position":2,"name":"INVESTITURE DU NOUVEAU PR\u00c9SIDENT NIG\u00c9RIAN\u00a0: Le chef de l\u2019\u00c9tat s\u2019est envol\u00e9 pour Abuja"}]},{"@type":"WebSite","@id":"https:\/\/macite.tg\/#website","url":"https:\/\/macite.tg\/","name":"","description":"L&#039;information, la bonne!!!","potentialAction":[{"@type":"SearchAction","target":{"@type":"EntryPoint","urlTemplate":"https:\/\/macite.tg\/?s={search_term_string}"},"query-input":{"@type":"PropertyValueSpecification","valueRequired":true,"valueName":"search_term_string"}}],"inLanguage":"fr-FR"},{"@type":"Person","@id":"https:\/\/macite.tg\/#\/schema\/person\/e9f2de7e5dbbe7770a9402c7ce82f5c2","name":"Jean Pierre BAWELA","image":{"@type":"ImageObject","inLanguage":"fr-FR","@id":"https:\/\/macite.tg\/wp-content\/uploads\/2023\/09\/WhatsApp-Image-2023-09-19-at-14.44.41-122x122.jpeg","url":"https:\/\/macite.tg\/wp-content\/uploads\/2023\/09\/WhatsApp-Image-2023-09-19-at-14.44.41-122x122.jpeg","contentUrl":"https:\/\/macite.tg\/wp-content\/uploads\/2023\/09\/WhatsApp-Image-2023-09-19-at-14.44.41-122x122.jpeg","caption":"Jean Pierre BAWELA"},"url":"https:\/\/macite.tg\/?author=2"}]}},"_links":{"self":[{"href":"https:\/\/macite.tg\/index.php?rest_route=\/wp\/v2\/posts\/5838","targetHints":{"allow":["GET"]}}],"collection":[{"href":"https:\/\/macite.tg\/index.php?rest_route=\/wp\/v2\/posts"}],"about":[{"href":"https:\/\/macite.tg\/index.php?rest_route=\/wp\/v2\/types\/post"}],"author":[{"embeddable":true,"href":"https:\/\/macite.tg\/index.php?rest_route=\/wp\/v2\/users\/2"}],"replies":[{"embeddable":true,"href":"https:\/\/macite.tg\/index.php?rest_route=%2Fwp%2Fv2%2Fcomments&post=5838"}],"version-history":[{"count":0,"href":"https:\/\/macite.tg\/index.php?rest_route=\/wp\/v2\/posts\/5838\/revisions"}],"wp:featuredmedia":[{"embeddable":true,"href":"https:\/\/macite.tg\/index.php?rest_route=\/wp\/v2\/media\/5843"}],"wp:attachment":[{"href":"https:\/\/macite.tg\/index.php?rest_route=%2Fwp%2Fv2%2Fmedia&parent=5838"}],"wp:term":[{"taxonomy":"category","embeddable":true,"href":"https:\/\/macite.tg\/index.php?rest_route=%2Fwp%2Fv2%2Fcategories&post=5838"},{"taxonomy":"post_tag","embeddable":true,"href":"https:\/\/macite.tg\/index.php?rest_route=%2Fwp%2Fv2%2Ftags&post=5838"}],"curies":[{"name":"wp","href":"https:\/\/api.w.org\/{rel}","templated":true}]}}