{"id":5837,"date":"2023-05-29T14:25:59","date_gmt":"2023-05-29T14:25:59","guid":{"rendered":"https:\/\/macite.tg\/?p=5837"},"modified":"2023-05-29T14:26:11","modified_gmt":"2023-05-29T14:26:11","slug":"reelection-de-recep-erdogan-le-president-faure-gnassingbe-felicite-le-dirigeant-turc","status":"publish","type":"post","link":"https:\/\/macite.tg\/?p=5837","title":{"rendered":"R\u00c9\u00c9LECTION DE RECEP ERDOGAN : Le Pr\u00e9sident Faure Gnassingb\u00e9 f\u00e9licite le dirigeant turc"},"content":{"rendered":"\n<p class=\"wp-block-paragraph\"><strong><em>Le chef de l\u2019\u00c9tat turc sortant, Recep Tayyip Erdogan est arriv\u00e9 en t\u00eate du second tour de l\u2019\u00e9lection pr\u00e9sidentielle en Turquie avec 52,16% des suffrages, contre 47,84% pour son principal adversaire, selon les r\u00e9sultats provisoires proclam\u00e9s par le Hat comit\u00e9 \u00e9lectoral.<\/em><\/strong><\/p>\n\n\n\n<p class=\"wp-block-paragraph\">Le pr\u00e9sident turc, Recep Tayyip Erdo\u011fan, a \u00e9t\u00e9 r\u00e9\u00e9lu ce dimanche \u00e0 l\u2019issue du second tour de la pr\u00e9sidentielle. Le pr\u00e9sident sortant a obtenu 52,16% des suffrages, contre 47,84% pour son adversaire, a indiqu\u00e9 le Haut comit\u00e9 \u00e9lectoral.<\/p>\n\n\n\n<p class=\"wp-block-paragraph\">D\u00e9j\u00e0 ce lundi 29 mai, des messages de f\u00e9licitation fusent de partout pour f\u00e9liciter le leader turc pour sa r\u00e9\u00e9lection.<\/p>\n\n\n\n<figure class=\"wp-block-image size-large\"><img loading=\"lazy\" decoding=\"async\" width=\"1024\" height=\"212\" src=\"https:\/\/macite.tg\/wp-content\/uploads\/2023\/05\/IMG-20230514-WA00962-1-1024x212.jpg\" alt=\"\" class=\"wp-image-5687\" srcset=\"https:\/\/macite.tg\/wp-content\/uploads\/2023\/05\/IMG-20230514-WA00962-1-1024x212.jpg 1024w, https:\/\/macite.tg\/wp-content\/uploads\/2023\/05\/IMG-20230514-WA00962-1-300x62.jpg 300w, https:\/\/macite.tg\/wp-content\/uploads\/2023\/05\/IMG-20230514-WA00962-1-768x159.jpg 768w, https:\/\/macite.tg\/wp-content\/uploads\/2023\/05\/IMG-20230514-WA00962-1-1536x318.jpg 1536w, https:\/\/macite.tg\/wp-content\/uploads\/2023\/05\/IMG-20230514-WA00962-1.jpg 1600w\" sizes=\"auto, (max-width: 1024px) 100vw, 1024px\" \/><\/figure>\n\n\n\n<p class=\"wp-block-paragraph\"><em>\u00ab&nbsp;<\/em><em>Je f\u00e9licite chaleureusement le Pr\u00e9sident Recep Tayyip Erdo\u011fan pour sa brillante r\u00e9\u00e9lection&nbsp;\u00bb,<\/em> a \u00e9crit le num\u00e9ro 1 togolais, Faure Gnassingb\u00e9, avant de poursuivre&nbsp;<em>: \u00ab&nbsp;En continuant de cultiver l\u2019amiti\u00e9 entre nos peuples, nous travaillerons de concert au renforcement des relations de coop\u00e9ration entre le Togo et la Turquie et \u00e0 la diversification de nos \u00e9changes&nbsp;\u00bb<\/em>.<\/p>\n\n\n\n<p class=\"wp-block-paragraph\">Notons que les deux pays entretiennent de bonnes relations de coop\u00e9ration qui se sont raffermies ces derni\u00e8res ann\u00e9es avec m\u00eame l\u2019ouverture d\u2019une ambassade turque dans la capitale togolaise.<\/p>\n\n\n\n<p class=\"wp-block-paragraph\"><strong>La R\u00e9daction<\/strong><\/p>\n\n\n\n<p class=\"wp-block-paragraph\"><strong><em>@macite.tg&nbsp;&nbsp;&nbsp;&nbsp;&nbsp;&nbsp;&nbsp;&nbsp;<\/em><\/strong><\/p>\n\n\n\n<p class=\"wp-block-paragraph\"><strong><em>E-mail&nbsp;: <\/em><\/strong><a href=\"mailto:maciteinfo@gmail.com\"><strong><em>maciteinfo@gmail.com<\/em><\/strong><\/a><strong><em>; <\/em><\/strong><a href=\"mailto:bawela1@gmail.com\"><strong><em>bawela1@gmail.com<\/em><\/strong><\/a><strong><em><\/em><\/strong><\/p>\n\n\n\n<p class=\"wp-block-paragraph\"><strong><em>Pour vos annonces, (publi)reportages, etc., joignez nous au (00228)91515309\/<strong>79872224 <\/strong>www.macite.tg, L\u2019information, la bonne&nbsp;!<\/em><\/strong><\/p>\n","protected":false},"excerpt":{"rendered":"<p class=\"text-justify mb-2\" >Le chef de l\u2019\u00c9tat turc sortant, Recep Tayyip Erdogan est arriv\u00e9 en t\u00eate du second tour de l\u2019\u00e9lection pr\u00e9sidentielle en Turquie avec 52,16% des suffrages, contre 47,84% pour son principal adversaire, selon les r\u00e9sultats provisoires proclam\u00e9s par le Hat comit\u00e9 \u00e9lectoral. Le pr\u00e9sident turc, Recep [&hellip;]<\/p>\n","protected":false},"author":2,"featured_media":5841,"comment_status":"open","ping_status":"open","sticky":false,"template":"","format":"standard","meta":{"footnotes":""},"categories":[20,1],"tags":[],"class_list":["post-5837","post","type-post","status-publish","format-standard","has-post-thumbnail","hentry","category-actualite","category-politique"],"yoast_head":"<!-- This site is optimized with the Yoast SEO plugin v28.4 - https:\/\/yoast.com\/product\/yoast-seo-wordpress\/ -->\n<title>R\u00c9\u00c9LECTION DE RECEP ERDOGAN : Le Pr\u00e9sident Faure Gnassingb\u00e9 f\u00e9licite le dirigeant turc -<\/title>\n<meta name=\"robots\" content=\"index, follow, max-snippet:-1, max-image-preview:large, max-video-preview:-1\" \/>\n<link rel=\"canonical\" href=\"https:\/\/macite.tg\/?p=5837\" \/>\n<meta property=\"og:locale\" content=\"fr_FR\" \/>\n<meta property=\"og:type\" content=\"article\" \/>\n<meta property=\"og:title\" content=\"R\u00c9\u00c9LECTION DE RECEP ERDOGAN : Le Pr\u00e9sident Faure Gnassingb\u00e9 f\u00e9licite le dirigeant turc -\" \/>\n<meta property=\"og:description\" content=\"Le chef de l\u2019\u00c9tat turc sortant, Recep Tayyip Erdogan est arriv\u00e9 en t\u00eate du second tour de l\u2019\u00e9lection pr\u00e9sidentielle en Turquie avec 52,16% des suffrages, contre 47,84% pour son principal adversaire, selon les r\u00e9sultats provisoires proclam\u00e9s par le Hat comit\u00e9 \u00e9lectoral. Le pr\u00e9sident turc, Recep [&hellip;]\" \/>\n<meta property=\"og:url\" content=\"https:\/\/macite.tg\/?p=5837\" \/>\n<meta property=\"article:published_time\" content=\"2023-05-29T14:25:59+00:00\" \/>\n<meta property=\"article:modified_time\" content=\"2023-05-29T14:26:11+00:00\" \/>\n<meta property=\"og:image\" content=\"https:\/\/macite.tg\/wp-content\/uploads\/2023\/05\/363cd5afa03db4a4c7d100f0e24b87e8_XL.jpg\" \/>\n\t<meta property=\"og:image:width\" content=\"770\" \/>\n\t<meta property=\"og:image:height\" content=\"433\" \/>\n\t<meta property=\"og:image:type\" content=\"image\/jpeg\" \/>\n<meta name=\"author\" content=\"Jean Pierre BAWELA\" \/>\n<meta name=\"twitter:card\" content=\"summary_large_image\" \/>\n<meta name=\"twitter:label1\" content=\"\u00c9crit par\" \/>\n\t<meta name=\"twitter:data1\" content=\"Jean Pierre BAWELA\" \/>\n\t<meta name=\"twitter:label2\" content=\"Dur\u00e9e de lecture estim\u00e9e\" \/>\n\t<meta name=\"twitter:data2\" content=\"1 minute\" \/>\n<script type=\"application\/ld+json\" class=\"yoast-schema-graph\">{\"@context\":\"https:\\\/\\\/schema.org\",\"@graph\":[{\"@type\":\"Article\",\"@id\":\"https:\\\/\\\/macite.tg\\\/?p=5837#article\",\"isPartOf\":{\"@id\":\"https:\\\/\\\/macite.tg\\\/?p=5837\"},\"author\":{\"name\":\"Jean Pierre BAWELA\",\"@id\":\"https:\\\/\\\/macite.tg\\\/#\\\/schema\\\/person\\\/e9f2de7e5dbbe7770a9402c7ce82f5c2\"},\"headline\":\"R\u00c9\u00c9LECTION DE RECEP ERDOGAN : Le Pr\u00e9sident Faure Gnassingb\u00e9 f\u00e9licite le dirigeant turc\",\"datePublished\":\"2023-05-29T14:25:59+00:00\",\"dateModified\":\"2023-05-29T14:26:11+00:00\",\"mainEntityOfPage\":{\"@id\":\"https:\\\/\\\/macite.tg\\\/?p=5837\"},\"wordCount\":260,\"commentCount\":0,\"image\":{\"@id\":\"https:\\\/\\\/macite.tg\\\/?p=5837#primaryimage\"},\"thumbnailUrl\":\"https:\\\/\\\/macite.tg\\\/wp-content\\\/uploads\\\/2023\\\/05\\\/363cd5afa03db4a4c7d100f0e24b87e8_XL.jpg\",\"articleSection\":[\"ACTUALITE\",\"POLITIQUE\"],\"inLanguage\":\"fr-FR\",\"potentialAction\":[{\"@type\":\"CommentAction\",\"name\":\"Comment\",\"target\":[\"https:\\\/\\\/macite.tg\\\/?p=5837#respond\"]}]},{\"@type\":\"WebPage\",\"@id\":\"https:\\\/\\\/macite.tg\\\/?p=5837\",\"url\":\"https:\\\/\\\/macite.tg\\\/?p=5837\",\"name\":\"R\u00c9\u00c9LECTION DE RECEP ERDOGAN : Le Pr\u00e9sident Faure Gnassingb\u00e9 f\u00e9licite le dirigeant turc -\",\"isPartOf\":{\"@id\":\"https:\\\/\\\/macite.tg\\\/#website\"},\"primaryImageOfPage\":{\"@id\":\"https:\\\/\\\/macite.tg\\\/?p=5837#primaryimage\"},\"image\":{\"@id\":\"https:\\\/\\\/macite.tg\\\/?p=5837#primaryimage\"},\"thumbnailUrl\":\"https:\\\/\\\/macite.tg\\\/wp-content\\\/uploads\\\/2023\\\/05\\\/363cd5afa03db4a4c7d100f0e24b87e8_XL.jpg\",\"datePublished\":\"2023-05-29T14:25:59+00:00\",\"dateModified\":\"2023-05-29T14:26:11+00:00\",\"author\":{\"@id\":\"https:\\\/\\\/macite.tg\\\/#\\\/schema\\\/person\\\/e9f2de7e5dbbe7770a9402c7ce82f5c2\"},\"breadcrumb\":{\"@id\":\"https:\\\/\\\/macite.tg\\\/?p=5837#breadcrumb\"},\"inLanguage\":\"fr-FR\",\"potentialAction\":[{\"@type\":\"ReadAction\",\"target\":[\"https:\\\/\\\/macite.tg\\\/?p=5837\"]}]},{\"@type\":\"ImageObject\",\"inLanguage\":\"fr-FR\",\"@id\":\"https:\\\/\\\/macite.tg\\\/?p=5837#primaryimage\",\"url\":\"https:\\\/\\\/macite.tg\\\/wp-content\\\/uploads\\\/2023\\\/05\\\/363cd5afa03db4a4c7d100f0e24b87e8_XL.jpg\",\"contentUrl\":\"https:\\\/\\\/macite.tg\\\/wp-content\\\/uploads\\\/2023\\\/05\\\/363cd5afa03db4a4c7d100f0e24b87e8_XL.jpg\",\"width\":770,\"height\":433},{\"@type\":\"BreadcrumbList\",\"@id\":\"https:\\\/\\\/macite.tg\\\/?p=5837#breadcrumb\",\"itemListElement\":[{\"@type\":\"ListItem\",\"position\":1,\"name\":\"Accueil\",\"item\":\"https:\\\/\\\/macite.tg\\\/\"},{\"@type\":\"ListItem\",\"position\":2,\"name\":\"R\u00c9\u00c9LECTION DE RECEP ERDOGAN : Le Pr\u00e9sident Faure Gnassingb\u00e9 f\u00e9licite le dirigeant turc\"}]},{\"@type\":\"WebSite\",\"@id\":\"https:\\\/\\\/macite.tg\\\/#website\",\"url\":\"https:\\\/\\\/macite.tg\\\/\",\"name\":\"\",\"description\":\"L&#039;information, la bonne!!!\",\"potentialAction\":[{\"@type\":\"SearchAction\",\"target\":{\"@type\":\"EntryPoint\",\"urlTemplate\":\"https:\\\/\\\/macite.tg\\\/?s={search_term_string}\"},\"query-input\":{\"@type\":\"PropertyValueSpecification\",\"valueRequired\":true,\"valueName\":\"search_term_string\"}}],\"inLanguage\":\"fr-FR\"},{\"@type\":\"Person\",\"@id\":\"https:\\\/\\\/macite.tg\\\/#\\\/schema\\\/person\\\/e9f2de7e5dbbe7770a9402c7ce82f5c2\",\"name\":\"Jean Pierre BAWELA\",\"image\":{\"@type\":\"ImageObject\",\"inLanguage\":\"fr-FR\",\"@id\":\"https:\\\/\\\/macite.tg\\\/wp-content\\\/uploads\\\/2023\\\/09\\\/WhatsApp-Image-2023-09-19-at-14.44.41-122x122.jpeg\",\"url\":\"https:\\\/\\\/macite.tg\\\/wp-content\\\/uploads\\\/2023\\\/09\\\/WhatsApp-Image-2023-09-19-at-14.44.41-122x122.jpeg\",\"contentUrl\":\"https:\\\/\\\/macite.tg\\\/wp-content\\\/uploads\\\/2023\\\/09\\\/WhatsApp-Image-2023-09-19-at-14.44.41-122x122.jpeg\",\"caption\":\"Jean Pierre BAWELA\"},\"url\":\"https:\\\/\\\/macite.tg\\\/?author=2\"}]}<\/script>\n<!-- \/ Yoast SEO plugin. -->","yoast_head_json":{"title":"R\u00c9\u00c9LECTION DE RECEP ERDOGAN : Le Pr\u00e9sident Faure Gnassingb\u00e9 f\u00e9licite le dirigeant turc -","robots":{"index":"index","follow":"follow","max-snippet":"max-snippet:-1","max-image-preview":"max-image-preview:large","max-video-preview":"max-video-preview:-1"},"canonical":"https:\/\/macite.tg\/?p=5837","og_locale":"fr_FR","og_type":"article","og_title":"R\u00c9\u00c9LECTION DE RECEP ERDOGAN : Le Pr\u00e9sident Faure Gnassingb\u00e9 f\u00e9licite le dirigeant turc -","og_description":"Le chef de l\u2019\u00c9tat turc sortant, Recep Tayyip Erdogan est arriv\u00e9 en t\u00eate du second tour de l\u2019\u00e9lection pr\u00e9sidentielle en Turquie avec 52,16% des suffrages, contre 47,84% pour son principal adversaire, selon les r\u00e9sultats provisoires proclam\u00e9s par le Hat comit\u00e9 \u00e9lectoral. Le pr\u00e9sident turc, Recep [&hellip;]","og_url":"https:\/\/macite.tg\/?p=5837","article_published_time":"2023-05-29T14:25:59+00:00","article_modified_time":"2023-05-29T14:26:11+00:00","og_image":[{"width":770,"height":433,"url":"https:\/\/macite.tg\/wp-content\/uploads\/2023\/05\/363cd5afa03db4a4c7d100f0e24b87e8_XL.jpg","type":"image\/jpeg"}],"author":"Jean Pierre BAWELA","twitter_card":"summary_large_image","twitter_misc":{"\u00c9crit par":"Jean Pierre BAWELA","Dur\u00e9e de lecture estim\u00e9e":"1 minute"},"schema":{"@context":"https:\/\/schema.org","@graph":[{"@type":"Article","@id":"https:\/\/macite.tg\/?p=5837#article","isPartOf":{"@id":"https:\/\/macite.tg\/?p=5837"},"author":{"name":"Jean Pierre BAWELA","@id":"https:\/\/macite.tg\/#\/schema\/person\/e9f2de7e5dbbe7770a9402c7ce82f5c2"},"headline":"R\u00c9\u00c9LECTION DE RECEP ERDOGAN : Le Pr\u00e9sident Faure Gnassingb\u00e9 f\u00e9licite le dirigeant turc","datePublished":"2023-05-29T14:25:59+00:00","dateModified":"2023-05-29T14:26:11+00:00","mainEntityOfPage":{"@id":"https:\/\/macite.tg\/?p=5837"},"wordCount":260,"commentCount":0,"image":{"@id":"https:\/\/macite.tg\/?p=5837#primaryimage"},"thumbnailUrl":"https:\/\/macite.tg\/wp-content\/uploads\/2023\/05\/363cd5afa03db4a4c7d100f0e24b87e8_XL.jpg","articleSection":["ACTUALITE","POLITIQUE"],"inLanguage":"fr-FR","potentialAction":[{"@type":"CommentAction","name":"Comment","target":["https:\/\/macite.tg\/?p=5837#respond"]}]},{"@type":"WebPage","@id":"https:\/\/macite.tg\/?p=5837","url":"https:\/\/macite.tg\/?p=5837","name":"R\u00c9\u00c9LECTION DE RECEP ERDOGAN : Le Pr\u00e9sident Faure Gnassingb\u00e9 f\u00e9licite le dirigeant turc -","isPartOf":{"@id":"https:\/\/macite.tg\/#website"},"primaryImageOfPage":{"@id":"https:\/\/macite.tg\/?p=5837#primaryimage"},"image":{"@id":"https:\/\/macite.tg\/?p=5837#primaryimage"},"thumbnailUrl":"https:\/\/macite.tg\/wp-content\/uploads\/2023\/05\/363cd5afa03db4a4c7d100f0e24b87e8_XL.jpg","datePublished":"2023-05-29T14:25:59+00:00","dateModified":"2023-05-29T14:26:11+00:00","author":{"@id":"https:\/\/macite.tg\/#\/schema\/person\/e9f2de7e5dbbe7770a9402c7ce82f5c2"},"breadcrumb":{"@id":"https:\/\/macite.tg\/?p=5837#breadcrumb"},"inLanguage":"fr-FR","potentialAction":[{"@type":"ReadAction","target":["https:\/\/macite.tg\/?p=5837"]}]},{"@type":"ImageObject","inLanguage":"fr-FR","@id":"https:\/\/macite.tg\/?p=5837#primaryimage","url":"https:\/\/macite.tg\/wp-content\/uploads\/2023\/05\/363cd5afa03db4a4c7d100f0e24b87e8_XL.jpg","contentUrl":"https:\/\/macite.tg\/wp-content\/uploads\/2023\/05\/363cd5afa03db4a4c7d100f0e24b87e8_XL.jpg","width":770,"height":433},{"@type":"BreadcrumbList","@id":"https:\/\/macite.tg\/?p=5837#breadcrumb","itemListElement":[{"@type":"ListItem","position":1,"name":"Accueil","item":"https:\/\/macite.tg\/"},{"@type":"ListItem","position":2,"name":"R\u00c9\u00c9LECTION DE RECEP ERDOGAN : Le Pr\u00e9sident Faure Gnassingb\u00e9 f\u00e9licite le dirigeant turc"}]},{"@type":"WebSite","@id":"https:\/\/macite.tg\/#website","url":"https:\/\/macite.tg\/","name":"","description":"L&#039;information, la bonne!!!","potentialAction":[{"@type":"SearchAction","target":{"@type":"EntryPoint","urlTemplate":"https:\/\/macite.tg\/?s={search_term_string}"},"query-input":{"@type":"PropertyValueSpecification","valueRequired":true,"valueName":"search_term_string"}}],"inLanguage":"fr-FR"},{"@type":"Person","@id":"https:\/\/macite.tg\/#\/schema\/person\/e9f2de7e5dbbe7770a9402c7ce82f5c2","name":"Jean Pierre BAWELA","image":{"@type":"ImageObject","inLanguage":"fr-FR","@id":"https:\/\/macite.tg\/wp-content\/uploads\/2023\/09\/WhatsApp-Image-2023-09-19-at-14.44.41-122x122.jpeg","url":"https:\/\/macite.tg\/wp-content\/uploads\/2023\/09\/WhatsApp-Image-2023-09-19-at-14.44.41-122x122.jpeg","contentUrl":"https:\/\/macite.tg\/wp-content\/uploads\/2023\/09\/WhatsApp-Image-2023-09-19-at-14.44.41-122x122.jpeg","caption":"Jean Pierre BAWELA"},"url":"https:\/\/macite.tg\/?author=2"}]}},"_links":{"self":[{"href":"https:\/\/macite.tg\/index.php?rest_route=\/wp\/v2\/posts\/5837","targetHints":{"allow":["GET"]}}],"collection":[{"href":"https:\/\/macite.tg\/index.php?rest_route=\/wp\/v2\/posts"}],"about":[{"href":"https:\/\/macite.tg\/index.php?rest_route=\/wp\/v2\/types\/post"}],"author":[{"embeddable":true,"href":"https:\/\/macite.tg\/index.php?rest_route=\/wp\/v2\/users\/2"}],"replies":[{"embeddable":true,"href":"https:\/\/macite.tg\/index.php?rest_route=%2Fwp%2Fv2%2Fcomments&post=5837"}],"version-history":[{"count":0,"href":"https:\/\/macite.tg\/index.php?rest_route=\/wp\/v2\/posts\/5837\/revisions"}],"wp:featuredmedia":[{"embeddable":true,"href":"https:\/\/macite.tg\/index.php?rest_route=\/wp\/v2\/media\/5841"}],"wp:attachment":[{"href":"https:\/\/macite.tg\/index.php?rest_route=%2Fwp%2Fv2%2Fmedia&parent=5837"}],"wp:term":[{"taxonomy":"category","embeddable":true,"href":"https:\/\/macite.tg\/index.php?rest_route=%2Fwp%2Fv2%2Fcategories&post=5837"},{"taxonomy":"post_tag","embeddable":true,"href":"https:\/\/macite.tg\/index.php?rest_route=%2Fwp%2Fv2%2Ftags&post=5837"}],"curies":[{"name":"wp","href":"https:\/\/api.w.org\/{rel}","templated":true}]}}