{"id":5826,"date":"2023-05-29T10:53:07","date_gmt":"2023-05-29T10:53:07","guid":{"rendered":"https:\/\/macite.tg\/?p=5826"},"modified":"2023-05-29T10:53:14","modified_gmt":"2023-05-29T10:53:14","slug":"le-nouveau-patron-du-bayern-sur-sadio-mane-nous-avons-la-confirmation-que-jan-christian-dreesen","status":"publish","type":"post","link":"https:\/\/macite.tg\/?p=5826","title":{"rendered":"LE NOUVEAU PATRON DU BAYERN SUR SADIO MANE : \u00ab\u00a0Nous avons la confirmation que\u2026\u00a0\u00bb (Jan-Christian Dreesen)"},"content":{"rendered":"\n<p class=\"wp-block-paragraph\"><strong><em>Oliver Kahn n\u2019est plus le pr\u00e9sident du Bayern Munich. Le club bavarois a confirm\u00e9 son licenciement et a nomm\u00e9 Jan-Christian Dreesen, vice-pr\u00e9sident, comme son rempla\u00e7ant.<\/em><\/strong><\/p>\n\n\n\n<p class=\"wp-block-paragraph\"><a href=\"https:\/\/www.senenews.com\/actualites\/sport\/limoge-par-sa-direction-oliver-kahn-completement-devaste-cest-le-pire-jour-de_446160.html\"> <\/a>Jan-Christian Dreesen s\u2019\u00e9tait fait remarquer aupr\u00e8s des fans de Sadio Man\u00e9 pour avoir \u00e9t\u00e9 tr\u00e8s enthousiaste lors de la signature de ce dernier. <em>\u00ab Le maillot floqu\u00e9 Sadio Man\u00e9 est le plus demand\u00e9. Cela nous rend tr\u00e8s heureux. C\u2019est la confirmation que nous avons amen\u00e9 une star mondiale \u00e0 Munich \u00bb<\/em>, avait-il r\u00e9v\u00e9l\u00e9 lors des d\u00e9buts du S\u00e9n\u00e9galais du c\u00f4t\u00e9 de la Bavi\u00e8re. Beaucoup d\u2019eau a coul\u00e9 sous les ponts depuis cette d\u00e9claration et les prochains jours nous diront comment il compte g\u00e9rer le dossier de l\u2019ancien joueur de Liverpool.<\/p>\n\n\n\n<figure class=\"wp-block-image size-large\"><img loading=\"lazy\" decoding=\"async\" width=\"1024\" height=\"212\" src=\"https:\/\/macite.tg\/wp-content\/uploads\/2023\/05\/IMG-20230514-WA00962-1-1024x212.jpg\" alt=\"\" class=\"wp-image-5687\" srcset=\"https:\/\/macite.tg\/wp-content\/uploads\/2023\/05\/IMG-20230514-WA00962-1-1024x212.jpg 1024w, https:\/\/macite.tg\/wp-content\/uploads\/2023\/05\/IMG-20230514-WA00962-1-300x62.jpg 300w, https:\/\/macite.tg\/wp-content\/uploads\/2023\/05\/IMG-20230514-WA00962-1-768x159.jpg 768w, https:\/\/macite.tg\/wp-content\/uploads\/2023\/05\/IMG-20230514-WA00962-1-1536x318.jpg 1536w, https:\/\/macite.tg\/wp-content\/uploads\/2023\/05\/IMG-20230514-WA00962-1.jpg 1600w\" sizes=\"auto, (max-width: 1024px) 100vw, 1024px\" \/><\/figure>\n\n\n\n<p class=\"wp-block-paragraph\">Par ailleurs, le Bayern a \u00e9galement officialis\u00e9 le d\u00e9part du directeur sportif Hasan Salihamidzic, mais son successeur n\u2019a pas encore \u00e9t\u00e9 nomm\u00e9. Il est \u00e0 noter que Karl-Heinz Rummenigge rejoindra le conseil de surveillance et participera \u00e0 la planification de l\u2019\u00e9quipe.<\/p>\n\n\n\n<p class=\"wp-block-paragraph\"><strong>SeneNews<\/strong><\/p>\n\n\n\n<p class=\"wp-block-paragraph\"><strong><em>@macite.tg<\/em><\/strong><\/p>\n\n\n\n<p class=\"wp-block-paragraph\"><strong><em>E-mail&nbsp;: <\/em><\/strong><a href=\"mailto:maciteinfo@gmail.com\"><strong><em>maciteinfo@gmail.com<\/em><\/strong><\/a><strong><em>; <\/em><\/strong><a href=\"mailto:bawela1@gmail.com\"><strong><em>bawela1@gmail.com<\/em><\/strong><\/a><strong><em><\/em><\/strong><\/p>\n\n\n\n<p class=\"wp-block-paragraph\"><strong><em>Pour vos annonces, (publi)reportages, etc., joignez nous au (00228)91515309\/<strong>79872224 <\/strong>www.macite.tg, L\u2019information, la bonne&nbsp;!<\/em><\/strong><\/p>\n","protected":false},"excerpt":{"rendered":"<p class=\"text-justify mb-2\" >Oliver Kahn n\u2019est plus le pr\u00e9sident du Bayern Munich. Le club bavarois a confirm\u00e9 son licenciement et a nomm\u00e9 Jan-Christian Dreesen, vice-pr\u00e9sident, comme son rempla\u00e7ant. Jan-Christian Dreesen s\u2019\u00e9tait fait remarquer aupr\u00e8s des fans de Sadio Man\u00e9 pour avoir \u00e9t\u00e9 tr\u00e8s enthousiaste lors de la signature [&hellip;]<\/p>\n","protected":false},"author":2,"featured_media":5829,"comment_status":"open","ping_status":"open","sticky":false,"template":"","format":"standard","meta":{"footnotes":""},"categories":[7],"tags":[],"class_list":["post-5826","post","type-post","status-publish","format-standard","has-post-thumbnail","hentry","category-sports"],"yoast_head":"<!-- This site is optimized with the Yoast SEO plugin v28.4 - https:\/\/yoast.com\/product\/yoast-seo-wordpress\/ -->\n<title>LE NOUVEAU PATRON DU BAYERN SUR SADIO MANE : \u00ab\u00a0Nous avons la confirmation que\u2026\u00a0\u00bb (Jan-Christian Dreesen) -<\/title>\n<meta name=\"robots\" content=\"index, follow, max-snippet:-1, max-image-preview:large, max-video-preview:-1\" \/>\n<link rel=\"canonical\" href=\"https:\/\/macite.tg\/?p=5826\" \/>\n<meta property=\"og:locale\" content=\"fr_FR\" \/>\n<meta property=\"og:type\" content=\"article\" \/>\n<meta property=\"og:title\" content=\"LE NOUVEAU PATRON DU BAYERN SUR SADIO MANE : \u00ab\u00a0Nous avons la confirmation que\u2026\u00a0\u00bb (Jan-Christian Dreesen) -\" \/>\n<meta property=\"og:description\" content=\"Oliver Kahn n\u2019est plus le pr\u00e9sident du Bayern Munich. Le club bavarois a confirm\u00e9 son licenciement et a nomm\u00e9 Jan-Christian Dreesen, vice-pr\u00e9sident, comme son rempla\u00e7ant. Jan-Christian Dreesen s\u2019\u00e9tait fait remarquer aupr\u00e8s des fans de Sadio Man\u00e9 pour avoir \u00e9t\u00e9 tr\u00e8s enthousiaste lors de la signature [&hellip;]\" \/>\n<meta property=\"og:url\" content=\"https:\/\/macite.tg\/?p=5826\" \/>\n<meta property=\"article:published_time\" content=\"2023-05-29T10:53:07+00:00\" \/>\n<meta property=\"article:modified_time\" content=\"2023-05-29T10:53:14+00:00\" \/>\n<meta property=\"og:image\" content=\"https:\/\/macite.tg\/wp-content\/uploads\/2023\/05\/fotojet-23-696x348-1.jpg\" \/>\n\t<meta property=\"og:image:width\" content=\"696\" \/>\n\t<meta property=\"og:image:height\" content=\"348\" \/>\n\t<meta property=\"og:image:type\" content=\"image\/jpeg\" \/>\n<meta name=\"author\" content=\"Jean Pierre BAWELA\" \/>\n<meta name=\"twitter:card\" content=\"summary_large_image\" \/>\n<meta name=\"twitter:label1\" content=\"\u00c9crit par\" \/>\n\t<meta name=\"twitter:data1\" content=\"Jean Pierre BAWELA\" \/>\n\t<meta name=\"twitter:label2\" content=\"Dur\u00e9e de lecture estim\u00e9e\" \/>\n\t<meta name=\"twitter:data2\" content=\"1 minute\" \/>\n<script type=\"application\/ld+json\" class=\"yoast-schema-graph\">{\"@context\":\"https:\\\/\\\/schema.org\",\"@graph\":[{\"@type\":\"Article\",\"@id\":\"https:\\\/\\\/macite.tg\\\/?p=5826#article\",\"isPartOf\":{\"@id\":\"https:\\\/\\\/macite.tg\\\/?p=5826\"},\"author\":{\"name\":\"Jean Pierre BAWELA\",\"@id\":\"https:\\\/\\\/macite.tg\\\/#\\\/schema\\\/person\\\/e9f2de7e5dbbe7770a9402c7ce82f5c2\"},\"headline\":\"LE NOUVEAU PATRON DU BAYERN SUR SADIO MANE : \u00ab\u00a0Nous avons la confirmation que\u2026\u00a0\u00bb (Jan-Christian Dreesen)\",\"datePublished\":\"2023-05-29T10:53:07+00:00\",\"dateModified\":\"2023-05-29T10:53:14+00:00\",\"mainEntityOfPage\":{\"@id\":\"https:\\\/\\\/macite.tg\\\/?p=5826\"},\"wordCount\":217,\"commentCount\":0,\"image\":{\"@id\":\"https:\\\/\\\/macite.tg\\\/?p=5826#primaryimage\"},\"thumbnailUrl\":\"https:\\\/\\\/macite.tg\\\/wp-content\\\/uploads\\\/2023\\\/05\\\/fotojet-23-696x348-1.jpg\",\"articleSection\":[\"SPORTS\"],\"inLanguage\":\"fr-FR\",\"potentialAction\":[{\"@type\":\"CommentAction\",\"name\":\"Comment\",\"target\":[\"https:\\\/\\\/macite.tg\\\/?p=5826#respond\"]}]},{\"@type\":\"WebPage\",\"@id\":\"https:\\\/\\\/macite.tg\\\/?p=5826\",\"url\":\"https:\\\/\\\/macite.tg\\\/?p=5826\",\"name\":\"LE NOUVEAU PATRON DU BAYERN SUR SADIO MANE : \u00ab\u00a0Nous avons la confirmation que\u2026\u00a0\u00bb (Jan-Christian Dreesen) -\",\"isPartOf\":{\"@id\":\"https:\\\/\\\/macite.tg\\\/#website\"},\"primaryImageOfPage\":{\"@id\":\"https:\\\/\\\/macite.tg\\\/?p=5826#primaryimage\"},\"image\":{\"@id\":\"https:\\\/\\\/macite.tg\\\/?p=5826#primaryimage\"},\"thumbnailUrl\":\"https:\\\/\\\/macite.tg\\\/wp-content\\\/uploads\\\/2023\\\/05\\\/fotojet-23-696x348-1.jpg\",\"datePublished\":\"2023-05-29T10:53:07+00:00\",\"dateModified\":\"2023-05-29T10:53:14+00:00\",\"author\":{\"@id\":\"https:\\\/\\\/macite.tg\\\/#\\\/schema\\\/person\\\/e9f2de7e5dbbe7770a9402c7ce82f5c2\"},\"breadcrumb\":{\"@id\":\"https:\\\/\\\/macite.tg\\\/?p=5826#breadcrumb\"},\"inLanguage\":\"fr-FR\",\"potentialAction\":[{\"@type\":\"ReadAction\",\"target\":[\"https:\\\/\\\/macite.tg\\\/?p=5826\"]}]},{\"@type\":\"ImageObject\",\"inLanguage\":\"fr-FR\",\"@id\":\"https:\\\/\\\/macite.tg\\\/?p=5826#primaryimage\",\"url\":\"https:\\\/\\\/macite.tg\\\/wp-content\\\/uploads\\\/2023\\\/05\\\/fotojet-23-696x348-1.jpg\",\"contentUrl\":\"https:\\\/\\\/macite.tg\\\/wp-content\\\/uploads\\\/2023\\\/05\\\/fotojet-23-696x348-1.jpg\",\"width\":696,\"height\":348},{\"@type\":\"BreadcrumbList\",\"@id\":\"https:\\\/\\\/macite.tg\\\/?p=5826#breadcrumb\",\"itemListElement\":[{\"@type\":\"ListItem\",\"position\":1,\"name\":\"Accueil\",\"item\":\"https:\\\/\\\/macite.tg\\\/\"},{\"@type\":\"ListItem\",\"position\":2,\"name\":\"LE NOUVEAU PATRON DU BAYERN SUR SADIO MANE : \u00ab\u00a0Nous avons la confirmation que\u2026\u00a0\u00bb (Jan-Christian Dreesen)\"}]},{\"@type\":\"WebSite\",\"@id\":\"https:\\\/\\\/macite.tg\\\/#website\",\"url\":\"https:\\\/\\\/macite.tg\\\/\",\"name\":\"\",\"description\":\"L&#039;information, la bonne!!!\",\"potentialAction\":[{\"@type\":\"SearchAction\",\"target\":{\"@type\":\"EntryPoint\",\"urlTemplate\":\"https:\\\/\\\/macite.tg\\\/?s={search_term_string}\"},\"query-input\":{\"@type\":\"PropertyValueSpecification\",\"valueRequired\":true,\"valueName\":\"search_term_string\"}}],\"inLanguage\":\"fr-FR\"},{\"@type\":\"Person\",\"@id\":\"https:\\\/\\\/macite.tg\\\/#\\\/schema\\\/person\\\/e9f2de7e5dbbe7770a9402c7ce82f5c2\",\"name\":\"Jean Pierre BAWELA\",\"image\":{\"@type\":\"ImageObject\",\"inLanguage\":\"fr-FR\",\"@id\":\"https:\\\/\\\/macite.tg\\\/wp-content\\\/uploads\\\/2023\\\/09\\\/WhatsApp-Image-2023-09-19-at-14.44.41-122x122.jpeg\",\"url\":\"https:\\\/\\\/macite.tg\\\/wp-content\\\/uploads\\\/2023\\\/09\\\/WhatsApp-Image-2023-09-19-at-14.44.41-122x122.jpeg\",\"contentUrl\":\"https:\\\/\\\/macite.tg\\\/wp-content\\\/uploads\\\/2023\\\/09\\\/WhatsApp-Image-2023-09-19-at-14.44.41-122x122.jpeg\",\"caption\":\"Jean Pierre BAWELA\"},\"url\":\"https:\\\/\\\/macite.tg\\\/?author=2\"}]}<\/script>\n<!-- \/ Yoast SEO plugin. -->","yoast_head_json":{"title":"LE NOUVEAU PATRON DU BAYERN SUR SADIO MANE : \u00ab\u00a0Nous avons la confirmation que\u2026\u00a0\u00bb (Jan-Christian Dreesen) -","robots":{"index":"index","follow":"follow","max-snippet":"max-snippet:-1","max-image-preview":"max-image-preview:large","max-video-preview":"max-video-preview:-1"},"canonical":"https:\/\/macite.tg\/?p=5826","og_locale":"fr_FR","og_type":"article","og_title":"LE NOUVEAU PATRON DU BAYERN SUR SADIO MANE : \u00ab\u00a0Nous avons la confirmation que\u2026\u00a0\u00bb (Jan-Christian Dreesen) -","og_description":"Oliver Kahn n\u2019est plus le pr\u00e9sident du Bayern Munich. Le club bavarois a confirm\u00e9 son licenciement et a nomm\u00e9 Jan-Christian Dreesen, vice-pr\u00e9sident, comme son rempla\u00e7ant. Jan-Christian Dreesen s\u2019\u00e9tait fait remarquer aupr\u00e8s des fans de Sadio Man\u00e9 pour avoir \u00e9t\u00e9 tr\u00e8s enthousiaste lors de la signature [&hellip;]","og_url":"https:\/\/macite.tg\/?p=5826","article_published_time":"2023-05-29T10:53:07+00:00","article_modified_time":"2023-05-29T10:53:14+00:00","og_image":[{"width":696,"height":348,"url":"https:\/\/macite.tg\/wp-content\/uploads\/2023\/05\/fotojet-23-696x348-1.jpg","type":"image\/jpeg"}],"author":"Jean Pierre BAWELA","twitter_card":"summary_large_image","twitter_misc":{"\u00c9crit par":"Jean Pierre BAWELA","Dur\u00e9e de lecture estim\u00e9e":"1 minute"},"schema":{"@context":"https:\/\/schema.org","@graph":[{"@type":"Article","@id":"https:\/\/macite.tg\/?p=5826#article","isPartOf":{"@id":"https:\/\/macite.tg\/?p=5826"},"author":{"name":"Jean Pierre BAWELA","@id":"https:\/\/macite.tg\/#\/schema\/person\/e9f2de7e5dbbe7770a9402c7ce82f5c2"},"headline":"LE NOUVEAU PATRON DU BAYERN SUR SADIO MANE : \u00ab\u00a0Nous avons la confirmation que\u2026\u00a0\u00bb (Jan-Christian Dreesen)","datePublished":"2023-05-29T10:53:07+00:00","dateModified":"2023-05-29T10:53:14+00:00","mainEntityOfPage":{"@id":"https:\/\/macite.tg\/?p=5826"},"wordCount":217,"commentCount":0,"image":{"@id":"https:\/\/macite.tg\/?p=5826#primaryimage"},"thumbnailUrl":"https:\/\/macite.tg\/wp-content\/uploads\/2023\/05\/fotojet-23-696x348-1.jpg","articleSection":["SPORTS"],"inLanguage":"fr-FR","potentialAction":[{"@type":"CommentAction","name":"Comment","target":["https:\/\/macite.tg\/?p=5826#respond"]}]},{"@type":"WebPage","@id":"https:\/\/macite.tg\/?p=5826","url":"https:\/\/macite.tg\/?p=5826","name":"LE NOUVEAU PATRON DU BAYERN SUR SADIO MANE : \u00ab\u00a0Nous avons la confirmation que\u2026\u00a0\u00bb (Jan-Christian Dreesen) -","isPartOf":{"@id":"https:\/\/macite.tg\/#website"},"primaryImageOfPage":{"@id":"https:\/\/macite.tg\/?p=5826#primaryimage"},"image":{"@id":"https:\/\/macite.tg\/?p=5826#primaryimage"},"thumbnailUrl":"https:\/\/macite.tg\/wp-content\/uploads\/2023\/05\/fotojet-23-696x348-1.jpg","datePublished":"2023-05-29T10:53:07+00:00","dateModified":"2023-05-29T10:53:14+00:00","author":{"@id":"https:\/\/macite.tg\/#\/schema\/person\/e9f2de7e5dbbe7770a9402c7ce82f5c2"},"breadcrumb":{"@id":"https:\/\/macite.tg\/?p=5826#breadcrumb"},"inLanguage":"fr-FR","potentialAction":[{"@type":"ReadAction","target":["https:\/\/macite.tg\/?p=5826"]}]},{"@type":"ImageObject","inLanguage":"fr-FR","@id":"https:\/\/macite.tg\/?p=5826#primaryimage","url":"https:\/\/macite.tg\/wp-content\/uploads\/2023\/05\/fotojet-23-696x348-1.jpg","contentUrl":"https:\/\/macite.tg\/wp-content\/uploads\/2023\/05\/fotojet-23-696x348-1.jpg","width":696,"height":348},{"@type":"BreadcrumbList","@id":"https:\/\/macite.tg\/?p=5826#breadcrumb","itemListElement":[{"@type":"ListItem","position":1,"name":"Accueil","item":"https:\/\/macite.tg\/"},{"@type":"ListItem","position":2,"name":"LE NOUVEAU PATRON DU BAYERN SUR SADIO MANE : \u00ab\u00a0Nous avons la confirmation que\u2026\u00a0\u00bb (Jan-Christian Dreesen)"}]},{"@type":"WebSite","@id":"https:\/\/macite.tg\/#website","url":"https:\/\/macite.tg\/","name":"","description":"L&#039;information, la bonne!!!","potentialAction":[{"@type":"SearchAction","target":{"@type":"EntryPoint","urlTemplate":"https:\/\/macite.tg\/?s={search_term_string}"},"query-input":{"@type":"PropertyValueSpecification","valueRequired":true,"valueName":"search_term_string"}}],"inLanguage":"fr-FR"},{"@type":"Person","@id":"https:\/\/macite.tg\/#\/schema\/person\/e9f2de7e5dbbe7770a9402c7ce82f5c2","name":"Jean Pierre BAWELA","image":{"@type":"ImageObject","inLanguage":"fr-FR","@id":"https:\/\/macite.tg\/wp-content\/uploads\/2023\/09\/WhatsApp-Image-2023-09-19-at-14.44.41-122x122.jpeg","url":"https:\/\/macite.tg\/wp-content\/uploads\/2023\/09\/WhatsApp-Image-2023-09-19-at-14.44.41-122x122.jpeg","contentUrl":"https:\/\/macite.tg\/wp-content\/uploads\/2023\/09\/WhatsApp-Image-2023-09-19-at-14.44.41-122x122.jpeg","caption":"Jean Pierre BAWELA"},"url":"https:\/\/macite.tg\/?author=2"}]}},"_links":{"self":[{"href":"https:\/\/macite.tg\/index.php?rest_route=\/wp\/v2\/posts\/5826","targetHints":{"allow":["GET"]}}],"collection":[{"href":"https:\/\/macite.tg\/index.php?rest_route=\/wp\/v2\/posts"}],"about":[{"href":"https:\/\/macite.tg\/index.php?rest_route=\/wp\/v2\/types\/post"}],"author":[{"embeddable":true,"href":"https:\/\/macite.tg\/index.php?rest_route=\/wp\/v2\/users\/2"}],"replies":[{"embeddable":true,"href":"https:\/\/macite.tg\/index.php?rest_route=%2Fwp%2Fv2%2Fcomments&post=5826"}],"version-history":[{"count":0,"href":"https:\/\/macite.tg\/index.php?rest_route=\/wp\/v2\/posts\/5826\/revisions"}],"wp:featuredmedia":[{"embeddable":true,"href":"https:\/\/macite.tg\/index.php?rest_route=\/wp\/v2\/media\/5829"}],"wp:attachment":[{"href":"https:\/\/macite.tg\/index.php?rest_route=%2Fwp%2Fv2%2Fmedia&parent=5826"}],"wp:term":[{"taxonomy":"category","embeddable":true,"href":"https:\/\/macite.tg\/index.php?rest_route=%2Fwp%2Fv2%2Fcategories&post=5826"},{"taxonomy":"post_tag","embeddable":true,"href":"https:\/\/macite.tg\/index.php?rest_route=%2Fwp%2Fv2%2Ftags&post=5826"}],"curies":[{"name":"wp","href":"https:\/\/api.w.org\/{rel}","templated":true}]}}