{"id":5813,"date":"2023-05-26T16:44:40","date_gmt":"2023-05-26T16:44:40","guid":{"rendered":"https:\/\/macite.tg\/?p=5813"},"modified":"2023-05-26T16:44:47","modified_gmt":"2023-05-26T16:44:47","slug":"vatican-le-pape-francois-fievreux-a-annule-ses-rendez-vous-ce-vendredi","status":"publish","type":"post","link":"https:\/\/macite.tg\/?p=5813","title":{"rendered":"VATICAN\u00a0: Le pape Fran\u00e7ois, fi\u00e9vreux, a annul\u00e9 ses rendez-vous ce vendredi"},"content":{"rendered":"\n<p class=\"wp-block-paragraph\"><strong><em>Le pape Fran\u00e7ois, 86 ans, a annul\u00e9 ce vendredi 26 mai matin ses rendez-vous en raison d\u2019un \u00e9tat fi\u00e9vreux, a indiqu\u00e9 le Vatican sur fond de pr\u00e9occupations r\u00e9guli\u00e8res autour de la sant\u00e9 du pontife argentin.<\/em><\/strong><\/p>\n\n\n\n<p class=\"wp-block-paragraph\"><em>\u00abEn raison d\u2019un \u00e9tat fi\u00e9vreux, le pape Fran\u00e7ois n\u2019a pas re\u00e7u en audience ce matin\u00bb,<\/em> a d\u00e9clar\u00e9 le porte-parole du Saint-Si\u00e8ge Matteo Bruni, sans pr\u00e9ciser quel \u00e9tait le programme pr\u00e9vu du pape argentin dans la matin\u00e9e.<\/p>\n\n\n\n<figure class=\"wp-block-image size-large\"><img loading=\"lazy\" decoding=\"async\" width=\"1024\" height=\"212\" src=\"https:\/\/macite.tg\/wp-content\/uploads\/2023\/05\/IMG-20230514-WA00962-1-1024x212.jpg\" alt=\"\" class=\"wp-image-5687\" srcset=\"https:\/\/macite.tg\/wp-content\/uploads\/2023\/05\/IMG-20230514-WA00962-1-1024x212.jpg 1024w, https:\/\/macite.tg\/wp-content\/uploads\/2023\/05\/IMG-20230514-WA00962-1-300x62.jpg 300w, https:\/\/macite.tg\/wp-content\/uploads\/2023\/05\/IMG-20230514-WA00962-1-768x159.jpg 768w, https:\/\/macite.tg\/wp-content\/uploads\/2023\/05\/IMG-20230514-WA00962-1-1536x318.jpg 1536w, https:\/\/macite.tg\/wp-content\/uploads\/2023\/05\/IMG-20230514-WA00962-1.jpg 1600w\" sizes=\"auto, (max-width: 1024px) 100vw, 1024px\" \/><\/figure>\n\n\n\n<p class=\"wp-block-paragraph\"><strong>Hospitalisation r\u00e9cente<\/strong><\/p>\n\n\n\n<p class=\"wp-block-paragraph\">Cette annonce intervient deux mois apr\u00e8s l\u2019hospitalisation du pape pendant trois jours \u00e0 Rome fin mars en raison d\u2019une pneumonie, dont il \u00e9tait ressorti \u00e0 l\u2019issue d\u2019une cure d\u2019antibiotiques.<\/p>\n\n\n\n<p class=\"wp-block-paragraph\">Le pape Fran\u00e7ois a confi\u00e9 jeudi lors d\u2019une interview avec la t\u00e9l\u00e9vision hispanophone Telemundo que cette pneumonie avait \u00e9t\u00e9 trait\u00e9e <em>\u00ab\u00e0 temps\u00bb.<\/em><\/p>\n\n\n\n<p class=\"wp-block-paragraph\"><em>\u00abSi on avait attendu quelques heures de plus, \u00e7a aurait \u00e9t\u00e9 bien plus grave\u00bb,<\/em> a-t-il affirm\u00e9. Quant \u00e0 ses douleurs au genou, qui l\u2019obligent \u00e0 se d\u00e9placer en fauteuil roulant ou \u00e0 l\u2019aide d\u2019une canne, il a indiqu\u00e9 se sentir <em>\u00abbeaucoup mieux\u00bb.<\/em><\/p>\n\n\n\n<p class=\"wp-block-paragraph\"><em>\u00abCertains jours sont plus douloureux que d\u2019autres, comme aujourd\u2019hui, mais cela fait partie de la r\u00e9cup\u00e9ration\u00bb,<\/em> a-t-il affirm\u00e9.<\/p>\n\n\n<div class=\"wp-block-image\">\n<figure class=\"aligncenter size-large is-resized\"><img loading=\"lazy\" decoding=\"async\" src=\"https:\/\/macite.tg\/wp-content\/uploads\/2023\/05\/Popup_Site_gudef23-1-1024x902.jpg\" alt=\"\" class=\"wp-image-5755\" width=\"709\" height=\"624\" srcset=\"https:\/\/macite.tg\/wp-content\/uploads\/2023\/05\/Popup_Site_gudef23-1-1024x902.jpg 1024w, https:\/\/macite.tg\/wp-content\/uploads\/2023\/05\/Popup_Site_gudef23-1-300x264.jpg 300w, https:\/\/macite.tg\/wp-content\/uploads\/2023\/05\/Popup_Site_gudef23-1-768x676.jpg 768w, https:\/\/macite.tg\/wp-content\/uploads\/2023\/05\/Popup_Site_gudef23-1.jpg 1280w\" sizes=\"auto, (max-width: 709px) 100vw, 709px\" \/><\/figure>\n<\/div>\n\n\n<p class=\"wp-block-paragraph\">Interrog\u00e9 sur sa sant\u00e9 fin avril, au retour d\u2019un voyage en Hongrie, le pape avait fait part de son intention de continuer \u00e0 voyager : il doit se rendre \u00e0 Lisbonne du 2 au 6 ao\u00fbt pour les Journ\u00e9es mondiales de la jeunesse (JMJ) puis \u00e0 Marseille en septembre, ainsi qu\u2019en Mongolie.<\/p>\n\n\n\n<p class=\"wp-block-paragraph\">Dans sa jeunesse, \u00e0 l\u2019\u00e2ge de 21 ans, Jorge Bergoglio avait souffert d\u2019une pleur\u00e9sie aigu\u00eb et les chirurgiens avaient proc\u00e9d\u00e9 \u00e0 l\u2019ablation partielle de son poumon droit. La sant\u00e9 de Jorge Bergoglio, \u00e9lu en 2013, alimente r\u00e9guli\u00e8rement les sp\u00e9culations sur l\u2019\u00e9ventualit\u00e9 d\u2019une renonciation \u00e0 sa charge et sa succession.<\/p>\n\n\n\n<p class=\"wp-block-paragraph\"><strong>Avec AFP<\/strong><\/p>\n\n\n\n<p class=\"wp-block-paragraph\"><strong><em>@macite.tg&nbsp;&nbsp;&nbsp;&nbsp;&nbsp;&nbsp;&nbsp;&nbsp;<\/em><\/strong><\/p>\n\n\n\n<p class=\"wp-block-paragraph\"><strong><em>E-mail&nbsp;: <\/em><\/strong><a href=\"mailto:maciteinfo@gmail.com\"><strong><em>maciteinfo@gmail.com<\/em><\/strong><\/a><strong><em>; <\/em><\/strong><a href=\"mailto:bawela1@gmail.com\"><strong><em>bawela1@gmail.com<\/em><\/strong><\/a><strong><em><\/em><\/strong><\/p>\n\n\n\n<p class=\"wp-block-paragraph\"><strong><em>Pour vos annonces, (publi)reportages, etc., joignez nous au (00228)91515309\/<strong>79872224 <\/strong>www.macite.tg, L\u2019information, la bonne&nbsp;!<\/em><\/strong><\/p>\n","protected":false},"excerpt":{"rendered":"<p class=\"text-justify mb-2\" >Le pape Fran\u00e7ois, 86 ans, a annul\u00e9 ce vendredi 26 mai matin ses rendez-vous en raison d\u2019un \u00e9tat fi\u00e9vreux, a indiqu\u00e9 le Vatican sur fond de pr\u00e9occupations r\u00e9guli\u00e8res autour de la sant\u00e9 du pontife argentin. \u00abEn raison d\u2019un \u00e9tat fi\u00e9vreux, le pape Fran\u00e7ois n\u2019a pas [&hellip;]<\/p>\n","protected":false},"author":2,"featured_media":5816,"comment_status":"open","ping_status":"open","sticky":false,"template":"","format":"standard","meta":{"footnotes":""},"categories":[20,40],"tags":[],"class_list":["post-5813","post","type-post","status-publish","format-standard","has-post-thumbnail","hentry","category-actualite","category-religion"],"yoast_head":"<!-- This site is optimized with the Yoast SEO plugin v28.4 - https:\/\/yoast.com\/product\/yoast-seo-wordpress\/ -->\n<title>VATICAN\u00a0: Le pape Fran\u00e7ois, fi\u00e9vreux, a annul\u00e9 ses rendez-vous ce vendredi -<\/title>\n<meta name=\"robots\" content=\"index, follow, max-snippet:-1, max-image-preview:large, max-video-preview:-1\" \/>\n<link rel=\"canonical\" href=\"https:\/\/macite.tg\/?p=5813\" \/>\n<meta property=\"og:locale\" content=\"fr_FR\" \/>\n<meta property=\"og:type\" content=\"article\" \/>\n<meta property=\"og:title\" content=\"VATICAN\u00a0: Le pape Fran\u00e7ois, fi\u00e9vreux, a annul\u00e9 ses rendez-vous ce vendredi -\" \/>\n<meta property=\"og:description\" content=\"Le pape Fran\u00e7ois, 86 ans, a annul\u00e9 ce vendredi 26 mai matin ses rendez-vous en raison d\u2019un \u00e9tat fi\u00e9vreux, a indiqu\u00e9 le Vatican sur fond de pr\u00e9occupations r\u00e9guli\u00e8res autour de la sant\u00e9 du pontife argentin. \u00abEn raison d\u2019un \u00e9tat fi\u00e9vreux, le pape Fran\u00e7ois n\u2019a pas [&hellip;]\" \/>\n<meta property=\"og:url\" content=\"https:\/\/macite.tg\/?p=5813\" \/>\n<meta property=\"article:published_time\" content=\"2023-05-26T16:44:40+00:00\" \/>\n<meta property=\"article:modified_time\" content=\"2023-05-26T16:44:47+00:00\" \/>\n<meta property=\"og:image\" content=\"https:\/\/macite.tg\/wp-content\/uploads\/2023\/05\/Pape-Francois.jpg\" \/>\n\t<meta property=\"og:image:width\" content=\"300\" \/>\n\t<meta property=\"og:image:height\" content=\"168\" \/>\n\t<meta property=\"og:image:type\" content=\"image\/jpeg\" \/>\n<meta name=\"author\" content=\"Jean Pierre BAWELA\" \/>\n<meta name=\"twitter:card\" content=\"summary_large_image\" \/>\n<meta name=\"twitter:label1\" content=\"\u00c9crit par\" \/>\n\t<meta name=\"twitter:data1\" content=\"Jean Pierre BAWELA\" \/>\n\t<meta name=\"twitter:label2\" content=\"Dur\u00e9e de lecture estim\u00e9e\" \/>\n\t<meta name=\"twitter:data2\" content=\"2 minutes\" \/>\n<script type=\"application\/ld+json\" class=\"yoast-schema-graph\">{\"@context\":\"https:\\\/\\\/schema.org\",\"@graph\":[{\"@type\":\"Article\",\"@id\":\"https:\\\/\\\/macite.tg\\\/?p=5813#article\",\"isPartOf\":{\"@id\":\"https:\\\/\\\/macite.tg\\\/?p=5813\"},\"author\":{\"name\":\"Jean Pierre BAWELA\",\"@id\":\"https:\\\/\\\/macite.tg\\\/#\\\/schema\\\/person\\\/e9f2de7e5dbbe7770a9402c7ce82f5c2\"},\"headline\":\"VATICAN\u00a0: Le pape Fran\u00e7ois, fi\u00e9vreux, a annul\u00e9 ses rendez-vous ce vendredi\",\"datePublished\":\"2023-05-26T16:44:40+00:00\",\"dateModified\":\"2023-05-26T16:44:47+00:00\",\"mainEntityOfPage\":{\"@id\":\"https:\\\/\\\/macite.tg\\\/?p=5813\"},\"wordCount\":366,\"commentCount\":0,\"image\":{\"@id\":\"https:\\\/\\\/macite.tg\\\/?p=5813#primaryimage\"},\"thumbnailUrl\":\"https:\\\/\\\/macite.tg\\\/wp-content\\\/uploads\\\/2023\\\/05\\\/Pape-Francois.jpg\",\"articleSection\":[\"ACTUALITE\",\"RELIGION\"],\"inLanguage\":\"fr-FR\",\"potentialAction\":[{\"@type\":\"CommentAction\",\"name\":\"Comment\",\"target\":[\"https:\\\/\\\/macite.tg\\\/?p=5813#respond\"]}]},{\"@type\":\"WebPage\",\"@id\":\"https:\\\/\\\/macite.tg\\\/?p=5813\",\"url\":\"https:\\\/\\\/macite.tg\\\/?p=5813\",\"name\":\"VATICAN\u00a0: Le pape Fran\u00e7ois, fi\u00e9vreux, a annul\u00e9 ses rendez-vous ce vendredi -\",\"isPartOf\":{\"@id\":\"https:\\\/\\\/macite.tg\\\/#website\"},\"primaryImageOfPage\":{\"@id\":\"https:\\\/\\\/macite.tg\\\/?p=5813#primaryimage\"},\"image\":{\"@id\":\"https:\\\/\\\/macite.tg\\\/?p=5813#primaryimage\"},\"thumbnailUrl\":\"https:\\\/\\\/macite.tg\\\/wp-content\\\/uploads\\\/2023\\\/05\\\/Pape-Francois.jpg\",\"datePublished\":\"2023-05-26T16:44:40+00:00\",\"dateModified\":\"2023-05-26T16:44:47+00:00\",\"author\":{\"@id\":\"https:\\\/\\\/macite.tg\\\/#\\\/schema\\\/person\\\/e9f2de7e5dbbe7770a9402c7ce82f5c2\"},\"breadcrumb\":{\"@id\":\"https:\\\/\\\/macite.tg\\\/?p=5813#breadcrumb\"},\"inLanguage\":\"fr-FR\",\"potentialAction\":[{\"@type\":\"ReadAction\",\"target\":[\"https:\\\/\\\/macite.tg\\\/?p=5813\"]}]},{\"@type\":\"ImageObject\",\"inLanguage\":\"fr-FR\",\"@id\":\"https:\\\/\\\/macite.tg\\\/?p=5813#primaryimage\",\"url\":\"https:\\\/\\\/macite.tg\\\/wp-content\\\/uploads\\\/2023\\\/05\\\/Pape-Francois.jpg\",\"contentUrl\":\"https:\\\/\\\/macite.tg\\\/wp-content\\\/uploads\\\/2023\\\/05\\\/Pape-Francois.jpg\",\"width\":300,\"height\":168},{\"@type\":\"BreadcrumbList\",\"@id\":\"https:\\\/\\\/macite.tg\\\/?p=5813#breadcrumb\",\"itemListElement\":[{\"@type\":\"ListItem\",\"position\":1,\"name\":\"Accueil\",\"item\":\"https:\\\/\\\/macite.tg\\\/\"},{\"@type\":\"ListItem\",\"position\":2,\"name\":\"VATICAN\u00a0: Le pape Fran\u00e7ois, fi\u00e9vreux, a annul\u00e9 ses rendez-vous ce vendredi\"}]},{\"@type\":\"WebSite\",\"@id\":\"https:\\\/\\\/macite.tg\\\/#website\",\"url\":\"https:\\\/\\\/macite.tg\\\/\",\"name\":\"\",\"description\":\"L&#039;information, la bonne!!!\",\"potentialAction\":[{\"@type\":\"SearchAction\",\"target\":{\"@type\":\"EntryPoint\",\"urlTemplate\":\"https:\\\/\\\/macite.tg\\\/?s={search_term_string}\"},\"query-input\":{\"@type\":\"PropertyValueSpecification\",\"valueRequired\":true,\"valueName\":\"search_term_string\"}}],\"inLanguage\":\"fr-FR\"},{\"@type\":\"Person\",\"@id\":\"https:\\\/\\\/macite.tg\\\/#\\\/schema\\\/person\\\/e9f2de7e5dbbe7770a9402c7ce82f5c2\",\"name\":\"Jean Pierre BAWELA\",\"image\":{\"@type\":\"ImageObject\",\"inLanguage\":\"fr-FR\",\"@id\":\"https:\\\/\\\/macite.tg\\\/wp-content\\\/uploads\\\/2023\\\/09\\\/WhatsApp-Image-2023-09-19-at-14.44.41-122x122.jpeg\",\"url\":\"https:\\\/\\\/macite.tg\\\/wp-content\\\/uploads\\\/2023\\\/09\\\/WhatsApp-Image-2023-09-19-at-14.44.41-122x122.jpeg\",\"contentUrl\":\"https:\\\/\\\/macite.tg\\\/wp-content\\\/uploads\\\/2023\\\/09\\\/WhatsApp-Image-2023-09-19-at-14.44.41-122x122.jpeg\",\"caption\":\"Jean Pierre BAWELA\"},\"url\":\"https:\\\/\\\/macite.tg\\\/?author=2\"}]}<\/script>\n<!-- \/ Yoast SEO plugin. -->","yoast_head_json":{"title":"VATICAN\u00a0: Le pape Fran\u00e7ois, fi\u00e9vreux, a annul\u00e9 ses rendez-vous ce vendredi -","robots":{"index":"index","follow":"follow","max-snippet":"max-snippet:-1","max-image-preview":"max-image-preview:large","max-video-preview":"max-video-preview:-1"},"canonical":"https:\/\/macite.tg\/?p=5813","og_locale":"fr_FR","og_type":"article","og_title":"VATICAN\u00a0: Le pape Fran\u00e7ois, fi\u00e9vreux, a annul\u00e9 ses rendez-vous ce vendredi -","og_description":"Le pape Fran\u00e7ois, 86 ans, a annul\u00e9 ce vendredi 26 mai matin ses rendez-vous en raison d\u2019un \u00e9tat fi\u00e9vreux, a indiqu\u00e9 le Vatican sur fond de pr\u00e9occupations r\u00e9guli\u00e8res autour de la sant\u00e9 du pontife argentin. \u00abEn raison d\u2019un \u00e9tat fi\u00e9vreux, le pape Fran\u00e7ois n\u2019a pas [&hellip;]","og_url":"https:\/\/macite.tg\/?p=5813","article_published_time":"2023-05-26T16:44:40+00:00","article_modified_time":"2023-05-26T16:44:47+00:00","og_image":[{"width":300,"height":168,"url":"https:\/\/macite.tg\/wp-content\/uploads\/2023\/05\/Pape-Francois.jpg","type":"image\/jpeg"}],"author":"Jean Pierre BAWELA","twitter_card":"summary_large_image","twitter_misc":{"\u00c9crit par":"Jean Pierre BAWELA","Dur\u00e9e de lecture estim\u00e9e":"2 minutes"},"schema":{"@context":"https:\/\/schema.org","@graph":[{"@type":"Article","@id":"https:\/\/macite.tg\/?p=5813#article","isPartOf":{"@id":"https:\/\/macite.tg\/?p=5813"},"author":{"name":"Jean Pierre BAWELA","@id":"https:\/\/macite.tg\/#\/schema\/person\/e9f2de7e5dbbe7770a9402c7ce82f5c2"},"headline":"VATICAN\u00a0: Le pape Fran\u00e7ois, fi\u00e9vreux, a annul\u00e9 ses rendez-vous ce vendredi","datePublished":"2023-05-26T16:44:40+00:00","dateModified":"2023-05-26T16:44:47+00:00","mainEntityOfPage":{"@id":"https:\/\/macite.tg\/?p=5813"},"wordCount":366,"commentCount":0,"image":{"@id":"https:\/\/macite.tg\/?p=5813#primaryimage"},"thumbnailUrl":"https:\/\/macite.tg\/wp-content\/uploads\/2023\/05\/Pape-Francois.jpg","articleSection":["ACTUALITE","RELIGION"],"inLanguage":"fr-FR","potentialAction":[{"@type":"CommentAction","name":"Comment","target":["https:\/\/macite.tg\/?p=5813#respond"]}]},{"@type":"WebPage","@id":"https:\/\/macite.tg\/?p=5813","url":"https:\/\/macite.tg\/?p=5813","name":"VATICAN\u00a0: Le pape Fran\u00e7ois, fi\u00e9vreux, a annul\u00e9 ses rendez-vous ce vendredi -","isPartOf":{"@id":"https:\/\/macite.tg\/#website"},"primaryImageOfPage":{"@id":"https:\/\/macite.tg\/?p=5813#primaryimage"},"image":{"@id":"https:\/\/macite.tg\/?p=5813#primaryimage"},"thumbnailUrl":"https:\/\/macite.tg\/wp-content\/uploads\/2023\/05\/Pape-Francois.jpg","datePublished":"2023-05-26T16:44:40+00:00","dateModified":"2023-05-26T16:44:47+00:00","author":{"@id":"https:\/\/macite.tg\/#\/schema\/person\/e9f2de7e5dbbe7770a9402c7ce82f5c2"},"breadcrumb":{"@id":"https:\/\/macite.tg\/?p=5813#breadcrumb"},"inLanguage":"fr-FR","potentialAction":[{"@type":"ReadAction","target":["https:\/\/macite.tg\/?p=5813"]}]},{"@type":"ImageObject","inLanguage":"fr-FR","@id":"https:\/\/macite.tg\/?p=5813#primaryimage","url":"https:\/\/macite.tg\/wp-content\/uploads\/2023\/05\/Pape-Francois.jpg","contentUrl":"https:\/\/macite.tg\/wp-content\/uploads\/2023\/05\/Pape-Francois.jpg","width":300,"height":168},{"@type":"BreadcrumbList","@id":"https:\/\/macite.tg\/?p=5813#breadcrumb","itemListElement":[{"@type":"ListItem","position":1,"name":"Accueil","item":"https:\/\/macite.tg\/"},{"@type":"ListItem","position":2,"name":"VATICAN\u00a0: Le pape Fran\u00e7ois, fi\u00e9vreux, a annul\u00e9 ses rendez-vous ce vendredi"}]},{"@type":"WebSite","@id":"https:\/\/macite.tg\/#website","url":"https:\/\/macite.tg\/","name":"","description":"L&#039;information, la bonne!!!","potentialAction":[{"@type":"SearchAction","target":{"@type":"EntryPoint","urlTemplate":"https:\/\/macite.tg\/?s={search_term_string}"},"query-input":{"@type":"PropertyValueSpecification","valueRequired":true,"valueName":"search_term_string"}}],"inLanguage":"fr-FR"},{"@type":"Person","@id":"https:\/\/macite.tg\/#\/schema\/person\/e9f2de7e5dbbe7770a9402c7ce82f5c2","name":"Jean Pierre BAWELA","image":{"@type":"ImageObject","inLanguage":"fr-FR","@id":"https:\/\/macite.tg\/wp-content\/uploads\/2023\/09\/WhatsApp-Image-2023-09-19-at-14.44.41-122x122.jpeg","url":"https:\/\/macite.tg\/wp-content\/uploads\/2023\/09\/WhatsApp-Image-2023-09-19-at-14.44.41-122x122.jpeg","contentUrl":"https:\/\/macite.tg\/wp-content\/uploads\/2023\/09\/WhatsApp-Image-2023-09-19-at-14.44.41-122x122.jpeg","caption":"Jean Pierre BAWELA"},"url":"https:\/\/macite.tg\/?author=2"}]}},"_links":{"self":[{"href":"https:\/\/macite.tg\/index.php?rest_route=\/wp\/v2\/posts\/5813","targetHints":{"allow":["GET"]}}],"collection":[{"href":"https:\/\/macite.tg\/index.php?rest_route=\/wp\/v2\/posts"}],"about":[{"href":"https:\/\/macite.tg\/index.php?rest_route=\/wp\/v2\/types\/post"}],"author":[{"embeddable":true,"href":"https:\/\/macite.tg\/index.php?rest_route=\/wp\/v2\/users\/2"}],"replies":[{"embeddable":true,"href":"https:\/\/macite.tg\/index.php?rest_route=%2Fwp%2Fv2%2Fcomments&post=5813"}],"version-history":[{"count":0,"href":"https:\/\/macite.tg\/index.php?rest_route=\/wp\/v2\/posts\/5813\/revisions"}],"wp:featuredmedia":[{"embeddable":true,"href":"https:\/\/macite.tg\/index.php?rest_route=\/wp\/v2\/media\/5816"}],"wp:attachment":[{"href":"https:\/\/macite.tg\/index.php?rest_route=%2Fwp%2Fv2%2Fmedia&parent=5813"}],"wp:term":[{"taxonomy":"category","embeddable":true,"href":"https:\/\/macite.tg\/index.php?rest_route=%2Fwp%2Fv2%2Fcategories&post=5813"},{"taxonomy":"post_tag","embeddable":true,"href":"https:\/\/macite.tg\/index.php?rest_route=%2Fwp%2Fv2%2Ftags&post=5813"}],"curies":[{"name":"wp","href":"https:\/\/api.w.org\/{rel}","templated":true}]}}