{"id":5811,"date":"2023-05-26T16:15:48","date_gmt":"2023-05-26T16:15:48","guid":{"rendered":"https:\/\/macite.tg\/?p=5811"},"modified":"2023-05-26T16:16:01","modified_gmt":"2023-05-26T16:16:01","slug":"requete-du-polisario-contre-laccord-dassociation-maroc-gb-la-cour-dappel-de-londres-deboute-long-pro-separatiste","status":"publish","type":"post","link":"https:\/\/macite.tg\/?p=5811","title":{"rendered":"REQU\u00caTE DU \u2018\u2019POLISARIO\u2019\u2019 CONTRE L\u2019ACCORD D\u2019ASSOCIATION MAROC-GB\u00a0: La Cour d\u2019appel de Londres d\u00e9boute l\u2019ONG pro-s\u00e9paratiste \u2018\u2019WSC\u2019\u2019"},"content":{"rendered":"\n<p class=\"wp-block-paragraph\"><strong><em>C\u2019est le troisi\u00e8me revers, depuis la fin de l\u2019ann\u00e9e derni\u00e8re, qu\u2019essuient les mouvements pro-s\u00e9paratistes, ennemis de l\u2019int\u00e9grit\u00e9 du territoire marocain. La Cour d\u2019appel de Londres a rejet\u00e9, hier jeudi 25 mai, la requ\u00eate d\u2019appel interjet\u00e9e par l\u2019ONG pro-s\u00e9paratistes \u2018\u2019WSC\u2019\u2019 remettant en cause l\u2019accord d\u2019association entre le Royaume du Maroc et le Royaume-Uni. La Cour d\u2019appel de Londres vient ainsi confirmer l\u2019Arr\u00eat de la Cour administrative de Londres dans ce dossier\u2026<\/em><\/strong><\/p>\n\n\n\n<p class=\"wp-block-paragraph\">Les ennemis de l\u2019int\u00e9grit\u00e9 du territoire du Royaume du Maroc font feu de tout bois pour remettre en cause l\u2019accord d\u2019association qui lie le Maroc \u00e0 la Grande Bretagne.<\/p>\n\n\n\n<figure class=\"wp-block-image size-large\"><img loading=\"lazy\" decoding=\"async\" width=\"1024\" height=\"212\" src=\"https:\/\/macite.tg\/wp-content\/uploads\/2023\/05\/IMG-20230514-WA00962-1-1024x212.jpg\" alt=\"\" class=\"wp-image-5687\" srcset=\"https:\/\/macite.tg\/wp-content\/uploads\/2023\/05\/IMG-20230514-WA00962-1-1024x212.jpg 1024w, https:\/\/macite.tg\/wp-content\/uploads\/2023\/05\/IMG-20230514-WA00962-1-300x62.jpg 300w, https:\/\/macite.tg\/wp-content\/uploads\/2023\/05\/IMG-20230514-WA00962-1-768x159.jpg 768w, https:\/\/macite.tg\/wp-content\/uploads\/2023\/05\/IMG-20230514-WA00962-1-1536x318.jpg 1536w, https:\/\/macite.tg\/wp-content\/uploads\/2023\/05\/IMG-20230514-WA00962-1.jpg 1600w\" sizes=\"auto, (max-width: 1024px) 100vw, 1024px\" \/><\/figure>\n\n\n\n<p class=\"wp-block-paragraph\">En effet, l\u2019accord commercial post-Brexit conclu entre le Maroc et le Royaume-Uni, est vu d\u2019un mauvais \u0153il par les instigateurs du conflit autour du Sahara marocain, soulignent plusieurs analystes du Maroc et de la Grande Bretagne. Cet accord, faut-il le rappeler, a permis d\u2019accro\u00eetre les \u00e9changes commerciaux entre les deux pays. Ainsi, les flux bilat\u00e9raux sont mont\u00e9s en pic atteignant 2,9 milliards de livres sterling au troisi\u00e8me trimestre 2022, soit une augmentation d\u2019un milliard de livres sterling par rapport \u00e0 la m\u00eame p\u00e9riode en 2021.<\/p>\n\n\n\n<p class=\"wp-block-paragraph\">Cet accord sign\u00e9 \u00e0 Londres le 26 octobre 2019 et entr\u00e9 en vigueur d\u00e8s le 1<sup>er<\/sup> janvier 2021, est en r\u00e9alit\u00e9 le reflet des relations bilat\u00e9rales qui existaient dans le cadre de l\u2019Accord d\u2019association entre le Maroc et l\u2019Union europ\u00e9enne (UE). Cela avait d\u2019ailleurs permis aux deux Royaumes de continuer leurs \u00e9changes apr\u00e8s le 31 d\u00e9cembre 2020.<\/p>\n\n\n\n<p class=\"wp-block-paragraph\">Ainsi, cette entente mutuelle, port\u00e9e par une ambition commune, a permis d\u2019installer durablement le Maroc et la Grande Bretagne dans un partenariat structur\u00e9, nanti d\u2019instruments de coop\u00e9ration op\u00e9rationnels et institutionnels. Elle constitue le socle pour les op\u00e9rateurs \u00e9conomiques marocains et britanniques qui entretiennent des relations \u00e9conomiques et commerciales dans tous les secteurs de coop\u00e9ration, et qui sont d\u2019ailleurs b\u00e9n\u00e9fiques pour les populations et toutes les r\u00e9gions du Maroc.<\/p>\n\n\n\n<p class=\"wp-block-paragraph\">Bref, cet accord d\u2019association entre les deux Royaumes qui est en conformit\u00e9 avec le Droit International, selon le Juge britannique, vient l\u00e9gitimer et conforter l\u2019action du Royaume du Maroc dans ses provinces du Sud, mais aussi et surtout, son projet de d\u00e9veloppement et d\u2019exploitation des ressources naturelles du sud-marocain vis-\u00e0-vis du droit international.<\/p>\n\n\n\n<p class=\"wp-block-paragraph\">C\u2019est donc conscient que cet accord augure des lendemains prosp\u00e8res pour le d\u00e9veloppement du Royaume du Maroc, et donc illumine la vision Royale de d\u00e9veloppement harmonieux des territoires marocains, que le \u2018\u2019polisario\u2019\u2019 et ses ailles satellites, notamment le de \u2033Western Sahara Compaign, New Zealand\u2033, ont mis en branle cette machination judiciaire sordide pour d\u00e9teindre toutes ces actions nobles entreprises par les plus hautes autorit\u00e9s marocaines.<\/p>\n\n\n<div class=\"wp-block-image\">\n<figure class=\"aligncenter size-large is-resized\"><img loading=\"lazy\" decoding=\"async\" src=\"https:\/\/macite.tg\/wp-content\/uploads\/2023\/05\/Popup_Site_gudef23-1024x902.jpg\" alt=\"\" class=\"wp-image-5752\" width=\"687\" height=\"604\" srcset=\"https:\/\/macite.tg\/wp-content\/uploads\/2023\/05\/Popup_Site_gudef23-1024x902.jpg 1024w, https:\/\/macite.tg\/wp-content\/uploads\/2023\/05\/Popup_Site_gudef23-300x264.jpg 300w, https:\/\/macite.tg\/wp-content\/uploads\/2023\/05\/Popup_Site_gudef23-768x676.jpg 768w, https:\/\/macite.tg\/wp-content\/uploads\/2023\/05\/Popup_Site_gudef23.jpg 1280w\" sizes=\"auto, (max-width: 687px) 100vw, 687px\" \/><\/figure>\n<\/div>\n\n\n<p class=\"wp-block-paragraph\">Par cette d\u00e9cision de la Cour d\u2019appel de Londres, le \u2018\u2019polisario\u2019\u2019 est ramen\u00e9 \u00e0 sa simple entit\u00e9 de r\u00e9fractaire du d\u00e9veloppement du Royaume du Maroc au d\u00e9triment du Droit international. C\u2019est \u00e9galement la preuve irr\u00e9futable que le\u2019\u2019polisario\u2019\u2019, en d\u00e9pit de ses ambitions malveillantes, n\u2019a aucune l\u00e9gitimit\u00e9 \u00e0 s\u2019ing\u00e9rer ni dans le d\u00e9veloppement des provinces du Sud, ni dans les relations bilat\u00e9rales et commerciales entre le Royaume du Maroc et la Grande Bretagne.<\/p>\n\n\n\n<p class=\"wp-block-paragraph\">Rappelons que le 15 mars 2021, la Haute Cour de la Nouvelle Z\u00e9lande avait d\u00e9j\u00e0 prononc\u00e9 son refus dans un dossier de proc\u00e9dure d\u2019examen judiciaire orchestr\u00e9 par le \u2018\u2019polisario\u2019\u2019 et un leader de \u2033Western Sahara Compaign, New Zealand\u2033 contre le \u2033New ZealandSuperfund\u2033.<\/p>\n\n\n\n<p class=\"wp-block-paragraph\"><strong><em>@macite.tg&nbsp;&nbsp;&nbsp;&nbsp;&nbsp;&nbsp;&nbsp;&nbsp;<\/em><\/strong><\/p>\n\n\n\n<p class=\"wp-block-paragraph\"><strong><em>E-mail&nbsp;: <\/em><\/strong><a href=\"mailto:maciteinfo@gmail.com\"><strong><em>maciteinfo@gmail.com<\/em><\/strong><\/a><strong><em>; <\/em><\/strong><a href=\"mailto:bawela1@gmail.com\"><strong><em>bawela1@gmail.com<\/em><\/strong><\/a><strong><em><\/em><\/strong><\/p>\n\n\n\n<p class=\"wp-block-paragraph\"><strong><em>Pour vos annonces, (publi)reportages, etc., joignez nous au (00228)91515309\/<strong>79872224 <\/strong>www.macite.tg, L\u2019information, la bonne&nbsp;!<\/em><\/strong><\/p>\n","protected":false},"excerpt":{"rendered":"<p class=\"text-justify mb-2\" >C\u2019est le troisi\u00e8me revers, depuis la fin de l\u2019ann\u00e9e derni\u00e8re, qu\u2019essuient les mouvements pro-s\u00e9paratistes, ennemis de l\u2019int\u00e9grit\u00e9 du territoire marocain. La Cour d\u2019appel de Londres a rejet\u00e9, hier jeudi 25 mai, la requ\u00eate d\u2019appel interjet\u00e9e par l\u2019ONG pro-s\u00e9paratistes \u2018\u2019WSC\u2019\u2019 remettant en cause l\u2019accord d\u2019association entre [&hellip;]<\/p>\n","protected":false},"author":2,"featured_media":5814,"comment_status":"open","ping_status":"open","sticky":false,"template":"","format":"standard","meta":{"footnotes":""},"categories":[20],"tags":[],"class_list":["post-5811","post","type-post","status-publish","format-standard","has-post-thumbnail","hentry","category-actualite"],"yoast_head":"<!-- This site is optimized with the Yoast SEO plugin v28.4 - https:\/\/yoast.com\/product\/yoast-seo-wordpress\/ -->\n<title>REQU\u00caTE DU \u2018\u2019POLISARIO\u2019\u2019 CONTRE L\u2019ACCORD D\u2019ASSOCIATION MAROC-GB\u00a0: La Cour d\u2019appel de Londres d\u00e9boute l\u2019ONG pro-s\u00e9paratiste \u2018\u2019WSC\u2019\u2019 -<\/title>\n<meta name=\"robots\" content=\"index, follow, max-snippet:-1, max-image-preview:large, max-video-preview:-1\" \/>\n<link rel=\"canonical\" href=\"https:\/\/macite.tg\/?p=5811\" \/>\n<meta property=\"og:locale\" content=\"fr_FR\" \/>\n<meta property=\"og:type\" content=\"article\" \/>\n<meta property=\"og:title\" content=\"REQU\u00caTE DU \u2018\u2019POLISARIO\u2019\u2019 CONTRE L\u2019ACCORD D\u2019ASSOCIATION MAROC-GB\u00a0: La Cour d\u2019appel de Londres d\u00e9boute l\u2019ONG pro-s\u00e9paratiste \u2018\u2019WSC\u2019\u2019 -\" \/>\n<meta property=\"og:description\" content=\"C\u2019est le troisi\u00e8me revers, depuis la fin de l\u2019ann\u00e9e derni\u00e8re, qu\u2019essuient les mouvements pro-s\u00e9paratistes, ennemis de l\u2019int\u00e9grit\u00e9 du territoire marocain. La Cour d\u2019appel de Londres a rejet\u00e9, hier jeudi 25 mai, la requ\u00eate d\u2019appel interjet\u00e9e par l\u2019ONG pro-s\u00e9paratistes \u2018\u2019WSC\u2019\u2019 remettant en cause l\u2019accord d\u2019association entre [&hellip;]\" \/>\n<meta property=\"og:url\" content=\"https:\/\/macite.tg\/?p=5811\" \/>\n<meta property=\"article:published_time\" content=\"2023-05-26T16:15:48+00:00\" \/>\n<meta property=\"article:modified_time\" content=\"2023-05-26T16:16:01+00:00\" \/>\n<meta property=\"og:image\" content=\"https:\/\/macite.tg\/wp-content\/uploads\/2023\/05\/Cour-dappel-de-Londres.jpg\" \/>\n\t<meta property=\"og:image:width\" content=\"318\" \/>\n\t<meta property=\"og:image:height\" content=\"159\" \/>\n\t<meta property=\"og:image:type\" content=\"image\/jpeg\" \/>\n<meta name=\"author\" content=\"Jean Pierre BAWELA\" \/>\n<meta name=\"twitter:card\" content=\"summary_large_image\" \/>\n<meta name=\"twitter:label1\" content=\"\u00c9crit par\" \/>\n\t<meta name=\"twitter:data1\" content=\"Jean Pierre BAWELA\" \/>\n\t<meta name=\"twitter:label2\" content=\"Dur\u00e9e de lecture estim\u00e9e\" \/>\n\t<meta name=\"twitter:data2\" content=\"3 minutes\" \/>\n<script type=\"application\/ld+json\" class=\"yoast-schema-graph\">{\"@context\":\"https:\\\/\\\/schema.org\",\"@graph\":[{\"@type\":\"Article\",\"@id\":\"https:\\\/\\\/macite.tg\\\/?p=5811#article\",\"isPartOf\":{\"@id\":\"https:\\\/\\\/macite.tg\\\/?p=5811\"},\"author\":{\"name\":\"Jean Pierre BAWELA\",\"@id\":\"https:\\\/\\\/macite.tg\\\/#\\\/schema\\\/person\\\/e9f2de7e5dbbe7770a9402c7ce82f5c2\"},\"headline\":\"REQU\u00caTE DU \u2018\u2019POLISARIO\u2019\u2019 CONTRE L\u2019ACCORD D\u2019ASSOCIATION MAROC-GB\u00a0: La Cour d\u2019appel de Londres d\u00e9boute l\u2019ONG pro-s\u00e9paratiste \u2018\u2019WSC\u2019\u2019\",\"datePublished\":\"2023-05-26T16:15:48+00:00\",\"dateModified\":\"2023-05-26T16:16:01+00:00\",\"mainEntityOfPage\":{\"@id\":\"https:\\\/\\\/macite.tg\\\/?p=5811\"},\"wordCount\":669,\"commentCount\":0,\"image\":{\"@id\":\"https:\\\/\\\/macite.tg\\\/?p=5811#primaryimage\"},\"thumbnailUrl\":\"https:\\\/\\\/macite.tg\\\/wp-content\\\/uploads\\\/2023\\\/05\\\/Cour-dappel-de-Londres.jpg\",\"articleSection\":[\"ACTUALITE\"],\"inLanguage\":\"fr-FR\",\"potentialAction\":[{\"@type\":\"CommentAction\",\"name\":\"Comment\",\"target\":[\"https:\\\/\\\/macite.tg\\\/?p=5811#respond\"]}]},{\"@type\":\"WebPage\",\"@id\":\"https:\\\/\\\/macite.tg\\\/?p=5811\",\"url\":\"https:\\\/\\\/macite.tg\\\/?p=5811\",\"name\":\"REQU\u00caTE DU \u2018\u2019POLISARIO\u2019\u2019 CONTRE L\u2019ACCORD D\u2019ASSOCIATION MAROC-GB\u00a0: La Cour d\u2019appel de Londres d\u00e9boute l\u2019ONG pro-s\u00e9paratiste \u2018\u2019WSC\u2019\u2019 -\",\"isPartOf\":{\"@id\":\"https:\\\/\\\/macite.tg\\\/#website\"},\"primaryImageOfPage\":{\"@id\":\"https:\\\/\\\/macite.tg\\\/?p=5811#primaryimage\"},\"image\":{\"@id\":\"https:\\\/\\\/macite.tg\\\/?p=5811#primaryimage\"},\"thumbnailUrl\":\"https:\\\/\\\/macite.tg\\\/wp-content\\\/uploads\\\/2023\\\/05\\\/Cour-dappel-de-Londres.jpg\",\"datePublished\":\"2023-05-26T16:15:48+00:00\",\"dateModified\":\"2023-05-26T16:16:01+00:00\",\"author\":{\"@id\":\"https:\\\/\\\/macite.tg\\\/#\\\/schema\\\/person\\\/e9f2de7e5dbbe7770a9402c7ce82f5c2\"},\"breadcrumb\":{\"@id\":\"https:\\\/\\\/macite.tg\\\/?p=5811#breadcrumb\"},\"inLanguage\":\"fr-FR\",\"potentialAction\":[{\"@type\":\"ReadAction\",\"target\":[\"https:\\\/\\\/macite.tg\\\/?p=5811\"]}]},{\"@type\":\"ImageObject\",\"inLanguage\":\"fr-FR\",\"@id\":\"https:\\\/\\\/macite.tg\\\/?p=5811#primaryimage\",\"url\":\"https:\\\/\\\/macite.tg\\\/wp-content\\\/uploads\\\/2023\\\/05\\\/Cour-dappel-de-Londres.jpg\",\"contentUrl\":\"https:\\\/\\\/macite.tg\\\/wp-content\\\/uploads\\\/2023\\\/05\\\/Cour-dappel-de-Londres.jpg\",\"width\":318,\"height\":159},{\"@type\":\"BreadcrumbList\",\"@id\":\"https:\\\/\\\/macite.tg\\\/?p=5811#breadcrumb\",\"itemListElement\":[{\"@type\":\"ListItem\",\"position\":1,\"name\":\"Accueil\",\"item\":\"https:\\\/\\\/macite.tg\\\/\"},{\"@type\":\"ListItem\",\"position\":2,\"name\":\"REQU\u00caTE DU \u2018\u2019POLISARIO\u2019\u2019 CONTRE L\u2019ACCORD D\u2019ASSOCIATION MAROC-GB\u00a0: La Cour d\u2019appel de Londres d\u00e9boute l\u2019ONG pro-s\u00e9paratiste \u2018\u2019WSC\u2019\u2019\"}]},{\"@type\":\"WebSite\",\"@id\":\"https:\\\/\\\/macite.tg\\\/#website\",\"url\":\"https:\\\/\\\/macite.tg\\\/\",\"name\":\"\",\"description\":\"L&#039;information, la bonne!!!\",\"potentialAction\":[{\"@type\":\"SearchAction\",\"target\":{\"@type\":\"EntryPoint\",\"urlTemplate\":\"https:\\\/\\\/macite.tg\\\/?s={search_term_string}\"},\"query-input\":{\"@type\":\"PropertyValueSpecification\",\"valueRequired\":true,\"valueName\":\"search_term_string\"}}],\"inLanguage\":\"fr-FR\"},{\"@type\":\"Person\",\"@id\":\"https:\\\/\\\/macite.tg\\\/#\\\/schema\\\/person\\\/e9f2de7e5dbbe7770a9402c7ce82f5c2\",\"name\":\"Jean Pierre BAWELA\",\"image\":{\"@type\":\"ImageObject\",\"inLanguage\":\"fr-FR\",\"@id\":\"https:\\\/\\\/macite.tg\\\/wp-content\\\/uploads\\\/2023\\\/09\\\/WhatsApp-Image-2023-09-19-at-14.44.41-122x122.jpeg\",\"url\":\"https:\\\/\\\/macite.tg\\\/wp-content\\\/uploads\\\/2023\\\/09\\\/WhatsApp-Image-2023-09-19-at-14.44.41-122x122.jpeg\",\"contentUrl\":\"https:\\\/\\\/macite.tg\\\/wp-content\\\/uploads\\\/2023\\\/09\\\/WhatsApp-Image-2023-09-19-at-14.44.41-122x122.jpeg\",\"caption\":\"Jean Pierre BAWELA\"},\"url\":\"https:\\\/\\\/macite.tg\\\/?author=2\"}]}<\/script>\n<!-- \/ Yoast SEO plugin. -->","yoast_head_json":{"title":"REQU\u00caTE DU \u2018\u2019POLISARIO\u2019\u2019 CONTRE L\u2019ACCORD D\u2019ASSOCIATION MAROC-GB\u00a0: La Cour d\u2019appel de Londres d\u00e9boute l\u2019ONG pro-s\u00e9paratiste \u2018\u2019WSC\u2019\u2019 -","robots":{"index":"index","follow":"follow","max-snippet":"max-snippet:-1","max-image-preview":"max-image-preview:large","max-video-preview":"max-video-preview:-1"},"canonical":"https:\/\/macite.tg\/?p=5811","og_locale":"fr_FR","og_type":"article","og_title":"REQU\u00caTE DU \u2018\u2019POLISARIO\u2019\u2019 CONTRE L\u2019ACCORD D\u2019ASSOCIATION MAROC-GB\u00a0: La Cour d\u2019appel de Londres d\u00e9boute l\u2019ONG pro-s\u00e9paratiste \u2018\u2019WSC\u2019\u2019 -","og_description":"C\u2019est le troisi\u00e8me revers, depuis la fin de l\u2019ann\u00e9e derni\u00e8re, qu\u2019essuient les mouvements pro-s\u00e9paratistes, ennemis de l\u2019int\u00e9grit\u00e9 du territoire marocain. La Cour d\u2019appel de Londres a rejet\u00e9, hier jeudi 25 mai, la requ\u00eate d\u2019appel interjet\u00e9e par l\u2019ONG pro-s\u00e9paratistes \u2018\u2019WSC\u2019\u2019 remettant en cause l\u2019accord d\u2019association entre [&hellip;]","og_url":"https:\/\/macite.tg\/?p=5811","article_published_time":"2023-05-26T16:15:48+00:00","article_modified_time":"2023-05-26T16:16:01+00:00","og_image":[{"width":318,"height":159,"url":"https:\/\/macite.tg\/wp-content\/uploads\/2023\/05\/Cour-dappel-de-Londres.jpg","type":"image\/jpeg"}],"author":"Jean Pierre BAWELA","twitter_card":"summary_large_image","twitter_misc":{"\u00c9crit par":"Jean Pierre BAWELA","Dur\u00e9e de lecture estim\u00e9e":"3 minutes"},"schema":{"@context":"https:\/\/schema.org","@graph":[{"@type":"Article","@id":"https:\/\/macite.tg\/?p=5811#article","isPartOf":{"@id":"https:\/\/macite.tg\/?p=5811"},"author":{"name":"Jean Pierre BAWELA","@id":"https:\/\/macite.tg\/#\/schema\/person\/e9f2de7e5dbbe7770a9402c7ce82f5c2"},"headline":"REQU\u00caTE DU \u2018\u2019POLISARIO\u2019\u2019 CONTRE L\u2019ACCORD D\u2019ASSOCIATION MAROC-GB\u00a0: La Cour d\u2019appel de Londres d\u00e9boute l\u2019ONG pro-s\u00e9paratiste \u2018\u2019WSC\u2019\u2019","datePublished":"2023-05-26T16:15:48+00:00","dateModified":"2023-05-26T16:16:01+00:00","mainEntityOfPage":{"@id":"https:\/\/macite.tg\/?p=5811"},"wordCount":669,"commentCount":0,"image":{"@id":"https:\/\/macite.tg\/?p=5811#primaryimage"},"thumbnailUrl":"https:\/\/macite.tg\/wp-content\/uploads\/2023\/05\/Cour-dappel-de-Londres.jpg","articleSection":["ACTUALITE"],"inLanguage":"fr-FR","potentialAction":[{"@type":"CommentAction","name":"Comment","target":["https:\/\/macite.tg\/?p=5811#respond"]}]},{"@type":"WebPage","@id":"https:\/\/macite.tg\/?p=5811","url":"https:\/\/macite.tg\/?p=5811","name":"REQU\u00caTE DU \u2018\u2019POLISARIO\u2019\u2019 CONTRE L\u2019ACCORD D\u2019ASSOCIATION MAROC-GB\u00a0: La Cour d\u2019appel de Londres d\u00e9boute l\u2019ONG pro-s\u00e9paratiste \u2018\u2019WSC\u2019\u2019 -","isPartOf":{"@id":"https:\/\/macite.tg\/#website"},"primaryImageOfPage":{"@id":"https:\/\/macite.tg\/?p=5811#primaryimage"},"image":{"@id":"https:\/\/macite.tg\/?p=5811#primaryimage"},"thumbnailUrl":"https:\/\/macite.tg\/wp-content\/uploads\/2023\/05\/Cour-dappel-de-Londres.jpg","datePublished":"2023-05-26T16:15:48+00:00","dateModified":"2023-05-26T16:16:01+00:00","author":{"@id":"https:\/\/macite.tg\/#\/schema\/person\/e9f2de7e5dbbe7770a9402c7ce82f5c2"},"breadcrumb":{"@id":"https:\/\/macite.tg\/?p=5811#breadcrumb"},"inLanguage":"fr-FR","potentialAction":[{"@type":"ReadAction","target":["https:\/\/macite.tg\/?p=5811"]}]},{"@type":"ImageObject","inLanguage":"fr-FR","@id":"https:\/\/macite.tg\/?p=5811#primaryimage","url":"https:\/\/macite.tg\/wp-content\/uploads\/2023\/05\/Cour-dappel-de-Londres.jpg","contentUrl":"https:\/\/macite.tg\/wp-content\/uploads\/2023\/05\/Cour-dappel-de-Londres.jpg","width":318,"height":159},{"@type":"BreadcrumbList","@id":"https:\/\/macite.tg\/?p=5811#breadcrumb","itemListElement":[{"@type":"ListItem","position":1,"name":"Accueil","item":"https:\/\/macite.tg\/"},{"@type":"ListItem","position":2,"name":"REQU\u00caTE DU \u2018\u2019POLISARIO\u2019\u2019 CONTRE L\u2019ACCORD D\u2019ASSOCIATION MAROC-GB\u00a0: La Cour d\u2019appel de Londres d\u00e9boute l\u2019ONG pro-s\u00e9paratiste \u2018\u2019WSC\u2019\u2019"}]},{"@type":"WebSite","@id":"https:\/\/macite.tg\/#website","url":"https:\/\/macite.tg\/","name":"","description":"L&#039;information, la bonne!!!","potentialAction":[{"@type":"SearchAction","target":{"@type":"EntryPoint","urlTemplate":"https:\/\/macite.tg\/?s={search_term_string}"},"query-input":{"@type":"PropertyValueSpecification","valueRequired":true,"valueName":"search_term_string"}}],"inLanguage":"fr-FR"},{"@type":"Person","@id":"https:\/\/macite.tg\/#\/schema\/person\/e9f2de7e5dbbe7770a9402c7ce82f5c2","name":"Jean Pierre BAWELA","image":{"@type":"ImageObject","inLanguage":"fr-FR","@id":"https:\/\/macite.tg\/wp-content\/uploads\/2023\/09\/WhatsApp-Image-2023-09-19-at-14.44.41-122x122.jpeg","url":"https:\/\/macite.tg\/wp-content\/uploads\/2023\/09\/WhatsApp-Image-2023-09-19-at-14.44.41-122x122.jpeg","contentUrl":"https:\/\/macite.tg\/wp-content\/uploads\/2023\/09\/WhatsApp-Image-2023-09-19-at-14.44.41-122x122.jpeg","caption":"Jean Pierre BAWELA"},"url":"https:\/\/macite.tg\/?author=2"}]}},"_links":{"self":[{"href":"https:\/\/macite.tg\/index.php?rest_route=\/wp\/v2\/posts\/5811","targetHints":{"allow":["GET"]}}],"collection":[{"href":"https:\/\/macite.tg\/index.php?rest_route=\/wp\/v2\/posts"}],"about":[{"href":"https:\/\/macite.tg\/index.php?rest_route=\/wp\/v2\/types\/post"}],"author":[{"embeddable":true,"href":"https:\/\/macite.tg\/index.php?rest_route=\/wp\/v2\/users\/2"}],"replies":[{"embeddable":true,"href":"https:\/\/macite.tg\/index.php?rest_route=%2Fwp%2Fv2%2Fcomments&post=5811"}],"version-history":[{"count":0,"href":"https:\/\/macite.tg\/index.php?rest_route=\/wp\/v2\/posts\/5811\/revisions"}],"wp:featuredmedia":[{"embeddable":true,"href":"https:\/\/macite.tg\/index.php?rest_route=\/wp\/v2\/media\/5814"}],"wp:attachment":[{"href":"https:\/\/macite.tg\/index.php?rest_route=%2Fwp%2Fv2%2Fmedia&parent=5811"}],"wp:term":[{"taxonomy":"category","embeddable":true,"href":"https:\/\/macite.tg\/index.php?rest_route=%2Fwp%2Fv2%2Fcategories&post=5811"},{"taxonomy":"post_tag","embeddable":true,"href":"https:\/\/macite.tg\/index.php?rest_route=%2Fwp%2Fv2%2Ftags&post=5811"}],"curies":[{"name":"wp","href":"https:\/\/api.w.org\/{rel}","templated":true}]}}