{"id":5806,"date":"2023-05-26T14:46:29","date_gmt":"2023-05-26T14:46:29","guid":{"rendered":"https:\/\/macite.tg\/?p=5806"},"modified":"2023-05-26T14:46:40","modified_gmt":"2023-05-26T14:46:40","slug":"senegal-national-ces-points-de-desaccord-entre-macky-sall-et-abdoulaye-wade","status":"publish","type":"post","link":"https:\/\/macite.tg\/?p=5806","title":{"rendered":"S\u00c9N\u00c9GAL \/NATIONAL : Ces points de d\u00e9saccord entre Macky Sall et Abdoulaye Wade"},"content":{"rendered":"\n<p class=\"wp-block-paragraph\"><strong><em>Le dialogue national se tiendra-t-il ? Acteur majeur de ces discussions envisag\u00e9es, le Parti D\u00e9mocratique S\u00e9n\u00e9galais (PDS) vient de relever de gros manquements.<\/em><\/strong><\/p>\n\n\n\n<p class=\"wp-block-paragraph\">En effet, le parti de Me Abdoulaye Wade pointe du doigt certains \u00e9carts qui pourraient traduire un manque de transparence de la part de l\u2019\u00c9tat du S\u00e9n\u00e9gal. Le quotidien L\u2019Ind\u00e9pendant souligne notamment que les points de d\u00e9saccord entre Macky Sall et Abdoulaye Wade sont au nombre de 4.<\/p>\n\n\n\n<figure class=\"wp-block-image size-large\"><img loading=\"lazy\" decoding=\"async\" width=\"1024\" height=\"212\" src=\"https:\/\/macite.tg\/wp-content\/uploads\/2023\/05\/IMG-20230514-WA00962-1-1024x212.jpg\" alt=\"\" class=\"wp-image-5687\" srcset=\"https:\/\/macite.tg\/wp-content\/uploads\/2023\/05\/IMG-20230514-WA00962-1-1024x212.jpg 1024w, https:\/\/macite.tg\/wp-content\/uploads\/2023\/05\/IMG-20230514-WA00962-1-300x62.jpg 300w, https:\/\/macite.tg\/wp-content\/uploads\/2023\/05\/IMG-20230514-WA00962-1-768x159.jpg 768w, https:\/\/macite.tg\/wp-content\/uploads\/2023\/05\/IMG-20230514-WA00962-1-1536x318.jpg 1536w, https:\/\/macite.tg\/wp-content\/uploads\/2023\/05\/IMG-20230514-WA00962-1.jpg 1600w\" sizes=\"auto, (max-width: 1024px) 100vw, 1024px\" \/><\/figure>\n\n\n\n<p class=\"wp-block-paragraph\">Tout d\u2019abord, le PDS remarque l\u2019absence de disponibilit\u00e9 des termes de r\u00e9f\u00e9rence \u00e0 4 jours du d\u00e9but des concertations. Il y a \u00e9galement l\u2019absence d\u2019une feuille de route et d\u2019un agenda. Le PDS d\u00e9nonce, en outre, un flou total entourant les discussions. Enfin, le report agit\u00e9 de l\u2019\u00e9lection pr\u00e9sidentielle risque \u00e9galement de bloquer les travaux.<\/p>\n\n\n\n<p class=\"wp-block-paragraph\">Le <a href=\"https:\/\/www.senenews.com\/actualites\/yewwi-askan-wi-se-divise-le-dialogue-national-pousse-des-leaders-au-desaccord_445954.html\">dialogue national<\/a> doit, selon le pr\u00e9sident Macky Sall, permettre des \u00e9changes et parvenir \u00e0 des consensus durables sur des questions cruciales concernant la vie nationale et l\u2019avenir du pays. Les choses commencent mal !<\/p>\n\n\n\n<p class=\"wp-block-paragraph\">SeneNews<\/p>\n\n\n\n<p class=\"wp-block-paragraph\"><strong><em>@macite.tg&nbsp;&nbsp;&nbsp;&nbsp;&nbsp;&nbsp;&nbsp;&nbsp;<\/em><\/strong><\/p>\n\n\n\n<p class=\"wp-block-paragraph\"><strong><em>E-mail&nbsp;: <\/em><\/strong><a href=\"mailto:maciteinfo@gmail.com\"><strong><em>maciteinfo@gmail.com<\/em><\/strong><\/a><strong><em>; <\/em><\/strong><a href=\"mailto:bawela1@gmail.com\"><strong><em>bawela1@gmail.com<\/em><\/strong><\/a><strong><em><\/em><\/strong><\/p>\n\n\n\n<p class=\"wp-block-paragraph\"><strong><em>Pour vos annonces, (publi)reportages, etc., joignez nous au (00228)91515309\/<strong>79872224 <\/strong>www.macite.tg, L\u2019information, la bonne&nbsp;!<\/em><\/strong><\/p>\n","protected":false},"excerpt":{"rendered":"<p class=\"text-justify mb-2\" >Le dialogue national se tiendra-t-il ? Acteur majeur de ces discussions envisag\u00e9es, le Parti D\u00e9mocratique S\u00e9n\u00e9galais (PDS) vient de relever de gros manquements. En effet, le parti de Me Abdoulaye Wade pointe du doigt certains \u00e9carts qui pourraient traduire un manque de transparence de la [&hellip;]<\/p>\n","protected":false},"author":2,"featured_media":5809,"comment_status":"open","ping_status":"open","sticky":false,"template":"","format":"standard","meta":{"footnotes":""},"categories":[1],"tags":[],"class_list":["post-5806","post","type-post","status-publish","format-standard","has-post-thumbnail","hentry","category-politique"],"yoast_head":"<!-- This site is optimized with the Yoast SEO plugin v28.4 - https:\/\/yoast.com\/product\/yoast-seo-wordpress\/ -->\n<title>S\u00c9N\u00c9GAL \/NATIONAL : Ces points de d\u00e9saccord entre Macky Sall et Abdoulaye Wade -<\/title>\n<meta name=\"robots\" content=\"index, follow, max-snippet:-1, max-image-preview:large, max-video-preview:-1\" \/>\n<link rel=\"canonical\" href=\"https:\/\/macite.tg\/?p=5806\" \/>\n<meta property=\"og:locale\" content=\"fr_FR\" \/>\n<meta property=\"og:type\" content=\"article\" \/>\n<meta property=\"og:title\" content=\"S\u00c9N\u00c9GAL \/NATIONAL : Ces points de d\u00e9saccord entre Macky Sall et Abdoulaye Wade -\" \/>\n<meta property=\"og:description\" content=\"Le dialogue national se tiendra-t-il ? Acteur majeur de ces discussions envisag\u00e9es, le Parti D\u00e9mocratique S\u00e9n\u00e9galais (PDS) vient de relever de gros manquements. En effet, le parti de Me Abdoulaye Wade pointe du doigt certains \u00e9carts qui pourraient traduire un manque de transparence de la [&hellip;]\" \/>\n<meta property=\"og:url\" content=\"https:\/\/macite.tg\/?p=5806\" \/>\n<meta property=\"article:published_time\" content=\"2023-05-26T14:46:29+00:00\" \/>\n<meta property=\"article:modified_time\" content=\"2023-05-26T14:46:40+00:00\" \/>\n<meta property=\"og:image\" content=\"https:\/\/macite.tg\/wp-content\/uploads\/2023\/05\/wade-sall-palais-0003-696x464-1.jpg\" \/>\n\t<meta property=\"og:image:width\" content=\"696\" \/>\n\t<meta property=\"og:image:height\" content=\"464\" \/>\n\t<meta property=\"og:image:type\" content=\"image\/jpeg\" \/>\n<meta name=\"author\" content=\"Jean Pierre BAWELA\" \/>\n<meta name=\"twitter:card\" content=\"summary_large_image\" \/>\n<meta name=\"twitter:label1\" content=\"\u00c9crit par\" \/>\n\t<meta name=\"twitter:data1\" content=\"Jean Pierre BAWELA\" \/>\n\t<meta name=\"twitter:label2\" content=\"Dur\u00e9e de lecture estim\u00e9e\" \/>\n\t<meta name=\"twitter:data2\" content=\"1 minute\" \/>\n<script type=\"application\/ld+json\" class=\"yoast-schema-graph\">{\"@context\":\"https:\\\/\\\/schema.org\",\"@graph\":[{\"@type\":\"Article\",\"@id\":\"https:\\\/\\\/macite.tg\\\/?p=5806#article\",\"isPartOf\":{\"@id\":\"https:\\\/\\\/macite.tg\\\/?p=5806\"},\"author\":{\"name\":\"Jean Pierre BAWELA\",\"@id\":\"https:\\\/\\\/macite.tg\\\/#\\\/schema\\\/person\\\/e9f2de7e5dbbe7770a9402c7ce82f5c2\"},\"headline\":\"S\u00c9N\u00c9GAL \\\/NATIONAL : Ces points de d\u00e9saccord entre Macky Sall et Abdoulaye Wade\",\"datePublished\":\"2023-05-26T14:46:29+00:00\",\"dateModified\":\"2023-05-26T14:46:40+00:00\",\"mainEntityOfPage\":{\"@id\":\"https:\\\/\\\/macite.tg\\\/?p=5806\"},\"wordCount\":229,\"commentCount\":0,\"image\":{\"@id\":\"https:\\\/\\\/macite.tg\\\/?p=5806#primaryimage\"},\"thumbnailUrl\":\"https:\\\/\\\/macite.tg\\\/wp-content\\\/uploads\\\/2023\\\/05\\\/wade-sall-palais-0003-696x464-1.jpg\",\"articleSection\":[\"POLITIQUE\"],\"inLanguage\":\"fr-FR\",\"potentialAction\":[{\"@type\":\"CommentAction\",\"name\":\"Comment\",\"target\":[\"https:\\\/\\\/macite.tg\\\/?p=5806#respond\"]}]},{\"@type\":\"WebPage\",\"@id\":\"https:\\\/\\\/macite.tg\\\/?p=5806\",\"url\":\"https:\\\/\\\/macite.tg\\\/?p=5806\",\"name\":\"S\u00c9N\u00c9GAL \\\/NATIONAL : Ces points de d\u00e9saccord entre Macky Sall et Abdoulaye Wade -\",\"isPartOf\":{\"@id\":\"https:\\\/\\\/macite.tg\\\/#website\"},\"primaryImageOfPage\":{\"@id\":\"https:\\\/\\\/macite.tg\\\/?p=5806#primaryimage\"},\"image\":{\"@id\":\"https:\\\/\\\/macite.tg\\\/?p=5806#primaryimage\"},\"thumbnailUrl\":\"https:\\\/\\\/macite.tg\\\/wp-content\\\/uploads\\\/2023\\\/05\\\/wade-sall-palais-0003-696x464-1.jpg\",\"datePublished\":\"2023-05-26T14:46:29+00:00\",\"dateModified\":\"2023-05-26T14:46:40+00:00\",\"author\":{\"@id\":\"https:\\\/\\\/macite.tg\\\/#\\\/schema\\\/person\\\/e9f2de7e5dbbe7770a9402c7ce82f5c2\"},\"breadcrumb\":{\"@id\":\"https:\\\/\\\/macite.tg\\\/?p=5806#breadcrumb\"},\"inLanguage\":\"fr-FR\",\"potentialAction\":[{\"@type\":\"ReadAction\",\"target\":[\"https:\\\/\\\/macite.tg\\\/?p=5806\"]}]},{\"@type\":\"ImageObject\",\"inLanguage\":\"fr-FR\",\"@id\":\"https:\\\/\\\/macite.tg\\\/?p=5806#primaryimage\",\"url\":\"https:\\\/\\\/macite.tg\\\/wp-content\\\/uploads\\\/2023\\\/05\\\/wade-sall-palais-0003-696x464-1.jpg\",\"contentUrl\":\"https:\\\/\\\/macite.tg\\\/wp-content\\\/uploads\\\/2023\\\/05\\\/wade-sall-palais-0003-696x464-1.jpg\",\"width\":696,\"height\":464},{\"@type\":\"BreadcrumbList\",\"@id\":\"https:\\\/\\\/macite.tg\\\/?p=5806#breadcrumb\",\"itemListElement\":[{\"@type\":\"ListItem\",\"position\":1,\"name\":\"Accueil\",\"item\":\"https:\\\/\\\/macite.tg\\\/\"},{\"@type\":\"ListItem\",\"position\":2,\"name\":\"S\u00c9N\u00c9GAL \\\/NATIONAL : Ces points de d\u00e9saccord entre Macky Sall et Abdoulaye Wade\"}]},{\"@type\":\"WebSite\",\"@id\":\"https:\\\/\\\/macite.tg\\\/#website\",\"url\":\"https:\\\/\\\/macite.tg\\\/\",\"name\":\"\",\"description\":\"L&#039;information, la bonne!!!\",\"potentialAction\":[{\"@type\":\"SearchAction\",\"target\":{\"@type\":\"EntryPoint\",\"urlTemplate\":\"https:\\\/\\\/macite.tg\\\/?s={search_term_string}\"},\"query-input\":{\"@type\":\"PropertyValueSpecification\",\"valueRequired\":true,\"valueName\":\"search_term_string\"}}],\"inLanguage\":\"fr-FR\"},{\"@type\":\"Person\",\"@id\":\"https:\\\/\\\/macite.tg\\\/#\\\/schema\\\/person\\\/e9f2de7e5dbbe7770a9402c7ce82f5c2\",\"name\":\"Jean Pierre BAWELA\",\"image\":{\"@type\":\"ImageObject\",\"inLanguage\":\"fr-FR\",\"@id\":\"https:\\\/\\\/macite.tg\\\/wp-content\\\/uploads\\\/2023\\\/09\\\/WhatsApp-Image-2023-09-19-at-14.44.41-122x122.jpeg\",\"url\":\"https:\\\/\\\/macite.tg\\\/wp-content\\\/uploads\\\/2023\\\/09\\\/WhatsApp-Image-2023-09-19-at-14.44.41-122x122.jpeg\",\"contentUrl\":\"https:\\\/\\\/macite.tg\\\/wp-content\\\/uploads\\\/2023\\\/09\\\/WhatsApp-Image-2023-09-19-at-14.44.41-122x122.jpeg\",\"caption\":\"Jean Pierre BAWELA\"},\"url\":\"https:\\\/\\\/macite.tg\\\/?author=2\"}]}<\/script>\n<!-- \/ Yoast SEO plugin. -->","yoast_head_json":{"title":"S\u00c9N\u00c9GAL \/NATIONAL : Ces points de d\u00e9saccord entre Macky Sall et Abdoulaye Wade -","robots":{"index":"index","follow":"follow","max-snippet":"max-snippet:-1","max-image-preview":"max-image-preview:large","max-video-preview":"max-video-preview:-1"},"canonical":"https:\/\/macite.tg\/?p=5806","og_locale":"fr_FR","og_type":"article","og_title":"S\u00c9N\u00c9GAL \/NATIONAL : Ces points de d\u00e9saccord entre Macky Sall et Abdoulaye Wade -","og_description":"Le dialogue national se tiendra-t-il ? Acteur majeur de ces discussions envisag\u00e9es, le Parti D\u00e9mocratique S\u00e9n\u00e9galais (PDS) vient de relever de gros manquements. En effet, le parti de Me Abdoulaye Wade pointe du doigt certains \u00e9carts qui pourraient traduire un manque de transparence de la [&hellip;]","og_url":"https:\/\/macite.tg\/?p=5806","article_published_time":"2023-05-26T14:46:29+00:00","article_modified_time":"2023-05-26T14:46:40+00:00","og_image":[{"width":696,"height":464,"url":"https:\/\/macite.tg\/wp-content\/uploads\/2023\/05\/wade-sall-palais-0003-696x464-1.jpg","type":"image\/jpeg"}],"author":"Jean Pierre BAWELA","twitter_card":"summary_large_image","twitter_misc":{"\u00c9crit par":"Jean Pierre BAWELA","Dur\u00e9e de lecture estim\u00e9e":"1 minute"},"schema":{"@context":"https:\/\/schema.org","@graph":[{"@type":"Article","@id":"https:\/\/macite.tg\/?p=5806#article","isPartOf":{"@id":"https:\/\/macite.tg\/?p=5806"},"author":{"name":"Jean Pierre BAWELA","@id":"https:\/\/macite.tg\/#\/schema\/person\/e9f2de7e5dbbe7770a9402c7ce82f5c2"},"headline":"S\u00c9N\u00c9GAL \/NATIONAL : Ces points de d\u00e9saccord entre Macky Sall et Abdoulaye Wade","datePublished":"2023-05-26T14:46:29+00:00","dateModified":"2023-05-26T14:46:40+00:00","mainEntityOfPage":{"@id":"https:\/\/macite.tg\/?p=5806"},"wordCount":229,"commentCount":0,"image":{"@id":"https:\/\/macite.tg\/?p=5806#primaryimage"},"thumbnailUrl":"https:\/\/macite.tg\/wp-content\/uploads\/2023\/05\/wade-sall-palais-0003-696x464-1.jpg","articleSection":["POLITIQUE"],"inLanguage":"fr-FR","potentialAction":[{"@type":"CommentAction","name":"Comment","target":["https:\/\/macite.tg\/?p=5806#respond"]}]},{"@type":"WebPage","@id":"https:\/\/macite.tg\/?p=5806","url":"https:\/\/macite.tg\/?p=5806","name":"S\u00c9N\u00c9GAL \/NATIONAL : Ces points de d\u00e9saccord entre Macky Sall et Abdoulaye Wade -","isPartOf":{"@id":"https:\/\/macite.tg\/#website"},"primaryImageOfPage":{"@id":"https:\/\/macite.tg\/?p=5806#primaryimage"},"image":{"@id":"https:\/\/macite.tg\/?p=5806#primaryimage"},"thumbnailUrl":"https:\/\/macite.tg\/wp-content\/uploads\/2023\/05\/wade-sall-palais-0003-696x464-1.jpg","datePublished":"2023-05-26T14:46:29+00:00","dateModified":"2023-05-26T14:46:40+00:00","author":{"@id":"https:\/\/macite.tg\/#\/schema\/person\/e9f2de7e5dbbe7770a9402c7ce82f5c2"},"breadcrumb":{"@id":"https:\/\/macite.tg\/?p=5806#breadcrumb"},"inLanguage":"fr-FR","potentialAction":[{"@type":"ReadAction","target":["https:\/\/macite.tg\/?p=5806"]}]},{"@type":"ImageObject","inLanguage":"fr-FR","@id":"https:\/\/macite.tg\/?p=5806#primaryimage","url":"https:\/\/macite.tg\/wp-content\/uploads\/2023\/05\/wade-sall-palais-0003-696x464-1.jpg","contentUrl":"https:\/\/macite.tg\/wp-content\/uploads\/2023\/05\/wade-sall-palais-0003-696x464-1.jpg","width":696,"height":464},{"@type":"BreadcrumbList","@id":"https:\/\/macite.tg\/?p=5806#breadcrumb","itemListElement":[{"@type":"ListItem","position":1,"name":"Accueil","item":"https:\/\/macite.tg\/"},{"@type":"ListItem","position":2,"name":"S\u00c9N\u00c9GAL \/NATIONAL : Ces points de d\u00e9saccord entre Macky Sall et Abdoulaye Wade"}]},{"@type":"WebSite","@id":"https:\/\/macite.tg\/#website","url":"https:\/\/macite.tg\/","name":"","description":"L&#039;information, la bonne!!!","potentialAction":[{"@type":"SearchAction","target":{"@type":"EntryPoint","urlTemplate":"https:\/\/macite.tg\/?s={search_term_string}"},"query-input":{"@type":"PropertyValueSpecification","valueRequired":true,"valueName":"search_term_string"}}],"inLanguage":"fr-FR"},{"@type":"Person","@id":"https:\/\/macite.tg\/#\/schema\/person\/e9f2de7e5dbbe7770a9402c7ce82f5c2","name":"Jean Pierre BAWELA","image":{"@type":"ImageObject","inLanguage":"fr-FR","@id":"https:\/\/macite.tg\/wp-content\/uploads\/2023\/09\/WhatsApp-Image-2023-09-19-at-14.44.41-122x122.jpeg","url":"https:\/\/macite.tg\/wp-content\/uploads\/2023\/09\/WhatsApp-Image-2023-09-19-at-14.44.41-122x122.jpeg","contentUrl":"https:\/\/macite.tg\/wp-content\/uploads\/2023\/09\/WhatsApp-Image-2023-09-19-at-14.44.41-122x122.jpeg","caption":"Jean Pierre BAWELA"},"url":"https:\/\/macite.tg\/?author=2"}]}},"_links":{"self":[{"href":"https:\/\/macite.tg\/index.php?rest_route=\/wp\/v2\/posts\/5806","targetHints":{"allow":["GET"]}}],"collection":[{"href":"https:\/\/macite.tg\/index.php?rest_route=\/wp\/v2\/posts"}],"about":[{"href":"https:\/\/macite.tg\/index.php?rest_route=\/wp\/v2\/types\/post"}],"author":[{"embeddable":true,"href":"https:\/\/macite.tg\/index.php?rest_route=\/wp\/v2\/users\/2"}],"replies":[{"embeddable":true,"href":"https:\/\/macite.tg\/index.php?rest_route=%2Fwp%2Fv2%2Fcomments&post=5806"}],"version-history":[{"count":0,"href":"https:\/\/macite.tg\/index.php?rest_route=\/wp\/v2\/posts\/5806\/revisions"}],"wp:featuredmedia":[{"embeddable":true,"href":"https:\/\/macite.tg\/index.php?rest_route=\/wp\/v2\/media\/5809"}],"wp:attachment":[{"href":"https:\/\/macite.tg\/index.php?rest_route=%2Fwp%2Fv2%2Fmedia&parent=5806"}],"wp:term":[{"taxonomy":"category","embeddable":true,"href":"https:\/\/macite.tg\/index.php?rest_route=%2Fwp%2Fv2%2Fcategories&post=5806"},{"taxonomy":"post_tag","embeddable":true,"href":"https:\/\/macite.tg\/index.php?rest_route=%2Fwp%2Fv2%2Ftags&post=5806"}],"curies":[{"name":"wp","href":"https:\/\/api.w.org\/{rel}","templated":true}]}}