{"id":5795,"date":"2023-05-26T12:14:21","date_gmt":"2023-05-26T12:14:21","guid":{"rendered":"https:\/\/macite.tg\/?p=5795"},"modified":"2023-05-26T12:26:17","modified_gmt":"2023-05-26T12:26:17","slug":"recensement-dans-la-zone-2-la-ceni-proroge-au-29-mai-la-fin-des-operations-denrolement","status":"publish","type":"post","link":"https:\/\/macite.tg\/?p=5795","title":{"rendered":"RECENSEMENT DANS LA ZONE 2\u00a0: La CENI proroge la fin des op\u00e9rations d\u2019enr\u00f4lement au 29 mai"},"content":{"rendered":"\n<p class=\"wp-block-paragraph\"><strong><em>Les op\u00e9rations d\u2019enr\u00f4lement se poursuivent dans la zone 2 conform\u00e9ment au chronogramme \u00e9tabli par la Commission nationale \u00e9lectorale ind\u00e9pendante (CENI).&nbsp; Afin de permettre aux concitoyens d\u2019obtenir leur carte d\u2019\u00e9lecteur, le pr\u00e9cieux s\u00e9same, la CENI a d\u00e9cid\u00e9 d\u2019accorder deux jours suppl\u00e9mentaires afin d\u2019atteindre un plus grand nombre de concitoyens.<\/em><\/strong><\/p>\n\n\n\n<p class=\"wp-block-paragraph\">Dans la zone 2 o\u00f9 se d\u00e9roulent, depuis le 20 mai dernier, les op\u00e9rations d\u2019enr\u00f4lement en vue de mettre \u00e0 la disposition des Togolaise et Togolais \u00e2g\u00e9s d\u2019au moins 18 ans, une carte d\u2019\u00e9lecteur.<\/p>\n\n\n\n<figure class=\"wp-block-image size-large\"><img loading=\"lazy\" decoding=\"async\" width=\"1024\" height=\"212\" src=\"https:\/\/macite.tg\/wp-content\/uploads\/2023\/05\/IMG-20230514-WA00962-1-1024x212.jpg\" alt=\"\" class=\"wp-image-5687\" srcset=\"https:\/\/macite.tg\/wp-content\/uploads\/2023\/05\/IMG-20230514-WA00962-1-1024x212.jpg 1024w, https:\/\/macite.tg\/wp-content\/uploads\/2023\/05\/IMG-20230514-WA00962-1-300x62.jpg 300w, https:\/\/macite.tg\/wp-content\/uploads\/2023\/05\/IMG-20230514-WA00962-1-768x159.jpg 768w, https:\/\/macite.tg\/wp-content\/uploads\/2023\/05\/IMG-20230514-WA00962-1-1536x318.jpg 1536w, https:\/\/macite.tg\/wp-content\/uploads\/2023\/05\/IMG-20230514-WA00962-1.jpg 1600w\" sizes=\"auto, (max-width: 1024px) 100vw, 1024px\" \/><\/figure>\n\n\n\n<p class=\"wp-block-paragraph\">Vue l\u2019engouement et les interminables queues qui se pr\u00e9sentent dans les Centres de recensement et de vote (CRV), la CENI, organe charg\u00e9 d\u2019organisation et de la supervisions des joutes \u00e9lectorales au Togo, a d\u00e9cid\u00e9 d\u2019accorder deux jours suppl\u00e9mentaires aux op\u00e9rations d\u2019enr\u00f4lement.<\/p>\n\n\n\n<p class=\"wp-block-paragraph\">Ainsi, au lieu de boucler les op\u00e9rations demain 27 mai, les populations de la zone 2 pourront se faire encore \u00e9tablir les cartes d\u2019\u00e9lecteurs jusqu\u2019au lundi 29 mai prochain.<\/p>\n\n\n\n<p class=\"wp-block-paragraph\">Une mesure importante quand on sait que la CENI met les petits plats dans les grands en vue que ce processus d\u2019enr\u00f4lement et de confection du fichier \u00e9lectoral soit fait dans les r\u00e8gles de l\u2019art, et de mani\u00e8re inclusive.<\/p>\n\n\n\n<p class=\"wp-block-paragraph\">Pour le Togo, pour la patrie, mobilisons-nous pour la r\u00e9ussite du processus&nbsp;!<\/p>\n\n\n<div class=\"wp-block-image\">\n<figure class=\"aligncenter size-large is-resized\"><img loading=\"lazy\" decoding=\"async\" src=\"https:\/\/macite.tg\/wp-content\/uploads\/2023\/05\/IMG-20230511-WA0119-1-636x1024.jpg\" alt=\"\" class=\"wp-image-5796\" width=\"482\" height=\"776\" srcset=\"https:\/\/macite.tg\/wp-content\/uploads\/2023\/05\/IMG-20230511-WA0119-1-636x1024.jpg 636w, https:\/\/macite.tg\/wp-content\/uploads\/2023\/05\/IMG-20230511-WA0119-1-186x300.jpg 186w, https:\/\/macite.tg\/wp-content\/uploads\/2023\/05\/IMG-20230511-WA0119-1.jpg 671w\" sizes=\"auto, (max-width: 482px) 100vw, 482px\" \/><\/figure>\n<\/div>\n\n\n<p class=\"wp-block-paragraph\"><strong>JPB<\/strong><\/p>\n\n\n\n<p class=\"wp-block-paragraph\"><strong><em>@macite.tg<\/em><\/strong><\/p>\n\n\n\n<p class=\"wp-block-paragraph\"><strong><em>E-mail&nbsp;: <\/em><\/strong><a href=\"mailto:maciteinfo@gmail.com\"><strong><em>maciteinfo@gmail.com<\/em><\/strong><\/a><strong><em>; <\/em><\/strong><a href=\"mailto:bawela1@gmail.com\"><strong><em>bawela1@gmail.com<\/em><\/strong><\/a><strong><em><\/em><\/strong><\/p>\n\n\n\n<p class=\"wp-block-paragraph\"><strong><em>Pour vos annonces, (publi)reportages, etc., joignez nous au (00228)91515309\/<strong>79872224 <\/strong>www.macite.tg, L\u2019information, la bonne&nbsp;!<\/em><\/strong><\/p>\n","protected":false},"excerpt":{"rendered":"<p class=\"text-justify mb-2\" >Les op\u00e9rations d\u2019enr\u00f4lement se poursuivent dans la zone 2 conform\u00e9ment au chronogramme \u00e9tabli par la Commission nationale \u00e9lectorale ind\u00e9pendante (CENI).&nbsp; Afin de permettre aux concitoyens d\u2019obtenir leur carte d\u2019\u00e9lecteur, le pr\u00e9cieux s\u00e9same, la CENI a d\u00e9cid\u00e9 d\u2019accorder deux jours suppl\u00e9mentaires afin d\u2019atteindre un plus grand [&hellip;]<\/p>\n","protected":false},"author":2,"featured_media":5797,"comment_status":"open","ping_status":"open","sticky":false,"template":"","format":"standard","meta":{"footnotes":""},"categories":[20,1],"tags":[],"class_list":["post-5795","post","type-post","status-publish","format-standard","has-post-thumbnail","hentry","category-actualite","category-politique"],"yoast_head":"<!-- This site is optimized with the Yoast SEO plugin v28.4 - https:\/\/yoast.com\/product\/yoast-seo-wordpress\/ -->\n<title>RECENSEMENT DANS LA ZONE 2\u00a0: La CENI proroge la fin des op\u00e9rations d\u2019enr\u00f4lement au 29 mai -<\/title>\n<meta name=\"robots\" content=\"index, follow, max-snippet:-1, max-image-preview:large, max-video-preview:-1\" \/>\n<link rel=\"canonical\" href=\"https:\/\/macite.tg\/?p=5795\" \/>\n<meta property=\"og:locale\" content=\"fr_FR\" \/>\n<meta property=\"og:type\" content=\"article\" \/>\n<meta property=\"og:title\" content=\"RECENSEMENT DANS LA ZONE 2\u00a0: La CENI proroge la fin des op\u00e9rations d\u2019enr\u00f4lement au 29 mai -\" \/>\n<meta property=\"og:description\" content=\"Les op\u00e9rations d\u2019enr\u00f4lement se poursuivent dans la zone 2 conform\u00e9ment au chronogramme \u00e9tabli par la Commission nationale \u00e9lectorale ind\u00e9pendante (CENI).&nbsp; Afin de permettre aux concitoyens d\u2019obtenir leur carte d\u2019\u00e9lecteur, le pr\u00e9cieux s\u00e9same, la CENI a d\u00e9cid\u00e9 d\u2019accorder deux jours suppl\u00e9mentaires afin d\u2019atteindre un plus grand [&hellip;]\" \/>\n<meta property=\"og:url\" content=\"https:\/\/macite.tg\/?p=5795\" \/>\n<meta property=\"article:published_time\" content=\"2023-05-26T12:14:21+00:00\" \/>\n<meta property=\"article:modified_time\" content=\"2023-05-26T12:26:17+00:00\" \/>\n<meta property=\"og:image\" content=\"https:\/\/macite.tg\/wp-content\/uploads\/2023\/05\/Cenii.jpg\" \/>\n\t<meta property=\"og:image:width\" content=\"300\" \/>\n\t<meta property=\"og:image:height\" content=\"168\" \/>\n\t<meta property=\"og:image:type\" content=\"image\/jpeg\" \/>\n<meta name=\"author\" content=\"Jean Pierre BAWELA\" \/>\n<meta name=\"twitter:card\" content=\"summary_large_image\" \/>\n<meta name=\"twitter:label1\" content=\"\u00c9crit par\" \/>\n\t<meta name=\"twitter:data1\" content=\"Jean Pierre BAWELA\" \/>\n\t<meta name=\"twitter:label2\" content=\"Dur\u00e9e de lecture estim\u00e9e\" \/>\n\t<meta name=\"twitter:data2\" content=\"1 minute\" \/>\n<script type=\"application\/ld+json\" class=\"yoast-schema-graph\">{\"@context\":\"https:\\\/\\\/schema.org\",\"@graph\":[{\"@type\":\"Article\",\"@id\":\"https:\\\/\\\/macite.tg\\\/?p=5795#article\",\"isPartOf\":{\"@id\":\"https:\\\/\\\/macite.tg\\\/?p=5795\"},\"author\":{\"name\":\"Jean Pierre BAWELA\",\"@id\":\"https:\\\/\\\/macite.tg\\\/#\\\/schema\\\/person\\\/e9f2de7e5dbbe7770a9402c7ce82f5c2\"},\"headline\":\"RECENSEMENT DANS LA ZONE 2\u00a0: La CENI proroge la fin des op\u00e9rations d\u2019enr\u00f4lement au 29 mai\",\"datePublished\":\"2023-05-26T12:14:21+00:00\",\"dateModified\":\"2023-05-26T12:26:17+00:00\",\"mainEntityOfPage\":{\"@id\":\"https:\\\/\\\/macite.tg\\\/?p=5795\"},\"wordCount\":280,\"commentCount\":0,\"image\":{\"@id\":\"https:\\\/\\\/macite.tg\\\/?p=5795#primaryimage\"},\"thumbnailUrl\":\"https:\\\/\\\/macite.tg\\\/wp-content\\\/uploads\\\/2023\\\/05\\\/Cenii.jpg\",\"articleSection\":[\"ACTUALITE\",\"POLITIQUE\"],\"inLanguage\":\"fr-FR\",\"potentialAction\":[{\"@type\":\"CommentAction\",\"name\":\"Comment\",\"target\":[\"https:\\\/\\\/macite.tg\\\/?p=5795#respond\"]}]},{\"@type\":\"WebPage\",\"@id\":\"https:\\\/\\\/macite.tg\\\/?p=5795\",\"url\":\"https:\\\/\\\/macite.tg\\\/?p=5795\",\"name\":\"RECENSEMENT DANS LA ZONE 2\u00a0: La CENI proroge la fin des op\u00e9rations d\u2019enr\u00f4lement au 29 mai -\",\"isPartOf\":{\"@id\":\"https:\\\/\\\/macite.tg\\\/#website\"},\"primaryImageOfPage\":{\"@id\":\"https:\\\/\\\/macite.tg\\\/?p=5795#primaryimage\"},\"image\":{\"@id\":\"https:\\\/\\\/macite.tg\\\/?p=5795#primaryimage\"},\"thumbnailUrl\":\"https:\\\/\\\/macite.tg\\\/wp-content\\\/uploads\\\/2023\\\/05\\\/Cenii.jpg\",\"datePublished\":\"2023-05-26T12:14:21+00:00\",\"dateModified\":\"2023-05-26T12:26:17+00:00\",\"author\":{\"@id\":\"https:\\\/\\\/macite.tg\\\/#\\\/schema\\\/person\\\/e9f2de7e5dbbe7770a9402c7ce82f5c2\"},\"breadcrumb\":{\"@id\":\"https:\\\/\\\/macite.tg\\\/?p=5795#breadcrumb\"},\"inLanguage\":\"fr-FR\",\"potentialAction\":[{\"@type\":\"ReadAction\",\"target\":[\"https:\\\/\\\/macite.tg\\\/?p=5795\"]}]},{\"@type\":\"ImageObject\",\"inLanguage\":\"fr-FR\",\"@id\":\"https:\\\/\\\/macite.tg\\\/?p=5795#primaryimage\",\"url\":\"https:\\\/\\\/macite.tg\\\/wp-content\\\/uploads\\\/2023\\\/05\\\/Cenii.jpg\",\"contentUrl\":\"https:\\\/\\\/macite.tg\\\/wp-content\\\/uploads\\\/2023\\\/05\\\/Cenii.jpg\",\"width\":300,\"height\":168},{\"@type\":\"BreadcrumbList\",\"@id\":\"https:\\\/\\\/macite.tg\\\/?p=5795#breadcrumb\",\"itemListElement\":[{\"@type\":\"ListItem\",\"position\":1,\"name\":\"Accueil\",\"item\":\"https:\\\/\\\/macite.tg\\\/\"},{\"@type\":\"ListItem\",\"position\":2,\"name\":\"RECENSEMENT DANS LA ZONE 2\u00a0: La CENI proroge la fin des op\u00e9rations d\u2019enr\u00f4lement au 29 mai\"}]},{\"@type\":\"WebSite\",\"@id\":\"https:\\\/\\\/macite.tg\\\/#website\",\"url\":\"https:\\\/\\\/macite.tg\\\/\",\"name\":\"\",\"description\":\"L&#039;information, la bonne!!!\",\"potentialAction\":[{\"@type\":\"SearchAction\",\"target\":{\"@type\":\"EntryPoint\",\"urlTemplate\":\"https:\\\/\\\/macite.tg\\\/?s={search_term_string}\"},\"query-input\":{\"@type\":\"PropertyValueSpecification\",\"valueRequired\":true,\"valueName\":\"search_term_string\"}}],\"inLanguage\":\"fr-FR\"},{\"@type\":\"Person\",\"@id\":\"https:\\\/\\\/macite.tg\\\/#\\\/schema\\\/person\\\/e9f2de7e5dbbe7770a9402c7ce82f5c2\",\"name\":\"Jean Pierre BAWELA\",\"image\":{\"@type\":\"ImageObject\",\"inLanguage\":\"fr-FR\",\"@id\":\"https:\\\/\\\/macite.tg\\\/wp-content\\\/uploads\\\/2023\\\/09\\\/WhatsApp-Image-2023-09-19-at-14.44.41-122x122.jpeg\",\"url\":\"https:\\\/\\\/macite.tg\\\/wp-content\\\/uploads\\\/2023\\\/09\\\/WhatsApp-Image-2023-09-19-at-14.44.41-122x122.jpeg\",\"contentUrl\":\"https:\\\/\\\/macite.tg\\\/wp-content\\\/uploads\\\/2023\\\/09\\\/WhatsApp-Image-2023-09-19-at-14.44.41-122x122.jpeg\",\"caption\":\"Jean Pierre BAWELA\"},\"url\":\"https:\\\/\\\/macite.tg\\\/?author=2\"}]}<\/script>\n<!-- \/ Yoast SEO plugin. -->","yoast_head_json":{"title":"RECENSEMENT DANS LA ZONE 2\u00a0: La CENI proroge la fin des op\u00e9rations d\u2019enr\u00f4lement au 29 mai -","robots":{"index":"index","follow":"follow","max-snippet":"max-snippet:-1","max-image-preview":"max-image-preview:large","max-video-preview":"max-video-preview:-1"},"canonical":"https:\/\/macite.tg\/?p=5795","og_locale":"fr_FR","og_type":"article","og_title":"RECENSEMENT DANS LA ZONE 2\u00a0: La CENI proroge la fin des op\u00e9rations d\u2019enr\u00f4lement au 29 mai -","og_description":"Les op\u00e9rations d\u2019enr\u00f4lement se poursuivent dans la zone 2 conform\u00e9ment au chronogramme \u00e9tabli par la Commission nationale \u00e9lectorale ind\u00e9pendante (CENI).&nbsp; Afin de permettre aux concitoyens d\u2019obtenir leur carte d\u2019\u00e9lecteur, le pr\u00e9cieux s\u00e9same, la CENI a d\u00e9cid\u00e9 d\u2019accorder deux jours suppl\u00e9mentaires afin d\u2019atteindre un plus grand [&hellip;]","og_url":"https:\/\/macite.tg\/?p=5795","article_published_time":"2023-05-26T12:14:21+00:00","article_modified_time":"2023-05-26T12:26:17+00:00","og_image":[{"width":300,"height":168,"url":"https:\/\/macite.tg\/wp-content\/uploads\/2023\/05\/Cenii.jpg","type":"image\/jpeg"}],"author":"Jean Pierre BAWELA","twitter_card":"summary_large_image","twitter_misc":{"\u00c9crit par":"Jean Pierre BAWELA","Dur\u00e9e de lecture estim\u00e9e":"1 minute"},"schema":{"@context":"https:\/\/schema.org","@graph":[{"@type":"Article","@id":"https:\/\/macite.tg\/?p=5795#article","isPartOf":{"@id":"https:\/\/macite.tg\/?p=5795"},"author":{"name":"Jean Pierre BAWELA","@id":"https:\/\/macite.tg\/#\/schema\/person\/e9f2de7e5dbbe7770a9402c7ce82f5c2"},"headline":"RECENSEMENT DANS LA ZONE 2\u00a0: La CENI proroge la fin des op\u00e9rations d\u2019enr\u00f4lement au 29 mai","datePublished":"2023-05-26T12:14:21+00:00","dateModified":"2023-05-26T12:26:17+00:00","mainEntityOfPage":{"@id":"https:\/\/macite.tg\/?p=5795"},"wordCount":280,"commentCount":0,"image":{"@id":"https:\/\/macite.tg\/?p=5795#primaryimage"},"thumbnailUrl":"https:\/\/macite.tg\/wp-content\/uploads\/2023\/05\/Cenii.jpg","articleSection":["ACTUALITE","POLITIQUE"],"inLanguage":"fr-FR","potentialAction":[{"@type":"CommentAction","name":"Comment","target":["https:\/\/macite.tg\/?p=5795#respond"]}]},{"@type":"WebPage","@id":"https:\/\/macite.tg\/?p=5795","url":"https:\/\/macite.tg\/?p=5795","name":"RECENSEMENT DANS LA ZONE 2\u00a0: La CENI proroge la fin des op\u00e9rations d\u2019enr\u00f4lement au 29 mai -","isPartOf":{"@id":"https:\/\/macite.tg\/#website"},"primaryImageOfPage":{"@id":"https:\/\/macite.tg\/?p=5795#primaryimage"},"image":{"@id":"https:\/\/macite.tg\/?p=5795#primaryimage"},"thumbnailUrl":"https:\/\/macite.tg\/wp-content\/uploads\/2023\/05\/Cenii.jpg","datePublished":"2023-05-26T12:14:21+00:00","dateModified":"2023-05-26T12:26:17+00:00","author":{"@id":"https:\/\/macite.tg\/#\/schema\/person\/e9f2de7e5dbbe7770a9402c7ce82f5c2"},"breadcrumb":{"@id":"https:\/\/macite.tg\/?p=5795#breadcrumb"},"inLanguage":"fr-FR","potentialAction":[{"@type":"ReadAction","target":["https:\/\/macite.tg\/?p=5795"]}]},{"@type":"ImageObject","inLanguage":"fr-FR","@id":"https:\/\/macite.tg\/?p=5795#primaryimage","url":"https:\/\/macite.tg\/wp-content\/uploads\/2023\/05\/Cenii.jpg","contentUrl":"https:\/\/macite.tg\/wp-content\/uploads\/2023\/05\/Cenii.jpg","width":300,"height":168},{"@type":"BreadcrumbList","@id":"https:\/\/macite.tg\/?p=5795#breadcrumb","itemListElement":[{"@type":"ListItem","position":1,"name":"Accueil","item":"https:\/\/macite.tg\/"},{"@type":"ListItem","position":2,"name":"RECENSEMENT DANS LA ZONE 2\u00a0: La CENI proroge la fin des op\u00e9rations d\u2019enr\u00f4lement au 29 mai"}]},{"@type":"WebSite","@id":"https:\/\/macite.tg\/#website","url":"https:\/\/macite.tg\/","name":"","description":"L&#039;information, la bonne!!!","potentialAction":[{"@type":"SearchAction","target":{"@type":"EntryPoint","urlTemplate":"https:\/\/macite.tg\/?s={search_term_string}"},"query-input":{"@type":"PropertyValueSpecification","valueRequired":true,"valueName":"search_term_string"}}],"inLanguage":"fr-FR"},{"@type":"Person","@id":"https:\/\/macite.tg\/#\/schema\/person\/e9f2de7e5dbbe7770a9402c7ce82f5c2","name":"Jean Pierre BAWELA","image":{"@type":"ImageObject","inLanguage":"fr-FR","@id":"https:\/\/macite.tg\/wp-content\/uploads\/2023\/09\/WhatsApp-Image-2023-09-19-at-14.44.41-122x122.jpeg","url":"https:\/\/macite.tg\/wp-content\/uploads\/2023\/09\/WhatsApp-Image-2023-09-19-at-14.44.41-122x122.jpeg","contentUrl":"https:\/\/macite.tg\/wp-content\/uploads\/2023\/09\/WhatsApp-Image-2023-09-19-at-14.44.41-122x122.jpeg","caption":"Jean Pierre BAWELA"},"url":"https:\/\/macite.tg\/?author=2"}]}},"_links":{"self":[{"href":"https:\/\/macite.tg\/index.php?rest_route=\/wp\/v2\/posts\/5795","targetHints":{"allow":["GET"]}}],"collection":[{"href":"https:\/\/macite.tg\/index.php?rest_route=\/wp\/v2\/posts"}],"about":[{"href":"https:\/\/macite.tg\/index.php?rest_route=\/wp\/v2\/types\/post"}],"author":[{"embeddable":true,"href":"https:\/\/macite.tg\/index.php?rest_route=\/wp\/v2\/users\/2"}],"replies":[{"embeddable":true,"href":"https:\/\/macite.tg\/index.php?rest_route=%2Fwp%2Fv2%2Fcomments&post=5795"}],"version-history":[{"count":0,"href":"https:\/\/macite.tg\/index.php?rest_route=\/wp\/v2\/posts\/5795\/revisions"}],"wp:featuredmedia":[{"embeddable":true,"href":"https:\/\/macite.tg\/index.php?rest_route=\/wp\/v2\/media\/5797"}],"wp:attachment":[{"href":"https:\/\/macite.tg\/index.php?rest_route=%2Fwp%2Fv2%2Fmedia&parent=5795"}],"wp:term":[{"taxonomy":"category","embeddable":true,"href":"https:\/\/macite.tg\/index.php?rest_route=%2Fwp%2Fv2%2Fcategories&post=5795"},{"taxonomy":"post_tag","embeddable":true,"href":"https:\/\/macite.tg\/index.php?rest_route=%2Fwp%2Fv2%2Ftags&post=5795"}],"curies":[{"name":"wp","href":"https:\/\/api.w.org\/{rel}","templated":true}]}}