{"id":5791,"date":"2023-05-26T12:23:12","date_gmt":"2023-05-26T12:23:12","guid":{"rendered":"https:\/\/macite.tg\/?p=5791"},"modified":"2023-05-26T12:23:25","modified_gmt":"2023-05-26T12:23:25","slug":"conseil-regional-de-la-tenue-a-la-deliberation-des-seances","status":"publish","type":"post","link":"https:\/\/macite.tg\/?p=5791","title":{"rendered":"CONSEIL R\u00c9GIONAL : De la Tenue \u00e0 la d\u00e9lib\u00e9ration des s\u00e9ances\u2026"},"content":{"rendered":"\n<p class=\"wp-block-paragraph\"><strong><em>Le peuple togolais est dans l\u2019attente de son bapt\u00eame de feu en mati\u00e8re de l\u2019\u00e9lection r\u00e9gionale et surtout la fonctionnalit\u00e9 du conseil r\u00e9gional. Pour permettre \u00e0 la population d\u2019avoir une id\u00e9e sur la mission, le r\u00f4le, les objectifs et autres entit\u00e9s du conseil r\u00e9gional, votre journal chronique de la semaine vous propose des articles bas\u00e9s sur la loi qui r\u00e9git le conseil r\u00e9gional au Togo. Dans ce num\u00e9ro il est question des proc\u00e9dures de la d\u00e9lib\u00e9ration lors des s\u00e9ances dudit conseil.<\/em><\/strong><\/p>\n\n\n\n<p class=\"wp-block-paragraph\">Les s\u00e9ances du conseil r\u00e9gional sont tenus \u00eatre publiques au vu et au su de la population. Toutefois, le conseil r\u00e9gional, sans d\u00e9bat, d\u00e9cide du huis clos, particuli\u00e8rement lorsqu\u2019il s\u2019agit de d\u00e9lib\u00e9rer sur des mesures individuelle.<\/p>\n\n\n\n<figure class=\"wp-block-image size-large\"><img loading=\"lazy\" decoding=\"async\" width=\"1024\" height=\"212\" src=\"https:\/\/macite.tg\/wp-content\/uploads\/2023\/05\/IMG-20230514-WA00962-1-1024x212.jpg\" alt=\"\" class=\"wp-image-5687\" srcset=\"https:\/\/macite.tg\/wp-content\/uploads\/2023\/05\/IMG-20230514-WA00962-1-1024x212.jpg 1024w, https:\/\/macite.tg\/wp-content\/uploads\/2023\/05\/IMG-20230514-WA00962-1-300x62.jpg 300w, https:\/\/macite.tg\/wp-content\/uploads\/2023\/05\/IMG-20230514-WA00962-1-768x159.jpg 768w, https:\/\/macite.tg\/wp-content\/uploads\/2023\/05\/IMG-20230514-WA00962-1-1536x318.jpg 1536w, https:\/\/macite.tg\/wp-content\/uploads\/2023\/05\/IMG-20230514-WA00962-1.jpg 1600w\" sizes=\"auto, (max-width: 1024px) 100vw, 1024px\" \/><\/figure>\n\n\n\n<p class=\"wp-block-paragraph\">Le secr\u00e9tariat du conseil r\u00e9gional qui est assur\u00e9 par le rapporteur a obligation de publier par affichage et de transmettre au gouverneur les d\u00e9lib\u00e9rations du conseil. Pour&nbsp; permettre aux administr\u00e9s d\u2019\u00eatre au parfum des d\u00e9cisions et des projets pris au cours des s\u00e9ances du conseil r\u00e9gional, les extraits du compte rendu de chaque s\u00e9ance sont affich\u00e9s au si\u00e8ge du conseil, dans huit (8) jours qui suivent la s\u00e9ance. La certification de l\u2019affichage du compte rendu est faite par le pr\u00e9sident du conseil r\u00e9gional et mentionn\u00e9e au registre des d\u00e9lib\u00e9rations. Ces derni\u00e8res sont ensuite inscrites par ordre de date sur un registre c\u00f4t\u00e9 et paraph\u00e9 par le gouverneur.<\/p>\n\n\n\n<p class=\"wp-block-paragraph\">En amont il faut le signaler, le conseil r\u00e9gional ne peut d\u00e9lib\u00e9rer valablement que lorsque la majorit\u00e9 de ses membres est r\u00e9uni. Lorsque, apr\u00e8s une premi\u00e8re convocation r\u00e9guli\u00e8rement faite, le quorum n\u2019est pas atteint, le conseil est convoqu\u00e9 pour une seconde fois dans le d\u00e9lai de trois jours. Si&nbsp; le quorum n\u2019est pas toujours atteint le conseil peut valablement d\u00e9lib\u00e9rer, si le tiers (1\/3) au moins des membres est pr\u00e9sent ou lorsque les circonstances exigent, le conseil d\u00e9lib\u00e8re valablement apr\u00e8s une seule convocation quel que soit le nombre des membres pr\u00e9sents. Les d\u00e9cisions du conseil r\u00e9gional sont prises \u00e0 la majorit\u00e9 absolue des membres pr\u00e9sents ou pr\u00e9sent\u00e9s.<\/p>\n\n\n<div class=\"wp-block-image\">\n<figure class=\"aligncenter size-large is-resized\"><img loading=\"lazy\" decoding=\"async\" src=\"https:\/\/macite.tg\/wp-content\/uploads\/2023\/05\/Popup_Site_gudef23-1-1024x902.jpg\" alt=\"\" class=\"wp-image-5755\" width=\"668\" height=\"587\" srcset=\"https:\/\/macite.tg\/wp-content\/uploads\/2023\/05\/Popup_Site_gudef23-1-1024x902.jpg 1024w, https:\/\/macite.tg\/wp-content\/uploads\/2023\/05\/Popup_Site_gudef23-1-300x264.jpg 300w, https:\/\/macite.tg\/wp-content\/uploads\/2023\/05\/Popup_Site_gudef23-1-768x676.jpg 768w, https:\/\/macite.tg\/wp-content\/uploads\/2023\/05\/Popup_Site_gudef23-1.jpg 1280w\" sizes=\"auto, (max-width: 668px) 100vw, 668px\" \/><\/figure>\n<\/div>\n\n\n<p class=\"wp-block-paragraph\">Un conseiller qui ne peut pas assister \u00e0 une s\u00e9ance ou \u00e0 une session peut donner procuration \u00e0 un coll\u00e8gue de son choix. La procuration est sign\u00e9e. Elle n\u2019est valable que pour une seule s\u00e9ance ou une seule session du conseil. Un conseiller ne peut plus recevoir plus d\u2019une procuration pour une m\u00eame s\u00e9ance. Le vote a lieu au scrutin public. Les noms des votants, avec la d\u00e9signation de leurs votes, sont ins\u00e9r\u00e9s au proc\u00e8s-verbal. Il est proc\u00e9d\u00e9 au scrutin secret toutes les fois que le tiers (1\/3) des membres pr\u00e9sents le demande, ou qu\u2019il s\u2019agit de proc\u00e9der \u00e0 une nomination.<\/p>\n\n\n\n<p class=\"wp-block-paragraph\">Apr\u00e8s deux tours de scrutin, si la majorit\u00e9 absolue ne se d\u00e9gage pas, il est proc\u00e9d\u00e9 \u00e0 un troisi\u00e8me tour de scrutin et le vote a lieu \u00e0 la majorit\u00e9 relative. En cas de nomination et en cas d\u2019\u00e9galit\u00e9 de voix la voix du pr\u00e9sident est pr\u00e9pond\u00e9rante.<\/p>\n\n\n\n<p class=\"wp-block-paragraph\"><strong>Carole A. (In CHRONIQUE DE LA SEMAINE n\u00b0693 du 04 Mai 2023)<\/strong><\/p>\n\n\n\n<p class=\"wp-block-paragraph\"><strong><em>@macite.tg&nbsp;&nbsp;&nbsp;&nbsp;&nbsp;&nbsp;&nbsp;&nbsp;<\/em><\/strong><\/p>\n\n\n\n<p class=\"wp-block-paragraph\"><strong><em>E-mail&nbsp;: <\/em><\/strong><a href=\"mailto:maciteinfo@gmail.com\"><strong><em>maciteinfo@gmail.com<\/em><\/strong><\/a><strong><em>; <\/em><\/strong><a href=\"mailto:bawela1@gmail.com\"><strong><em>bawela1@gmail.com<\/em><\/strong><\/a><strong><em><\/em><\/strong><\/p>\n\n\n\n<p class=\"wp-block-paragraph\"><strong><em>Pour vos annonces, (publi)reportages, etc., joignez nous au (00228)91515309\/<strong>79872224 <\/strong>www.macite.tg, L\u2019information, la bonne&nbsp;!<\/em><\/strong><\/p>\n","protected":false},"excerpt":{"rendered":"<p class=\"text-justify mb-2\" >Le peuple togolais est dans l\u2019attente de son bapt\u00eame de feu en mati\u00e8re de l\u2019\u00e9lection r\u00e9gionale et surtout la fonctionnalit\u00e9 du conseil r\u00e9gional. Pour permettre \u00e0 la population d\u2019avoir une id\u00e9e sur la mission, le r\u00f4le, les objectifs et autres entit\u00e9s du conseil r\u00e9gional, votre [&hellip;]<\/p>\n","protected":false},"author":2,"featured_media":5799,"comment_status":"open","ping_status":"open","sticky":false,"template":"","format":"standard","meta":{"footnotes":""},"categories":[20,1],"tags":[],"class_list":["post-5791","post","type-post","status-publish","format-standard","has-post-thumbnail","hentry","category-actualite","category-politique"],"yoast_head":"<!-- This site is optimized with the Yoast SEO plugin v28.4 - https:\/\/yoast.com\/product\/yoast-seo-wordpress\/ -->\n<title>CONSEIL R\u00c9GIONAL : De la Tenue \u00e0 la d\u00e9lib\u00e9ration des s\u00e9ances\u2026 -<\/title>\n<meta name=\"robots\" content=\"index, follow, max-snippet:-1, max-image-preview:large, max-video-preview:-1\" \/>\n<link rel=\"canonical\" href=\"https:\/\/macite.tg\/?p=5791\" \/>\n<meta property=\"og:locale\" content=\"fr_FR\" \/>\n<meta property=\"og:type\" content=\"article\" \/>\n<meta property=\"og:title\" content=\"CONSEIL R\u00c9GIONAL : De la Tenue \u00e0 la d\u00e9lib\u00e9ration des s\u00e9ances\u2026 -\" \/>\n<meta property=\"og:description\" content=\"Le peuple togolais est dans l\u2019attente de son bapt\u00eame de feu en mati\u00e8re de l\u2019\u00e9lection r\u00e9gionale et surtout la fonctionnalit\u00e9 du conseil r\u00e9gional. Pour permettre \u00e0 la population d\u2019avoir une id\u00e9e sur la mission, le r\u00f4le, les objectifs et autres entit\u00e9s du conseil r\u00e9gional, votre [&hellip;]\" \/>\n<meta property=\"og:url\" content=\"https:\/\/macite.tg\/?p=5791\" \/>\n<meta property=\"article:published_time\" content=\"2023-05-26T12:23:12+00:00\" \/>\n<meta property=\"article:modified_time\" content=\"2023-05-26T12:23:25+00:00\" \/>\n<meta property=\"og:image\" content=\"https:\/\/macite.tg\/wp-content\/uploads\/2023\/05\/Regionales.jpg\" \/>\n\t<meta property=\"og:image:width\" content=\"300\" \/>\n\t<meta property=\"og:image:height\" content=\"168\" \/>\n\t<meta property=\"og:image:type\" content=\"image\/jpeg\" \/>\n<meta name=\"author\" content=\"Jean Pierre BAWELA\" \/>\n<meta name=\"twitter:card\" content=\"summary_large_image\" \/>\n<meta name=\"twitter:label1\" content=\"\u00c9crit par\" \/>\n\t<meta name=\"twitter:data1\" content=\"Jean Pierre BAWELA\" \/>\n\t<meta name=\"twitter:label2\" content=\"Dur\u00e9e de lecture estim\u00e9e\" \/>\n\t<meta name=\"twitter:data2\" content=\"3 minutes\" \/>\n<script type=\"application\/ld+json\" class=\"yoast-schema-graph\">{\"@context\":\"https:\\\/\\\/schema.org\",\"@graph\":[{\"@type\":\"Article\",\"@id\":\"https:\\\/\\\/macite.tg\\\/?p=5791#article\",\"isPartOf\":{\"@id\":\"https:\\\/\\\/macite.tg\\\/?p=5791\"},\"author\":{\"name\":\"Jean Pierre BAWELA\",\"@id\":\"https:\\\/\\\/macite.tg\\\/#\\\/schema\\\/person\\\/e9f2de7e5dbbe7770a9402c7ce82f5c2\"},\"headline\":\"CONSEIL R\u00c9GIONAL : De la Tenue \u00e0 la d\u00e9lib\u00e9ration des s\u00e9ances\u2026\",\"datePublished\":\"2023-05-26T12:23:12+00:00\",\"dateModified\":\"2023-05-26T12:23:25+00:00\",\"mainEntityOfPage\":{\"@id\":\"https:\\\/\\\/macite.tg\\\/?p=5791\"},\"wordCount\":626,\"commentCount\":0,\"image\":{\"@id\":\"https:\\\/\\\/macite.tg\\\/?p=5791#primaryimage\"},\"thumbnailUrl\":\"https:\\\/\\\/macite.tg\\\/wp-content\\\/uploads\\\/2023\\\/05\\\/Regionales.jpg\",\"articleSection\":[\"ACTUALITE\",\"POLITIQUE\"],\"inLanguage\":\"fr-FR\",\"potentialAction\":[{\"@type\":\"CommentAction\",\"name\":\"Comment\",\"target\":[\"https:\\\/\\\/macite.tg\\\/?p=5791#respond\"]}]},{\"@type\":\"WebPage\",\"@id\":\"https:\\\/\\\/macite.tg\\\/?p=5791\",\"url\":\"https:\\\/\\\/macite.tg\\\/?p=5791\",\"name\":\"CONSEIL R\u00c9GIONAL : De la Tenue \u00e0 la d\u00e9lib\u00e9ration des s\u00e9ances\u2026 -\",\"isPartOf\":{\"@id\":\"https:\\\/\\\/macite.tg\\\/#website\"},\"primaryImageOfPage\":{\"@id\":\"https:\\\/\\\/macite.tg\\\/?p=5791#primaryimage\"},\"image\":{\"@id\":\"https:\\\/\\\/macite.tg\\\/?p=5791#primaryimage\"},\"thumbnailUrl\":\"https:\\\/\\\/macite.tg\\\/wp-content\\\/uploads\\\/2023\\\/05\\\/Regionales.jpg\",\"datePublished\":\"2023-05-26T12:23:12+00:00\",\"dateModified\":\"2023-05-26T12:23:25+00:00\",\"author\":{\"@id\":\"https:\\\/\\\/macite.tg\\\/#\\\/schema\\\/person\\\/e9f2de7e5dbbe7770a9402c7ce82f5c2\"},\"breadcrumb\":{\"@id\":\"https:\\\/\\\/macite.tg\\\/?p=5791#breadcrumb\"},\"inLanguage\":\"fr-FR\",\"potentialAction\":[{\"@type\":\"ReadAction\",\"target\":[\"https:\\\/\\\/macite.tg\\\/?p=5791\"]}]},{\"@type\":\"ImageObject\",\"inLanguage\":\"fr-FR\",\"@id\":\"https:\\\/\\\/macite.tg\\\/?p=5791#primaryimage\",\"url\":\"https:\\\/\\\/macite.tg\\\/wp-content\\\/uploads\\\/2023\\\/05\\\/Regionales.jpg\",\"contentUrl\":\"https:\\\/\\\/macite.tg\\\/wp-content\\\/uploads\\\/2023\\\/05\\\/Regionales.jpg\",\"width\":300,\"height\":168},{\"@type\":\"BreadcrumbList\",\"@id\":\"https:\\\/\\\/macite.tg\\\/?p=5791#breadcrumb\",\"itemListElement\":[{\"@type\":\"ListItem\",\"position\":1,\"name\":\"Accueil\",\"item\":\"https:\\\/\\\/macite.tg\\\/\"},{\"@type\":\"ListItem\",\"position\":2,\"name\":\"CONSEIL R\u00c9GIONAL : De la Tenue \u00e0 la d\u00e9lib\u00e9ration des s\u00e9ances\u2026\"}]},{\"@type\":\"WebSite\",\"@id\":\"https:\\\/\\\/macite.tg\\\/#website\",\"url\":\"https:\\\/\\\/macite.tg\\\/\",\"name\":\"\",\"description\":\"L&#039;information, la bonne!!!\",\"potentialAction\":[{\"@type\":\"SearchAction\",\"target\":{\"@type\":\"EntryPoint\",\"urlTemplate\":\"https:\\\/\\\/macite.tg\\\/?s={search_term_string}\"},\"query-input\":{\"@type\":\"PropertyValueSpecification\",\"valueRequired\":true,\"valueName\":\"search_term_string\"}}],\"inLanguage\":\"fr-FR\"},{\"@type\":\"Person\",\"@id\":\"https:\\\/\\\/macite.tg\\\/#\\\/schema\\\/person\\\/e9f2de7e5dbbe7770a9402c7ce82f5c2\",\"name\":\"Jean Pierre BAWELA\",\"image\":{\"@type\":\"ImageObject\",\"inLanguage\":\"fr-FR\",\"@id\":\"https:\\\/\\\/macite.tg\\\/wp-content\\\/uploads\\\/2023\\\/09\\\/WhatsApp-Image-2023-09-19-at-14.44.41-122x122.jpeg\",\"url\":\"https:\\\/\\\/macite.tg\\\/wp-content\\\/uploads\\\/2023\\\/09\\\/WhatsApp-Image-2023-09-19-at-14.44.41-122x122.jpeg\",\"contentUrl\":\"https:\\\/\\\/macite.tg\\\/wp-content\\\/uploads\\\/2023\\\/09\\\/WhatsApp-Image-2023-09-19-at-14.44.41-122x122.jpeg\",\"caption\":\"Jean Pierre BAWELA\"},\"url\":\"https:\\\/\\\/macite.tg\\\/?author=2\"}]}<\/script>\n<!-- \/ Yoast SEO plugin. -->","yoast_head_json":{"title":"CONSEIL R\u00c9GIONAL : De la Tenue \u00e0 la d\u00e9lib\u00e9ration des s\u00e9ances\u2026 -","robots":{"index":"index","follow":"follow","max-snippet":"max-snippet:-1","max-image-preview":"max-image-preview:large","max-video-preview":"max-video-preview:-1"},"canonical":"https:\/\/macite.tg\/?p=5791","og_locale":"fr_FR","og_type":"article","og_title":"CONSEIL R\u00c9GIONAL : De la Tenue \u00e0 la d\u00e9lib\u00e9ration des s\u00e9ances\u2026 -","og_description":"Le peuple togolais est dans l\u2019attente de son bapt\u00eame de feu en mati\u00e8re de l\u2019\u00e9lection r\u00e9gionale et surtout la fonctionnalit\u00e9 du conseil r\u00e9gional. Pour permettre \u00e0 la population d\u2019avoir une id\u00e9e sur la mission, le r\u00f4le, les objectifs et autres entit\u00e9s du conseil r\u00e9gional, votre [&hellip;]","og_url":"https:\/\/macite.tg\/?p=5791","article_published_time":"2023-05-26T12:23:12+00:00","article_modified_time":"2023-05-26T12:23:25+00:00","og_image":[{"width":300,"height":168,"url":"https:\/\/macite.tg\/wp-content\/uploads\/2023\/05\/Regionales.jpg","type":"image\/jpeg"}],"author":"Jean Pierre BAWELA","twitter_card":"summary_large_image","twitter_misc":{"\u00c9crit par":"Jean Pierre BAWELA","Dur\u00e9e de lecture estim\u00e9e":"3 minutes"},"schema":{"@context":"https:\/\/schema.org","@graph":[{"@type":"Article","@id":"https:\/\/macite.tg\/?p=5791#article","isPartOf":{"@id":"https:\/\/macite.tg\/?p=5791"},"author":{"name":"Jean Pierre BAWELA","@id":"https:\/\/macite.tg\/#\/schema\/person\/e9f2de7e5dbbe7770a9402c7ce82f5c2"},"headline":"CONSEIL R\u00c9GIONAL : De la Tenue \u00e0 la d\u00e9lib\u00e9ration des s\u00e9ances\u2026","datePublished":"2023-05-26T12:23:12+00:00","dateModified":"2023-05-26T12:23:25+00:00","mainEntityOfPage":{"@id":"https:\/\/macite.tg\/?p=5791"},"wordCount":626,"commentCount":0,"image":{"@id":"https:\/\/macite.tg\/?p=5791#primaryimage"},"thumbnailUrl":"https:\/\/macite.tg\/wp-content\/uploads\/2023\/05\/Regionales.jpg","articleSection":["ACTUALITE","POLITIQUE"],"inLanguage":"fr-FR","potentialAction":[{"@type":"CommentAction","name":"Comment","target":["https:\/\/macite.tg\/?p=5791#respond"]}]},{"@type":"WebPage","@id":"https:\/\/macite.tg\/?p=5791","url":"https:\/\/macite.tg\/?p=5791","name":"CONSEIL R\u00c9GIONAL : De la Tenue \u00e0 la d\u00e9lib\u00e9ration des s\u00e9ances\u2026 -","isPartOf":{"@id":"https:\/\/macite.tg\/#website"},"primaryImageOfPage":{"@id":"https:\/\/macite.tg\/?p=5791#primaryimage"},"image":{"@id":"https:\/\/macite.tg\/?p=5791#primaryimage"},"thumbnailUrl":"https:\/\/macite.tg\/wp-content\/uploads\/2023\/05\/Regionales.jpg","datePublished":"2023-05-26T12:23:12+00:00","dateModified":"2023-05-26T12:23:25+00:00","author":{"@id":"https:\/\/macite.tg\/#\/schema\/person\/e9f2de7e5dbbe7770a9402c7ce82f5c2"},"breadcrumb":{"@id":"https:\/\/macite.tg\/?p=5791#breadcrumb"},"inLanguage":"fr-FR","potentialAction":[{"@type":"ReadAction","target":["https:\/\/macite.tg\/?p=5791"]}]},{"@type":"ImageObject","inLanguage":"fr-FR","@id":"https:\/\/macite.tg\/?p=5791#primaryimage","url":"https:\/\/macite.tg\/wp-content\/uploads\/2023\/05\/Regionales.jpg","contentUrl":"https:\/\/macite.tg\/wp-content\/uploads\/2023\/05\/Regionales.jpg","width":300,"height":168},{"@type":"BreadcrumbList","@id":"https:\/\/macite.tg\/?p=5791#breadcrumb","itemListElement":[{"@type":"ListItem","position":1,"name":"Accueil","item":"https:\/\/macite.tg\/"},{"@type":"ListItem","position":2,"name":"CONSEIL R\u00c9GIONAL : De la Tenue \u00e0 la d\u00e9lib\u00e9ration des s\u00e9ances\u2026"}]},{"@type":"WebSite","@id":"https:\/\/macite.tg\/#website","url":"https:\/\/macite.tg\/","name":"","description":"L&#039;information, la bonne!!!","potentialAction":[{"@type":"SearchAction","target":{"@type":"EntryPoint","urlTemplate":"https:\/\/macite.tg\/?s={search_term_string}"},"query-input":{"@type":"PropertyValueSpecification","valueRequired":true,"valueName":"search_term_string"}}],"inLanguage":"fr-FR"},{"@type":"Person","@id":"https:\/\/macite.tg\/#\/schema\/person\/e9f2de7e5dbbe7770a9402c7ce82f5c2","name":"Jean Pierre BAWELA","image":{"@type":"ImageObject","inLanguage":"fr-FR","@id":"https:\/\/macite.tg\/wp-content\/uploads\/2023\/09\/WhatsApp-Image-2023-09-19-at-14.44.41-122x122.jpeg","url":"https:\/\/macite.tg\/wp-content\/uploads\/2023\/09\/WhatsApp-Image-2023-09-19-at-14.44.41-122x122.jpeg","contentUrl":"https:\/\/macite.tg\/wp-content\/uploads\/2023\/09\/WhatsApp-Image-2023-09-19-at-14.44.41-122x122.jpeg","caption":"Jean Pierre BAWELA"},"url":"https:\/\/macite.tg\/?author=2"}]}},"_links":{"self":[{"href":"https:\/\/macite.tg\/index.php?rest_route=\/wp\/v2\/posts\/5791","targetHints":{"allow":["GET"]}}],"collection":[{"href":"https:\/\/macite.tg\/index.php?rest_route=\/wp\/v2\/posts"}],"about":[{"href":"https:\/\/macite.tg\/index.php?rest_route=\/wp\/v2\/types\/post"}],"author":[{"embeddable":true,"href":"https:\/\/macite.tg\/index.php?rest_route=\/wp\/v2\/users\/2"}],"replies":[{"embeddable":true,"href":"https:\/\/macite.tg\/index.php?rest_route=%2Fwp%2Fv2%2Fcomments&post=5791"}],"version-history":[{"count":0,"href":"https:\/\/macite.tg\/index.php?rest_route=\/wp\/v2\/posts\/5791\/revisions"}],"wp:featuredmedia":[{"embeddable":true,"href":"https:\/\/macite.tg\/index.php?rest_route=\/wp\/v2\/media\/5799"}],"wp:attachment":[{"href":"https:\/\/macite.tg\/index.php?rest_route=%2Fwp%2Fv2%2Fmedia&parent=5791"}],"wp:term":[{"taxonomy":"category","embeddable":true,"href":"https:\/\/macite.tg\/index.php?rest_route=%2Fwp%2Fv2%2Fcategories&post=5791"},{"taxonomy":"post_tag","embeddable":true,"href":"https:\/\/macite.tg\/index.php?rest_route=%2Fwp%2Fv2%2Ftags&post=5791"}],"curies":[{"name":"wp","href":"https:\/\/api.w.org\/{rel}","templated":true}]}}