{"id":54,"date":"2022-09-08T12:50:00","date_gmt":"2022-09-08T12:50:00","guid":{"rendered":"https:\/\/macite.info\/?p=54"},"modified":"2022-09-16T12:54:32","modified_gmt":"2022-09-16T12:54:32","slug":"rentree-scolaire-2022-2023-les-precisions-du-ministre-dodzi-kokoroko","status":"publish","type":"post","link":"https:\/\/macite.tg\/?p=54","title":{"rendered":"RENTREE SCOLAIRE 2022-2023\u00a0: Les pr\u00e9cisions du ministre Dodzi Kokoroko"},"content":{"rendered":"\n<p class=\"wp-block-paragraph\"><\/p>\n\n\n\n<p class=\"wp-block-paragraph\"><strong><em>Bient\u00f4t la fin des vacances, et des millions d\u2019apprenants reprendront le chemin des classes. Mais avant, les parents d\u00e9j\u00e0 durement touch\u00e9s par le ph\u00e9nom\u00e8ne de l\u2019inflation, devront faire face \u00e0 la flamb\u00e9e des prix des fournitures scolaires.<\/em><\/strong><\/p>\n\n\n\n<p class=\"wp-block-paragraph\">Face \u00e0 cette situation, le ministre des Enseignements primaire et secondaire, Prof Dodzi Kokorko, a rendu public, le 06 septembre dernier, une liste de fournitures scolaires, pour \u00e9viter la surench\u00e8re dont sont l\u00e9gions certains chefs d\u2019\u00e9tablissement dans le pays.<\/p>\n\n\n\n<p class=\"wp-block-paragraph\">Pour le ministre Kokoroko, il s\u2019agit, d\u2019une part, <em>\u00ab<\/em>&nbsp;<em>d\u2019encadrer rigoureusement l\u2019ex\u00e9cution des programmes en vigueur au Togo&nbsp;\u00bb, <\/em>et de l\u2019autre, <em>\u00ab&nbsp;permettre aux parents d\u2019\u00e9l\u00e8ves d\u2019assurer une gestion efficiente des d\u00e9penses li\u00e9es aux pr\u00e9paratifs de la rentr\u00e9e scolaire de leurs enfants&nbsp;\u00bb<\/em>.<\/p>\n\n\n\n<p class=\"wp-block-paragraph\">Ainsi, cette liste prend en compte toutes les cat\u00e9gories d\u2019enseignements (public, priv\u00e9 ou confessionnel), mais aussi les niveaux (du Cours Pr\u00e9paratoire ou CP en Terminale).<\/p>\n\n\n\n<p class=\"wp-block-paragraph\">Notons que la rentr\u00e9e scolaire se fera en deux \u00e9tapes comme l\u2019an dernier. D\u2019abord, une rentr\u00e9e administrative et p\u00e9dagogique pr\u00e9vue le 9 septembre prochain, et une semaine plus tard, soit le 26 septembre pour la reprise effective des cours.<\/p>\n\n\n\n<p class=\"wp-block-paragraph\"><strong>JPB<\/strong><\/p>\n\n\n\n<p class=\"wp-block-paragraph\"><strong><em>@macite.info<\/em><\/strong><\/p>\n\n\n\n<p class=\"wp-block-paragraph\"><strong><em>E-mail&nbsp;: <\/em><\/strong><a href=\"mailto:maciteinfo@gmail.com\"><strong><em>maciteinfo@gmail.com<\/em><\/strong><\/a><strong><em>; <\/em><\/strong><a href=\"mailto:bawela1@gmail.com\"><strong><em>bawela1@gmail.com<\/em><\/strong><\/a><strong><em><\/em><\/strong><\/p>\n\n\n\n<p class=\"wp-block-paragraph\"><strong><em>Pour vos annonces, (publi)reportages, etc., joignez nous au (00228) 91515309\/<strong>79872224<\/strong><\/em><\/strong><em><\/em><\/p>\n\n\n\n<p class=\"wp-block-paragraph\"><a href=\"http:\/\/www.macite.info\"><strong><em>www.macite.info<\/em><\/strong><\/a><strong><em>, l\u2019information, la bonne&nbsp;!<\/em><\/strong><\/p>\n","protected":false},"excerpt":{"rendered":"<p class=\"text-justify mb-2\" >Bient\u00f4t la fin des vacances, et des millions d\u2019apprenants reprendront le chemin des classes. Mais avant, les parents d\u00e9j\u00e0 durement touch\u00e9s par le ph\u00e9nom\u00e8ne de l\u2019inflation, devront faire face \u00e0 la flamb\u00e9e des prix des fournitures scolaires. Face \u00e0 cette situation, le ministre des Enseignements [&hellip;]<\/p>\n","protected":false},"author":1,"featured_media":55,"comment_status":"open","ping_status":"open","sticky":false,"template":"","format":"standard","meta":{"footnotes":""},"categories":[4],"tags":[],"class_list":["post-54","post","type-post","status-publish","format-standard","has-post-thumbnail","hentry","category-education"],"yoast_head":"<!-- This site is optimized with the Yoast SEO plugin v28.4 - https:\/\/yoast.com\/product\/yoast-seo-wordpress\/ -->\n<title>RENTREE SCOLAIRE 2022-2023\u00a0: Les pr\u00e9cisions du ministre Dodzi Kokoroko -<\/title>\n<meta name=\"robots\" content=\"index, follow, max-snippet:-1, max-image-preview:large, max-video-preview:-1\" \/>\n<link rel=\"canonical\" href=\"https:\/\/macite.tg\/?p=54\" \/>\n<meta property=\"og:locale\" content=\"fr_FR\" \/>\n<meta property=\"og:type\" content=\"article\" \/>\n<meta property=\"og:title\" content=\"RENTREE SCOLAIRE 2022-2023\u00a0: Les pr\u00e9cisions du ministre Dodzi Kokoroko -\" \/>\n<meta property=\"og:description\" content=\"Bient\u00f4t la fin des vacances, et des millions d\u2019apprenants reprendront le chemin des classes. Mais avant, les parents d\u00e9j\u00e0 durement touch\u00e9s par le ph\u00e9nom\u00e8ne de l\u2019inflation, devront faire face \u00e0 la flamb\u00e9e des prix des fournitures scolaires. Face \u00e0 cette situation, le ministre des Enseignements [&hellip;]\" \/>\n<meta property=\"og:url\" content=\"https:\/\/macite.tg\/?p=54\" \/>\n<meta property=\"article:published_time\" content=\"2022-09-08T12:50:00+00:00\" \/>\n<meta property=\"article:modified_time\" content=\"2022-09-16T12:54:32+00:00\" \/>\n<meta property=\"og:image\" content=\"https:\/\/macite.tg\/wp-content\/uploads\/2022\/09\/telechargement-2.jpg\" \/>\n\t<meta property=\"og:image:width\" content=\"275\" \/>\n\t<meta property=\"og:image:height\" content=\"183\" \/>\n\t<meta property=\"og:image:type\" content=\"image\/jpeg\" \/>\n<meta name=\"author\" content=\"admin\" \/>\n<meta name=\"twitter:card\" content=\"summary_large_image\" \/>\n<meta name=\"twitter:label1\" content=\"\u00c9crit par\" \/>\n\t<meta name=\"twitter:data1\" content=\"admin\" \/>\n\t<meta name=\"twitter:label2\" content=\"Dur\u00e9e de lecture estim\u00e9e\" \/>\n\t<meta name=\"twitter:data2\" content=\"1 minute\" \/>\n<script type=\"application\/ld+json\" class=\"yoast-schema-graph\">{\"@context\":\"https:\\\/\\\/schema.org\",\"@graph\":[{\"@type\":\"Article\",\"@id\":\"https:\\\/\\\/macite.tg\\\/?p=54#article\",\"isPartOf\":{\"@id\":\"https:\\\/\\\/macite.tg\\\/?p=54\"},\"author\":{\"name\":\"admin\",\"@id\":\"https:\\\/\\\/macite.tg\\\/#\\\/schema\\\/person\\\/6cd4c8a22a0d133225f39e62808aa0a2\"},\"headline\":\"RENTREE SCOLAIRE 2022-2023\u00a0: Les pr\u00e9cisions du ministre Dodzi Kokoroko\",\"datePublished\":\"2022-09-08T12:50:00+00:00\",\"dateModified\":\"2022-09-16T12:54:32+00:00\",\"mainEntityOfPage\":{\"@id\":\"https:\\\/\\\/macite.tg\\\/?p=54\"},\"wordCount\":250,\"commentCount\":0,\"image\":{\"@id\":\"https:\\\/\\\/macite.tg\\\/?p=54#primaryimage\"},\"thumbnailUrl\":\"https:\\\/\\\/macite.tg\\\/wp-content\\\/uploads\\\/2022\\\/09\\\/telechargement-2.jpg\",\"articleSection\":[\"EDUCATION\"],\"inLanguage\":\"fr-FR\",\"potentialAction\":[{\"@type\":\"CommentAction\",\"name\":\"Comment\",\"target\":[\"https:\\\/\\\/macite.tg\\\/?p=54#respond\"]}]},{\"@type\":\"WebPage\",\"@id\":\"https:\\\/\\\/macite.tg\\\/?p=54\",\"url\":\"https:\\\/\\\/macite.tg\\\/?p=54\",\"name\":\"RENTREE SCOLAIRE 2022-2023\u00a0: Les pr\u00e9cisions du ministre Dodzi Kokoroko -\",\"isPartOf\":{\"@id\":\"https:\\\/\\\/macite.tg\\\/#website\"},\"primaryImageOfPage\":{\"@id\":\"https:\\\/\\\/macite.tg\\\/?p=54#primaryimage\"},\"image\":{\"@id\":\"https:\\\/\\\/macite.tg\\\/?p=54#primaryimage\"},\"thumbnailUrl\":\"https:\\\/\\\/macite.tg\\\/wp-content\\\/uploads\\\/2022\\\/09\\\/telechargement-2.jpg\",\"datePublished\":\"2022-09-08T12:50:00+00:00\",\"dateModified\":\"2022-09-16T12:54:32+00:00\",\"author\":{\"@id\":\"https:\\\/\\\/macite.tg\\\/#\\\/schema\\\/person\\\/6cd4c8a22a0d133225f39e62808aa0a2\"},\"breadcrumb\":{\"@id\":\"https:\\\/\\\/macite.tg\\\/?p=54#breadcrumb\"},\"inLanguage\":\"fr-FR\",\"potentialAction\":[{\"@type\":\"ReadAction\",\"target\":[\"https:\\\/\\\/macite.tg\\\/?p=54\"]}]},{\"@type\":\"ImageObject\",\"inLanguage\":\"fr-FR\",\"@id\":\"https:\\\/\\\/macite.tg\\\/?p=54#primaryimage\",\"url\":\"https:\\\/\\\/macite.tg\\\/wp-content\\\/uploads\\\/2022\\\/09\\\/telechargement-2.jpg\",\"contentUrl\":\"https:\\\/\\\/macite.tg\\\/wp-content\\\/uploads\\\/2022\\\/09\\\/telechargement-2.jpg\",\"width\":275,\"height\":183},{\"@type\":\"BreadcrumbList\",\"@id\":\"https:\\\/\\\/macite.tg\\\/?p=54#breadcrumb\",\"itemListElement\":[{\"@type\":\"ListItem\",\"position\":1,\"name\":\"Accueil\",\"item\":\"https:\\\/\\\/macite.tg\\\/\"},{\"@type\":\"ListItem\",\"position\":2,\"name\":\"RENTREE SCOLAIRE 2022-2023\u00a0: Les pr\u00e9cisions du ministre Dodzi Kokoroko\"}]},{\"@type\":\"WebSite\",\"@id\":\"https:\\\/\\\/macite.tg\\\/#website\",\"url\":\"https:\\\/\\\/macite.tg\\\/\",\"name\":\"\",\"description\":\"L&#039;information, la bonne!!!\",\"potentialAction\":[{\"@type\":\"SearchAction\",\"target\":{\"@type\":\"EntryPoint\",\"urlTemplate\":\"https:\\\/\\\/macite.tg\\\/?s={search_term_string}\"},\"query-input\":{\"@type\":\"PropertyValueSpecification\",\"valueRequired\":true,\"valueName\":\"search_term_string\"}}],\"inLanguage\":\"fr-FR\"},{\"@type\":\"Person\",\"@id\":\"https:\\\/\\\/macite.tg\\\/#\\\/schema\\\/person\\\/6cd4c8a22a0d133225f39e62808aa0a2\",\"name\":\"admin\",\"image\":{\"@type\":\"ImageObject\",\"inLanguage\":\"fr-FR\",\"@id\":\"https:\\\/\\\/macite.tg\\\/wp-content\\\/uploads\\\/2023\\\/09\\\/WhatsApp-Image-2023-09-19-at-14.44.41-122x122.jpeg\",\"url\":\"https:\\\/\\\/macite.tg\\\/wp-content\\\/uploads\\\/2023\\\/09\\\/WhatsApp-Image-2023-09-19-at-14.44.41-122x122.jpeg\",\"contentUrl\":\"https:\\\/\\\/macite.tg\\\/wp-content\\\/uploads\\\/2023\\\/09\\\/WhatsApp-Image-2023-09-19-at-14.44.41-122x122.jpeg\",\"caption\":\"admin\"},\"sameAs\":[\"https:\\\/\\\/macite.tg\"],\"url\":\"https:\\\/\\\/macite.tg\\\/?author=1\"}]}<\/script>\n<!-- \/ Yoast SEO plugin. -->","yoast_head_json":{"title":"RENTREE SCOLAIRE 2022-2023\u00a0: Les pr\u00e9cisions du ministre Dodzi Kokoroko -","robots":{"index":"index","follow":"follow","max-snippet":"max-snippet:-1","max-image-preview":"max-image-preview:large","max-video-preview":"max-video-preview:-1"},"canonical":"https:\/\/macite.tg\/?p=54","og_locale":"fr_FR","og_type":"article","og_title":"RENTREE SCOLAIRE 2022-2023\u00a0: Les pr\u00e9cisions du ministre Dodzi Kokoroko -","og_description":"Bient\u00f4t la fin des vacances, et des millions d\u2019apprenants reprendront le chemin des classes. Mais avant, les parents d\u00e9j\u00e0 durement touch\u00e9s par le ph\u00e9nom\u00e8ne de l\u2019inflation, devront faire face \u00e0 la flamb\u00e9e des prix des fournitures scolaires. Face \u00e0 cette situation, le ministre des Enseignements [&hellip;]","og_url":"https:\/\/macite.tg\/?p=54","article_published_time":"2022-09-08T12:50:00+00:00","article_modified_time":"2022-09-16T12:54:32+00:00","og_image":[{"width":275,"height":183,"url":"https:\/\/macite.tg\/wp-content\/uploads\/2022\/09\/telechargement-2.jpg","type":"image\/jpeg"}],"author":"admin","twitter_card":"summary_large_image","twitter_misc":{"\u00c9crit par":"admin","Dur\u00e9e de lecture estim\u00e9e":"1 minute"},"schema":{"@context":"https:\/\/schema.org","@graph":[{"@type":"Article","@id":"https:\/\/macite.tg\/?p=54#article","isPartOf":{"@id":"https:\/\/macite.tg\/?p=54"},"author":{"name":"admin","@id":"https:\/\/macite.tg\/#\/schema\/person\/6cd4c8a22a0d133225f39e62808aa0a2"},"headline":"RENTREE SCOLAIRE 2022-2023\u00a0: Les pr\u00e9cisions du ministre Dodzi Kokoroko","datePublished":"2022-09-08T12:50:00+00:00","dateModified":"2022-09-16T12:54:32+00:00","mainEntityOfPage":{"@id":"https:\/\/macite.tg\/?p=54"},"wordCount":250,"commentCount":0,"image":{"@id":"https:\/\/macite.tg\/?p=54#primaryimage"},"thumbnailUrl":"https:\/\/macite.tg\/wp-content\/uploads\/2022\/09\/telechargement-2.jpg","articleSection":["EDUCATION"],"inLanguage":"fr-FR","potentialAction":[{"@type":"CommentAction","name":"Comment","target":["https:\/\/macite.tg\/?p=54#respond"]}]},{"@type":"WebPage","@id":"https:\/\/macite.tg\/?p=54","url":"https:\/\/macite.tg\/?p=54","name":"RENTREE SCOLAIRE 2022-2023\u00a0: Les pr\u00e9cisions du ministre Dodzi Kokoroko -","isPartOf":{"@id":"https:\/\/macite.tg\/#website"},"primaryImageOfPage":{"@id":"https:\/\/macite.tg\/?p=54#primaryimage"},"image":{"@id":"https:\/\/macite.tg\/?p=54#primaryimage"},"thumbnailUrl":"https:\/\/macite.tg\/wp-content\/uploads\/2022\/09\/telechargement-2.jpg","datePublished":"2022-09-08T12:50:00+00:00","dateModified":"2022-09-16T12:54:32+00:00","author":{"@id":"https:\/\/macite.tg\/#\/schema\/person\/6cd4c8a22a0d133225f39e62808aa0a2"},"breadcrumb":{"@id":"https:\/\/macite.tg\/?p=54#breadcrumb"},"inLanguage":"fr-FR","potentialAction":[{"@type":"ReadAction","target":["https:\/\/macite.tg\/?p=54"]}]},{"@type":"ImageObject","inLanguage":"fr-FR","@id":"https:\/\/macite.tg\/?p=54#primaryimage","url":"https:\/\/macite.tg\/wp-content\/uploads\/2022\/09\/telechargement-2.jpg","contentUrl":"https:\/\/macite.tg\/wp-content\/uploads\/2022\/09\/telechargement-2.jpg","width":275,"height":183},{"@type":"BreadcrumbList","@id":"https:\/\/macite.tg\/?p=54#breadcrumb","itemListElement":[{"@type":"ListItem","position":1,"name":"Accueil","item":"https:\/\/macite.tg\/"},{"@type":"ListItem","position":2,"name":"RENTREE SCOLAIRE 2022-2023\u00a0: Les pr\u00e9cisions du ministre Dodzi Kokoroko"}]},{"@type":"WebSite","@id":"https:\/\/macite.tg\/#website","url":"https:\/\/macite.tg\/","name":"","description":"L&#039;information, la bonne!!!","potentialAction":[{"@type":"SearchAction","target":{"@type":"EntryPoint","urlTemplate":"https:\/\/macite.tg\/?s={search_term_string}"},"query-input":{"@type":"PropertyValueSpecification","valueRequired":true,"valueName":"search_term_string"}}],"inLanguage":"fr-FR"},{"@type":"Person","@id":"https:\/\/macite.tg\/#\/schema\/person\/6cd4c8a22a0d133225f39e62808aa0a2","name":"admin","image":{"@type":"ImageObject","inLanguage":"fr-FR","@id":"https:\/\/macite.tg\/wp-content\/uploads\/2023\/09\/WhatsApp-Image-2023-09-19-at-14.44.41-122x122.jpeg","url":"https:\/\/macite.tg\/wp-content\/uploads\/2023\/09\/WhatsApp-Image-2023-09-19-at-14.44.41-122x122.jpeg","contentUrl":"https:\/\/macite.tg\/wp-content\/uploads\/2023\/09\/WhatsApp-Image-2023-09-19-at-14.44.41-122x122.jpeg","caption":"admin"},"sameAs":["https:\/\/macite.tg"],"url":"https:\/\/macite.tg\/?author=1"}]}},"_links":{"self":[{"href":"https:\/\/macite.tg\/index.php?rest_route=\/wp\/v2\/posts\/54","targetHints":{"allow":["GET"]}}],"collection":[{"href":"https:\/\/macite.tg\/index.php?rest_route=\/wp\/v2\/posts"}],"about":[{"href":"https:\/\/macite.tg\/index.php?rest_route=\/wp\/v2\/types\/post"}],"author":[{"embeddable":true,"href":"https:\/\/macite.tg\/index.php?rest_route=\/wp\/v2\/users\/1"}],"replies":[{"embeddable":true,"href":"https:\/\/macite.tg\/index.php?rest_route=%2Fwp%2Fv2%2Fcomments&post=54"}],"version-history":[{"count":0,"href":"https:\/\/macite.tg\/index.php?rest_route=\/wp\/v2\/posts\/54\/revisions"}],"wp:featuredmedia":[{"embeddable":true,"href":"https:\/\/macite.tg\/index.php?rest_route=\/wp\/v2\/media\/55"}],"wp:attachment":[{"href":"https:\/\/macite.tg\/index.php?rest_route=%2Fwp%2Fv2%2Fmedia&parent=54"}],"wp:term":[{"taxonomy":"category","embeddable":true,"href":"https:\/\/macite.tg\/index.php?rest_route=%2Fwp%2Fv2%2Fcategories&post=54"},{"taxonomy":"post_tag","embeddable":true,"href":"https:\/\/macite.tg\/index.php?rest_route=%2Fwp%2Fv2%2Ftags&post=54"}],"curies":[{"name":"wp","href":"https:\/\/api.w.org\/{rel}","templated":true}]}}