{"id":5160,"date":"2023-05-02T09:07:25","date_gmt":"2023-05-02T09:07:25","guid":{"rendered":"https:\/\/macite.info\/?p=5160"},"modified":"2023-05-02T09:07:26","modified_gmt":"2023-05-02T09:07:26","slug":"ligue-1-fc-nantes-un-joueur-africain-licencie-pour-avoir-rejoint-sa-selection","status":"publish","type":"post","link":"https:\/\/macite.tg\/?p=5160","title":{"rendered":"LIGUE 1\/ FC NANTES : Un joueur africain licenci\u00e9 pour avoir rejoint sa s\u00e9lection"},"content":{"rendered":"\n<p class=\"wp-block-paragraph\"><strong><em>Actuellement, le FC Nantes n\u2019est pas \u00e0 la hauteur de son pass\u00e9, ni sur le terrain ni en dehors. Deux jours apr\u00e8s leur d\u00e9faite humiliante en finale de la Coupe de France contre Toulouse (1-5), on apprend que le club a injustement licenci\u00e9 l\u2019un de ses joueurs form\u00e9s au centre de formation, note Football365.<\/em><\/strong><\/p>\n\n\n<div class=\"wp-block-image\">\n<figure class=\"alignleft size-full is-resized\"><img loading=\"lazy\" decoding=\"async\" src=\"https:\/\/macite.tg\/wp-content\/uploads\/2023\/05\/Yousouf.jpg\" alt=\"\" class=\"wp-image-5165\" width=\"256\" height=\"320\"\/><\/figure>\n<\/div>\n\n\n<p class=\"wp-block-paragraph\">Younes Benali, qui joue pour les U17 des Canaris, a \u00e9t\u00e9 licenci\u00e9 car il a d\u00e9cid\u00e9 de participer \u00e0 la Coupe d\u2019Afrique des moins de 17 ans avec l\u2019\u00e9quipe nationale alg\u00e9rienne (du 29 avril au 19 mai). La direction du club n\u2019a pas approuv\u00e9 ce choix (de rejoindre sa s\u00e9lection) et a pris la d\u00e9cision radicale de le licencier sans pr\u00e9avis.<\/p>\n\n\n\n<p class=\"wp-block-paragraph\">Ce traitement est jug\u00e9 inacceptable et doit \u00eatre d\u00e9nonc\u00e9, selon Football365. Benali n\u2019est pas le premier joueur \u00e0 subir des pressions de la part des dirigeants pour abandonner les comp\u00e9titions internationales avec son pays d\u2019origine.<\/p>\n\n\n\n<p class=\"wp-block-paragraph\">Les joueurs alg\u00e9riens ont souvent des probl\u00e8mes \u00e0 Nantes. Le mois dernier, Jaouen Hadjam a \u00e9t\u00e9 \u00e9cart\u00e9 de l\u2019\u00e9quipe premi\u00e8re pour avoir observ\u00e9 le Ramadan. Antoine Kombouar\u00e9 l\u2019a exclu pendant plusieurs semaines, estimant qu\u2019il n\u2019\u00e9tait pas en mesure de faire son travail pendant cette p\u00e9riode.<\/p>\n\n\n<div class=\"wp-block-image\">\n<figure class=\"aligncenter size-large is-resized\"><img loading=\"lazy\" decoding=\"async\" src=\"https:\/\/macite.tg\/wp-content\/uploads\/2023\/04\/IMG-20230411-WA0074-2-724x1024.jpg\" alt=\"\" class=\"wp-image-5141\" width=\"396\" height=\"560\" srcset=\"https:\/\/macite.tg\/wp-content\/uploads\/2023\/04\/IMG-20230411-WA0074-2-724x1024.jpg 724w, https:\/\/macite.tg\/wp-content\/uploads\/2023\/04\/IMG-20230411-WA0074-2-212x300.jpg 212w, https:\/\/macite.tg\/wp-content\/uploads\/2023\/04\/IMG-20230411-WA0074-2-768x1086.jpg 768w, https:\/\/macite.tg\/wp-content\/uploads\/2023\/04\/IMG-20230411-WA0074-2-1086x1536.jpg 1086w, https:\/\/macite.tg\/wp-content\/uploads\/2023\/04\/IMG-20230411-WA0074-2.jpg 1131w\" sizes=\"auto, (max-width: 396px) 100vw, 396px\" \/><\/figure>\n<\/div>\n\n\n<p class=\"wp-block-paragraph\"><strong>SeneNews<\/strong><\/p>\n\n\n\n<p class=\"wp-block-paragraph\"><strong><em>@macite.info<\/em><\/strong><\/p>\n\n\n\n<p class=\"wp-block-paragraph\"><strong><em>E-mail&nbsp;: <\/em><\/strong><a href=\"mailto:maciteinfo@gmail.com\"><strong><em>maciteinfo@gmail.com<\/em><\/strong><\/a><strong><em>; <\/em><\/strong><a href=\"mailto:bawela1@gmail.com\"><strong><em>bawela1@gmail.com<\/em><\/strong><\/a><strong><em><\/em><\/strong><\/p>\n\n\n\n<p class=\"wp-block-paragraph\"><strong><em>Pour vos annonces, (publi)reportages, etc., joignez nous au (00228)91515309\/<strong>79872224 <\/strong><\/em><\/strong><a href=\"http:\/\/www.macite.info\"><strong><em>www.macite.info<\/em><\/strong><\/a><strong><em>, L\u2019information, la bonne&nbsp;!<\/em><\/strong><\/p>\n","protected":false},"excerpt":{"rendered":"<p class=\"text-justify mb-2\" >Actuellement, le FC Nantes n\u2019est pas \u00e0 la hauteur de son pass\u00e9, ni sur le terrain ni en dehors. Deux jours apr\u00e8s leur d\u00e9faite humiliante en finale de la Coupe de France contre Toulouse (1-5), on apprend que le club a injustement licenci\u00e9 l\u2019un de [&hellip;]<\/p>\n","protected":false},"author":2,"featured_media":5164,"comment_status":"open","ping_status":"open","sticky":false,"template":"","format":"standard","meta":{"footnotes":""},"categories":[7],"tags":[],"class_list":["post-5160","post","type-post","status-publish","format-standard","has-post-thumbnail","hentry","category-sports"],"yoast_head":"<!-- This site is optimized with the Yoast SEO plugin v28.4 - https:\/\/yoast.com\/product\/yoast-seo-wordpress\/ -->\n<title>LIGUE 1\/ FC NANTES : Un joueur africain licenci\u00e9 pour avoir rejoint sa s\u00e9lection -<\/title>\n<meta name=\"robots\" content=\"index, follow, max-snippet:-1, max-image-preview:large, max-video-preview:-1\" \/>\n<link rel=\"canonical\" href=\"https:\/\/macite.tg\/?p=5160\" \/>\n<meta property=\"og:locale\" content=\"fr_FR\" \/>\n<meta property=\"og:type\" content=\"article\" \/>\n<meta property=\"og:title\" content=\"LIGUE 1\/ FC NANTES : Un joueur africain licenci\u00e9 pour avoir rejoint sa s\u00e9lection -\" \/>\n<meta property=\"og:description\" content=\"Actuellement, le FC Nantes n\u2019est pas \u00e0 la hauteur de son pass\u00e9, ni sur le terrain ni en dehors. Deux jours apr\u00e8s leur d\u00e9faite humiliante en finale de la Coupe de France contre Toulouse (1-5), on apprend que le club a injustement licenci\u00e9 l\u2019un de [&hellip;]\" \/>\n<meta property=\"og:url\" content=\"https:\/\/macite.tg\/?p=5160\" \/>\n<meta property=\"article:published_time\" content=\"2023-05-02T09:07:25+00:00\" \/>\n<meta property=\"article:modified_time\" content=\"2023-05-02T09:07:26+00:00\" \/>\n<meta property=\"og:image\" content=\"https:\/\/macite.tg\/wp-content\/uploads\/2023\/05\/Nante.jpg\" \/>\n\t<meta property=\"og:image:width\" content=\"300\" \/>\n\t<meta property=\"og:image:height\" content=\"168\" \/>\n\t<meta property=\"og:image:type\" content=\"image\/jpeg\" \/>\n<meta name=\"author\" content=\"Jean Pierre BAWELA\" \/>\n<meta name=\"twitter:card\" content=\"summary_large_image\" \/>\n<meta name=\"twitter:label1\" content=\"\u00c9crit par\" \/>\n\t<meta name=\"twitter:data1\" content=\"Jean Pierre BAWELA\" \/>\n\t<meta name=\"twitter:label2\" content=\"Dur\u00e9e de lecture estim\u00e9e\" \/>\n\t<meta name=\"twitter:data2\" content=\"1 minute\" \/>\n<script type=\"application\/ld+json\" class=\"yoast-schema-graph\">{\"@context\":\"https:\\\/\\\/schema.org\",\"@graph\":[{\"@type\":\"Article\",\"@id\":\"https:\\\/\\\/macite.tg\\\/?p=5160#article\",\"isPartOf\":{\"@id\":\"https:\\\/\\\/macite.tg\\\/?p=5160\"},\"author\":{\"name\":\"Jean Pierre BAWELA\",\"@id\":\"https:\\\/\\\/macite.tg\\\/#\\\/schema\\\/person\\\/e9f2de7e5dbbe7770a9402c7ce82f5c2\"},\"headline\":\"LIGUE 1\\\/ FC NANTES : Un joueur africain licenci\u00e9 pour avoir rejoint sa s\u00e9lection\",\"datePublished\":\"2023-05-02T09:07:25+00:00\",\"dateModified\":\"2023-05-02T09:07:26+00:00\",\"mainEntityOfPage\":{\"@id\":\"https:\\\/\\\/macite.tg\\\/?p=5160\"},\"wordCount\":254,\"commentCount\":0,\"image\":{\"@id\":\"https:\\\/\\\/macite.tg\\\/?p=5160#primaryimage\"},\"thumbnailUrl\":\"https:\\\/\\\/macite.tg\\\/wp-content\\\/uploads\\\/2023\\\/05\\\/Nante.jpg\",\"articleSection\":[\"SPORTS\"],\"inLanguage\":\"fr-FR\",\"potentialAction\":[{\"@type\":\"CommentAction\",\"name\":\"Comment\",\"target\":[\"https:\\\/\\\/macite.tg\\\/?p=5160#respond\"]}]},{\"@type\":\"WebPage\",\"@id\":\"https:\\\/\\\/macite.tg\\\/?p=5160\",\"url\":\"https:\\\/\\\/macite.tg\\\/?p=5160\",\"name\":\"LIGUE 1\\\/ FC NANTES : Un joueur africain licenci\u00e9 pour avoir rejoint sa s\u00e9lection -\",\"isPartOf\":{\"@id\":\"https:\\\/\\\/macite.tg\\\/#website\"},\"primaryImageOfPage\":{\"@id\":\"https:\\\/\\\/macite.tg\\\/?p=5160#primaryimage\"},\"image\":{\"@id\":\"https:\\\/\\\/macite.tg\\\/?p=5160#primaryimage\"},\"thumbnailUrl\":\"https:\\\/\\\/macite.tg\\\/wp-content\\\/uploads\\\/2023\\\/05\\\/Nante.jpg\",\"datePublished\":\"2023-05-02T09:07:25+00:00\",\"dateModified\":\"2023-05-02T09:07:26+00:00\",\"author\":{\"@id\":\"https:\\\/\\\/macite.tg\\\/#\\\/schema\\\/person\\\/e9f2de7e5dbbe7770a9402c7ce82f5c2\"},\"breadcrumb\":{\"@id\":\"https:\\\/\\\/macite.tg\\\/?p=5160#breadcrumb\"},\"inLanguage\":\"fr-FR\",\"potentialAction\":[{\"@type\":\"ReadAction\",\"target\":[\"https:\\\/\\\/macite.tg\\\/?p=5160\"]}]},{\"@type\":\"ImageObject\",\"inLanguage\":\"fr-FR\",\"@id\":\"https:\\\/\\\/macite.tg\\\/?p=5160#primaryimage\",\"url\":\"https:\\\/\\\/macite.tg\\\/wp-content\\\/uploads\\\/2023\\\/05\\\/Nante.jpg\",\"contentUrl\":\"https:\\\/\\\/macite.tg\\\/wp-content\\\/uploads\\\/2023\\\/05\\\/Nante.jpg\",\"width\":300,\"height\":168},{\"@type\":\"BreadcrumbList\",\"@id\":\"https:\\\/\\\/macite.tg\\\/?p=5160#breadcrumb\",\"itemListElement\":[{\"@type\":\"ListItem\",\"position\":1,\"name\":\"Accueil\",\"item\":\"https:\\\/\\\/macite.tg\\\/\"},{\"@type\":\"ListItem\",\"position\":2,\"name\":\"LIGUE 1\\\/ FC NANTES : Un joueur africain licenci\u00e9 pour avoir rejoint sa s\u00e9lection\"}]},{\"@type\":\"WebSite\",\"@id\":\"https:\\\/\\\/macite.tg\\\/#website\",\"url\":\"https:\\\/\\\/macite.tg\\\/\",\"name\":\"\",\"description\":\"L&#039;information, la bonne!!!\",\"potentialAction\":[{\"@type\":\"SearchAction\",\"target\":{\"@type\":\"EntryPoint\",\"urlTemplate\":\"https:\\\/\\\/macite.tg\\\/?s={search_term_string}\"},\"query-input\":{\"@type\":\"PropertyValueSpecification\",\"valueRequired\":true,\"valueName\":\"search_term_string\"}}],\"inLanguage\":\"fr-FR\"},{\"@type\":\"Person\",\"@id\":\"https:\\\/\\\/macite.tg\\\/#\\\/schema\\\/person\\\/e9f2de7e5dbbe7770a9402c7ce82f5c2\",\"name\":\"Jean Pierre BAWELA\",\"image\":{\"@type\":\"ImageObject\",\"inLanguage\":\"fr-FR\",\"@id\":\"https:\\\/\\\/macite.tg\\\/wp-content\\\/uploads\\\/2023\\\/09\\\/WhatsApp-Image-2023-09-19-at-14.44.41-122x122.jpeg\",\"url\":\"https:\\\/\\\/macite.tg\\\/wp-content\\\/uploads\\\/2023\\\/09\\\/WhatsApp-Image-2023-09-19-at-14.44.41-122x122.jpeg\",\"contentUrl\":\"https:\\\/\\\/macite.tg\\\/wp-content\\\/uploads\\\/2023\\\/09\\\/WhatsApp-Image-2023-09-19-at-14.44.41-122x122.jpeg\",\"caption\":\"Jean Pierre BAWELA\"},\"url\":\"https:\\\/\\\/macite.tg\\\/?author=2\"}]}<\/script>\n<!-- \/ Yoast SEO plugin. -->","yoast_head_json":{"title":"LIGUE 1\/ FC NANTES : Un joueur africain licenci\u00e9 pour avoir rejoint sa s\u00e9lection -","robots":{"index":"index","follow":"follow","max-snippet":"max-snippet:-1","max-image-preview":"max-image-preview:large","max-video-preview":"max-video-preview:-1"},"canonical":"https:\/\/macite.tg\/?p=5160","og_locale":"fr_FR","og_type":"article","og_title":"LIGUE 1\/ FC NANTES : Un joueur africain licenci\u00e9 pour avoir rejoint sa s\u00e9lection -","og_description":"Actuellement, le FC Nantes n\u2019est pas \u00e0 la hauteur de son pass\u00e9, ni sur le terrain ni en dehors. Deux jours apr\u00e8s leur d\u00e9faite humiliante en finale de la Coupe de France contre Toulouse (1-5), on apprend que le club a injustement licenci\u00e9 l\u2019un de [&hellip;]","og_url":"https:\/\/macite.tg\/?p=5160","article_published_time":"2023-05-02T09:07:25+00:00","article_modified_time":"2023-05-02T09:07:26+00:00","og_image":[{"width":300,"height":168,"url":"https:\/\/macite.tg\/wp-content\/uploads\/2023\/05\/Nante.jpg","type":"image\/jpeg"}],"author":"Jean Pierre BAWELA","twitter_card":"summary_large_image","twitter_misc":{"\u00c9crit par":"Jean Pierre BAWELA","Dur\u00e9e de lecture estim\u00e9e":"1 minute"},"schema":{"@context":"https:\/\/schema.org","@graph":[{"@type":"Article","@id":"https:\/\/macite.tg\/?p=5160#article","isPartOf":{"@id":"https:\/\/macite.tg\/?p=5160"},"author":{"name":"Jean Pierre BAWELA","@id":"https:\/\/macite.tg\/#\/schema\/person\/e9f2de7e5dbbe7770a9402c7ce82f5c2"},"headline":"LIGUE 1\/ FC NANTES : Un joueur africain licenci\u00e9 pour avoir rejoint sa s\u00e9lection","datePublished":"2023-05-02T09:07:25+00:00","dateModified":"2023-05-02T09:07:26+00:00","mainEntityOfPage":{"@id":"https:\/\/macite.tg\/?p=5160"},"wordCount":254,"commentCount":0,"image":{"@id":"https:\/\/macite.tg\/?p=5160#primaryimage"},"thumbnailUrl":"https:\/\/macite.tg\/wp-content\/uploads\/2023\/05\/Nante.jpg","articleSection":["SPORTS"],"inLanguage":"fr-FR","potentialAction":[{"@type":"CommentAction","name":"Comment","target":["https:\/\/macite.tg\/?p=5160#respond"]}]},{"@type":"WebPage","@id":"https:\/\/macite.tg\/?p=5160","url":"https:\/\/macite.tg\/?p=5160","name":"LIGUE 1\/ FC NANTES : Un joueur africain licenci\u00e9 pour avoir rejoint sa s\u00e9lection -","isPartOf":{"@id":"https:\/\/macite.tg\/#website"},"primaryImageOfPage":{"@id":"https:\/\/macite.tg\/?p=5160#primaryimage"},"image":{"@id":"https:\/\/macite.tg\/?p=5160#primaryimage"},"thumbnailUrl":"https:\/\/macite.tg\/wp-content\/uploads\/2023\/05\/Nante.jpg","datePublished":"2023-05-02T09:07:25+00:00","dateModified":"2023-05-02T09:07:26+00:00","author":{"@id":"https:\/\/macite.tg\/#\/schema\/person\/e9f2de7e5dbbe7770a9402c7ce82f5c2"},"breadcrumb":{"@id":"https:\/\/macite.tg\/?p=5160#breadcrumb"},"inLanguage":"fr-FR","potentialAction":[{"@type":"ReadAction","target":["https:\/\/macite.tg\/?p=5160"]}]},{"@type":"ImageObject","inLanguage":"fr-FR","@id":"https:\/\/macite.tg\/?p=5160#primaryimage","url":"https:\/\/macite.tg\/wp-content\/uploads\/2023\/05\/Nante.jpg","contentUrl":"https:\/\/macite.tg\/wp-content\/uploads\/2023\/05\/Nante.jpg","width":300,"height":168},{"@type":"BreadcrumbList","@id":"https:\/\/macite.tg\/?p=5160#breadcrumb","itemListElement":[{"@type":"ListItem","position":1,"name":"Accueil","item":"https:\/\/macite.tg\/"},{"@type":"ListItem","position":2,"name":"LIGUE 1\/ FC NANTES : Un joueur africain licenci\u00e9 pour avoir rejoint sa s\u00e9lection"}]},{"@type":"WebSite","@id":"https:\/\/macite.tg\/#website","url":"https:\/\/macite.tg\/","name":"","description":"L&#039;information, la bonne!!!","potentialAction":[{"@type":"SearchAction","target":{"@type":"EntryPoint","urlTemplate":"https:\/\/macite.tg\/?s={search_term_string}"},"query-input":{"@type":"PropertyValueSpecification","valueRequired":true,"valueName":"search_term_string"}}],"inLanguage":"fr-FR"},{"@type":"Person","@id":"https:\/\/macite.tg\/#\/schema\/person\/e9f2de7e5dbbe7770a9402c7ce82f5c2","name":"Jean Pierre BAWELA","image":{"@type":"ImageObject","inLanguage":"fr-FR","@id":"https:\/\/macite.tg\/wp-content\/uploads\/2023\/09\/WhatsApp-Image-2023-09-19-at-14.44.41-122x122.jpeg","url":"https:\/\/macite.tg\/wp-content\/uploads\/2023\/09\/WhatsApp-Image-2023-09-19-at-14.44.41-122x122.jpeg","contentUrl":"https:\/\/macite.tg\/wp-content\/uploads\/2023\/09\/WhatsApp-Image-2023-09-19-at-14.44.41-122x122.jpeg","caption":"Jean Pierre BAWELA"},"url":"https:\/\/macite.tg\/?author=2"}]}},"_links":{"self":[{"href":"https:\/\/macite.tg\/index.php?rest_route=\/wp\/v2\/posts\/5160","targetHints":{"allow":["GET"]}}],"collection":[{"href":"https:\/\/macite.tg\/index.php?rest_route=\/wp\/v2\/posts"}],"about":[{"href":"https:\/\/macite.tg\/index.php?rest_route=\/wp\/v2\/types\/post"}],"author":[{"embeddable":true,"href":"https:\/\/macite.tg\/index.php?rest_route=\/wp\/v2\/users\/2"}],"replies":[{"embeddable":true,"href":"https:\/\/macite.tg\/index.php?rest_route=%2Fwp%2Fv2%2Fcomments&post=5160"}],"version-history":[{"count":0,"href":"https:\/\/macite.tg\/index.php?rest_route=\/wp\/v2\/posts\/5160\/revisions"}],"wp:featuredmedia":[{"embeddable":true,"href":"https:\/\/macite.tg\/index.php?rest_route=\/wp\/v2\/media\/5164"}],"wp:attachment":[{"href":"https:\/\/macite.tg\/index.php?rest_route=%2Fwp%2Fv2%2Fmedia&parent=5160"}],"wp:term":[{"taxonomy":"category","embeddable":true,"href":"https:\/\/macite.tg\/index.php?rest_route=%2Fwp%2Fv2%2Fcategories&post=5160"},{"taxonomy":"post_tag","embeddable":true,"href":"https:\/\/macite.tg\/index.php?rest_route=%2Fwp%2Fv2%2Ftags&post=5160"}],"curies":[{"name":"wp","href":"https:\/\/api.w.org\/{rel}","templated":true}]}}