{"id":5138,"date":"2023-04-30T17:47:21","date_gmt":"2023-04-30T17:47:21","guid":{"rendered":"https:\/\/macite.info\/?p=5138"},"modified":"2023-04-30T17:47:23","modified_gmt":"2023-04-30T17:47:23","slug":"crise-humanitaire-a-la-frontiere-nigero-algerienne-autorites-locales-et-ong-tirent-sur-la-sonnette-dalarme","status":"publish","type":"post","link":"https:\/\/macite.tg\/?p=5138","title":{"rendered":"CRISE HUMANITAIRE A LA FRONTI\u00c8RE NIG\u00c9RO-ALG\u00c9RIENNE\u00a0: Autorit\u00e9s locales et ONG tirent sur la sonnette d\u2019alarme"},"content":{"rendered":"\n<p class=\"wp-block-paragraph\"><strong><em>C\u2019est plus de 7.000 subsahariens \u00e9migr\u00e9s qui ont \u00e9t\u00e9 expuls\u00e9s du territoire alg\u00e9rien ces quatre dernier mois, provoquant une situation inextricable \u00e0 la fronti\u00e8re entre le Niger et l\u2019Alg\u00e9rie. La ville nig\u00e9rienne d\u2019Assamaka, frontali\u00e8re d\u2019avec l\u2019Alg\u00e9rie, est le th\u00e9\u00e2tre de criminalit\u00e9 transfrontali\u00e8re, et une crise humanitaire est \u00e0 craindre, selon les autorit\u00e9s locales et les ONG.<\/em><\/strong><\/p>\n\n\n\n<p class=\"wp-block-paragraph\"><em>\u00ab Depuis le d\u00e9but de l&rsquo;ann\u00e9e 2023, les expulsions de citoyens d&rsquo;Afrique centrale ont acquis une dimension critique avec 7.172 personnes expuls\u00e9es en raison d&rsquo;une disponibilit\u00e9 tr\u00e8s limit\u00e9e des services sociaux de base (dans la zone). Cette forte concentration d&rsquo;\u00e9migr\u00e9s a pour corollaire une forte augmentation de la criminalit\u00e9 frontali\u00e8re \u00bb,<\/em> alerte le ministre de l\u2019int\u00e9rieur du Niger, Hamadou Amadou Souley, qui s\u2019\u00e9tait rendu, cette semaine, \u00e0 Assamaka, ville frontali\u00e8re, situ\u00e9e dans la r\u00e9gion d\u2019Agadez. L\u2019officiel nig\u00e9rien voulait s\u2019enqu\u00e9rir de la situation humanitaire da la localit\u00e9 apr\u00e8s l\u2019expulsion de plus de 7.000 \u00e9migr\u00e9s subsahariens du sol alg\u00e9rien au cours de ces quatre derniers mois.<\/p>\n\n\n\n<p class=\"wp-block-paragraph\">Face au chao, le ministre nig\u00e9rien n\u2019a eu d\u2019autres choix que d\u2019appeler les pays membres de la Cedeao \u00e0 acc\u00e9l\u00e9rer le processus d&rsquo;identification de leurs citoyens qui optent pour le programme de retour volontaire organis\u00e9 par l&rsquo;Organisation internationale pour les migrations (OIM). Ce programme qui, selon l\u2019officiel nig\u00e9rien, devrait \u00eatre revu car, \u00e9tant la source de ces &nbsp;<em>\u00ab&nbsp;avalanches d&rsquo;\u00e9migr\u00e9s qui se rendent \u00e0 Agadez dans le seul but de b\u00e9n\u00e9ficier d&rsquo;une r\u00e9insertion socio-\u00e9conomique&nbsp;\u00bb.<\/em><\/p>\n\n\n\n<p class=\"wp-block-paragraph\">Et le ministre de l\u2019Int\u00e9rieur du Niger n\u2019est pas seul \u00e0 faire ce constat amer. L&rsquo;ONG canadienne International Emergency Aid Committee (CIUAD), op\u00e9rant \u00e0 Assamaka en collaboration avec le Haut-Commissariat des Nations Unies pour les r\u00e9fugi\u00e9s (HCR), est dans la m\u00eame dynamique.<\/p>\n\n\n\n<p class=\"wp-block-paragraph\">Selon Alkassoum Ibrahim, membre de CIUAD, ce blocus des migrants \u00e0 Assamaka est li\u00e9 \u00e0 <em>\u00ab&nbsp;un manque de ressources auquel l&rsquo;OIM est actuellement confront\u00e9e&nbsp;\u00bb<\/em>. Il a d\u00e9plor\u00e9 que depuis janvier 2023, cette localit\u00e9 soit le r\u00e9ceptacle de plusieurs vagues migrants expuls\u00e9s par l\u2019Alg\u00e9rie, dont la derni\u00e8re vague \u00e9tait de 710 migrants, compos\u00e9s de femmes et des enfants, se trouvant dans des conditions <em>\u00ab&nbsp;d\u2019extr\u00eame vuln\u00e9rabilit\u00e9&nbsp;\u00bb. \u00ab&nbsp;Ce nouveau groupe, compos\u00e9 de citoyens des pays membres de la CEDEAO, a \u00e9t\u00e9 abandonn\u00e9 par la police alg\u00e9rienne dans la zone du &lsquo;point z\u00e9ro&rsquo; en plein d\u00e9sert. Ils ont parcouru 15 kilom\u00e8tres \u00e0 pied pour atteindre Assamaka vers 3 heures du matin&nbsp;\u00bb<\/em>, soutient le CIUAD.<\/p>\n\n\n\n<p class=\"wp-block-paragraph\">Il faut souligner qu\u2019au rang de ces expuls\u00e9, on compte 298 Guin\u00e9ens (dont quatre filles mineures), 138 Maliens, 64 Nig\u00e9riens, 56 Ivoiriens, mais aussi des Burkinab\u00e8, des Congolais, des Nig\u00e9rians, des Gambiens, des Sierra-L\u00e9onais, des Camerounais, et des Lib\u00e9riens.<\/p>\n\n\n<div class=\"wp-block-image\">\n<figure class=\"aligncenter size-large\"><img loading=\"lazy\" decoding=\"async\" width=\"724\" height=\"1024\" src=\"https:\/\/macite.tg\/wp-content\/uploads\/2023\/04\/IMG-20230411-WA0074-2-724x1024.jpg\" alt=\"\" class=\"wp-image-5141\" srcset=\"https:\/\/macite.tg\/wp-content\/uploads\/2023\/04\/IMG-20230411-WA0074-2-724x1024.jpg 724w, https:\/\/macite.tg\/wp-content\/uploads\/2023\/04\/IMG-20230411-WA0074-2-212x300.jpg 212w, https:\/\/macite.tg\/wp-content\/uploads\/2023\/04\/IMG-20230411-WA0074-2-768x1086.jpg 768w, https:\/\/macite.tg\/wp-content\/uploads\/2023\/04\/IMG-20230411-WA0074-2-1086x1536.jpg 1086w, https:\/\/macite.tg\/wp-content\/uploads\/2023\/04\/IMG-20230411-WA0074-2.jpg 1131w\" sizes=\"auto, (max-width: 724px) 100vw, 724px\" \/><\/figure>\n<\/div>\n\n\n<p class=\"wp-block-paragraph\"><strong>Une situation de pr\u00e9carit\u00e9 extr\u00eame\u2026<\/strong><\/p>\n\n\n\n<p class=\"wp-block-paragraph\">L\u2019afflux de ces migrants expuls\u00e9s d\u2019Alg\u00e9rie cr\u00e9e une tension dans la r\u00e9gion d\u2019accueil. D\u2019ailleurs, le seul centre d\u2019accueil de l\u2019OIM de la ville, ayant une capacit\u00e9 de 1.000 personnes, est gonfl\u00e9 avec plus de 1.400 \u00e9migr\u00e9s. Et l\u2019OIM d\u00e9plore que <em>\u00ab&nbsp;le reste des gens vivent dans les rues de la ville, ils se consacrent \u00e0 la mendicit\u00e9, \u00e0 la prostitution et m\u00eame au vol&nbsp;\u00bb<\/em>, juste pour survivre. &nbsp;<\/p>\n\n\n\n<p class=\"wp-block-paragraph\">Cette arriv\u00e9e massive des migrants \u00e0 Assamaka dont la population est estim\u00e9e \u00e0 quelque 3.000 habitants, constitue, selon les autorit\u00e9s locales, une v\u00e9ritable menace s\u00e9curitaire pour les populations locales. Selon le t\u00e9moignage d\u2019un habitant d\u2019Assamaka recueillis au t\u00e9l\u00e9phone par EFE, ces \u00e9migr\u00e9s <em>\u00ab&nbsp;tuent des animaux errants&nbsp;\u00bb<\/em> et vont plus loin en agressant <em>\u00ab&nbsp;les habitants la nuit pour voler leurs biens&nbsp;\u00bb, <\/em>occasionnant des tensions entre les \u00e9migr\u00e9s et les populations locales. Et pour parer \u00e0 cette situation d\u2019ins\u00e9curit\u00e9, les autorit\u00e9s locales d\u2019Asamaka font recours \u00e0 des patrouilles militaires nocturnes (d\u00e8s 21h00) dans l\u2019optique d\u2019assurer le minimum de s\u00e9curit\u00e9 dans la localit\u00e9.<\/p>\n\n\n\n<p class=\"wp-block-paragraph\">Dans ce climat d\u2019ins\u00e9curit\u00e9 li\u00e9e \u00e0 l\u2019afflux de migrants, Alkassoum Ibrahim a soulign\u00e9 qu\u2019une autre association, notamment l\u2019association \u2018\u2019 COOPI\u2019\u2019 a construit trois nouveaux centres d&rsquo;accueil dans le village qui ne peuvent recevoir environ 3.200 migrants. Dans ces milieux, <em>\u00ab&nbsp;l&rsquo;assistance \u00e0 ces \u00e9migr\u00e9s est assur\u00e9e par M\u00e9decins Sans Fronti\u00e8res qui les aide avec une trousse de secours (couvertures, serviettes, savon, chaussures, etc.) et leur garantit eau et soins m\u00e9dicaux&nbsp;\u00bb,<\/em> a expliqu\u00e9 Alkassoum.<\/p>\n\n\n\n<p class=\"wp-block-paragraph\">Malgr\u00e9 ce coup de pouce, la situation reste tendue car, les autorit\u00e9s locales pr\u00e9occup\u00e9es par la situation s\u00e9curitaire, haussent le ton <em>\u00ab&nbsp;qu\u2019Agadez ne peut pas continuer \u00e0 supporter seul ces flux interrompus d&rsquo;\u00e9migrants revenus d&rsquo;Alg\u00e9rie&nbsp;\u00bb<\/em>, mart\u00e8lent-ils.<\/p>\n\n\n\n<p class=\"wp-block-paragraph\">Malgr\u00e9 cette situation pr\u00e9occupante \u00e0 la fronti\u00e8re entre les deux pays, ces expulsions des \u00e9migr\u00e9s d\u2019Alg\u00e9rie n\u2019a pas retenu l\u2019attention des autorit\u00e9s des deux pays lors de la visite, le jeudi et vendredi dernier, du ministre alg\u00e9rien des Affaires \u00e9trang\u00e8res, Ahmed Attaf, \u00e0 Niamey.<\/p>\n\n\n\n<p class=\"wp-block-paragraph\"><strong><em>@macite.info<\/em><\/strong><\/p>\n\n\n\n<p class=\"wp-block-paragraph\"><strong><em>E-mail&nbsp;: <\/em><\/strong><a href=\"mailto:maciteinfo@gmail.com\"><strong><em>maciteinfo@gmail.com<\/em><\/strong><\/a><strong><em>; <\/em><\/strong><a href=\"mailto:bawela1@gmail.com\"><strong><em>bawela1@gmail.com<\/em><\/strong><\/a><\/p>\n\n\n\n<p class=\"wp-block-paragraph\"><\/p>\n\n\n\n<p class=\"wp-block-paragraph\"><strong><em>Pour vos annonces, (publi)reportages, etc., joignez nous au (00228)91515309\/<strong>79872224 <\/strong><\/em><\/strong><a href=\"http:\/\/www.macite.info\"><strong><em>www.macite.info<\/em><\/strong><\/a><strong><em>, L\u2019information, la bonne\u00a0!<\/em><\/strong><\/p>\n","protected":false},"excerpt":{"rendered":"<p class=\"text-justify mb-2\" >C\u2019est plus de 7.000 subsahariens \u00e9migr\u00e9s qui ont \u00e9t\u00e9 expuls\u00e9s du territoire alg\u00e9rien ces quatre dernier mois, provoquant une situation inextricable \u00e0 la fronti\u00e8re entre le Niger et l\u2019Alg\u00e9rie. La ville nig\u00e9rienne d\u2019Assamaka, frontali\u00e8re d\u2019avec l\u2019Alg\u00e9rie, est le th\u00e9\u00e2tre de criminalit\u00e9 transfrontali\u00e8re, et une crise [&hellip;]<\/p>\n","protected":false},"author":2,"featured_media":5140,"comment_status":"open","ping_status":"open","sticky":false,"template":"","format":"standard","meta":{"footnotes":""},"categories":[20],"tags":[],"class_list":["post-5138","post","type-post","status-publish","format-standard","has-post-thumbnail","hentry","category-actualite"],"yoast_head":"<!-- This site is optimized with the Yoast SEO plugin v28.4 - https:\/\/yoast.com\/product\/yoast-seo-wordpress\/ -->\n<title>CRISE HUMANITAIRE A LA FRONTI\u00c8RE NIG\u00c9RO-ALG\u00c9RIENNE\u00a0: Autorit\u00e9s locales et ONG tirent sur la sonnette d\u2019alarme -<\/title>\n<meta name=\"robots\" content=\"index, follow, max-snippet:-1, max-image-preview:large, max-video-preview:-1\" \/>\n<link rel=\"canonical\" href=\"https:\/\/macite.tg\/?p=5138\" \/>\n<meta property=\"og:locale\" content=\"fr_FR\" \/>\n<meta property=\"og:type\" content=\"article\" \/>\n<meta property=\"og:title\" content=\"CRISE HUMANITAIRE A LA FRONTI\u00c8RE NIG\u00c9RO-ALG\u00c9RIENNE\u00a0: Autorit\u00e9s locales et ONG tirent sur la sonnette d\u2019alarme -\" \/>\n<meta property=\"og:description\" content=\"C\u2019est plus de 7.000 subsahariens \u00e9migr\u00e9s qui ont \u00e9t\u00e9 expuls\u00e9s du territoire alg\u00e9rien ces quatre dernier mois, provoquant une situation inextricable \u00e0 la fronti\u00e8re entre le Niger et l\u2019Alg\u00e9rie. La ville nig\u00e9rienne d\u2019Assamaka, frontali\u00e8re d\u2019avec l\u2019Alg\u00e9rie, est le th\u00e9\u00e2tre de criminalit\u00e9 transfrontali\u00e8re, et une crise [&hellip;]\" \/>\n<meta property=\"og:url\" content=\"https:\/\/macite.tg\/?p=5138\" \/>\n<meta property=\"article:published_time\" content=\"2023-04-30T17:47:21+00:00\" \/>\n<meta property=\"article:modified_time\" content=\"2023-04-30T17:47:23+00:00\" \/>\n<meta property=\"og:image\" content=\"https:\/\/macite.tg\/wp-content\/uploads\/2023\/04\/IMG-20230430-WA0052.jpg\" \/>\n\t<meta property=\"og:image:width\" content=\"1280\" \/>\n\t<meta property=\"og:image:height\" content=\"896\" \/>\n\t<meta property=\"og:image:type\" content=\"image\/jpeg\" \/>\n<meta name=\"author\" content=\"Jean Pierre BAWELA\" \/>\n<meta name=\"twitter:card\" content=\"summary_large_image\" \/>\n<meta name=\"twitter:label1\" content=\"\u00c9crit par\" \/>\n\t<meta name=\"twitter:data1\" content=\"Jean Pierre BAWELA\" \/>\n\t<meta name=\"twitter:label2\" content=\"Dur\u00e9e de lecture estim\u00e9e\" \/>\n\t<meta name=\"twitter:data2\" content=\"5 minutes\" \/>\n<script type=\"application\/ld+json\" class=\"yoast-schema-graph\">{\"@context\":\"https:\\\/\\\/schema.org\",\"@graph\":[{\"@type\":\"Article\",\"@id\":\"https:\\\/\\\/macite.tg\\\/?p=5138#article\",\"isPartOf\":{\"@id\":\"https:\\\/\\\/macite.tg\\\/?p=5138\"},\"author\":{\"name\":\"Jean Pierre BAWELA\",\"@id\":\"https:\\\/\\\/macite.tg\\\/#\\\/schema\\\/person\\\/e9f2de7e5dbbe7770a9402c7ce82f5c2\"},\"headline\":\"CRISE HUMANITAIRE A LA FRONTI\u00c8RE NIG\u00c9RO-ALG\u00c9RIENNE\u00a0: Autorit\u00e9s locales et ONG tirent sur la sonnette d\u2019alarme\",\"datePublished\":\"2023-04-30T17:47:21+00:00\",\"dateModified\":\"2023-04-30T17:47:23+00:00\",\"mainEntityOfPage\":{\"@id\":\"https:\\\/\\\/macite.tg\\\/?p=5138\"},\"wordCount\":931,\"commentCount\":0,\"image\":{\"@id\":\"https:\\\/\\\/macite.tg\\\/?p=5138#primaryimage\"},\"thumbnailUrl\":\"https:\\\/\\\/macite.tg\\\/wp-content\\\/uploads\\\/2023\\\/04\\\/IMG-20230430-WA0052.jpg\",\"articleSection\":[\"ACTUALITE\"],\"inLanguage\":\"fr-FR\",\"potentialAction\":[{\"@type\":\"CommentAction\",\"name\":\"Comment\",\"target\":[\"https:\\\/\\\/macite.tg\\\/?p=5138#respond\"]}]},{\"@type\":\"WebPage\",\"@id\":\"https:\\\/\\\/macite.tg\\\/?p=5138\",\"url\":\"https:\\\/\\\/macite.tg\\\/?p=5138\",\"name\":\"CRISE HUMANITAIRE A LA FRONTI\u00c8RE NIG\u00c9RO-ALG\u00c9RIENNE\u00a0: Autorit\u00e9s locales et ONG tirent sur la sonnette d\u2019alarme -\",\"isPartOf\":{\"@id\":\"https:\\\/\\\/macite.tg\\\/#website\"},\"primaryImageOfPage\":{\"@id\":\"https:\\\/\\\/macite.tg\\\/?p=5138#primaryimage\"},\"image\":{\"@id\":\"https:\\\/\\\/macite.tg\\\/?p=5138#primaryimage\"},\"thumbnailUrl\":\"https:\\\/\\\/macite.tg\\\/wp-content\\\/uploads\\\/2023\\\/04\\\/IMG-20230430-WA0052.jpg\",\"datePublished\":\"2023-04-30T17:47:21+00:00\",\"dateModified\":\"2023-04-30T17:47:23+00:00\",\"author\":{\"@id\":\"https:\\\/\\\/macite.tg\\\/#\\\/schema\\\/person\\\/e9f2de7e5dbbe7770a9402c7ce82f5c2\"},\"breadcrumb\":{\"@id\":\"https:\\\/\\\/macite.tg\\\/?p=5138#breadcrumb\"},\"inLanguage\":\"fr-FR\",\"potentialAction\":[{\"@type\":\"ReadAction\",\"target\":[\"https:\\\/\\\/macite.tg\\\/?p=5138\"]}]},{\"@type\":\"ImageObject\",\"inLanguage\":\"fr-FR\",\"@id\":\"https:\\\/\\\/macite.tg\\\/?p=5138#primaryimage\",\"url\":\"https:\\\/\\\/macite.tg\\\/wp-content\\\/uploads\\\/2023\\\/04\\\/IMG-20230430-WA0052.jpg\",\"contentUrl\":\"https:\\\/\\\/macite.tg\\\/wp-content\\\/uploads\\\/2023\\\/04\\\/IMG-20230430-WA0052.jpg\",\"width\":1280,\"height\":896},{\"@type\":\"BreadcrumbList\",\"@id\":\"https:\\\/\\\/macite.tg\\\/?p=5138#breadcrumb\",\"itemListElement\":[{\"@type\":\"ListItem\",\"position\":1,\"name\":\"Accueil\",\"item\":\"https:\\\/\\\/macite.tg\\\/\"},{\"@type\":\"ListItem\",\"position\":2,\"name\":\"CRISE HUMANITAIRE A LA FRONTI\u00c8RE NIG\u00c9RO-ALG\u00c9RIENNE\u00a0: Autorit\u00e9s locales et ONG tirent sur la sonnette d\u2019alarme\"}]},{\"@type\":\"WebSite\",\"@id\":\"https:\\\/\\\/macite.tg\\\/#website\",\"url\":\"https:\\\/\\\/macite.tg\\\/\",\"name\":\"\",\"description\":\"L&#039;information, la bonne!!!\",\"potentialAction\":[{\"@type\":\"SearchAction\",\"target\":{\"@type\":\"EntryPoint\",\"urlTemplate\":\"https:\\\/\\\/macite.tg\\\/?s={search_term_string}\"},\"query-input\":{\"@type\":\"PropertyValueSpecification\",\"valueRequired\":true,\"valueName\":\"search_term_string\"}}],\"inLanguage\":\"fr-FR\"},{\"@type\":\"Person\",\"@id\":\"https:\\\/\\\/macite.tg\\\/#\\\/schema\\\/person\\\/e9f2de7e5dbbe7770a9402c7ce82f5c2\",\"name\":\"Jean Pierre BAWELA\",\"image\":{\"@type\":\"ImageObject\",\"inLanguage\":\"fr-FR\",\"@id\":\"https:\\\/\\\/macite.tg\\\/wp-content\\\/uploads\\\/2023\\\/09\\\/WhatsApp-Image-2023-09-19-at-14.44.41-122x122.jpeg\",\"url\":\"https:\\\/\\\/macite.tg\\\/wp-content\\\/uploads\\\/2023\\\/09\\\/WhatsApp-Image-2023-09-19-at-14.44.41-122x122.jpeg\",\"contentUrl\":\"https:\\\/\\\/macite.tg\\\/wp-content\\\/uploads\\\/2023\\\/09\\\/WhatsApp-Image-2023-09-19-at-14.44.41-122x122.jpeg\",\"caption\":\"Jean Pierre BAWELA\"},\"url\":\"https:\\\/\\\/macite.tg\\\/?author=2\"}]}<\/script>\n<!-- \/ Yoast SEO plugin. -->","yoast_head_json":{"title":"CRISE HUMANITAIRE A LA FRONTI\u00c8RE NIG\u00c9RO-ALG\u00c9RIENNE\u00a0: Autorit\u00e9s locales et ONG tirent sur la sonnette d\u2019alarme -","robots":{"index":"index","follow":"follow","max-snippet":"max-snippet:-1","max-image-preview":"max-image-preview:large","max-video-preview":"max-video-preview:-1"},"canonical":"https:\/\/macite.tg\/?p=5138","og_locale":"fr_FR","og_type":"article","og_title":"CRISE HUMANITAIRE A LA FRONTI\u00c8RE NIG\u00c9RO-ALG\u00c9RIENNE\u00a0: Autorit\u00e9s locales et ONG tirent sur la sonnette d\u2019alarme -","og_description":"C\u2019est plus de 7.000 subsahariens \u00e9migr\u00e9s qui ont \u00e9t\u00e9 expuls\u00e9s du territoire alg\u00e9rien ces quatre dernier mois, provoquant une situation inextricable \u00e0 la fronti\u00e8re entre le Niger et l\u2019Alg\u00e9rie. La ville nig\u00e9rienne d\u2019Assamaka, frontali\u00e8re d\u2019avec l\u2019Alg\u00e9rie, est le th\u00e9\u00e2tre de criminalit\u00e9 transfrontali\u00e8re, et une crise [&hellip;]","og_url":"https:\/\/macite.tg\/?p=5138","article_published_time":"2023-04-30T17:47:21+00:00","article_modified_time":"2023-04-30T17:47:23+00:00","og_image":[{"width":1280,"height":896,"url":"https:\/\/macite.tg\/wp-content\/uploads\/2023\/04\/IMG-20230430-WA0052.jpg","type":"image\/jpeg"}],"author":"Jean Pierre BAWELA","twitter_card":"summary_large_image","twitter_misc":{"\u00c9crit par":"Jean Pierre BAWELA","Dur\u00e9e de lecture estim\u00e9e":"5 minutes"},"schema":{"@context":"https:\/\/schema.org","@graph":[{"@type":"Article","@id":"https:\/\/macite.tg\/?p=5138#article","isPartOf":{"@id":"https:\/\/macite.tg\/?p=5138"},"author":{"name":"Jean Pierre BAWELA","@id":"https:\/\/macite.tg\/#\/schema\/person\/e9f2de7e5dbbe7770a9402c7ce82f5c2"},"headline":"CRISE HUMANITAIRE A LA FRONTI\u00c8RE NIG\u00c9RO-ALG\u00c9RIENNE\u00a0: Autorit\u00e9s locales et ONG tirent sur la sonnette d\u2019alarme","datePublished":"2023-04-30T17:47:21+00:00","dateModified":"2023-04-30T17:47:23+00:00","mainEntityOfPage":{"@id":"https:\/\/macite.tg\/?p=5138"},"wordCount":931,"commentCount":0,"image":{"@id":"https:\/\/macite.tg\/?p=5138#primaryimage"},"thumbnailUrl":"https:\/\/macite.tg\/wp-content\/uploads\/2023\/04\/IMG-20230430-WA0052.jpg","articleSection":["ACTUALITE"],"inLanguage":"fr-FR","potentialAction":[{"@type":"CommentAction","name":"Comment","target":["https:\/\/macite.tg\/?p=5138#respond"]}]},{"@type":"WebPage","@id":"https:\/\/macite.tg\/?p=5138","url":"https:\/\/macite.tg\/?p=5138","name":"CRISE HUMANITAIRE A LA FRONTI\u00c8RE NIG\u00c9RO-ALG\u00c9RIENNE\u00a0: Autorit\u00e9s locales et ONG tirent sur la sonnette d\u2019alarme -","isPartOf":{"@id":"https:\/\/macite.tg\/#website"},"primaryImageOfPage":{"@id":"https:\/\/macite.tg\/?p=5138#primaryimage"},"image":{"@id":"https:\/\/macite.tg\/?p=5138#primaryimage"},"thumbnailUrl":"https:\/\/macite.tg\/wp-content\/uploads\/2023\/04\/IMG-20230430-WA0052.jpg","datePublished":"2023-04-30T17:47:21+00:00","dateModified":"2023-04-30T17:47:23+00:00","author":{"@id":"https:\/\/macite.tg\/#\/schema\/person\/e9f2de7e5dbbe7770a9402c7ce82f5c2"},"breadcrumb":{"@id":"https:\/\/macite.tg\/?p=5138#breadcrumb"},"inLanguage":"fr-FR","potentialAction":[{"@type":"ReadAction","target":["https:\/\/macite.tg\/?p=5138"]}]},{"@type":"ImageObject","inLanguage":"fr-FR","@id":"https:\/\/macite.tg\/?p=5138#primaryimage","url":"https:\/\/macite.tg\/wp-content\/uploads\/2023\/04\/IMG-20230430-WA0052.jpg","contentUrl":"https:\/\/macite.tg\/wp-content\/uploads\/2023\/04\/IMG-20230430-WA0052.jpg","width":1280,"height":896},{"@type":"BreadcrumbList","@id":"https:\/\/macite.tg\/?p=5138#breadcrumb","itemListElement":[{"@type":"ListItem","position":1,"name":"Accueil","item":"https:\/\/macite.tg\/"},{"@type":"ListItem","position":2,"name":"CRISE HUMANITAIRE A LA FRONTI\u00c8RE NIG\u00c9RO-ALG\u00c9RIENNE\u00a0: Autorit\u00e9s locales et ONG tirent sur la sonnette d\u2019alarme"}]},{"@type":"WebSite","@id":"https:\/\/macite.tg\/#website","url":"https:\/\/macite.tg\/","name":"","description":"L&#039;information, la bonne!!!","potentialAction":[{"@type":"SearchAction","target":{"@type":"EntryPoint","urlTemplate":"https:\/\/macite.tg\/?s={search_term_string}"},"query-input":{"@type":"PropertyValueSpecification","valueRequired":true,"valueName":"search_term_string"}}],"inLanguage":"fr-FR"},{"@type":"Person","@id":"https:\/\/macite.tg\/#\/schema\/person\/e9f2de7e5dbbe7770a9402c7ce82f5c2","name":"Jean Pierre BAWELA","image":{"@type":"ImageObject","inLanguage":"fr-FR","@id":"https:\/\/macite.tg\/wp-content\/uploads\/2023\/09\/WhatsApp-Image-2023-09-19-at-14.44.41-122x122.jpeg","url":"https:\/\/macite.tg\/wp-content\/uploads\/2023\/09\/WhatsApp-Image-2023-09-19-at-14.44.41-122x122.jpeg","contentUrl":"https:\/\/macite.tg\/wp-content\/uploads\/2023\/09\/WhatsApp-Image-2023-09-19-at-14.44.41-122x122.jpeg","caption":"Jean Pierre BAWELA"},"url":"https:\/\/macite.tg\/?author=2"}]}},"_links":{"self":[{"href":"https:\/\/macite.tg\/index.php?rest_route=\/wp\/v2\/posts\/5138","targetHints":{"allow":["GET"]}}],"collection":[{"href":"https:\/\/macite.tg\/index.php?rest_route=\/wp\/v2\/posts"}],"about":[{"href":"https:\/\/macite.tg\/index.php?rest_route=\/wp\/v2\/types\/post"}],"author":[{"embeddable":true,"href":"https:\/\/macite.tg\/index.php?rest_route=\/wp\/v2\/users\/2"}],"replies":[{"embeddable":true,"href":"https:\/\/macite.tg\/index.php?rest_route=%2Fwp%2Fv2%2Fcomments&post=5138"}],"version-history":[{"count":0,"href":"https:\/\/macite.tg\/index.php?rest_route=\/wp\/v2\/posts\/5138\/revisions"}],"wp:featuredmedia":[{"embeddable":true,"href":"https:\/\/macite.tg\/index.php?rest_route=\/wp\/v2\/media\/5140"}],"wp:attachment":[{"href":"https:\/\/macite.tg\/index.php?rest_route=%2Fwp%2Fv2%2Fmedia&parent=5138"}],"wp:term":[{"taxonomy":"category","embeddable":true,"href":"https:\/\/macite.tg\/index.php?rest_route=%2Fwp%2Fv2%2Fcategories&post=5138"},{"taxonomy":"post_tag","embeddable":true,"href":"https:\/\/macite.tg\/index.php?rest_route=%2Fwp%2Fv2%2Ftags&post=5138"}],"curies":[{"name":"wp","href":"https:\/\/api.w.org\/{rel}","templated":true}]}}