{"id":5134,"date":"2023-04-29T16:26:41","date_gmt":"2023-04-29T16:26:41","guid":{"rendered":"https:\/\/macite.info\/?p=5134"},"modified":"2023-04-29T16:26:41","modified_gmt":"2023-04-29T16:26:41","slug":"femua-2023-retour-sur-la-ceremonie-douverture-de-lacte-15","status":"publish","type":"post","link":"https:\/\/macite.tg\/?p=5134","title":{"rendered":"FEMUA 2023\u00a0: Retour sur la c\u00e9r\u00e9monie d\u2019ouverture de l\u2019acte 15"},"content":{"rendered":"\n<p class=\"wp-block-paragraph\"><\/p>\n\n\n\n<p class=\"wp-block-paragraph\"><strong><em>Anoumabo a accueilli, le mardi 25 avril 2023,la c\u00e9r\u00e9monie d\u2019ouverture officielle de la 15<sup>\u00e8me<\/sup> \u00e9dition du Festival des Musiques Urbaines d\u2019Anoumabo \u00ab&nbsp;FEMUA&nbsp;\u00bb. sur le THEME&nbsp;: \u00ab&nbsp;S\u00e9curit\u00e9 Alimentaire et Agriculture Durable.<\/em><\/strong><\/p>\n\n\n\n<p class=\"wp-block-paragraph\">Pour le pr\u00e9sident du dit festival Salif Traore dit A\u2019salfo a souhait\u00e9 la bienvenue \u00e0 tous les participants et acteurs culturels. Selon le promoteur, cette \u00e9dition r\u00e9v\u00e8le un caract\u00e8re tr\u00e8s symbolique&nbsp; marque la fin du troisi\u00e8me cycle des 5 ans du festival avant l\u2019entame d\u2019un nouveau cycle avec toutes les innovations qui iront avec et faire le bilan et&nbsp; dire leur reconnaissances \u00e0 ceux qui ont \u0153uvr\u00e9 \u00e0 positionner le FEMUA au rang des plus prestigieuse d\u2019Afrique.<\/p>\n\n\n<div class=\"wp-block-image\">\n<figure class=\"aligncenter size-full is-resized\"><img loading=\"lazy\" decoding=\"async\" src=\"https:\/\/macite.tg\/wp-content\/uploads\/2023\/04\/FEMUA-1111.jpg\" alt=\"\" class=\"wp-image-5136\" width=\"751\" height=\"159\" srcset=\"https:\/\/macite.tg\/wp-content\/uploads\/2023\/04\/FEMUA-1111.jpg 444w, https:\/\/macite.tg\/wp-content\/uploads\/2023\/04\/FEMUA-1111-300x64.jpg 300w\" sizes=\"auto, (max-width: 751px) 100vw, 751px\" \/><figcaption class=\"wp-element-caption\"><em><strong>La d\u00e9l\u00e9gation d&rsquo;artistes togolais&#8230;.<\/strong><\/em><\/figcaption><\/figure>\n<\/div>\n\n\n<p class=\"wp-block-paragraph\">Le FEMUA, a-t-il dit, est une vitrine des concerts, un carrefour jeunesses d\u00e9di\u00e9 aux rencontres entre les jeunes et les experts au tour de la th\u00e9matique principale du festival.&nbsp; Le FEMUA dans sa volont\u00e9 de s\u2019ouvrir aux autres communaut\u00e9s en plus de la diversit\u00e9 de sa programmation artistique \u00e0 d\u00e9cider depuis quatre (04) ans de mettre un pays \u00e0 l\u2019honneur et cette ann\u00e9e c\u2019est le Togo.<\/p>\n\n\n\n<p class=\"wp-block-paragraph\">Mettre en exergue l\u2019implication des jeunes dans la recherche de solution \u00e0 la souverainet\u00e9 alimentaire.<\/p>\n\n\n\n<p class=\"wp-block-paragraph\">Dans son intervention, le Dr Kossi Lamadokou s\u2019est r\u00e9jouis du choix port\u00e9 sur le Togo du fait de la relation existante entre les deux pays fr\u00e8re depuis des ann\u00e9es. Le ministre \u00e0 saluer le choix port\u00e9 sur le th\u00e8me du festival qui est d\u2019actualit\u00e9 et qui focalise depuis quelques ann\u00e9es d\u00e9j\u00e0 l\u2019attention de nos plus hautes autorit\u00e9s et en mati\u00e8re de politique publique.<\/p>\n\n\n\n<p class=\"wp-block-paragraph\">Ce th\u00e8me qui d\u2019actualit\u00e9 nous exhorte \u00e0 rester mobilis\u00e9 et \u00e0 apporter notre contribution \u00e0 l\u2019atteinte d\u2019une v\u00e9ritable s\u00e9curit\u00e9 alimentaire gage d\u2019un d\u00e9veloppement durable et \u00e9quitable.<\/p>\n\n\n\n<p class=\"wp-block-paragraph\">Selon le Dr Kossi Lamadokou, l\u2019attelage entre le culturel et le d\u00e9veloppement agricole demeure bien justifier selon que nous voulons assurer r\u00e9ellement assur\u00e9 la s\u00e9curit\u00e9 alimentaire de nos pays \u00e0 travers une agriculture porteuse.<\/p>\n\n\n<div class=\"wp-block-image\">\n<figure class=\"aligncenter size-large is-resized\"><img loading=\"lazy\" decoding=\"async\" src=\"https:\/\/macite.tg\/wp-content\/uploads\/2023\/04\/IMG-20230411-WA0074-1-724x1024.jpg\" alt=\"\" class=\"wp-image-4894\" width=\"585\" height=\"827\" srcset=\"https:\/\/macite.tg\/wp-content\/uploads\/2023\/04\/IMG-20230411-WA0074-1-724x1024.jpg 724w, https:\/\/macite.tg\/wp-content\/uploads\/2023\/04\/IMG-20230411-WA0074-1-212x300.jpg 212w, https:\/\/macite.tg\/wp-content\/uploads\/2023\/04\/IMG-20230411-WA0074-1-768x1086.jpg 768w, https:\/\/macite.tg\/wp-content\/uploads\/2023\/04\/IMG-20230411-WA0074-1-1086x1536.jpg 1086w, https:\/\/macite.tg\/wp-content\/uploads\/2023\/04\/IMG-20230411-WA0074-1.jpg 1131w\" sizes=\"auto, (max-width: 585px) 100vw, 585px\" \/><\/figure>\n<\/div>\n\n\n<p class=\"wp-block-paragraph\">Il a invit\u00e9 les acteurs de changer de paradigme avec focus sur la&nbsp; consommation des produits locaux, pr\u00f4n\u00e9 depuis quelques ann\u00e9es d\u00e9j\u00e0 par les chefs d\u2019\u00e9tats et soutenu par les intense r\u00e9gionales telles que la CEDEAO et l\u2019UEMOA.<\/p>\n\n\n\n<p class=\"wp-block-paragraph\">Pour finir, il a remerci\u00e9 les acteurs et organisateurs de cette tribune culturelle qui est une occasion d\u2019\u00e9changer et de valorisation de la culture.<\/p>\n\n\n\n<p class=\"wp-block-paragraph\">Le Togo pays invit\u00e9 d\u2019honneur marquera sa participation \u00e0 ce grand rendez-vous d\u2019un saut ind\u00e9l\u00e9bile \u00e0 travers sa diversit\u00e9 culturelle qui sera port\u00e9 par les artistes de la chanson, des groupes artistiques et des artisans etc\u2026., de plus , l\u2019art culinaire togolais tr\u00e8s pris\u00e9 sera de la partie pour faire du FEMUA 15 une \u00e9dition m\u00e9morial&nbsp; de bonne saveur.<\/p>\n\n\n\n<p class=\"wp-block-paragraph\">&nbsp;<strong><em>@macite.info<\/em><\/strong><\/p>\n\n\n\n<p class=\"wp-block-paragraph\"><strong><em>E-mail&nbsp;: <\/em><\/strong><a href=\"mailto:maciteinfo@gmail.com\"><strong><em>maciteinfo@gmail.com<\/em><\/strong><\/a><strong><em>; <\/em><\/strong><a href=\"mailto:bawela1@gmail.com\"><strong><em>bawela1@gmail.com<\/em><\/strong><\/a><strong><em><\/em><\/strong><\/p>\n\n\n\n<p class=\"wp-block-paragraph\"><strong><em>Pour vos annonces, (publi)reportages, etc., joignez nous au (00228)91515309\/<strong>79872224 <\/strong><\/em><\/strong><a href=\"http:\/\/www.macite.info\"><strong><em>www.macite.info<\/em><\/strong><\/a><strong><em>, L\u2019information, la bonne&nbsp;!<\/em><\/strong><\/p>\n","protected":false},"excerpt":{"rendered":"<p class=\"text-justify mb-2\" >Anoumabo a accueilli, le mardi 25 avril 2023,la c\u00e9r\u00e9monie d\u2019ouverture officielle de la 15\u00e8me \u00e9dition du Festival des Musiques Urbaines d\u2019Anoumabo \u00ab&nbsp;FEMUA&nbsp;\u00bb. sur le THEME&nbsp;: \u00ab&nbsp;S\u00e9curit\u00e9 Alimentaire et Agriculture Durable. Pour le pr\u00e9sident du dit festival Salif Traore dit A\u2019salfo a souhait\u00e9 la bienvenue \u00e0 [&hellip;]<\/p>\n","protected":false},"author":2,"featured_media":5135,"comment_status":"open","ping_status":"open","sticky":false,"template":"","format":"standard","meta":{"footnotes":""},"categories":[18],"tags":[],"class_list":["post-5134","post","type-post","status-publish","format-standard","has-post-thumbnail","hentry","category-culture"],"yoast_head":"<!-- This site is optimized with the Yoast SEO plugin v28.4 - https:\/\/yoast.com\/product\/yoast-seo-wordpress\/ -->\n<title>FEMUA 2023\u00a0: Retour sur la c\u00e9r\u00e9monie d\u2019ouverture de l\u2019acte 15 -<\/title>\n<meta name=\"robots\" content=\"index, follow, max-snippet:-1, max-image-preview:large, max-video-preview:-1\" \/>\n<link rel=\"canonical\" href=\"https:\/\/macite.tg\/?p=5134\" \/>\n<meta property=\"og:locale\" content=\"fr_FR\" \/>\n<meta property=\"og:type\" content=\"article\" \/>\n<meta property=\"og:title\" content=\"FEMUA 2023\u00a0: Retour sur la c\u00e9r\u00e9monie d\u2019ouverture de l\u2019acte 15 -\" \/>\n<meta property=\"og:description\" content=\"Anoumabo a accueilli, le mardi 25 avril 2023,la c\u00e9r\u00e9monie d\u2019ouverture officielle de la 15\u00e8me \u00e9dition du Festival des Musiques Urbaines d\u2019Anoumabo \u00ab&nbsp;FEMUA&nbsp;\u00bb. sur le THEME&nbsp;: \u00ab&nbsp;S\u00e9curit\u00e9 Alimentaire et Agriculture Durable. Pour le pr\u00e9sident du dit festival Salif Traore dit A\u2019salfo a souhait\u00e9 la bienvenue \u00e0 [&hellip;]\" \/>\n<meta property=\"og:url\" content=\"https:\/\/macite.tg\/?p=5134\" \/>\n<meta property=\"article:published_time\" content=\"2023-04-29T16:26:41+00:00\" \/>\n<meta property=\"og:image\" content=\"https:\/\/macite.tg\/wp-content\/uploads\/2023\/04\/FEMUA-15.jpg\" \/>\n\t<meta property=\"og:image:width\" content=\"530\" \/>\n\t<meta property=\"og:image:height\" content=\"243\" \/>\n\t<meta property=\"og:image:type\" content=\"image\/jpeg\" \/>\n<meta name=\"author\" content=\"Jean Pierre BAWELA\" \/>\n<meta name=\"twitter:card\" content=\"summary_large_image\" \/>\n<meta name=\"twitter:label1\" content=\"\u00c9crit par\" \/>\n\t<meta name=\"twitter:data1\" content=\"Jean Pierre BAWELA\" \/>\n\t<meta name=\"twitter:label2\" content=\"Dur\u00e9e de lecture estim\u00e9e\" \/>\n\t<meta name=\"twitter:data2\" content=\"3 minutes\" \/>\n<script type=\"application\/ld+json\" class=\"yoast-schema-graph\">{\"@context\":\"https:\\\/\\\/schema.org\",\"@graph\":[{\"@type\":\"Article\",\"@id\":\"https:\\\/\\\/macite.tg\\\/?p=5134#article\",\"isPartOf\":{\"@id\":\"https:\\\/\\\/macite.tg\\\/?p=5134\"},\"author\":{\"name\":\"Jean Pierre BAWELA\",\"@id\":\"https:\\\/\\\/macite.tg\\\/#\\\/schema\\\/person\\\/e9f2de7e5dbbe7770a9402c7ce82f5c2\"},\"headline\":\"FEMUA 2023\u00a0: Retour sur la c\u00e9r\u00e9monie d\u2019ouverture de l\u2019acte 15\",\"datePublished\":\"2023-04-29T16:26:41+00:00\",\"mainEntityOfPage\":{\"@id\":\"https:\\\/\\\/macite.tg\\\/?p=5134\"},\"wordCount\":531,\"commentCount\":0,\"image\":{\"@id\":\"https:\\\/\\\/macite.tg\\\/?p=5134#primaryimage\"},\"thumbnailUrl\":\"https:\\\/\\\/macite.tg\\\/wp-content\\\/uploads\\\/2023\\\/04\\\/FEMUA-15.jpg\",\"articleSection\":[\"CULTURE\"],\"inLanguage\":\"fr-FR\",\"potentialAction\":[{\"@type\":\"CommentAction\",\"name\":\"Comment\",\"target\":[\"https:\\\/\\\/macite.tg\\\/?p=5134#respond\"]}]},{\"@type\":\"WebPage\",\"@id\":\"https:\\\/\\\/macite.tg\\\/?p=5134\",\"url\":\"https:\\\/\\\/macite.tg\\\/?p=5134\",\"name\":\"FEMUA 2023\u00a0: Retour sur la c\u00e9r\u00e9monie d\u2019ouverture de l\u2019acte 15 -\",\"isPartOf\":{\"@id\":\"https:\\\/\\\/macite.tg\\\/#website\"},\"primaryImageOfPage\":{\"@id\":\"https:\\\/\\\/macite.tg\\\/?p=5134#primaryimage\"},\"image\":{\"@id\":\"https:\\\/\\\/macite.tg\\\/?p=5134#primaryimage\"},\"thumbnailUrl\":\"https:\\\/\\\/macite.tg\\\/wp-content\\\/uploads\\\/2023\\\/04\\\/FEMUA-15.jpg\",\"datePublished\":\"2023-04-29T16:26:41+00:00\",\"author\":{\"@id\":\"https:\\\/\\\/macite.tg\\\/#\\\/schema\\\/person\\\/e9f2de7e5dbbe7770a9402c7ce82f5c2\"},\"breadcrumb\":{\"@id\":\"https:\\\/\\\/macite.tg\\\/?p=5134#breadcrumb\"},\"inLanguage\":\"fr-FR\",\"potentialAction\":[{\"@type\":\"ReadAction\",\"target\":[\"https:\\\/\\\/macite.tg\\\/?p=5134\"]}]},{\"@type\":\"ImageObject\",\"inLanguage\":\"fr-FR\",\"@id\":\"https:\\\/\\\/macite.tg\\\/?p=5134#primaryimage\",\"url\":\"https:\\\/\\\/macite.tg\\\/wp-content\\\/uploads\\\/2023\\\/04\\\/FEMUA-15.jpg\",\"contentUrl\":\"https:\\\/\\\/macite.tg\\\/wp-content\\\/uploads\\\/2023\\\/04\\\/FEMUA-15.jpg\",\"width\":530,\"height\":243},{\"@type\":\"BreadcrumbList\",\"@id\":\"https:\\\/\\\/macite.tg\\\/?p=5134#breadcrumb\",\"itemListElement\":[{\"@type\":\"ListItem\",\"position\":1,\"name\":\"Accueil\",\"item\":\"https:\\\/\\\/macite.tg\\\/\"},{\"@type\":\"ListItem\",\"position\":2,\"name\":\"FEMUA 2023\u00a0: Retour sur la c\u00e9r\u00e9monie d\u2019ouverture de l\u2019acte 15\"}]},{\"@type\":\"WebSite\",\"@id\":\"https:\\\/\\\/macite.tg\\\/#website\",\"url\":\"https:\\\/\\\/macite.tg\\\/\",\"name\":\"\",\"description\":\"L&#039;information, la bonne!!!\",\"potentialAction\":[{\"@type\":\"SearchAction\",\"target\":{\"@type\":\"EntryPoint\",\"urlTemplate\":\"https:\\\/\\\/macite.tg\\\/?s={search_term_string}\"},\"query-input\":{\"@type\":\"PropertyValueSpecification\",\"valueRequired\":true,\"valueName\":\"search_term_string\"}}],\"inLanguage\":\"fr-FR\"},{\"@type\":\"Person\",\"@id\":\"https:\\\/\\\/macite.tg\\\/#\\\/schema\\\/person\\\/e9f2de7e5dbbe7770a9402c7ce82f5c2\",\"name\":\"Jean Pierre BAWELA\",\"image\":{\"@type\":\"ImageObject\",\"inLanguage\":\"fr-FR\",\"@id\":\"https:\\\/\\\/macite.tg\\\/wp-content\\\/uploads\\\/2023\\\/09\\\/WhatsApp-Image-2023-09-19-at-14.44.41-122x122.jpeg\",\"url\":\"https:\\\/\\\/macite.tg\\\/wp-content\\\/uploads\\\/2023\\\/09\\\/WhatsApp-Image-2023-09-19-at-14.44.41-122x122.jpeg\",\"contentUrl\":\"https:\\\/\\\/macite.tg\\\/wp-content\\\/uploads\\\/2023\\\/09\\\/WhatsApp-Image-2023-09-19-at-14.44.41-122x122.jpeg\",\"caption\":\"Jean Pierre BAWELA\"},\"url\":\"https:\\\/\\\/macite.tg\\\/?author=2\"}]}<\/script>\n<!-- \/ Yoast SEO plugin. -->","yoast_head_json":{"title":"FEMUA 2023\u00a0: Retour sur la c\u00e9r\u00e9monie d\u2019ouverture de l\u2019acte 15 -","robots":{"index":"index","follow":"follow","max-snippet":"max-snippet:-1","max-image-preview":"max-image-preview:large","max-video-preview":"max-video-preview:-1"},"canonical":"https:\/\/macite.tg\/?p=5134","og_locale":"fr_FR","og_type":"article","og_title":"FEMUA 2023\u00a0: Retour sur la c\u00e9r\u00e9monie d\u2019ouverture de l\u2019acte 15 -","og_description":"Anoumabo a accueilli, le mardi 25 avril 2023,la c\u00e9r\u00e9monie d\u2019ouverture officielle de la 15\u00e8me \u00e9dition du Festival des Musiques Urbaines d\u2019Anoumabo \u00ab&nbsp;FEMUA&nbsp;\u00bb. sur le THEME&nbsp;: \u00ab&nbsp;S\u00e9curit\u00e9 Alimentaire et Agriculture Durable. Pour le pr\u00e9sident du dit festival Salif Traore dit A\u2019salfo a souhait\u00e9 la bienvenue \u00e0 [&hellip;]","og_url":"https:\/\/macite.tg\/?p=5134","article_published_time":"2023-04-29T16:26:41+00:00","og_image":[{"width":530,"height":243,"url":"https:\/\/macite.tg\/wp-content\/uploads\/2023\/04\/FEMUA-15.jpg","type":"image\/jpeg"}],"author":"Jean Pierre BAWELA","twitter_card":"summary_large_image","twitter_misc":{"\u00c9crit par":"Jean Pierre BAWELA","Dur\u00e9e de lecture estim\u00e9e":"3 minutes"},"schema":{"@context":"https:\/\/schema.org","@graph":[{"@type":"Article","@id":"https:\/\/macite.tg\/?p=5134#article","isPartOf":{"@id":"https:\/\/macite.tg\/?p=5134"},"author":{"name":"Jean Pierre BAWELA","@id":"https:\/\/macite.tg\/#\/schema\/person\/e9f2de7e5dbbe7770a9402c7ce82f5c2"},"headline":"FEMUA 2023\u00a0: Retour sur la c\u00e9r\u00e9monie d\u2019ouverture de l\u2019acte 15","datePublished":"2023-04-29T16:26:41+00:00","mainEntityOfPage":{"@id":"https:\/\/macite.tg\/?p=5134"},"wordCount":531,"commentCount":0,"image":{"@id":"https:\/\/macite.tg\/?p=5134#primaryimage"},"thumbnailUrl":"https:\/\/macite.tg\/wp-content\/uploads\/2023\/04\/FEMUA-15.jpg","articleSection":["CULTURE"],"inLanguage":"fr-FR","potentialAction":[{"@type":"CommentAction","name":"Comment","target":["https:\/\/macite.tg\/?p=5134#respond"]}]},{"@type":"WebPage","@id":"https:\/\/macite.tg\/?p=5134","url":"https:\/\/macite.tg\/?p=5134","name":"FEMUA 2023\u00a0: Retour sur la c\u00e9r\u00e9monie d\u2019ouverture de l\u2019acte 15 -","isPartOf":{"@id":"https:\/\/macite.tg\/#website"},"primaryImageOfPage":{"@id":"https:\/\/macite.tg\/?p=5134#primaryimage"},"image":{"@id":"https:\/\/macite.tg\/?p=5134#primaryimage"},"thumbnailUrl":"https:\/\/macite.tg\/wp-content\/uploads\/2023\/04\/FEMUA-15.jpg","datePublished":"2023-04-29T16:26:41+00:00","author":{"@id":"https:\/\/macite.tg\/#\/schema\/person\/e9f2de7e5dbbe7770a9402c7ce82f5c2"},"breadcrumb":{"@id":"https:\/\/macite.tg\/?p=5134#breadcrumb"},"inLanguage":"fr-FR","potentialAction":[{"@type":"ReadAction","target":["https:\/\/macite.tg\/?p=5134"]}]},{"@type":"ImageObject","inLanguage":"fr-FR","@id":"https:\/\/macite.tg\/?p=5134#primaryimage","url":"https:\/\/macite.tg\/wp-content\/uploads\/2023\/04\/FEMUA-15.jpg","contentUrl":"https:\/\/macite.tg\/wp-content\/uploads\/2023\/04\/FEMUA-15.jpg","width":530,"height":243},{"@type":"BreadcrumbList","@id":"https:\/\/macite.tg\/?p=5134#breadcrumb","itemListElement":[{"@type":"ListItem","position":1,"name":"Accueil","item":"https:\/\/macite.tg\/"},{"@type":"ListItem","position":2,"name":"FEMUA 2023\u00a0: Retour sur la c\u00e9r\u00e9monie d\u2019ouverture de l\u2019acte 15"}]},{"@type":"WebSite","@id":"https:\/\/macite.tg\/#website","url":"https:\/\/macite.tg\/","name":"","description":"L&#039;information, la bonne!!!","potentialAction":[{"@type":"SearchAction","target":{"@type":"EntryPoint","urlTemplate":"https:\/\/macite.tg\/?s={search_term_string}"},"query-input":{"@type":"PropertyValueSpecification","valueRequired":true,"valueName":"search_term_string"}}],"inLanguage":"fr-FR"},{"@type":"Person","@id":"https:\/\/macite.tg\/#\/schema\/person\/e9f2de7e5dbbe7770a9402c7ce82f5c2","name":"Jean Pierre BAWELA","image":{"@type":"ImageObject","inLanguage":"fr-FR","@id":"https:\/\/macite.tg\/wp-content\/uploads\/2023\/09\/WhatsApp-Image-2023-09-19-at-14.44.41-122x122.jpeg","url":"https:\/\/macite.tg\/wp-content\/uploads\/2023\/09\/WhatsApp-Image-2023-09-19-at-14.44.41-122x122.jpeg","contentUrl":"https:\/\/macite.tg\/wp-content\/uploads\/2023\/09\/WhatsApp-Image-2023-09-19-at-14.44.41-122x122.jpeg","caption":"Jean Pierre BAWELA"},"url":"https:\/\/macite.tg\/?author=2"}]}},"_links":{"self":[{"href":"https:\/\/macite.tg\/index.php?rest_route=\/wp\/v2\/posts\/5134","targetHints":{"allow":["GET"]}}],"collection":[{"href":"https:\/\/macite.tg\/index.php?rest_route=\/wp\/v2\/posts"}],"about":[{"href":"https:\/\/macite.tg\/index.php?rest_route=\/wp\/v2\/types\/post"}],"author":[{"embeddable":true,"href":"https:\/\/macite.tg\/index.php?rest_route=\/wp\/v2\/users\/2"}],"replies":[{"embeddable":true,"href":"https:\/\/macite.tg\/index.php?rest_route=%2Fwp%2Fv2%2Fcomments&post=5134"}],"version-history":[{"count":0,"href":"https:\/\/macite.tg\/index.php?rest_route=\/wp\/v2\/posts\/5134\/revisions"}],"wp:featuredmedia":[{"embeddable":true,"href":"https:\/\/macite.tg\/index.php?rest_route=\/wp\/v2\/media\/5135"}],"wp:attachment":[{"href":"https:\/\/macite.tg\/index.php?rest_route=%2Fwp%2Fv2%2Fmedia&parent=5134"}],"wp:term":[{"taxonomy":"category","embeddable":true,"href":"https:\/\/macite.tg\/index.php?rest_route=%2Fwp%2Fv2%2Fcategories&post=5134"},{"taxonomy":"post_tag","embeddable":true,"href":"https:\/\/macite.tg\/index.php?rest_route=%2Fwp%2Fv2%2Ftags&post=5134"}],"curies":[{"name":"wp","href":"https:\/\/api.w.org\/{rel}","templated":true}]}}