{"id":5125,"date":"2023-04-29T16:06:09","date_gmt":"2023-04-29T16:06:09","guid":{"rendered":"https:\/\/macite.info\/?p=5125"},"modified":"2023-04-29T16:07:38","modified_gmt":"2023-04-29T16:07:38","slug":"5125","status":"publish","type":"post","link":"https:\/\/macite.tg\/?p=5125","title":{"rendered":"PR\u00c9SIDENTIELLE 2024 : Le dernier rapport de la France sur le S\u00e9n\u00e9gal enfin connu"},"content":{"rendered":"\n<p class=\"wp-block-paragraph\"><\/p>\n\n\n\n<p class=\"wp-block-paragraph\"><strong><em>La France exprime son inqui\u00e9tude quant \u00e0 l\u2019accroissement des tensions politiques au S\u00e9n\u00e9gal, \u00e0 quelques mois de la pr\u00e9sidentielle de 2024.<\/em><\/strong><\/p>\n\n\n\n<p class=\"wp-block-paragraph\">Le Quai d\u2019Orsay a r\u00e9pondu \u00e0 une lettre d\u2019un d\u00e9put\u00e9 en affirmant que la France suit \u00ab\u00a0avec attention\u00a0\u00bb l\u2019\u00e9volution de la situation politique s\u00e9n\u00e9galaise, \u00e9tant donn\u00e9 que la France est un partenaire et \u00ab\u00a0amie\u00a0\u00bb du <a href=\"https:\/\/www.senenews.com\/actualites\/cout-de-la-vie-la-place-regrettable-du-senegal-dans-le-classement-des-pays-africains_442482.html\">S\u00e9n\u00e9gal<\/a>. La France souhaite que la longue tradition d\u00e9mocratique et la stabilit\u00e9 du pays soient pr\u00e9serv\u00e9es et que le processus \u00e9lectoral soit apais\u00e9, inclusif, transparent et conforme aux standards internationaux.<\/p>\n\n\n\n<p class=\"wp-block-paragraph\">La France souligne toutefois qu\u2019elle n\u2019a pas l\u2019intention de s\u2019immiscer dans la vie politique s\u00e9n\u00e9galaise, mais qu\u2019elle entretient un dialogue r\u00e9gulier et confiant avec les autorit\u00e9s s\u00e9n\u00e9galaises et leur a fait part de son inqui\u00e9tude quant \u00e0 l\u2019accroissement des tensions \u00e0 l\u2019approche de l\u2019\u00e9lection de 2024. <\/p>\n\n\n<div class=\"wp-block-image\">\n<figure class=\"aligncenter size-large is-resized\"><img loading=\"lazy\" decoding=\"async\" src=\"https:\/\/macite.tg\/wp-content\/uploads\/2023\/04\/img_4261-559x1024.jpeg\" alt=\"\" class=\"wp-image-5128\" width=\"637\" height=\"1167\" srcset=\"https:\/\/macite.tg\/wp-content\/uploads\/2023\/04\/img_4261-559x1024.jpeg 559w, https:\/\/macite.tg\/wp-content\/uploads\/2023\/04\/img_4261-164x300.jpeg 164w, https:\/\/macite.tg\/wp-content\/uploads\/2023\/04\/img_4261-768x1406.jpeg 768w, https:\/\/macite.tg\/wp-content\/uploads\/2023\/04\/img_4261-839x1536.jpeg 839w, https:\/\/macite.tg\/wp-content\/uploads\/2023\/04\/img_4261.jpeg 979w\" sizes=\"auto, (max-width: 637px) 100vw, 637px\" \/><\/figure>\n<\/div>\n\n\n<p class=\"wp-block-paragraph\">La ministre des Affaires \u00e9trang\u00e8res de la France rappelle que la poursuite de cette situation serait pr\u00e9judiciable pour le S\u00e9n\u00e9gal, avec lequel la France entretient des relations riches et denses, notamment en faveur de la jeunesse qui est une priorit\u00e9 partag\u00e9e.<\/p>\n\n\n\n<p class=\"wp-block-paragraph\">La France maintient un dialogue r\u00e9gulier avec l\u2019ensemble des acteurs s\u00e9n\u00e9galais, notamment l\u2019opposition et la soci\u00e9t\u00e9 civile, et demeure attentive \u00e0 la pr\u00e9paration et au d\u00e9roulement du processus \u00e9lectoral. Elle rappelle que le pr\u00e9sident de la R\u00e9publique a r\u00e9cemment rappel\u00e9 lors de son discours sur le partenariat avec l\u2019Afrique que la France soutient la d\u00e9mocratie, les droits de l\u2019Homme et la libert\u00e9 d\u2019expression, non seulement en Afrique mais aussi dans le monde entier.<\/p>\n\n\n\n<p class=\"wp-block-paragraph\"><strong>SeneNews<\/strong><\/p>\n\n\n\n<p class=\"wp-block-paragraph\"><strong><em>@macite.info<\/em><\/strong><\/p>\n\n\n\n<p class=\"wp-block-paragraph\"><strong><em>E-mail&nbsp;: <\/em><\/strong><a href=\"mailto:maciteinfo@gmail.com\"><strong><em>maciteinfo@gmail.com<\/em><\/strong><\/a><strong><em>; <\/em><\/strong><a href=\"mailto:bawela1@gmail.com\"><strong><em>bawela1@gmail.com<\/em><\/strong><\/a><strong><em><\/em><\/strong><\/p>\n\n\n\n<p class=\"wp-block-paragraph\"><strong><em>Pour vos annonces, (publi)reportages, etc., joignez nous au (00228)91515309\/<strong>79872224 <\/strong><\/em><\/strong><a href=\"http:\/\/www.macite.info\"><strong><em>www.macite.info<\/em><\/strong><\/a><strong><em>, L\u2019information, la bonne&nbsp;!<\/em><\/strong><\/p>\n","protected":false},"excerpt":{"rendered":"<p class=\"text-justify mb-2\" >La France exprime son inqui\u00e9tude quant \u00e0 l\u2019accroissement des tensions politiques au S\u00e9n\u00e9gal, \u00e0 quelques mois de la pr\u00e9sidentielle de 2024. Le Quai d\u2019Orsay a r\u00e9pondu \u00e0 une lettre d\u2019un d\u00e9put\u00e9 en affirmant que la France suit \u00ab\u00a0avec attention\u00a0\u00bb l\u2019\u00e9volution de la situation politique s\u00e9n\u00e9galaise, [&hellip;]<\/p>\n","protected":false},"author":2,"featured_media":5129,"comment_status":"open","ping_status":"open","sticky":false,"template":"","format":"standard","meta":{"footnotes":""},"categories":[1],"tags":[],"class_list":["post-5125","post","type-post","status-publish","format-standard","has-post-thumbnail","hentry","category-politique"],"yoast_head":"<!-- This site is optimized with the Yoast SEO plugin v28.4 - https:\/\/yoast.com\/product\/yoast-seo-wordpress\/ -->\n<title>PR\u00c9SIDENTIELLE 2024 : Le dernier rapport de la France sur le S\u00e9n\u00e9gal enfin connu -<\/title>\n<meta name=\"robots\" content=\"index, follow, max-snippet:-1, max-image-preview:large, max-video-preview:-1\" \/>\n<link rel=\"canonical\" href=\"https:\/\/macite.tg\/?p=5125\" \/>\n<meta property=\"og:locale\" content=\"fr_FR\" \/>\n<meta property=\"og:type\" content=\"article\" \/>\n<meta property=\"og:title\" content=\"PR\u00c9SIDENTIELLE 2024 : Le dernier rapport de la France sur le S\u00e9n\u00e9gal enfin connu -\" \/>\n<meta property=\"og:description\" content=\"La France exprime son inqui\u00e9tude quant \u00e0 l\u2019accroissement des tensions politiques au S\u00e9n\u00e9gal, \u00e0 quelques mois de la pr\u00e9sidentielle de 2024. Le Quai d\u2019Orsay a r\u00e9pondu \u00e0 une lettre d\u2019un d\u00e9put\u00e9 en affirmant que la France suit \u00ab\u00a0avec attention\u00a0\u00bb l\u2019\u00e9volution de la situation politique s\u00e9n\u00e9galaise, [&hellip;]\" \/>\n<meta property=\"og:url\" content=\"https:\/\/macite.tg\/?p=5125\" \/>\n<meta property=\"article:published_time\" content=\"2023-04-29T16:06:09+00:00\" \/>\n<meta property=\"article:modified_time\" content=\"2023-04-29T16:07:38+00:00\" \/>\n<meta property=\"og:image\" content=\"https:\/\/macite.tg\/wp-content\/uploads\/2023\/04\/macky-sall-et-macron-en-france-2-e1598364283583-696x441-1.jpg\" \/>\n\t<meta property=\"og:image:width\" content=\"696\" \/>\n\t<meta property=\"og:image:height\" content=\"441\" \/>\n\t<meta property=\"og:image:type\" content=\"image\/jpeg\" \/>\n<meta name=\"author\" content=\"Jean Pierre BAWELA\" \/>\n<meta name=\"twitter:card\" content=\"summary_large_image\" \/>\n<meta name=\"twitter:label1\" content=\"\u00c9crit par\" \/>\n\t<meta name=\"twitter:data1\" content=\"Jean Pierre BAWELA\" \/>\n\t<meta name=\"twitter:label2\" content=\"Dur\u00e9e de lecture estim\u00e9e\" \/>\n\t<meta name=\"twitter:data2\" content=\"2 minutes\" \/>\n<script type=\"application\/ld+json\" class=\"yoast-schema-graph\">{\"@context\":\"https:\\\/\\\/schema.org\",\"@graph\":[{\"@type\":\"Article\",\"@id\":\"https:\\\/\\\/macite.tg\\\/?p=5125#article\",\"isPartOf\":{\"@id\":\"https:\\\/\\\/macite.tg\\\/?p=5125\"},\"author\":{\"name\":\"Jean Pierre BAWELA\",\"@id\":\"https:\\\/\\\/macite.tg\\\/#\\\/schema\\\/person\\\/e9f2de7e5dbbe7770a9402c7ce82f5c2\"},\"headline\":\"PR\u00c9SIDENTIELLE 2024 : Le dernier rapport de la France sur le S\u00e9n\u00e9gal enfin connu\",\"datePublished\":\"2023-04-29T16:06:09+00:00\",\"dateModified\":\"2023-04-29T16:07:38+00:00\",\"mainEntityOfPage\":{\"@id\":\"https:\\\/\\\/macite.tg\\\/?p=5125\"},\"wordCount\":333,\"commentCount\":0,\"image\":{\"@id\":\"https:\\\/\\\/macite.tg\\\/?p=5125#primaryimage\"},\"thumbnailUrl\":\"https:\\\/\\\/macite.tg\\\/wp-content\\\/uploads\\\/2023\\\/04\\\/macky-sall-et-macron-en-france-2-e1598364283583-696x441-1.jpg\",\"articleSection\":[\"POLITIQUE\"],\"inLanguage\":\"fr-FR\",\"potentialAction\":[{\"@type\":\"CommentAction\",\"name\":\"Comment\",\"target\":[\"https:\\\/\\\/macite.tg\\\/?p=5125#respond\"]}]},{\"@type\":\"WebPage\",\"@id\":\"https:\\\/\\\/macite.tg\\\/?p=5125\",\"url\":\"https:\\\/\\\/macite.tg\\\/?p=5125\",\"name\":\"PR\u00c9SIDENTIELLE 2024 : Le dernier rapport de la France sur le S\u00e9n\u00e9gal enfin connu -\",\"isPartOf\":{\"@id\":\"https:\\\/\\\/macite.tg\\\/#website\"},\"primaryImageOfPage\":{\"@id\":\"https:\\\/\\\/macite.tg\\\/?p=5125#primaryimage\"},\"image\":{\"@id\":\"https:\\\/\\\/macite.tg\\\/?p=5125#primaryimage\"},\"thumbnailUrl\":\"https:\\\/\\\/macite.tg\\\/wp-content\\\/uploads\\\/2023\\\/04\\\/macky-sall-et-macron-en-france-2-e1598364283583-696x441-1.jpg\",\"datePublished\":\"2023-04-29T16:06:09+00:00\",\"dateModified\":\"2023-04-29T16:07:38+00:00\",\"author\":{\"@id\":\"https:\\\/\\\/macite.tg\\\/#\\\/schema\\\/person\\\/e9f2de7e5dbbe7770a9402c7ce82f5c2\"},\"breadcrumb\":{\"@id\":\"https:\\\/\\\/macite.tg\\\/?p=5125#breadcrumb\"},\"inLanguage\":\"fr-FR\",\"potentialAction\":[{\"@type\":\"ReadAction\",\"target\":[\"https:\\\/\\\/macite.tg\\\/?p=5125\"]}]},{\"@type\":\"ImageObject\",\"inLanguage\":\"fr-FR\",\"@id\":\"https:\\\/\\\/macite.tg\\\/?p=5125#primaryimage\",\"url\":\"https:\\\/\\\/macite.tg\\\/wp-content\\\/uploads\\\/2023\\\/04\\\/macky-sall-et-macron-en-france-2-e1598364283583-696x441-1.jpg\",\"contentUrl\":\"https:\\\/\\\/macite.tg\\\/wp-content\\\/uploads\\\/2023\\\/04\\\/macky-sall-et-macron-en-france-2-e1598364283583-696x441-1.jpg\",\"width\":696,\"height\":441},{\"@type\":\"BreadcrumbList\",\"@id\":\"https:\\\/\\\/macite.tg\\\/?p=5125#breadcrumb\",\"itemListElement\":[{\"@type\":\"ListItem\",\"position\":1,\"name\":\"Accueil\",\"item\":\"https:\\\/\\\/macite.tg\\\/\"},{\"@type\":\"ListItem\",\"position\":2,\"name\":\"PR\u00c9SIDENTIELLE 2024 : Le dernier rapport de la France sur le S\u00e9n\u00e9gal enfin connu\"}]},{\"@type\":\"WebSite\",\"@id\":\"https:\\\/\\\/macite.tg\\\/#website\",\"url\":\"https:\\\/\\\/macite.tg\\\/\",\"name\":\"\",\"description\":\"L&#039;information, la bonne!!!\",\"potentialAction\":[{\"@type\":\"SearchAction\",\"target\":{\"@type\":\"EntryPoint\",\"urlTemplate\":\"https:\\\/\\\/macite.tg\\\/?s={search_term_string}\"},\"query-input\":{\"@type\":\"PropertyValueSpecification\",\"valueRequired\":true,\"valueName\":\"search_term_string\"}}],\"inLanguage\":\"fr-FR\"},{\"@type\":\"Person\",\"@id\":\"https:\\\/\\\/macite.tg\\\/#\\\/schema\\\/person\\\/e9f2de7e5dbbe7770a9402c7ce82f5c2\",\"name\":\"Jean Pierre BAWELA\",\"image\":{\"@type\":\"ImageObject\",\"inLanguage\":\"fr-FR\",\"@id\":\"https:\\\/\\\/macite.tg\\\/wp-content\\\/uploads\\\/2023\\\/09\\\/WhatsApp-Image-2023-09-19-at-14.44.41-122x122.jpeg\",\"url\":\"https:\\\/\\\/macite.tg\\\/wp-content\\\/uploads\\\/2023\\\/09\\\/WhatsApp-Image-2023-09-19-at-14.44.41-122x122.jpeg\",\"contentUrl\":\"https:\\\/\\\/macite.tg\\\/wp-content\\\/uploads\\\/2023\\\/09\\\/WhatsApp-Image-2023-09-19-at-14.44.41-122x122.jpeg\",\"caption\":\"Jean Pierre BAWELA\"},\"url\":\"https:\\\/\\\/macite.tg\\\/?author=2\"}]}<\/script>\n<!-- \/ Yoast SEO plugin. -->","yoast_head_json":{"title":"PR\u00c9SIDENTIELLE 2024 : Le dernier rapport de la France sur le S\u00e9n\u00e9gal enfin connu -","robots":{"index":"index","follow":"follow","max-snippet":"max-snippet:-1","max-image-preview":"max-image-preview:large","max-video-preview":"max-video-preview:-1"},"canonical":"https:\/\/macite.tg\/?p=5125","og_locale":"fr_FR","og_type":"article","og_title":"PR\u00c9SIDENTIELLE 2024 : Le dernier rapport de la France sur le S\u00e9n\u00e9gal enfin connu -","og_description":"La France exprime son inqui\u00e9tude quant \u00e0 l\u2019accroissement des tensions politiques au S\u00e9n\u00e9gal, \u00e0 quelques mois de la pr\u00e9sidentielle de 2024. Le Quai d\u2019Orsay a r\u00e9pondu \u00e0 une lettre d\u2019un d\u00e9put\u00e9 en affirmant que la France suit \u00ab\u00a0avec attention\u00a0\u00bb l\u2019\u00e9volution de la situation politique s\u00e9n\u00e9galaise, [&hellip;]","og_url":"https:\/\/macite.tg\/?p=5125","article_published_time":"2023-04-29T16:06:09+00:00","article_modified_time":"2023-04-29T16:07:38+00:00","og_image":[{"width":696,"height":441,"url":"https:\/\/macite.tg\/wp-content\/uploads\/2023\/04\/macky-sall-et-macron-en-france-2-e1598364283583-696x441-1.jpg","type":"image\/jpeg"}],"author":"Jean Pierre BAWELA","twitter_card":"summary_large_image","twitter_misc":{"\u00c9crit par":"Jean Pierre BAWELA","Dur\u00e9e de lecture estim\u00e9e":"2 minutes"},"schema":{"@context":"https:\/\/schema.org","@graph":[{"@type":"Article","@id":"https:\/\/macite.tg\/?p=5125#article","isPartOf":{"@id":"https:\/\/macite.tg\/?p=5125"},"author":{"name":"Jean Pierre BAWELA","@id":"https:\/\/macite.tg\/#\/schema\/person\/e9f2de7e5dbbe7770a9402c7ce82f5c2"},"headline":"PR\u00c9SIDENTIELLE 2024 : Le dernier rapport de la France sur le S\u00e9n\u00e9gal enfin connu","datePublished":"2023-04-29T16:06:09+00:00","dateModified":"2023-04-29T16:07:38+00:00","mainEntityOfPage":{"@id":"https:\/\/macite.tg\/?p=5125"},"wordCount":333,"commentCount":0,"image":{"@id":"https:\/\/macite.tg\/?p=5125#primaryimage"},"thumbnailUrl":"https:\/\/macite.tg\/wp-content\/uploads\/2023\/04\/macky-sall-et-macron-en-france-2-e1598364283583-696x441-1.jpg","articleSection":["POLITIQUE"],"inLanguage":"fr-FR","potentialAction":[{"@type":"CommentAction","name":"Comment","target":["https:\/\/macite.tg\/?p=5125#respond"]}]},{"@type":"WebPage","@id":"https:\/\/macite.tg\/?p=5125","url":"https:\/\/macite.tg\/?p=5125","name":"PR\u00c9SIDENTIELLE 2024 : Le dernier rapport de la France sur le S\u00e9n\u00e9gal enfin connu -","isPartOf":{"@id":"https:\/\/macite.tg\/#website"},"primaryImageOfPage":{"@id":"https:\/\/macite.tg\/?p=5125#primaryimage"},"image":{"@id":"https:\/\/macite.tg\/?p=5125#primaryimage"},"thumbnailUrl":"https:\/\/macite.tg\/wp-content\/uploads\/2023\/04\/macky-sall-et-macron-en-france-2-e1598364283583-696x441-1.jpg","datePublished":"2023-04-29T16:06:09+00:00","dateModified":"2023-04-29T16:07:38+00:00","author":{"@id":"https:\/\/macite.tg\/#\/schema\/person\/e9f2de7e5dbbe7770a9402c7ce82f5c2"},"breadcrumb":{"@id":"https:\/\/macite.tg\/?p=5125#breadcrumb"},"inLanguage":"fr-FR","potentialAction":[{"@type":"ReadAction","target":["https:\/\/macite.tg\/?p=5125"]}]},{"@type":"ImageObject","inLanguage":"fr-FR","@id":"https:\/\/macite.tg\/?p=5125#primaryimage","url":"https:\/\/macite.tg\/wp-content\/uploads\/2023\/04\/macky-sall-et-macron-en-france-2-e1598364283583-696x441-1.jpg","contentUrl":"https:\/\/macite.tg\/wp-content\/uploads\/2023\/04\/macky-sall-et-macron-en-france-2-e1598364283583-696x441-1.jpg","width":696,"height":441},{"@type":"BreadcrumbList","@id":"https:\/\/macite.tg\/?p=5125#breadcrumb","itemListElement":[{"@type":"ListItem","position":1,"name":"Accueil","item":"https:\/\/macite.tg\/"},{"@type":"ListItem","position":2,"name":"PR\u00c9SIDENTIELLE 2024 : Le dernier rapport de la France sur le S\u00e9n\u00e9gal enfin connu"}]},{"@type":"WebSite","@id":"https:\/\/macite.tg\/#website","url":"https:\/\/macite.tg\/","name":"","description":"L&#039;information, la bonne!!!","potentialAction":[{"@type":"SearchAction","target":{"@type":"EntryPoint","urlTemplate":"https:\/\/macite.tg\/?s={search_term_string}"},"query-input":{"@type":"PropertyValueSpecification","valueRequired":true,"valueName":"search_term_string"}}],"inLanguage":"fr-FR"},{"@type":"Person","@id":"https:\/\/macite.tg\/#\/schema\/person\/e9f2de7e5dbbe7770a9402c7ce82f5c2","name":"Jean Pierre BAWELA","image":{"@type":"ImageObject","inLanguage":"fr-FR","@id":"https:\/\/macite.tg\/wp-content\/uploads\/2023\/09\/WhatsApp-Image-2023-09-19-at-14.44.41-122x122.jpeg","url":"https:\/\/macite.tg\/wp-content\/uploads\/2023\/09\/WhatsApp-Image-2023-09-19-at-14.44.41-122x122.jpeg","contentUrl":"https:\/\/macite.tg\/wp-content\/uploads\/2023\/09\/WhatsApp-Image-2023-09-19-at-14.44.41-122x122.jpeg","caption":"Jean Pierre BAWELA"},"url":"https:\/\/macite.tg\/?author=2"}]}},"_links":{"self":[{"href":"https:\/\/macite.tg\/index.php?rest_route=\/wp\/v2\/posts\/5125","targetHints":{"allow":["GET"]}}],"collection":[{"href":"https:\/\/macite.tg\/index.php?rest_route=\/wp\/v2\/posts"}],"about":[{"href":"https:\/\/macite.tg\/index.php?rest_route=\/wp\/v2\/types\/post"}],"author":[{"embeddable":true,"href":"https:\/\/macite.tg\/index.php?rest_route=\/wp\/v2\/users\/2"}],"replies":[{"embeddable":true,"href":"https:\/\/macite.tg\/index.php?rest_route=%2Fwp%2Fv2%2Fcomments&post=5125"}],"version-history":[{"count":0,"href":"https:\/\/macite.tg\/index.php?rest_route=\/wp\/v2\/posts\/5125\/revisions"}],"wp:featuredmedia":[{"embeddable":true,"href":"https:\/\/macite.tg\/index.php?rest_route=\/wp\/v2\/media\/5129"}],"wp:attachment":[{"href":"https:\/\/macite.tg\/index.php?rest_route=%2Fwp%2Fv2%2Fmedia&parent=5125"}],"wp:term":[{"taxonomy":"category","embeddable":true,"href":"https:\/\/macite.tg\/index.php?rest_route=%2Fwp%2Fv2%2Fcategories&post=5125"},{"taxonomy":"post_tag","embeddable":true,"href":"https:\/\/macite.tg\/index.php?rest_route=%2Fwp%2Fv2%2Ftags&post=5125"}],"curies":[{"name":"wp","href":"https:\/\/api.w.org\/{rel}","templated":true}]}}