{"id":5118,"date":"2023-04-29T15:54:56","date_gmt":"2023-04-29T15:54:56","guid":{"rendered":"https:\/\/macite.info\/?p=5118"},"modified":"2023-04-29T15:58:18","modified_gmt":"2023-04-29T15:58:18","slug":"5118","status":"publish","type":"post","link":"https:\/\/macite.tg\/?p=5118","title":{"rendered":"MERCATO \/ BAYERN MUNICH\u00a0: Voici la clause lib\u00e9ratoire de Sadio Man\u00e9"},"content":{"rendered":"\n<p class=\"wp-block-paragraph\"><\/p>\n\n\n\n<p class=\"wp-block-paragraph\"><strong><em>Sadio Man\u00e9, pouss\u00e9 vers la sortie du c\u00f4t\u00e9 du Bayern Munich, pourrait \u00eatre une option pour le PSG. Luis Campos conna\u00eet le prix \u00e0 payer. Apr\u00e8s sa bagarre avec Leroy San\u00e9 lors du quart de finale aller de la Ligue des Champions contre Manchester City et la lourde sanction financi\u00e8re qui s\u2019en est suivie, l\u2019international s\u00e9n\u00e9galais ne semble plus \u00eatre le bienvenu dans le vestiaire du Bayern Munich, selon Sky Deutschland.<\/em><\/strong><\/p>\n\n\n\n<p class=\"wp-block-paragraph\">Un an seulement apr\u00e8s son arriv\u00e9e en provenance de Liverpool pour 32 millions d\u2019euros, Sadio Man\u00e9 pourrait d\u00e9j\u00e0 faire ses valises lors du prochain mercato estival. Une tendance confirm\u00e9e en Espagne par OK Diario, qui assure que l\u2019ailier de 31 ans serait disponible sur le march\u00e9 des transferts cet \u00e9t\u00e9. Conscient de la situation, l\u2019entourage de l\u2019ancien partenaire de Mohamed Salah serait d\u00e9j\u00e0 en train de sonder certains clubs afin de lui trouver un nouveau point de chute pour la saison prochaine.<\/p>\n\n\n<div class=\"wp-block-image\">\n<figure class=\"aligncenter size-full is-resized\"><img loading=\"lazy\" decoding=\"async\" src=\"https:\/\/macite.tg\/wp-content\/uploads\/2023\/04\/OTR_AVIS.jpg\" alt=\"\" class=\"wp-image-5062\" width=\"640\" height=\"900\" srcset=\"https:\/\/macite.tg\/wp-content\/uploads\/2023\/04\/OTR_AVIS.jpg 720w, https:\/\/macite.tg\/wp-content\/uploads\/2023\/04\/OTR_AVIS-213x300.jpg 213w\" sizes=\"auto, (max-width: 640px) 100vw, 640px\" \/><\/figure>\n<\/div>\n\n\n<p class=\"wp-block-paragraph\">D\u2019apr\u00e8s la source ib\u00e9rique, outre le Bar\u00e7a, Sadio Man\u00e9 aurait \u00e9galement \u00e9t\u00e9 propos\u00e9 au Paris SG, qui a fait du recrutement d\u2019un attaquant sa priorit\u00e9 estivale. Et le double Ballon d\u2019Or africain (2019, 2022) serait m\u00eame disponible pour une poign\u00e9e de main. Quoique g\u00ean\u00e9 par une blessure qui l\u2019a tenu hors des terrains pendant plusieurs mois, Sadio Man\u00e9 ne semble pas vraiment \u00e0 son aise au Bayern Munich.<\/p>\n\n\n\n<p class=\"wp-block-paragraph\">Positionn\u00e9 dans un r\u00f4le de num\u00e9ro 9, qu\u2019il n\u2019affectionne pas particuli\u00e8rement, <a href=\"https:\/\/www.senenews.com\/actualites\/je-reste-persuade-kolo-toure-se-prononce-sur-un-retour-probable-de-sadio-mane-a-liverpool_443080.html\">Sadio Man\u00e9<\/a> ne serait pas contre un changement d\u2019air la saison prochaine. En priorit\u00e9, le champion d\u2019Afrique 2022 aimerait revenir en Premier League. Mais d\u2019autres destinations comme le Paris Saint-Germain, l\u2019Olympique de Marseille et le FC Barcelone pourraient \u00e9galement lui convenir. Pas forc\u00e9ment oppos\u00e9 au d\u00e9part de Sadio Man\u00e9, le Bayern Munich pourrait se contenter d\u2019une enveloppe de 20 millions d\u2019euros pour le laisser partir. Le PSG est donc pr\u00e9venu.<\/p>\n\n\n\n<p class=\"wp-block-paragraph\"><strong>SeneNews<\/strong><\/p>\n\n\n\n<p class=\"wp-block-paragraph\"><strong><em>@macite.info<\/em><\/strong><\/p>\n\n\n\n<p class=\"wp-block-paragraph\"><strong><em>E-mail&nbsp;: <\/em><\/strong><a href=\"mailto:maciteinfo@gmail.com\"><strong><em>maciteinfo@gmail.com<\/em><\/strong><\/a><strong><em>; <\/em><\/strong><a href=\"mailto:bawela1@gmail.com\"><strong><em>bawela1@gmail.com<\/em><\/strong><\/a><\/p>\n\n\n\n<p class=\"wp-block-paragraph\"><strong><em>Pour vos annonces, (publi)reportages, etc., joignez nous au (00228)91515309\/<strong>79872224 <\/strong><\/em><\/strong><a href=\"http:\/\/www.macite.info\"><strong><em>www.macite.info<\/em><\/strong><\/a><strong><em>, L\u2019information, la bonne&nbsp;!<\/em><\/strong><\/p>\n","protected":false},"excerpt":{"rendered":"<p class=\"text-justify mb-2\" >Sadio Man\u00e9, pouss\u00e9 vers la sortie du c\u00f4t\u00e9 du Bayern Munich, pourrait \u00eatre une option pour le PSG. Luis Campos conna\u00eet le prix \u00e0 payer. Apr\u00e8s sa bagarre avec Leroy San\u00e9 lors du quart de finale aller de la Ligue des Champions contre Manchester City [&hellip;]<\/p>\n","protected":false},"author":2,"featured_media":5126,"comment_status":"open","ping_status":"open","sticky":false,"template":"","format":"standard","meta":{"footnotes":""},"categories":[7],"tags":[],"class_list":["post-5118","post","type-post","status-publish","format-standard","has-post-thumbnail","hentry","category-sports"],"yoast_head":"<!-- This site is optimized with the Yoast SEO plugin v28.4 - https:\/\/yoast.com\/product\/yoast-seo-wordpress\/ -->\n<title>MERCATO \/ BAYERN MUNICH\u00a0: Voici la clause lib\u00e9ratoire de Sadio Man\u00e9 -<\/title>\n<meta name=\"robots\" content=\"index, follow, max-snippet:-1, max-image-preview:large, max-video-preview:-1\" \/>\n<link rel=\"canonical\" href=\"https:\/\/macite.tg\/?p=5118\" \/>\n<meta property=\"og:locale\" content=\"fr_FR\" \/>\n<meta property=\"og:type\" content=\"article\" \/>\n<meta property=\"og:title\" content=\"MERCATO \/ BAYERN MUNICH\u00a0: Voici la clause lib\u00e9ratoire de Sadio Man\u00e9 -\" \/>\n<meta property=\"og:description\" content=\"Sadio Man\u00e9, pouss\u00e9 vers la sortie du c\u00f4t\u00e9 du Bayern Munich, pourrait \u00eatre une option pour le PSG. Luis Campos conna\u00eet le prix \u00e0 payer. Apr\u00e8s sa bagarre avec Leroy San\u00e9 lors du quart de finale aller de la Ligue des Champions contre Manchester City [&hellip;]\" \/>\n<meta property=\"og:url\" content=\"https:\/\/macite.tg\/?p=5118\" \/>\n<meta property=\"article:published_time\" content=\"2023-04-29T15:54:56+00:00\" \/>\n<meta property=\"article:modified_time\" content=\"2023-04-29T15:58:18+00:00\" \/>\n<meta property=\"og:image\" content=\"https:\/\/macite.tg\/wp-content\/uploads\/2023\/04\/ligue-des-champions-sadio-mane-atout-surprise-du-bayern-munich.jpg\" \/>\n\t<meta property=\"og:image:width\" content=\"664\" \/>\n\t<meta property=\"og:image:height\" content=\"372\" \/>\n\t<meta property=\"og:image:type\" content=\"image\/jpeg\" \/>\n<meta name=\"author\" content=\"Jean Pierre BAWELA\" \/>\n<meta name=\"twitter:card\" content=\"summary_large_image\" \/>\n<meta name=\"twitter:label1\" content=\"\u00c9crit par\" \/>\n\t<meta name=\"twitter:data1\" content=\"Jean Pierre BAWELA\" \/>\n\t<meta name=\"twitter:label2\" content=\"Dur\u00e9e de lecture estim\u00e9e\" \/>\n\t<meta name=\"twitter:data2\" content=\"2 minutes\" \/>\n<script type=\"application\/ld+json\" class=\"yoast-schema-graph\">{\"@context\":\"https:\\\/\\\/schema.org\",\"@graph\":[{\"@type\":\"Article\",\"@id\":\"https:\\\/\\\/macite.tg\\\/?p=5118#article\",\"isPartOf\":{\"@id\":\"https:\\\/\\\/macite.tg\\\/?p=5118\"},\"author\":{\"name\":\"Jean Pierre BAWELA\",\"@id\":\"https:\\\/\\\/macite.tg\\\/#\\\/schema\\\/person\\\/e9f2de7e5dbbe7770a9402c7ce82f5c2\"},\"headline\":\"MERCATO \\\/ BAYERN MUNICH\u00a0: Voici la clause lib\u00e9ratoire de Sadio Man\u00e9\",\"datePublished\":\"2023-04-29T15:54:56+00:00\",\"dateModified\":\"2023-04-29T15:58:18+00:00\",\"mainEntityOfPage\":{\"@id\":\"https:\\\/\\\/macite.tg\\\/?p=5118\"},\"wordCount\":373,\"commentCount\":0,\"image\":{\"@id\":\"https:\\\/\\\/macite.tg\\\/?p=5118#primaryimage\"},\"thumbnailUrl\":\"https:\\\/\\\/macite.tg\\\/wp-content\\\/uploads\\\/2023\\\/04\\\/ligue-des-champions-sadio-mane-atout-surprise-du-bayern-munich.jpg\",\"articleSection\":[\"SPORTS\"],\"inLanguage\":\"fr-FR\",\"potentialAction\":[{\"@type\":\"CommentAction\",\"name\":\"Comment\",\"target\":[\"https:\\\/\\\/macite.tg\\\/?p=5118#respond\"]}]},{\"@type\":\"WebPage\",\"@id\":\"https:\\\/\\\/macite.tg\\\/?p=5118\",\"url\":\"https:\\\/\\\/macite.tg\\\/?p=5118\",\"name\":\"MERCATO \\\/ BAYERN MUNICH\u00a0: Voici la clause lib\u00e9ratoire de Sadio Man\u00e9 -\",\"isPartOf\":{\"@id\":\"https:\\\/\\\/macite.tg\\\/#website\"},\"primaryImageOfPage\":{\"@id\":\"https:\\\/\\\/macite.tg\\\/?p=5118#primaryimage\"},\"image\":{\"@id\":\"https:\\\/\\\/macite.tg\\\/?p=5118#primaryimage\"},\"thumbnailUrl\":\"https:\\\/\\\/macite.tg\\\/wp-content\\\/uploads\\\/2023\\\/04\\\/ligue-des-champions-sadio-mane-atout-surprise-du-bayern-munich.jpg\",\"datePublished\":\"2023-04-29T15:54:56+00:00\",\"dateModified\":\"2023-04-29T15:58:18+00:00\",\"author\":{\"@id\":\"https:\\\/\\\/macite.tg\\\/#\\\/schema\\\/person\\\/e9f2de7e5dbbe7770a9402c7ce82f5c2\"},\"breadcrumb\":{\"@id\":\"https:\\\/\\\/macite.tg\\\/?p=5118#breadcrumb\"},\"inLanguage\":\"fr-FR\",\"potentialAction\":[{\"@type\":\"ReadAction\",\"target\":[\"https:\\\/\\\/macite.tg\\\/?p=5118\"]}]},{\"@type\":\"ImageObject\",\"inLanguage\":\"fr-FR\",\"@id\":\"https:\\\/\\\/macite.tg\\\/?p=5118#primaryimage\",\"url\":\"https:\\\/\\\/macite.tg\\\/wp-content\\\/uploads\\\/2023\\\/04\\\/ligue-des-champions-sadio-mane-atout-surprise-du-bayern-munich.jpg\",\"contentUrl\":\"https:\\\/\\\/macite.tg\\\/wp-content\\\/uploads\\\/2023\\\/04\\\/ligue-des-champions-sadio-mane-atout-surprise-du-bayern-munich.jpg\",\"width\":664,\"height\":372},{\"@type\":\"BreadcrumbList\",\"@id\":\"https:\\\/\\\/macite.tg\\\/?p=5118#breadcrumb\",\"itemListElement\":[{\"@type\":\"ListItem\",\"position\":1,\"name\":\"Accueil\",\"item\":\"https:\\\/\\\/macite.tg\\\/\"},{\"@type\":\"ListItem\",\"position\":2,\"name\":\"MERCATO \\\/ BAYERN MUNICH\u00a0: Voici la clause lib\u00e9ratoire de Sadio Man\u00e9\"}]},{\"@type\":\"WebSite\",\"@id\":\"https:\\\/\\\/macite.tg\\\/#website\",\"url\":\"https:\\\/\\\/macite.tg\\\/\",\"name\":\"\",\"description\":\"L&#039;information, la bonne!!!\",\"potentialAction\":[{\"@type\":\"SearchAction\",\"target\":{\"@type\":\"EntryPoint\",\"urlTemplate\":\"https:\\\/\\\/macite.tg\\\/?s={search_term_string}\"},\"query-input\":{\"@type\":\"PropertyValueSpecification\",\"valueRequired\":true,\"valueName\":\"search_term_string\"}}],\"inLanguage\":\"fr-FR\"},{\"@type\":\"Person\",\"@id\":\"https:\\\/\\\/macite.tg\\\/#\\\/schema\\\/person\\\/e9f2de7e5dbbe7770a9402c7ce82f5c2\",\"name\":\"Jean Pierre BAWELA\",\"image\":{\"@type\":\"ImageObject\",\"inLanguage\":\"fr-FR\",\"@id\":\"https:\\\/\\\/macite.tg\\\/wp-content\\\/uploads\\\/2023\\\/09\\\/WhatsApp-Image-2023-09-19-at-14.44.41-122x122.jpeg\",\"url\":\"https:\\\/\\\/macite.tg\\\/wp-content\\\/uploads\\\/2023\\\/09\\\/WhatsApp-Image-2023-09-19-at-14.44.41-122x122.jpeg\",\"contentUrl\":\"https:\\\/\\\/macite.tg\\\/wp-content\\\/uploads\\\/2023\\\/09\\\/WhatsApp-Image-2023-09-19-at-14.44.41-122x122.jpeg\",\"caption\":\"Jean Pierre BAWELA\"},\"url\":\"https:\\\/\\\/macite.tg\\\/?author=2\"}]}<\/script>\n<!-- \/ Yoast SEO plugin. -->","yoast_head_json":{"title":"MERCATO \/ BAYERN MUNICH\u00a0: Voici la clause lib\u00e9ratoire de Sadio Man\u00e9 -","robots":{"index":"index","follow":"follow","max-snippet":"max-snippet:-1","max-image-preview":"max-image-preview:large","max-video-preview":"max-video-preview:-1"},"canonical":"https:\/\/macite.tg\/?p=5118","og_locale":"fr_FR","og_type":"article","og_title":"MERCATO \/ BAYERN MUNICH\u00a0: Voici la clause lib\u00e9ratoire de Sadio Man\u00e9 -","og_description":"Sadio Man\u00e9, pouss\u00e9 vers la sortie du c\u00f4t\u00e9 du Bayern Munich, pourrait \u00eatre une option pour le PSG. Luis Campos conna\u00eet le prix \u00e0 payer. Apr\u00e8s sa bagarre avec Leroy San\u00e9 lors du quart de finale aller de la Ligue des Champions contre Manchester City [&hellip;]","og_url":"https:\/\/macite.tg\/?p=5118","article_published_time":"2023-04-29T15:54:56+00:00","article_modified_time":"2023-04-29T15:58:18+00:00","og_image":[{"width":664,"height":372,"url":"https:\/\/macite.tg\/wp-content\/uploads\/2023\/04\/ligue-des-champions-sadio-mane-atout-surprise-du-bayern-munich.jpg","type":"image\/jpeg"}],"author":"Jean Pierre BAWELA","twitter_card":"summary_large_image","twitter_misc":{"\u00c9crit par":"Jean Pierre BAWELA","Dur\u00e9e de lecture estim\u00e9e":"2 minutes"},"schema":{"@context":"https:\/\/schema.org","@graph":[{"@type":"Article","@id":"https:\/\/macite.tg\/?p=5118#article","isPartOf":{"@id":"https:\/\/macite.tg\/?p=5118"},"author":{"name":"Jean Pierre BAWELA","@id":"https:\/\/macite.tg\/#\/schema\/person\/e9f2de7e5dbbe7770a9402c7ce82f5c2"},"headline":"MERCATO \/ BAYERN MUNICH\u00a0: Voici la clause lib\u00e9ratoire de Sadio Man\u00e9","datePublished":"2023-04-29T15:54:56+00:00","dateModified":"2023-04-29T15:58:18+00:00","mainEntityOfPage":{"@id":"https:\/\/macite.tg\/?p=5118"},"wordCount":373,"commentCount":0,"image":{"@id":"https:\/\/macite.tg\/?p=5118#primaryimage"},"thumbnailUrl":"https:\/\/macite.tg\/wp-content\/uploads\/2023\/04\/ligue-des-champions-sadio-mane-atout-surprise-du-bayern-munich.jpg","articleSection":["SPORTS"],"inLanguage":"fr-FR","potentialAction":[{"@type":"CommentAction","name":"Comment","target":["https:\/\/macite.tg\/?p=5118#respond"]}]},{"@type":"WebPage","@id":"https:\/\/macite.tg\/?p=5118","url":"https:\/\/macite.tg\/?p=5118","name":"MERCATO \/ BAYERN MUNICH\u00a0: Voici la clause lib\u00e9ratoire de Sadio Man\u00e9 -","isPartOf":{"@id":"https:\/\/macite.tg\/#website"},"primaryImageOfPage":{"@id":"https:\/\/macite.tg\/?p=5118#primaryimage"},"image":{"@id":"https:\/\/macite.tg\/?p=5118#primaryimage"},"thumbnailUrl":"https:\/\/macite.tg\/wp-content\/uploads\/2023\/04\/ligue-des-champions-sadio-mane-atout-surprise-du-bayern-munich.jpg","datePublished":"2023-04-29T15:54:56+00:00","dateModified":"2023-04-29T15:58:18+00:00","author":{"@id":"https:\/\/macite.tg\/#\/schema\/person\/e9f2de7e5dbbe7770a9402c7ce82f5c2"},"breadcrumb":{"@id":"https:\/\/macite.tg\/?p=5118#breadcrumb"},"inLanguage":"fr-FR","potentialAction":[{"@type":"ReadAction","target":["https:\/\/macite.tg\/?p=5118"]}]},{"@type":"ImageObject","inLanguage":"fr-FR","@id":"https:\/\/macite.tg\/?p=5118#primaryimage","url":"https:\/\/macite.tg\/wp-content\/uploads\/2023\/04\/ligue-des-champions-sadio-mane-atout-surprise-du-bayern-munich.jpg","contentUrl":"https:\/\/macite.tg\/wp-content\/uploads\/2023\/04\/ligue-des-champions-sadio-mane-atout-surprise-du-bayern-munich.jpg","width":664,"height":372},{"@type":"BreadcrumbList","@id":"https:\/\/macite.tg\/?p=5118#breadcrumb","itemListElement":[{"@type":"ListItem","position":1,"name":"Accueil","item":"https:\/\/macite.tg\/"},{"@type":"ListItem","position":2,"name":"MERCATO \/ BAYERN MUNICH\u00a0: Voici la clause lib\u00e9ratoire de Sadio Man\u00e9"}]},{"@type":"WebSite","@id":"https:\/\/macite.tg\/#website","url":"https:\/\/macite.tg\/","name":"","description":"L&#039;information, la bonne!!!","potentialAction":[{"@type":"SearchAction","target":{"@type":"EntryPoint","urlTemplate":"https:\/\/macite.tg\/?s={search_term_string}"},"query-input":{"@type":"PropertyValueSpecification","valueRequired":true,"valueName":"search_term_string"}}],"inLanguage":"fr-FR"},{"@type":"Person","@id":"https:\/\/macite.tg\/#\/schema\/person\/e9f2de7e5dbbe7770a9402c7ce82f5c2","name":"Jean Pierre BAWELA","image":{"@type":"ImageObject","inLanguage":"fr-FR","@id":"https:\/\/macite.tg\/wp-content\/uploads\/2023\/09\/WhatsApp-Image-2023-09-19-at-14.44.41-122x122.jpeg","url":"https:\/\/macite.tg\/wp-content\/uploads\/2023\/09\/WhatsApp-Image-2023-09-19-at-14.44.41-122x122.jpeg","contentUrl":"https:\/\/macite.tg\/wp-content\/uploads\/2023\/09\/WhatsApp-Image-2023-09-19-at-14.44.41-122x122.jpeg","caption":"Jean Pierre BAWELA"},"url":"https:\/\/macite.tg\/?author=2"}]}},"_links":{"self":[{"href":"https:\/\/macite.tg\/index.php?rest_route=\/wp\/v2\/posts\/5118","targetHints":{"allow":["GET"]}}],"collection":[{"href":"https:\/\/macite.tg\/index.php?rest_route=\/wp\/v2\/posts"}],"about":[{"href":"https:\/\/macite.tg\/index.php?rest_route=\/wp\/v2\/types\/post"}],"author":[{"embeddable":true,"href":"https:\/\/macite.tg\/index.php?rest_route=\/wp\/v2\/users\/2"}],"replies":[{"embeddable":true,"href":"https:\/\/macite.tg\/index.php?rest_route=%2Fwp%2Fv2%2Fcomments&post=5118"}],"version-history":[{"count":0,"href":"https:\/\/macite.tg\/index.php?rest_route=\/wp\/v2\/posts\/5118\/revisions"}],"wp:featuredmedia":[{"embeddable":true,"href":"https:\/\/macite.tg\/index.php?rest_route=\/wp\/v2\/media\/5126"}],"wp:attachment":[{"href":"https:\/\/macite.tg\/index.php?rest_route=%2Fwp%2Fv2%2Fmedia&parent=5118"}],"wp:term":[{"taxonomy":"category","embeddable":true,"href":"https:\/\/macite.tg\/index.php?rest_route=%2Fwp%2Fv2%2Fcategories&post=5118"},{"taxonomy":"post_tag","embeddable":true,"href":"https:\/\/macite.tg\/index.php?rest_route=%2Fwp%2Fv2%2Ftags&post=5118"}],"curies":[{"name":"wp","href":"https:\/\/api.w.org\/{rel}","templated":true}]}}