{"id":5101,"date":"2023-04-28T12:28:47","date_gmt":"2023-04-28T12:28:47","guid":{"rendered":"https:\/\/macite.info\/?p=5101"},"modified":"2023-04-28T12:28:48","modified_gmt":"2023-04-28T12:28:48","slug":"visite-pontificale-en-hongrie-le-pape-a-propos-des-migrants-insiste-sur-la-necessite-douverture-aux-autres","status":"publish","type":"post","link":"https:\/\/macite.tg\/?p=5101","title":{"rendered":"VISITE PONTIFICALE EN HONGRIE\u00a0: Le Pape, \u00e0 propos des migrants, insiste sur la \u2018\u2019n\u00e9cessit\u00e9 d\u2019ouverture aux autres\u2019\u2019"},"content":{"rendered":"\n<p class=\"wp-block-paragraph\"><\/p>\n\n\n\n<p class=\"wp-block-paragraph\"><strong><em>Face au Premier ministre hongrois Viktor Orban, le pape Fran\u00e7ois en visite en Hongrie a mis en garde vendredi contre la tendance \u00ab\u00a0\u00e0 se replier sur soi-m\u00eame\u00a0\u00bb et insist\u00e9 sur \u00ab\u00a0la n\u00e9cessit\u00e9 d&rsquo;ouverture aux autres\u00a0\u00bb.<\/em><\/strong><\/p>\n\n\n\n<p class=\"wp-block-paragraph\">Au premier jour de sa visite en <a href=\"https:\/\/www.france24.com\/fr\/tag\/hongrie\/\">Hongrie<\/a>, le pape Fran\u00e7ois a mis en garde vendredi 28 avril contre la tendance \u00ab\u00a0\u00e0 se replier sur soi-m\u00eame\u00a0\u00bb et insist\u00e9 sur la \u00ab\u00a0n\u00e9cessit\u00e9 d&rsquo;ouverture aux autres\u00a0\u00bb, dans un discours devant le Premier ministre anti-migrants <a href=\"https:\/\/www.france24.com\/fr\/tag\/viktor-orb\u00e1n\/\">Viktor Orban<\/a>.&nbsp;<\/p>\n\n\n\n<p class=\"wp-block-paragraph\">L&rsquo;esprit de la Constitution hongroise, qui appelle au respect des minorit\u00e9s, \u00ab\u00a0est v\u00e9ritablement \u00e9vang\u00e9lique, contrecarrant une certaine tendance, parfois justifi\u00e9e au nom des traditions et m\u00eame de la foi, \u00e0 se replier sur soi-m\u00eame\u00a0\u00bb, a-t-il d\u00e9clar\u00e9.<\/p>\n\n\n\n<p class=\"wp-block-paragraph\">Dirigeant le pays d&rsquo;Europe centrale depuis 2010, Viktor Orban brandit son attachement \u00e0 la religion et sa volont\u00e9 de d\u00e9fendre la \u00ab\u00a0civilisation chr\u00e9tienne\u00a0\u00bb pour justifier sa politique d&rsquo;exclusion des migrants.<\/p>\n\n\n<div class=\"wp-block-image\">\n<figure class=\"aligncenter size-full is-resized\"><img loading=\"lazy\" decoding=\"async\" src=\"https:\/\/macite.tg\/wp-content\/uploads\/2023\/04\/FuGzLtUWcAALwdI.jpg\" alt=\"\" class=\"wp-image-4952\" width=\"560\" height=\"562\" srcset=\"https:\/\/macite.tg\/wp-content\/uploads\/2023\/04\/FuGzLtUWcAALwdI.jpg 677w, https:\/\/macite.tg\/wp-content\/uploads\/2023\/04\/FuGzLtUWcAALwdI-300x300.jpg 300w, https:\/\/macite.tg\/wp-content\/uploads\/2023\/04\/FuGzLtUWcAALwdI-150x150.jpg 150w, https:\/\/macite.tg\/wp-content\/uploads\/2023\/04\/FuGzLtUWcAALwdI-122x122.jpg 122w\" sizes=\"auto, (max-width: 560px) 100vw, 560px\" \/><\/figure>\n<\/div>\n\n\n<h2 class=\"wp-block-heading\"><i class=\"fas fa-pencil-alt\"> <\/i><span>Droits des r\u00e9fugi\u00e9s<\/h2>\n\n\n\n<p class=\"wp-block-paragraph\">Fervent d\u00e9fenseur des droits des r\u00e9fugi\u00e9s, le souverain pontife, lui, ne cesse de plaider pour un accueil bienveillant et une juste r\u00e9partition au sein de l&rsquo;<a href=\"https:\/\/www.france24.com\/fr\/tag\/union-europ\u00e9enne\/\">Union europ\u00e9enne<\/a>.<\/p>\n\n\n\n<p class=\"wp-block-paragraph\">\u00ab\u00a0C&rsquo;est un sujet, celui de l&rsquo;accueil (des \u00e9trangers), qui suscite beaucoup de d\u00e9bats \u00e0 notre \u00e9poque et qui est certainement complexe\u00a0\u00bb, a soulign\u00e9 le pape vendredi. \u00ab\u00a0Il est urgent, en tant qu&rsquo;Europe, de travailler \u00e0 des voies s\u00fbres et l\u00e9gales, \u00e0 des m\u00e9canismes partag\u00e9s face \u00e0 un d\u00e9fi historique qui ne pourra \u00eatre ma\u00eetris\u00e9 par le rejet\u00a0\u00bb.<\/p>\n\n\n\n<p class=\"wp-block-paragraph\">Sous l&rsquo;\u00e9gide de Viktor Orban, la Hongrie a b\u00e2ti des cl\u00f4tures \u00e0 ses fronti\u00e8res et restreint le d\u00e9p\u00f4t des demandes d&rsquo;asile aux ambassades \u00e0 l&rsquo;\u00e9tranger, une politique qui lui a valu plusieurs condamnations de la Cour de justice de l&rsquo;UE.<\/p>\n\n\n\n<p class=\"wp-block-paragraph\">L&rsquo;an dernier, seules 18 personnes ont obtenu le statut de r\u00e9fugi\u00e9s, un chiffre d\u00e9risoire qui n&rsquo;a pas d&rsquo;\u00e9quivalent dans d&rsquo;autres pays de l&rsquo;Union europ\u00e9enne (UE).<\/p>\n\n\n\n<h2 class=\"wp-block-heading\"><i class=\"fas fa-pencil-alt\"> <\/i><span>Drastique fermeture<\/h2>\n\n\n\n<p class=\"wp-block-paragraph\">Cette politique de fermeture drastique en dehors du cadre l\u00e9gal europ\u00e9en, mise en place progressivement depuis la crise des r\u00e9fugi\u00e9s de 2015, n&#8217;emp\u00eache pas la Hongrie, en plein emploi, de d\u00e9livrer des visas de travail, recrutant jusqu&rsquo;en Asie, pour les secteurs en manque de bras, comme le b\u00e2timent ou la restauration.<\/p>\n\n\n\n<p class=\"wp-block-paragraph\">Le gouvernement hongrois aime \u00e9galement rappeler que deux millions de r\u00e9fugi\u00e9s ukrainiens ont foul\u00e9 le sol du pays depuis le d\u00e9but de l&rsquo;invasion russe. Mais 35&nbsp;000 personnes seulement ont r\u00e9clam\u00e9 un statut de \u00ab\u00a0protection temporaire\u00a0\u00bb d&rsquo;apr\u00e8s des donn\u00e9es du Haut-commissariat de l&rsquo;Onu aux r\u00e9fugi\u00e9s (UNHCR), les autres continuant leur voyage vers l&rsquo;ouest.<\/p>\n\n\n\n<p class=\"wp-block-paragraph\">C&rsquo;est bien moins par habitant que d&rsquo;autres pays voisins de l&rsquo;Ukraine, comme la Pologne.<\/p>\n\n\n\n<p class=\"wp-block-paragraph\"><em><strong>Avec AFP<\/strong><\/em><\/p>\n\n\n\n<p class=\"wp-block-paragraph\"><strong><em>@macite.info<\/em><\/strong><\/p>\n\n\n\n<p class=\"wp-block-paragraph\"><strong><em>E-mail&nbsp;: <\/em><\/strong><a href=\"mailto:maciteinfo@gmail.com\"><strong><em>maciteinfo@gmail.com<\/em><\/strong><\/a><strong><em>; <\/em><\/strong><a href=\"mailto:bawela1@gmail.com\"><strong><em>bawela1@gmail.com<\/em><\/strong><\/a><strong><em><\/em><\/strong><\/p>\n\n\n\n<p class=\"wp-block-paragraph\"><strong><em>Pour vos annonces, (publi)reportages, etc., joignez nous au (00228)91515309\/<strong>79872224 <\/strong><\/em><\/strong><a href=\"http:\/\/www.macite.info\"><strong><em>www.macite.info<\/em><\/strong><\/a><strong><em>, L\u2019information, la bonne&nbsp;!<\/em><\/strong><\/p>\n","protected":false},"excerpt":{"rendered":"<p class=\"text-justify mb-2\" >Face au Premier ministre hongrois Viktor Orban, le pape Fran\u00e7ois en visite en Hongrie a mis en garde vendredi contre la tendance \u00ab\u00a0\u00e0 se replier sur soi-m\u00eame\u00a0\u00bb et insist\u00e9 sur \u00ab\u00a0la n\u00e9cessit\u00e9 d&rsquo;ouverture aux autres\u00a0\u00bb. Au premier jour de sa visite en Hongrie, le pape [&hellip;]<\/p>\n","protected":false},"author":2,"featured_media":5102,"comment_status":"open","ping_status":"open","sticky":false,"template":"","format":"standard","meta":{"footnotes":""},"categories":[20],"tags":[],"class_list":["post-5101","post","type-post","status-publish","format-standard","has-post-thumbnail","hentry","category-actualite"],"yoast_head":"<!-- This site is optimized with the Yoast SEO plugin v28.4 - https:\/\/yoast.com\/product\/yoast-seo-wordpress\/ -->\n<title>VISITE PONTIFICALE EN HONGRIE\u00a0: Le Pape, \u00e0 propos des migrants, insiste sur la \u2018\u2019n\u00e9cessit\u00e9 d\u2019ouverture aux autres\u2019\u2019 -<\/title>\n<meta name=\"robots\" content=\"index, follow, max-snippet:-1, max-image-preview:large, max-video-preview:-1\" \/>\n<link rel=\"canonical\" href=\"https:\/\/macite.tg\/?p=5101\" \/>\n<meta property=\"og:locale\" content=\"fr_FR\" \/>\n<meta property=\"og:type\" content=\"article\" \/>\n<meta property=\"og:title\" content=\"VISITE PONTIFICALE EN HONGRIE\u00a0: Le Pape, \u00e0 propos des migrants, insiste sur la \u2018\u2019n\u00e9cessit\u00e9 d\u2019ouverture aux autres\u2019\u2019 -\" \/>\n<meta property=\"og:description\" content=\"Face au Premier ministre hongrois Viktor Orban, le pape Fran\u00e7ois en visite en Hongrie a mis en garde vendredi contre la tendance \u00ab\u00a0\u00e0 se replier sur soi-m\u00eame\u00a0\u00bb et insist\u00e9 sur \u00ab\u00a0la n\u00e9cessit\u00e9 d&rsquo;ouverture aux autres\u00a0\u00bb. Au premier jour de sa visite en Hongrie, le pape [&hellip;]\" \/>\n<meta property=\"og:url\" content=\"https:\/\/macite.tg\/?p=5101\" \/>\n<meta property=\"article:published_time\" content=\"2023-04-28T12:28:47+00:00\" \/>\n<meta property=\"article:modified_time\" content=\"2023-04-28T12:28:48+00:00\" \/>\n<meta property=\"og:image\" content=\"https:\/\/macite.tg\/wp-content\/uploads\/2023\/04\/Pape.jpg\" \/>\n\t<meta property=\"og:image:width\" content=\"264\" \/>\n\t<meta property=\"og:image:height\" content=\"191\" \/>\n\t<meta property=\"og:image:type\" content=\"image\/jpeg\" \/>\n<meta name=\"author\" content=\"Jean Pierre BAWELA\" \/>\n<meta name=\"twitter:card\" content=\"summary_large_image\" \/>\n<meta name=\"twitter:label1\" content=\"\u00c9crit par\" \/>\n\t<meta name=\"twitter:data1\" content=\"Jean Pierre BAWELA\" \/>\n\t<meta name=\"twitter:label2\" content=\"Dur\u00e9e de lecture estim\u00e9e\" \/>\n\t<meta name=\"twitter:data2\" content=\"2 minutes\" \/>\n<script type=\"application\/ld+json\" class=\"yoast-schema-graph\">{\"@context\":\"https:\\\/\\\/schema.org\",\"@graph\":[{\"@type\":\"Article\",\"@id\":\"https:\\\/\\\/macite.tg\\\/?p=5101#article\",\"isPartOf\":{\"@id\":\"https:\\\/\\\/macite.tg\\\/?p=5101\"},\"author\":{\"name\":\"Jean Pierre BAWELA\",\"@id\":\"https:\\\/\\\/macite.tg\\\/#\\\/schema\\\/person\\\/e9f2de7e5dbbe7770a9402c7ce82f5c2\"},\"headline\":\"VISITE PONTIFICALE EN HONGRIE\u00a0: Le Pape, \u00e0 propos des migrants, insiste sur la \u2018\u2019n\u00e9cessit\u00e9 d\u2019ouverture aux autres\u2019\u2019\",\"datePublished\":\"2023-04-28T12:28:47+00:00\",\"dateModified\":\"2023-04-28T12:28:48+00:00\",\"mainEntityOfPage\":{\"@id\":\"https:\\\/\\\/macite.tg\\\/?p=5101\"},\"wordCount\":530,\"commentCount\":0,\"image\":{\"@id\":\"https:\\\/\\\/macite.tg\\\/?p=5101#primaryimage\"},\"thumbnailUrl\":\"https:\\\/\\\/macite.tg\\\/wp-content\\\/uploads\\\/2023\\\/04\\\/Pape.jpg\",\"articleSection\":[\"ACTUALITE\"],\"inLanguage\":\"fr-FR\",\"potentialAction\":[{\"@type\":\"CommentAction\",\"name\":\"Comment\",\"target\":[\"https:\\\/\\\/macite.tg\\\/?p=5101#respond\"]}]},{\"@type\":\"WebPage\",\"@id\":\"https:\\\/\\\/macite.tg\\\/?p=5101\",\"url\":\"https:\\\/\\\/macite.tg\\\/?p=5101\",\"name\":\"VISITE PONTIFICALE EN HONGRIE\u00a0: Le Pape, \u00e0 propos des migrants, insiste sur la \u2018\u2019n\u00e9cessit\u00e9 d\u2019ouverture aux autres\u2019\u2019 -\",\"isPartOf\":{\"@id\":\"https:\\\/\\\/macite.tg\\\/#website\"},\"primaryImageOfPage\":{\"@id\":\"https:\\\/\\\/macite.tg\\\/?p=5101#primaryimage\"},\"image\":{\"@id\":\"https:\\\/\\\/macite.tg\\\/?p=5101#primaryimage\"},\"thumbnailUrl\":\"https:\\\/\\\/macite.tg\\\/wp-content\\\/uploads\\\/2023\\\/04\\\/Pape.jpg\",\"datePublished\":\"2023-04-28T12:28:47+00:00\",\"dateModified\":\"2023-04-28T12:28:48+00:00\",\"author\":{\"@id\":\"https:\\\/\\\/macite.tg\\\/#\\\/schema\\\/person\\\/e9f2de7e5dbbe7770a9402c7ce82f5c2\"},\"breadcrumb\":{\"@id\":\"https:\\\/\\\/macite.tg\\\/?p=5101#breadcrumb\"},\"inLanguage\":\"fr-FR\",\"potentialAction\":[{\"@type\":\"ReadAction\",\"target\":[\"https:\\\/\\\/macite.tg\\\/?p=5101\"]}]},{\"@type\":\"ImageObject\",\"inLanguage\":\"fr-FR\",\"@id\":\"https:\\\/\\\/macite.tg\\\/?p=5101#primaryimage\",\"url\":\"https:\\\/\\\/macite.tg\\\/wp-content\\\/uploads\\\/2023\\\/04\\\/Pape.jpg\",\"contentUrl\":\"https:\\\/\\\/macite.tg\\\/wp-content\\\/uploads\\\/2023\\\/04\\\/Pape.jpg\",\"width\":264,\"height\":191},{\"@type\":\"BreadcrumbList\",\"@id\":\"https:\\\/\\\/macite.tg\\\/?p=5101#breadcrumb\",\"itemListElement\":[{\"@type\":\"ListItem\",\"position\":1,\"name\":\"Accueil\",\"item\":\"https:\\\/\\\/macite.tg\\\/\"},{\"@type\":\"ListItem\",\"position\":2,\"name\":\"VISITE PONTIFICALE EN HONGRIE\u00a0: Le Pape, \u00e0 propos des migrants, insiste sur la \u2018\u2019n\u00e9cessit\u00e9 d\u2019ouverture aux autres\u2019\u2019\"}]},{\"@type\":\"WebSite\",\"@id\":\"https:\\\/\\\/macite.tg\\\/#website\",\"url\":\"https:\\\/\\\/macite.tg\\\/\",\"name\":\"\",\"description\":\"L&#039;information, la bonne!!!\",\"potentialAction\":[{\"@type\":\"SearchAction\",\"target\":{\"@type\":\"EntryPoint\",\"urlTemplate\":\"https:\\\/\\\/macite.tg\\\/?s={search_term_string}\"},\"query-input\":{\"@type\":\"PropertyValueSpecification\",\"valueRequired\":true,\"valueName\":\"search_term_string\"}}],\"inLanguage\":\"fr-FR\"},{\"@type\":\"Person\",\"@id\":\"https:\\\/\\\/macite.tg\\\/#\\\/schema\\\/person\\\/e9f2de7e5dbbe7770a9402c7ce82f5c2\",\"name\":\"Jean Pierre BAWELA\",\"image\":{\"@type\":\"ImageObject\",\"inLanguage\":\"fr-FR\",\"@id\":\"https:\\\/\\\/macite.tg\\\/wp-content\\\/uploads\\\/2023\\\/09\\\/WhatsApp-Image-2023-09-19-at-14.44.41-122x122.jpeg\",\"url\":\"https:\\\/\\\/macite.tg\\\/wp-content\\\/uploads\\\/2023\\\/09\\\/WhatsApp-Image-2023-09-19-at-14.44.41-122x122.jpeg\",\"contentUrl\":\"https:\\\/\\\/macite.tg\\\/wp-content\\\/uploads\\\/2023\\\/09\\\/WhatsApp-Image-2023-09-19-at-14.44.41-122x122.jpeg\",\"caption\":\"Jean Pierre BAWELA\"},\"url\":\"https:\\\/\\\/macite.tg\\\/?author=2\"}]}<\/script>\n<!-- \/ Yoast SEO plugin. -->","yoast_head_json":{"title":"VISITE PONTIFICALE EN HONGRIE\u00a0: Le Pape, \u00e0 propos des migrants, insiste sur la \u2018\u2019n\u00e9cessit\u00e9 d\u2019ouverture aux autres\u2019\u2019 -","robots":{"index":"index","follow":"follow","max-snippet":"max-snippet:-1","max-image-preview":"max-image-preview:large","max-video-preview":"max-video-preview:-1"},"canonical":"https:\/\/macite.tg\/?p=5101","og_locale":"fr_FR","og_type":"article","og_title":"VISITE PONTIFICALE EN HONGRIE\u00a0: Le Pape, \u00e0 propos des migrants, insiste sur la \u2018\u2019n\u00e9cessit\u00e9 d\u2019ouverture aux autres\u2019\u2019 -","og_description":"Face au Premier ministre hongrois Viktor Orban, le pape Fran\u00e7ois en visite en Hongrie a mis en garde vendredi contre la tendance \u00ab\u00a0\u00e0 se replier sur soi-m\u00eame\u00a0\u00bb et insist\u00e9 sur \u00ab\u00a0la n\u00e9cessit\u00e9 d&rsquo;ouverture aux autres\u00a0\u00bb. Au premier jour de sa visite en Hongrie, le pape [&hellip;]","og_url":"https:\/\/macite.tg\/?p=5101","article_published_time":"2023-04-28T12:28:47+00:00","article_modified_time":"2023-04-28T12:28:48+00:00","og_image":[{"width":264,"height":191,"url":"https:\/\/macite.tg\/wp-content\/uploads\/2023\/04\/Pape.jpg","type":"image\/jpeg"}],"author":"Jean Pierre BAWELA","twitter_card":"summary_large_image","twitter_misc":{"\u00c9crit par":"Jean Pierre BAWELA","Dur\u00e9e de lecture estim\u00e9e":"2 minutes"},"schema":{"@context":"https:\/\/schema.org","@graph":[{"@type":"Article","@id":"https:\/\/macite.tg\/?p=5101#article","isPartOf":{"@id":"https:\/\/macite.tg\/?p=5101"},"author":{"name":"Jean Pierre BAWELA","@id":"https:\/\/macite.tg\/#\/schema\/person\/e9f2de7e5dbbe7770a9402c7ce82f5c2"},"headline":"VISITE PONTIFICALE EN HONGRIE\u00a0: Le Pape, \u00e0 propos des migrants, insiste sur la \u2018\u2019n\u00e9cessit\u00e9 d\u2019ouverture aux autres\u2019\u2019","datePublished":"2023-04-28T12:28:47+00:00","dateModified":"2023-04-28T12:28:48+00:00","mainEntityOfPage":{"@id":"https:\/\/macite.tg\/?p=5101"},"wordCount":530,"commentCount":0,"image":{"@id":"https:\/\/macite.tg\/?p=5101#primaryimage"},"thumbnailUrl":"https:\/\/macite.tg\/wp-content\/uploads\/2023\/04\/Pape.jpg","articleSection":["ACTUALITE"],"inLanguage":"fr-FR","potentialAction":[{"@type":"CommentAction","name":"Comment","target":["https:\/\/macite.tg\/?p=5101#respond"]}]},{"@type":"WebPage","@id":"https:\/\/macite.tg\/?p=5101","url":"https:\/\/macite.tg\/?p=5101","name":"VISITE PONTIFICALE EN HONGRIE\u00a0: Le Pape, \u00e0 propos des migrants, insiste sur la \u2018\u2019n\u00e9cessit\u00e9 d\u2019ouverture aux autres\u2019\u2019 -","isPartOf":{"@id":"https:\/\/macite.tg\/#website"},"primaryImageOfPage":{"@id":"https:\/\/macite.tg\/?p=5101#primaryimage"},"image":{"@id":"https:\/\/macite.tg\/?p=5101#primaryimage"},"thumbnailUrl":"https:\/\/macite.tg\/wp-content\/uploads\/2023\/04\/Pape.jpg","datePublished":"2023-04-28T12:28:47+00:00","dateModified":"2023-04-28T12:28:48+00:00","author":{"@id":"https:\/\/macite.tg\/#\/schema\/person\/e9f2de7e5dbbe7770a9402c7ce82f5c2"},"breadcrumb":{"@id":"https:\/\/macite.tg\/?p=5101#breadcrumb"},"inLanguage":"fr-FR","potentialAction":[{"@type":"ReadAction","target":["https:\/\/macite.tg\/?p=5101"]}]},{"@type":"ImageObject","inLanguage":"fr-FR","@id":"https:\/\/macite.tg\/?p=5101#primaryimage","url":"https:\/\/macite.tg\/wp-content\/uploads\/2023\/04\/Pape.jpg","contentUrl":"https:\/\/macite.tg\/wp-content\/uploads\/2023\/04\/Pape.jpg","width":264,"height":191},{"@type":"BreadcrumbList","@id":"https:\/\/macite.tg\/?p=5101#breadcrumb","itemListElement":[{"@type":"ListItem","position":1,"name":"Accueil","item":"https:\/\/macite.tg\/"},{"@type":"ListItem","position":2,"name":"VISITE PONTIFICALE EN HONGRIE\u00a0: Le Pape, \u00e0 propos des migrants, insiste sur la \u2018\u2019n\u00e9cessit\u00e9 d\u2019ouverture aux autres\u2019\u2019"}]},{"@type":"WebSite","@id":"https:\/\/macite.tg\/#website","url":"https:\/\/macite.tg\/","name":"","description":"L&#039;information, la bonne!!!","potentialAction":[{"@type":"SearchAction","target":{"@type":"EntryPoint","urlTemplate":"https:\/\/macite.tg\/?s={search_term_string}"},"query-input":{"@type":"PropertyValueSpecification","valueRequired":true,"valueName":"search_term_string"}}],"inLanguage":"fr-FR"},{"@type":"Person","@id":"https:\/\/macite.tg\/#\/schema\/person\/e9f2de7e5dbbe7770a9402c7ce82f5c2","name":"Jean Pierre BAWELA","image":{"@type":"ImageObject","inLanguage":"fr-FR","@id":"https:\/\/macite.tg\/wp-content\/uploads\/2023\/09\/WhatsApp-Image-2023-09-19-at-14.44.41-122x122.jpeg","url":"https:\/\/macite.tg\/wp-content\/uploads\/2023\/09\/WhatsApp-Image-2023-09-19-at-14.44.41-122x122.jpeg","contentUrl":"https:\/\/macite.tg\/wp-content\/uploads\/2023\/09\/WhatsApp-Image-2023-09-19-at-14.44.41-122x122.jpeg","caption":"Jean Pierre BAWELA"},"url":"https:\/\/macite.tg\/?author=2"}]}},"_links":{"self":[{"href":"https:\/\/macite.tg\/index.php?rest_route=\/wp\/v2\/posts\/5101","targetHints":{"allow":["GET"]}}],"collection":[{"href":"https:\/\/macite.tg\/index.php?rest_route=\/wp\/v2\/posts"}],"about":[{"href":"https:\/\/macite.tg\/index.php?rest_route=\/wp\/v2\/types\/post"}],"author":[{"embeddable":true,"href":"https:\/\/macite.tg\/index.php?rest_route=\/wp\/v2\/users\/2"}],"replies":[{"embeddable":true,"href":"https:\/\/macite.tg\/index.php?rest_route=%2Fwp%2Fv2%2Fcomments&post=5101"}],"version-history":[{"count":0,"href":"https:\/\/macite.tg\/index.php?rest_route=\/wp\/v2\/posts\/5101\/revisions"}],"wp:featuredmedia":[{"embeddable":true,"href":"https:\/\/macite.tg\/index.php?rest_route=\/wp\/v2\/media\/5102"}],"wp:attachment":[{"href":"https:\/\/macite.tg\/index.php?rest_route=%2Fwp%2Fv2%2Fmedia&parent=5101"}],"wp:term":[{"taxonomy":"category","embeddable":true,"href":"https:\/\/macite.tg\/index.php?rest_route=%2Fwp%2Fv2%2Fcategories&post=5101"},{"taxonomy":"post_tag","embeddable":true,"href":"https:\/\/macite.tg\/index.php?rest_route=%2Fwp%2Fv2%2Ftags&post=5101"}],"curies":[{"name":"wp","href":"https:\/\/api.w.org\/{rel}","templated":true}]}}