{"id":495,"date":"2022-09-29T16:56:43","date_gmt":"2022-09-29T16:56:43","guid":{"rendered":"https:\/\/macite.info\/?p=495"},"modified":"2022-09-29T16:56:45","modified_gmt":"2022-09-29T16:56:45","slug":"cristiano-ronaldo-broie-le-noir-il-souffre-de-la-depression-note-son-psychologue","status":"publish","type":"post","link":"https:\/\/macite.tg\/?p=495","title":{"rendered":"CRISTIANO RONALDO BROIE LE NOIR\u00a0: \u00abIl souffre de la d\u00e9pression\u00bb, note son psychologue"},"content":{"rendered":"\n<p class=\"wp-block-paragraph\"><strong><em>Alors qu\u2019il traverse actuellement ce qui est probablement consid\u00e9r\u00e9 comme le moment le plus difficile de sa carri\u00e8re, Cristiano Ronaldo a d\u00e9cid\u00e9 de faire appel \u00e0 un professionnel. Jordan Peterson, le psychologue du portugais a r\u00e9v\u00e9l\u00e9 les r\u00e9els probl\u00e8mes du joueur. <\/em><\/strong><\/p>\n\n\n\n<p class=\"wp-block-paragraph\">Le psychologue a souvent \u00e9t\u00e9 consid\u00e9r\u00e9 comme un propagandiste de droite, mais Cristiano Ronaldo a trouv\u00e9 ses livres tr\u00e8s utiles. Apr\u00e8s avoir lu l\u2019un d\u2019eux, l\u2019attaquant de Manchester United a d\u00e9cid\u00e9 de l\u2019inviter chez lui \u00e0 Manchester lors de la visite de Peterson au Royaume-Uni. Il y a environ deux semaines, Ronaldo a publi\u00e9 une photo sur Instagram de lui-m\u00eame accompagn\u00e9 de Peterson sans plus de contexte dans le post.<\/p>\n\n\n<div class=\"wp-block-image\">\n<figure class=\"aligncenter size-full is-resized\"><img loading=\"lazy\" decoding=\"async\" src=\"https:\/\/macite.tg\/wp-content\/uploads\/2022\/09\/Otr30b-1.jpeg\" alt=\"\" class=\"wp-image-392\" width=\"425\" height=\"425\" srcset=\"https:\/\/macite.tg\/wp-content\/uploads\/2022\/09\/Otr30b-1.jpeg 720w, https:\/\/macite.tg\/wp-content\/uploads\/2022\/09\/Otr30b-1-300x300.jpeg 300w, https:\/\/macite.tg\/wp-content\/uploads\/2022\/09\/Otr30b-1-150x150.jpeg 150w\" sizes=\"auto, (max-width: 425px) 100vw, 425px\" \/><\/figure>\n<\/div>\n\n\n<p class=\"wp-block-paragraph\">Lors d\u2019une \u00e9mission le psychologue a \u00e9t\u00e9 interrog\u00e9 par le pr\u00e9sentateur sur sa visite chez Ronaldo. Dans la conversation, Piers a r\u00e9v\u00e9l\u00e9 que Cristiano avait suivi une th\u00e9rapie et semblait beaucoup mieux apr\u00e8s avoir rencontr\u00e9 Jordan. Mais Peterson a r\u00e9v\u00e9l\u00e9 beaucoup plus de d\u00e9tails sur leur rencontre. Jordan a d\u00e9clar\u00e9 : <em>\u00abC\u2019est ce qui arrive quand on tra\u00eene avec des attard\u00e9s comme moi. Il m\u2019a invit\u00e9 \u00e0 aller le voir\u00bb.<\/em><\/p>\n\n\n\n<p class=\"wp-block-paragraph\"><em>\u00abIl avait eu des probl\u00e8mes dans sa vie il y a quelques mois et un de ses amis lui a envoy\u00e9 certaines de mes vid\u00e9os et a dit qu\u2019il les avait vues. Puis il a lu un de mes livres et l\u2019a trouv\u00e9 utile, il a voulu me parler. Je suis all\u00e9 chez lui et nous avons parl\u00e9 pendant quelques deux heures. Il m\u2019a montr\u00e9 tout son \u00e9quipement pour rester au top, nous avons parl\u00e9 de ses entreprises. Nous avons surtout parl\u00e9 de ce qu\u2019il voulait dans le futur et de certains des obstacles auxquels il est confront\u00e9\u00bb.<\/em><\/p>\n\n\n\n<p class=\"wp-block-paragraph\">Apr\u00e8s l\u2019\u00e9change et ces r\u00e9v\u00e9lations, il a \u00e9t\u00e9 confirm\u00e9 que Cristiano Ronaldo souffrait de d\u00e9pression et a d\u00e9cid\u00e9 de demander de l\u2019aide professionnelle. Il doit \u00eatre difficile pour l\u2019un des plus grands footballeurs de vivre cette p\u00e9riode de t\u00e9n\u00e8bres. Esp\u00e9rons qu\u2019il puisse retrouver sa meilleure forme \u00e0 l\u2019approche de la Coupe du Monde de la FIFA au Qatar.<\/p>\n\n\n\n<p class=\"wp-block-paragraph\"><strong><u>Source&nbsp;<\/u><\/strong><strong>: @Onvoitout<\/strong><\/p>\n\n\n\n<p class=\"wp-block-paragraph\"><strong><em>@macite.info<\/em><\/strong><\/p>\n\n\n\n<p class=\"wp-block-paragraph\"><strong><em>E-mail&nbsp;: <\/em><\/strong><a href=\"mailto:maciteinfo@gmail.com\"><em>maciteinfo@gmail.com<\/em><\/a><strong><em>; <\/em><\/strong><a href=\"mailto:bawela1@gmail.com\"><em>bawela1@gmail.com<\/em><\/a><\/p>\n\n\n\n<p class=\"wp-block-paragraph\"><strong><em>Pour vos annonces, (publi)reportages, etc., joignez nous au (00228) 91515309\/<\/em><\/strong><strong>79872224<\/strong><em><\/em><\/p>\n\n\n\n<p class=\"wp-block-paragraph\"><a href=\"http:\/\/www.macite.info\"><em>www.macite.info<\/em><\/a><strong><em>, L\u2019information, la bonne&nbsp;!<\/em><\/strong><\/p>\n","protected":false},"excerpt":{"rendered":"<p class=\"text-justify mb-2\" >Alors qu\u2019il traverse actuellement ce qui est probablement consid\u00e9r\u00e9 comme le moment le plus difficile de sa carri\u00e8re, Cristiano Ronaldo a d\u00e9cid\u00e9 de faire appel \u00e0 un professionnel. Jordan Peterson, le psychologue du portugais a r\u00e9v\u00e9l\u00e9 les r\u00e9els probl\u00e8mes du joueur. Le psychologue a souvent [&hellip;]<\/p>\n","protected":false},"author":2,"featured_media":496,"comment_status":"open","ping_status":"open","sticky":false,"template":"","format":"standard","meta":{"footnotes":""},"categories":[7],"tags":[],"class_list":["post-495","post","type-post","status-publish","format-standard","has-post-thumbnail","hentry","category-sports"],"yoast_head":"<!-- This site is optimized with the Yoast SEO plugin v28.4 - https:\/\/yoast.com\/product\/yoast-seo-wordpress\/ -->\n<title>CRISTIANO RONALDO BROIE LE NOIR\u00a0: \u00abIl souffre de la d\u00e9pression\u00bb, note son psychologue -<\/title>\n<meta name=\"robots\" content=\"index, follow, max-snippet:-1, max-image-preview:large, max-video-preview:-1\" \/>\n<link rel=\"canonical\" href=\"https:\/\/macite.tg\/?p=495\" \/>\n<meta property=\"og:locale\" content=\"fr_FR\" \/>\n<meta property=\"og:type\" content=\"article\" \/>\n<meta property=\"og:title\" content=\"CRISTIANO RONALDO BROIE LE NOIR\u00a0: \u00abIl souffre de la d\u00e9pression\u00bb, note son psychologue -\" \/>\n<meta property=\"og:description\" content=\"Alors qu\u2019il traverse actuellement ce qui est probablement consid\u00e9r\u00e9 comme le moment le plus difficile de sa carri\u00e8re, Cristiano Ronaldo a d\u00e9cid\u00e9 de faire appel \u00e0 un professionnel. Jordan Peterson, le psychologue du portugais a r\u00e9v\u00e9l\u00e9 les r\u00e9els probl\u00e8mes du joueur. Le psychologue a souvent [&hellip;]\" \/>\n<meta property=\"og:url\" content=\"https:\/\/macite.tg\/?p=495\" \/>\n<meta property=\"article:published_time\" content=\"2022-09-29T16:56:43+00:00\" \/>\n<meta property=\"article:modified_time\" content=\"2022-09-29T16:56:45+00:00\" \/>\n<meta property=\"og:image\" content=\"https:\/\/macite.tg\/wp-content\/uploads\/2022\/09\/ARonaldo.jpg\" \/>\n\t<meta property=\"og:image:width\" content=\"1288\" \/>\n\t<meta property=\"og:image:height\" content=\"725\" \/>\n\t<meta property=\"og:image:type\" content=\"image\/jpeg\" \/>\n<meta name=\"author\" content=\"Jean Pierre BAWELA\" \/>\n<meta name=\"twitter:card\" content=\"summary_large_image\" \/>\n<meta name=\"twitter:label1\" content=\"\u00c9crit par\" \/>\n\t<meta name=\"twitter:data1\" content=\"Jean Pierre BAWELA\" \/>\n\t<meta name=\"twitter:label2\" content=\"Dur\u00e9e de lecture estim\u00e9e\" \/>\n\t<meta name=\"twitter:data2\" content=\"3 minutes\" \/>\n<script type=\"application\/ld+json\" class=\"yoast-schema-graph\">{\"@context\":\"https:\\\/\\\/schema.org\",\"@graph\":[{\"@type\":\"Article\",\"@id\":\"https:\\\/\\\/macite.tg\\\/?p=495#article\",\"isPartOf\":{\"@id\":\"https:\\\/\\\/macite.tg\\\/?p=495\"},\"author\":{\"name\":\"Jean Pierre BAWELA\",\"@id\":\"https:\\\/\\\/macite.tg\\\/#\\\/schema\\\/person\\\/e9f2de7e5dbbe7770a9402c7ce82f5c2\"},\"headline\":\"CRISTIANO RONALDO BROIE LE NOIR\u00a0: \u00abIl souffre de la d\u00e9pression\u00bb, note son psychologue\",\"datePublished\":\"2022-09-29T16:56:43+00:00\",\"dateModified\":\"2022-09-29T16:56:45+00:00\",\"mainEntityOfPage\":{\"@id\":\"https:\\\/\\\/macite.tg\\\/?p=495\"},\"wordCount\":427,\"commentCount\":0,\"image\":{\"@id\":\"https:\\\/\\\/macite.tg\\\/?p=495#primaryimage\"},\"thumbnailUrl\":\"https:\\\/\\\/macite.tg\\\/wp-content\\\/uploads\\\/2022\\\/09\\\/ARonaldo.jpg\",\"articleSection\":[\"SPORTS\"],\"inLanguage\":\"fr-FR\",\"potentialAction\":[{\"@type\":\"CommentAction\",\"name\":\"Comment\",\"target\":[\"https:\\\/\\\/macite.tg\\\/?p=495#respond\"]}]},{\"@type\":\"WebPage\",\"@id\":\"https:\\\/\\\/macite.tg\\\/?p=495\",\"url\":\"https:\\\/\\\/macite.tg\\\/?p=495\",\"name\":\"CRISTIANO RONALDO BROIE LE NOIR\u00a0: \u00abIl souffre de la d\u00e9pression\u00bb, note son psychologue -\",\"isPartOf\":{\"@id\":\"https:\\\/\\\/macite.tg\\\/#website\"},\"primaryImageOfPage\":{\"@id\":\"https:\\\/\\\/macite.tg\\\/?p=495#primaryimage\"},\"image\":{\"@id\":\"https:\\\/\\\/macite.tg\\\/?p=495#primaryimage\"},\"thumbnailUrl\":\"https:\\\/\\\/macite.tg\\\/wp-content\\\/uploads\\\/2022\\\/09\\\/ARonaldo.jpg\",\"datePublished\":\"2022-09-29T16:56:43+00:00\",\"dateModified\":\"2022-09-29T16:56:45+00:00\",\"author\":{\"@id\":\"https:\\\/\\\/macite.tg\\\/#\\\/schema\\\/person\\\/e9f2de7e5dbbe7770a9402c7ce82f5c2\"},\"breadcrumb\":{\"@id\":\"https:\\\/\\\/macite.tg\\\/?p=495#breadcrumb\"},\"inLanguage\":\"fr-FR\",\"potentialAction\":[{\"@type\":\"ReadAction\",\"target\":[\"https:\\\/\\\/macite.tg\\\/?p=495\"]}]},{\"@type\":\"ImageObject\",\"inLanguage\":\"fr-FR\",\"@id\":\"https:\\\/\\\/macite.tg\\\/?p=495#primaryimage\",\"url\":\"https:\\\/\\\/macite.tg\\\/wp-content\\\/uploads\\\/2022\\\/09\\\/ARonaldo.jpg\",\"contentUrl\":\"https:\\\/\\\/macite.tg\\\/wp-content\\\/uploads\\\/2022\\\/09\\\/ARonaldo.jpg\",\"width\":1288,\"height\":725,\"caption\":\"BRAGA, PORTUGAL - SEPTEMBER 27: Cristiano Ronaldo of Portugal during the UEFA Nations league match between Portugal v Spain at the Estadio Municipal de Braga on September 27, 2022 in Braga Portugal (Photo by David S. Bustamante\\\/Soccrates\\\/Getty Images)\"},{\"@type\":\"BreadcrumbList\",\"@id\":\"https:\\\/\\\/macite.tg\\\/?p=495#breadcrumb\",\"itemListElement\":[{\"@type\":\"ListItem\",\"position\":1,\"name\":\"Accueil\",\"item\":\"https:\\\/\\\/macite.tg\\\/\"},{\"@type\":\"ListItem\",\"position\":2,\"name\":\"CRISTIANO RONALDO BROIE LE NOIR\u00a0: \u00abIl souffre de la d\u00e9pression\u00bb, note son psychologue\"}]},{\"@type\":\"WebSite\",\"@id\":\"https:\\\/\\\/macite.tg\\\/#website\",\"url\":\"https:\\\/\\\/macite.tg\\\/\",\"name\":\"\",\"description\":\"L&#039;information, la bonne!!!\",\"potentialAction\":[{\"@type\":\"SearchAction\",\"target\":{\"@type\":\"EntryPoint\",\"urlTemplate\":\"https:\\\/\\\/macite.tg\\\/?s={search_term_string}\"},\"query-input\":{\"@type\":\"PropertyValueSpecification\",\"valueRequired\":true,\"valueName\":\"search_term_string\"}}],\"inLanguage\":\"fr-FR\"},{\"@type\":\"Person\",\"@id\":\"https:\\\/\\\/macite.tg\\\/#\\\/schema\\\/person\\\/e9f2de7e5dbbe7770a9402c7ce82f5c2\",\"name\":\"Jean Pierre BAWELA\",\"image\":{\"@type\":\"ImageObject\",\"inLanguage\":\"fr-FR\",\"@id\":\"https:\\\/\\\/macite.tg\\\/wp-content\\\/uploads\\\/2023\\\/09\\\/WhatsApp-Image-2023-09-19-at-14.44.41-122x122.jpeg\",\"url\":\"https:\\\/\\\/macite.tg\\\/wp-content\\\/uploads\\\/2023\\\/09\\\/WhatsApp-Image-2023-09-19-at-14.44.41-122x122.jpeg\",\"contentUrl\":\"https:\\\/\\\/macite.tg\\\/wp-content\\\/uploads\\\/2023\\\/09\\\/WhatsApp-Image-2023-09-19-at-14.44.41-122x122.jpeg\",\"caption\":\"Jean Pierre BAWELA\"},\"url\":\"https:\\\/\\\/macite.tg\\\/?author=2\"}]}<\/script>\n<!-- \/ Yoast SEO plugin. -->","yoast_head_json":{"title":"CRISTIANO RONALDO BROIE LE NOIR\u00a0: \u00abIl souffre de la d\u00e9pression\u00bb, note son psychologue -","robots":{"index":"index","follow":"follow","max-snippet":"max-snippet:-1","max-image-preview":"max-image-preview:large","max-video-preview":"max-video-preview:-1"},"canonical":"https:\/\/macite.tg\/?p=495","og_locale":"fr_FR","og_type":"article","og_title":"CRISTIANO RONALDO BROIE LE NOIR\u00a0: \u00abIl souffre de la d\u00e9pression\u00bb, note son psychologue -","og_description":"Alors qu\u2019il traverse actuellement ce qui est probablement consid\u00e9r\u00e9 comme le moment le plus difficile de sa carri\u00e8re, Cristiano Ronaldo a d\u00e9cid\u00e9 de faire appel \u00e0 un professionnel. Jordan Peterson, le psychologue du portugais a r\u00e9v\u00e9l\u00e9 les r\u00e9els probl\u00e8mes du joueur. Le psychologue a souvent [&hellip;]","og_url":"https:\/\/macite.tg\/?p=495","article_published_time":"2022-09-29T16:56:43+00:00","article_modified_time":"2022-09-29T16:56:45+00:00","og_image":[{"width":1288,"height":725,"url":"https:\/\/macite.tg\/wp-content\/uploads\/2022\/09\/ARonaldo.jpg","type":"image\/jpeg"}],"author":"Jean Pierre BAWELA","twitter_card":"summary_large_image","twitter_misc":{"\u00c9crit par":"Jean Pierre BAWELA","Dur\u00e9e de lecture estim\u00e9e":"3 minutes"},"schema":{"@context":"https:\/\/schema.org","@graph":[{"@type":"Article","@id":"https:\/\/macite.tg\/?p=495#article","isPartOf":{"@id":"https:\/\/macite.tg\/?p=495"},"author":{"name":"Jean Pierre BAWELA","@id":"https:\/\/macite.tg\/#\/schema\/person\/e9f2de7e5dbbe7770a9402c7ce82f5c2"},"headline":"CRISTIANO RONALDO BROIE LE NOIR\u00a0: \u00abIl souffre de la d\u00e9pression\u00bb, note son psychologue","datePublished":"2022-09-29T16:56:43+00:00","dateModified":"2022-09-29T16:56:45+00:00","mainEntityOfPage":{"@id":"https:\/\/macite.tg\/?p=495"},"wordCount":427,"commentCount":0,"image":{"@id":"https:\/\/macite.tg\/?p=495#primaryimage"},"thumbnailUrl":"https:\/\/macite.tg\/wp-content\/uploads\/2022\/09\/ARonaldo.jpg","articleSection":["SPORTS"],"inLanguage":"fr-FR","potentialAction":[{"@type":"CommentAction","name":"Comment","target":["https:\/\/macite.tg\/?p=495#respond"]}]},{"@type":"WebPage","@id":"https:\/\/macite.tg\/?p=495","url":"https:\/\/macite.tg\/?p=495","name":"CRISTIANO RONALDO BROIE LE NOIR\u00a0: \u00abIl souffre de la d\u00e9pression\u00bb, note son psychologue -","isPartOf":{"@id":"https:\/\/macite.tg\/#website"},"primaryImageOfPage":{"@id":"https:\/\/macite.tg\/?p=495#primaryimage"},"image":{"@id":"https:\/\/macite.tg\/?p=495#primaryimage"},"thumbnailUrl":"https:\/\/macite.tg\/wp-content\/uploads\/2022\/09\/ARonaldo.jpg","datePublished":"2022-09-29T16:56:43+00:00","dateModified":"2022-09-29T16:56:45+00:00","author":{"@id":"https:\/\/macite.tg\/#\/schema\/person\/e9f2de7e5dbbe7770a9402c7ce82f5c2"},"breadcrumb":{"@id":"https:\/\/macite.tg\/?p=495#breadcrumb"},"inLanguage":"fr-FR","potentialAction":[{"@type":"ReadAction","target":["https:\/\/macite.tg\/?p=495"]}]},{"@type":"ImageObject","inLanguage":"fr-FR","@id":"https:\/\/macite.tg\/?p=495#primaryimage","url":"https:\/\/macite.tg\/wp-content\/uploads\/2022\/09\/ARonaldo.jpg","contentUrl":"https:\/\/macite.tg\/wp-content\/uploads\/2022\/09\/ARonaldo.jpg","width":1288,"height":725,"caption":"BRAGA, PORTUGAL - SEPTEMBER 27: Cristiano Ronaldo of Portugal during the UEFA Nations league match between Portugal v Spain at the Estadio Municipal de Braga on September 27, 2022 in Braga Portugal (Photo by David S. Bustamante\/Soccrates\/Getty Images)"},{"@type":"BreadcrumbList","@id":"https:\/\/macite.tg\/?p=495#breadcrumb","itemListElement":[{"@type":"ListItem","position":1,"name":"Accueil","item":"https:\/\/macite.tg\/"},{"@type":"ListItem","position":2,"name":"CRISTIANO RONALDO BROIE LE NOIR\u00a0: \u00abIl souffre de la d\u00e9pression\u00bb, note son psychologue"}]},{"@type":"WebSite","@id":"https:\/\/macite.tg\/#website","url":"https:\/\/macite.tg\/","name":"","description":"L&#039;information, la bonne!!!","potentialAction":[{"@type":"SearchAction","target":{"@type":"EntryPoint","urlTemplate":"https:\/\/macite.tg\/?s={search_term_string}"},"query-input":{"@type":"PropertyValueSpecification","valueRequired":true,"valueName":"search_term_string"}}],"inLanguage":"fr-FR"},{"@type":"Person","@id":"https:\/\/macite.tg\/#\/schema\/person\/e9f2de7e5dbbe7770a9402c7ce82f5c2","name":"Jean Pierre BAWELA","image":{"@type":"ImageObject","inLanguage":"fr-FR","@id":"https:\/\/macite.tg\/wp-content\/uploads\/2023\/09\/WhatsApp-Image-2023-09-19-at-14.44.41-122x122.jpeg","url":"https:\/\/macite.tg\/wp-content\/uploads\/2023\/09\/WhatsApp-Image-2023-09-19-at-14.44.41-122x122.jpeg","contentUrl":"https:\/\/macite.tg\/wp-content\/uploads\/2023\/09\/WhatsApp-Image-2023-09-19-at-14.44.41-122x122.jpeg","caption":"Jean Pierre BAWELA"},"url":"https:\/\/macite.tg\/?author=2"}]}},"_links":{"self":[{"href":"https:\/\/macite.tg\/index.php?rest_route=\/wp\/v2\/posts\/495","targetHints":{"allow":["GET"]}}],"collection":[{"href":"https:\/\/macite.tg\/index.php?rest_route=\/wp\/v2\/posts"}],"about":[{"href":"https:\/\/macite.tg\/index.php?rest_route=\/wp\/v2\/types\/post"}],"author":[{"embeddable":true,"href":"https:\/\/macite.tg\/index.php?rest_route=\/wp\/v2\/users\/2"}],"replies":[{"embeddable":true,"href":"https:\/\/macite.tg\/index.php?rest_route=%2Fwp%2Fv2%2Fcomments&post=495"}],"version-history":[{"count":0,"href":"https:\/\/macite.tg\/index.php?rest_route=\/wp\/v2\/posts\/495\/revisions"}],"wp:featuredmedia":[{"embeddable":true,"href":"https:\/\/macite.tg\/index.php?rest_route=\/wp\/v2\/media\/496"}],"wp:attachment":[{"href":"https:\/\/macite.tg\/index.php?rest_route=%2Fwp%2Fv2%2Fmedia&parent=495"}],"wp:term":[{"taxonomy":"category","embeddable":true,"href":"https:\/\/macite.tg\/index.php?rest_route=%2Fwp%2Fv2%2Fcategories&post=495"},{"taxonomy":"post_tag","embeddable":true,"href":"https:\/\/macite.tg\/index.php?rest_route=%2Fwp%2Fv2%2Ftags&post=495"}],"curies":[{"name":"wp","href":"https:\/\/api.w.org\/{rel}","templated":true}]}}