{"id":4518,"date":"2023-04-01T18:20:05","date_gmt":"2023-04-01T18:20:05","guid":{"rendered":"https:\/\/macite.info\/?p=4518"},"modified":"2023-04-01T18:41:40","modified_gmt":"2023-04-01T18:41:40","slug":"togo-usa-faure-gnassingbe-et-david-malpass-se-concertent-a-lome","status":"publish","type":"post","link":"https:\/\/macite.tg\/?p=4518","title":{"rendered":"TOGO \/ Banque mondiale\u00a0: Faure Gnassingb\u00e9 et David Malpass se concertent \u00e0 Lom\u00e9"},"content":{"rendered":"\n<p class=\"wp-block-paragraph\"><strong><em>Le Pr\u00e9sident de la R\u00e9publique, Faure Essozimna Gnassingb\u00e9, a re\u00e7u vendredi soir \u00e0 Lom\u00e9, le Pr\u00e9sident du Groupe de la Banque mondiale, David Malpass, en visite au Togo. La rencontre, qui s\u2019est tenue en pr\u00e9sence de quelques membres du gouvernement et de la d\u00e9l\u00e9gation de la Banque, intervient quelques mois apr\u00e8s celle de Washington.&nbsp;<\/em><\/strong><\/p>\n\n\n\n<figure class=\"wp-block-image size-large\"><img loading=\"lazy\" decoding=\"async\" width=\"1024\" height=\"426\" src=\"https:\/\/macite.tg\/wp-content\/uploads\/2023\/03\/ANNONCES-1-1-1024x426.jpg\" alt=\"\" class=\"wp-image-4290\" srcset=\"https:\/\/macite.tg\/wp-content\/uploads\/2023\/03\/ANNONCES-1-1-1024x426.jpg 1024w, https:\/\/macite.tg\/wp-content\/uploads\/2023\/03\/ANNONCES-1-1-300x125.jpg 300w, https:\/\/macite.tg\/wp-content\/uploads\/2023\/03\/ANNONCES-1-1-768x319.jpg 768w, https:\/\/macite.tg\/wp-content\/uploads\/2023\/03\/ANNONCES-1-1.jpg 1080w\" sizes=\"auto, (max-width: 1024px) 100vw, 1024px\" \/><\/figure>\n\n\n\n<p class=\"wp-block-paragraph\">Au centre des \u00e9changes, la strat\u00e9gie de d\u00e9veloppement du Togo, particuli\u00e8rement dans le contexte mondial difficile, la poursuite des r\u00e9formes \u00e9conomiques et l&rsquo;am\u00e9lioration du climat des affaires, la place du pays dans la sous-r\u00e9gion et ses potentialit\u00e9s.<\/p>\n\n\n\n<p class=\"wp-block-paragraph\">David Malpass en a profit\u00e9 pour r\u00e9it\u00e9rer l&rsquo;engagement de l&rsquo;institution \u00e0 renforcer son partenariat avec le Togo, o\u00f9 elle dispose d\u2019ailleurs d\u2019un portefeuille cons\u00e9quent.&nbsp;<\/p>\n\n\n\n<p class=\"wp-block-paragraph\">Pour rappel, quelques heures plus t\u00f4t, le responsable en fin de mission a rencontr\u00e9 le Premier ministre, Victoire Dogb\u00e9.<\/p>\n\n\n\n<p class=\"wp-block-paragraph\"><strong><em>@macite.info<\/em><\/strong><\/p>\n\n\n\n<p class=\"wp-block-paragraph\"><strong><em>E-mail&nbsp;: <\/em><\/strong><a href=\"mailto:maciteinfo@gmail.com\"><strong><em>maciteinfo@gmail.com<\/em><\/strong><\/a><strong><em>; <\/em><\/strong><a href=\"mailto:bawela1@gmail.com\"><strong><em>bawela1@gmail.com<\/em><\/strong><\/a><\/p>\n\n\n\n<p class=\"wp-block-paragraph\"><strong><em>Pour vos annonces, (publi)reportages, etc., joignez nous au (00228)91515309\/<strong>79872224 <\/strong><\/em><\/strong><a href=\"http:\/\/www.macite.info\"><strong><em>www.macite.info<\/em><\/strong><\/a><strong><em>, L\u2019information, la bonne&nbsp;!<\/em><\/strong><\/p>\n","protected":false},"excerpt":{"rendered":"<p class=\"text-justify mb-2\" >Le Pr\u00e9sident de la R\u00e9publique, Faure Essozimna Gnassingb\u00e9, a re\u00e7u vendredi soir \u00e0 Lom\u00e9, le Pr\u00e9sident du Groupe de la Banque mondiale, David Malpass, en visite au Togo. La rencontre, qui s\u2019est tenue en pr\u00e9sence de quelques membres du gouvernement et de la d\u00e9l\u00e9gation de [&hellip;]<\/p>\n","protected":false},"author":2,"featured_media":4519,"comment_status":"open","ping_status":"open","sticky":false,"template":"","format":"standard","meta":{"footnotes":""},"categories":[20],"tags":[],"class_list":["post-4518","post","type-post","status-publish","format-standard","has-post-thumbnail","hentry","category-actualite"],"yoast_head":"<!-- This site is optimized with the Yoast SEO plugin v28.4 - https:\/\/yoast.com\/product\/yoast-seo-wordpress\/ -->\n<title>TOGO \/ Banque mondiale\u00a0: Faure Gnassingb\u00e9 et David Malpass se concertent \u00e0 Lom\u00e9 -<\/title>\n<meta name=\"robots\" content=\"index, follow, max-snippet:-1, max-image-preview:large, max-video-preview:-1\" \/>\n<link rel=\"canonical\" href=\"https:\/\/macite.tg\/?p=4518\" \/>\n<meta property=\"og:locale\" content=\"fr_FR\" \/>\n<meta property=\"og:type\" content=\"article\" \/>\n<meta property=\"og:title\" content=\"TOGO \/ Banque mondiale\u00a0: Faure Gnassingb\u00e9 et David Malpass se concertent \u00e0 Lom\u00e9 -\" \/>\n<meta property=\"og:description\" content=\"Le Pr\u00e9sident de la R\u00e9publique, Faure Essozimna Gnassingb\u00e9, a re\u00e7u vendredi soir \u00e0 Lom\u00e9, le Pr\u00e9sident du Groupe de la Banque mondiale, David Malpass, en visite au Togo. La rencontre, qui s\u2019est tenue en pr\u00e9sence de quelques membres du gouvernement et de la d\u00e9l\u00e9gation de [&hellip;]\" \/>\n<meta property=\"og:url\" content=\"https:\/\/macite.tg\/?p=4518\" \/>\n<meta property=\"article:published_time\" content=\"2023-04-01T18:20:05+00:00\" \/>\n<meta property=\"article:modified_time\" content=\"2023-04-01T18:41:40+00:00\" \/>\n<meta property=\"og:image\" content=\"https:\/\/macite.tg\/wp-content\/uploads\/2023\/04\/Fsnbm2GX0AIwZWd.jpg\" \/>\n\t<meta property=\"og:image:width\" content=\"1600\" \/>\n\t<meta property=\"og:image:height\" content=\"1066\" \/>\n\t<meta property=\"og:image:type\" content=\"image\/jpeg\" \/>\n<meta name=\"author\" content=\"Jean Pierre BAWELA\" \/>\n<meta name=\"twitter:card\" content=\"summary_large_image\" \/>\n<meta name=\"twitter:label1\" content=\"\u00c9crit par\" \/>\n\t<meta name=\"twitter:data1\" content=\"Jean Pierre BAWELA\" \/>\n\t<meta name=\"twitter:label2\" content=\"Dur\u00e9e de lecture estim\u00e9e\" \/>\n\t<meta name=\"twitter:data2\" content=\"1 minute\" \/>\n<script type=\"application\/ld+json\" class=\"yoast-schema-graph\">{\"@context\":\"https:\\\/\\\/schema.org\",\"@graph\":[{\"@type\":\"Article\",\"@id\":\"https:\\\/\\\/macite.tg\\\/?p=4518#article\",\"isPartOf\":{\"@id\":\"https:\\\/\\\/macite.tg\\\/?p=4518\"},\"author\":{\"name\":\"Jean Pierre BAWELA\",\"@id\":\"https:\\\/\\\/macite.tg\\\/#\\\/schema\\\/person\\\/e9f2de7e5dbbe7770a9402c7ce82f5c2\"},\"headline\":\"TOGO \\\/ Banque mondiale\u00a0: Faure Gnassingb\u00e9 et David Malpass se concertent \u00e0 Lom\u00e9\",\"datePublished\":\"2023-04-01T18:20:05+00:00\",\"dateModified\":\"2023-04-01T18:41:40+00:00\",\"mainEntityOfPage\":{\"@id\":\"https:\\\/\\\/macite.tg\\\/?p=4518\"},\"wordCount\":197,\"commentCount\":0,\"image\":{\"@id\":\"https:\\\/\\\/macite.tg\\\/?p=4518#primaryimage\"},\"thumbnailUrl\":\"https:\\\/\\\/macite.tg\\\/wp-content\\\/uploads\\\/2023\\\/04\\\/Fsnbm2GX0AIwZWd.jpg\",\"articleSection\":[\"ACTUALITE\"],\"inLanguage\":\"fr-FR\",\"potentialAction\":[{\"@type\":\"CommentAction\",\"name\":\"Comment\",\"target\":[\"https:\\\/\\\/macite.tg\\\/?p=4518#respond\"]}]},{\"@type\":\"WebPage\",\"@id\":\"https:\\\/\\\/macite.tg\\\/?p=4518\",\"url\":\"https:\\\/\\\/macite.tg\\\/?p=4518\",\"name\":\"TOGO \\\/ Banque mondiale\u00a0: Faure Gnassingb\u00e9 et David Malpass se concertent \u00e0 Lom\u00e9 -\",\"isPartOf\":{\"@id\":\"https:\\\/\\\/macite.tg\\\/#website\"},\"primaryImageOfPage\":{\"@id\":\"https:\\\/\\\/macite.tg\\\/?p=4518#primaryimage\"},\"image\":{\"@id\":\"https:\\\/\\\/macite.tg\\\/?p=4518#primaryimage\"},\"thumbnailUrl\":\"https:\\\/\\\/macite.tg\\\/wp-content\\\/uploads\\\/2023\\\/04\\\/Fsnbm2GX0AIwZWd.jpg\",\"datePublished\":\"2023-04-01T18:20:05+00:00\",\"dateModified\":\"2023-04-01T18:41:40+00:00\",\"author\":{\"@id\":\"https:\\\/\\\/macite.tg\\\/#\\\/schema\\\/person\\\/e9f2de7e5dbbe7770a9402c7ce82f5c2\"},\"breadcrumb\":{\"@id\":\"https:\\\/\\\/macite.tg\\\/?p=4518#breadcrumb\"},\"inLanguage\":\"fr-FR\",\"potentialAction\":[{\"@type\":\"ReadAction\",\"target\":[\"https:\\\/\\\/macite.tg\\\/?p=4518\"]}]},{\"@type\":\"ImageObject\",\"inLanguage\":\"fr-FR\",\"@id\":\"https:\\\/\\\/macite.tg\\\/?p=4518#primaryimage\",\"url\":\"https:\\\/\\\/macite.tg\\\/wp-content\\\/uploads\\\/2023\\\/04\\\/Fsnbm2GX0AIwZWd.jpg\",\"contentUrl\":\"https:\\\/\\\/macite.tg\\\/wp-content\\\/uploads\\\/2023\\\/04\\\/Fsnbm2GX0AIwZWd.jpg\",\"width\":1600,\"height\":1066},{\"@type\":\"BreadcrumbList\",\"@id\":\"https:\\\/\\\/macite.tg\\\/?p=4518#breadcrumb\",\"itemListElement\":[{\"@type\":\"ListItem\",\"position\":1,\"name\":\"Accueil\",\"item\":\"https:\\\/\\\/macite.tg\\\/\"},{\"@type\":\"ListItem\",\"position\":2,\"name\":\"TOGO \\\/ Banque mondiale\u00a0: Faure Gnassingb\u00e9 et David Malpass se concertent \u00e0 Lom\u00e9\"}]},{\"@type\":\"WebSite\",\"@id\":\"https:\\\/\\\/macite.tg\\\/#website\",\"url\":\"https:\\\/\\\/macite.tg\\\/\",\"name\":\"\",\"description\":\"L&#039;information, la bonne!!!\",\"potentialAction\":[{\"@type\":\"SearchAction\",\"target\":{\"@type\":\"EntryPoint\",\"urlTemplate\":\"https:\\\/\\\/macite.tg\\\/?s={search_term_string}\"},\"query-input\":{\"@type\":\"PropertyValueSpecification\",\"valueRequired\":true,\"valueName\":\"search_term_string\"}}],\"inLanguage\":\"fr-FR\"},{\"@type\":\"Person\",\"@id\":\"https:\\\/\\\/macite.tg\\\/#\\\/schema\\\/person\\\/e9f2de7e5dbbe7770a9402c7ce82f5c2\",\"name\":\"Jean Pierre BAWELA\",\"image\":{\"@type\":\"ImageObject\",\"inLanguage\":\"fr-FR\",\"@id\":\"https:\\\/\\\/macite.tg\\\/wp-content\\\/uploads\\\/2023\\\/09\\\/WhatsApp-Image-2023-09-19-at-14.44.41-122x122.jpeg\",\"url\":\"https:\\\/\\\/macite.tg\\\/wp-content\\\/uploads\\\/2023\\\/09\\\/WhatsApp-Image-2023-09-19-at-14.44.41-122x122.jpeg\",\"contentUrl\":\"https:\\\/\\\/macite.tg\\\/wp-content\\\/uploads\\\/2023\\\/09\\\/WhatsApp-Image-2023-09-19-at-14.44.41-122x122.jpeg\",\"caption\":\"Jean Pierre BAWELA\"},\"url\":\"https:\\\/\\\/macite.tg\\\/?author=2\"}]}<\/script>\n<!-- \/ Yoast SEO plugin. -->","yoast_head_json":{"title":"TOGO \/ Banque mondiale\u00a0: Faure Gnassingb\u00e9 et David Malpass se concertent \u00e0 Lom\u00e9 -","robots":{"index":"index","follow":"follow","max-snippet":"max-snippet:-1","max-image-preview":"max-image-preview:large","max-video-preview":"max-video-preview:-1"},"canonical":"https:\/\/macite.tg\/?p=4518","og_locale":"fr_FR","og_type":"article","og_title":"TOGO \/ Banque mondiale\u00a0: Faure Gnassingb\u00e9 et David Malpass se concertent \u00e0 Lom\u00e9 -","og_description":"Le Pr\u00e9sident de la R\u00e9publique, Faure Essozimna Gnassingb\u00e9, a re\u00e7u vendredi soir \u00e0 Lom\u00e9, le Pr\u00e9sident du Groupe de la Banque mondiale, David Malpass, en visite au Togo. La rencontre, qui s\u2019est tenue en pr\u00e9sence de quelques membres du gouvernement et de la d\u00e9l\u00e9gation de [&hellip;]","og_url":"https:\/\/macite.tg\/?p=4518","article_published_time":"2023-04-01T18:20:05+00:00","article_modified_time":"2023-04-01T18:41:40+00:00","og_image":[{"width":1600,"height":1066,"url":"https:\/\/macite.tg\/wp-content\/uploads\/2023\/04\/Fsnbm2GX0AIwZWd.jpg","type":"image\/jpeg"}],"author":"Jean Pierre BAWELA","twitter_card":"summary_large_image","twitter_misc":{"\u00c9crit par":"Jean Pierre BAWELA","Dur\u00e9e de lecture estim\u00e9e":"1 minute"},"schema":{"@context":"https:\/\/schema.org","@graph":[{"@type":"Article","@id":"https:\/\/macite.tg\/?p=4518#article","isPartOf":{"@id":"https:\/\/macite.tg\/?p=4518"},"author":{"name":"Jean Pierre BAWELA","@id":"https:\/\/macite.tg\/#\/schema\/person\/e9f2de7e5dbbe7770a9402c7ce82f5c2"},"headline":"TOGO \/ Banque mondiale\u00a0: Faure Gnassingb\u00e9 et David Malpass se concertent \u00e0 Lom\u00e9","datePublished":"2023-04-01T18:20:05+00:00","dateModified":"2023-04-01T18:41:40+00:00","mainEntityOfPage":{"@id":"https:\/\/macite.tg\/?p=4518"},"wordCount":197,"commentCount":0,"image":{"@id":"https:\/\/macite.tg\/?p=4518#primaryimage"},"thumbnailUrl":"https:\/\/macite.tg\/wp-content\/uploads\/2023\/04\/Fsnbm2GX0AIwZWd.jpg","articleSection":["ACTUALITE"],"inLanguage":"fr-FR","potentialAction":[{"@type":"CommentAction","name":"Comment","target":["https:\/\/macite.tg\/?p=4518#respond"]}]},{"@type":"WebPage","@id":"https:\/\/macite.tg\/?p=4518","url":"https:\/\/macite.tg\/?p=4518","name":"TOGO \/ Banque mondiale\u00a0: Faure Gnassingb\u00e9 et David Malpass se concertent \u00e0 Lom\u00e9 -","isPartOf":{"@id":"https:\/\/macite.tg\/#website"},"primaryImageOfPage":{"@id":"https:\/\/macite.tg\/?p=4518#primaryimage"},"image":{"@id":"https:\/\/macite.tg\/?p=4518#primaryimage"},"thumbnailUrl":"https:\/\/macite.tg\/wp-content\/uploads\/2023\/04\/Fsnbm2GX0AIwZWd.jpg","datePublished":"2023-04-01T18:20:05+00:00","dateModified":"2023-04-01T18:41:40+00:00","author":{"@id":"https:\/\/macite.tg\/#\/schema\/person\/e9f2de7e5dbbe7770a9402c7ce82f5c2"},"breadcrumb":{"@id":"https:\/\/macite.tg\/?p=4518#breadcrumb"},"inLanguage":"fr-FR","potentialAction":[{"@type":"ReadAction","target":["https:\/\/macite.tg\/?p=4518"]}]},{"@type":"ImageObject","inLanguage":"fr-FR","@id":"https:\/\/macite.tg\/?p=4518#primaryimage","url":"https:\/\/macite.tg\/wp-content\/uploads\/2023\/04\/Fsnbm2GX0AIwZWd.jpg","contentUrl":"https:\/\/macite.tg\/wp-content\/uploads\/2023\/04\/Fsnbm2GX0AIwZWd.jpg","width":1600,"height":1066},{"@type":"BreadcrumbList","@id":"https:\/\/macite.tg\/?p=4518#breadcrumb","itemListElement":[{"@type":"ListItem","position":1,"name":"Accueil","item":"https:\/\/macite.tg\/"},{"@type":"ListItem","position":2,"name":"TOGO \/ Banque mondiale\u00a0: Faure Gnassingb\u00e9 et David Malpass se concertent \u00e0 Lom\u00e9"}]},{"@type":"WebSite","@id":"https:\/\/macite.tg\/#website","url":"https:\/\/macite.tg\/","name":"","description":"L&#039;information, la bonne!!!","potentialAction":[{"@type":"SearchAction","target":{"@type":"EntryPoint","urlTemplate":"https:\/\/macite.tg\/?s={search_term_string}"},"query-input":{"@type":"PropertyValueSpecification","valueRequired":true,"valueName":"search_term_string"}}],"inLanguage":"fr-FR"},{"@type":"Person","@id":"https:\/\/macite.tg\/#\/schema\/person\/e9f2de7e5dbbe7770a9402c7ce82f5c2","name":"Jean Pierre BAWELA","image":{"@type":"ImageObject","inLanguage":"fr-FR","@id":"https:\/\/macite.tg\/wp-content\/uploads\/2023\/09\/WhatsApp-Image-2023-09-19-at-14.44.41-122x122.jpeg","url":"https:\/\/macite.tg\/wp-content\/uploads\/2023\/09\/WhatsApp-Image-2023-09-19-at-14.44.41-122x122.jpeg","contentUrl":"https:\/\/macite.tg\/wp-content\/uploads\/2023\/09\/WhatsApp-Image-2023-09-19-at-14.44.41-122x122.jpeg","caption":"Jean Pierre BAWELA"},"url":"https:\/\/macite.tg\/?author=2"}]}},"_links":{"self":[{"href":"https:\/\/macite.tg\/index.php?rest_route=\/wp\/v2\/posts\/4518","targetHints":{"allow":["GET"]}}],"collection":[{"href":"https:\/\/macite.tg\/index.php?rest_route=\/wp\/v2\/posts"}],"about":[{"href":"https:\/\/macite.tg\/index.php?rest_route=\/wp\/v2\/types\/post"}],"author":[{"embeddable":true,"href":"https:\/\/macite.tg\/index.php?rest_route=\/wp\/v2\/users\/2"}],"replies":[{"embeddable":true,"href":"https:\/\/macite.tg\/index.php?rest_route=%2Fwp%2Fv2%2Fcomments&post=4518"}],"version-history":[{"count":0,"href":"https:\/\/macite.tg\/index.php?rest_route=\/wp\/v2\/posts\/4518\/revisions"}],"wp:featuredmedia":[{"embeddable":true,"href":"https:\/\/macite.tg\/index.php?rest_route=\/wp\/v2\/media\/4519"}],"wp:attachment":[{"href":"https:\/\/macite.tg\/index.php?rest_route=%2Fwp%2Fv2%2Fmedia&parent=4518"}],"wp:term":[{"taxonomy":"category","embeddable":true,"href":"https:\/\/macite.tg\/index.php?rest_route=%2Fwp%2Fv2%2Fcategories&post=4518"},{"taxonomy":"post_tag","embeddable":true,"href":"https:\/\/macite.tg\/index.php?rest_route=%2Fwp%2Fv2%2Ftags&post=4518"}],"curies":[{"name":"wp","href":"https:\/\/api.w.org\/{rel}","templated":true}]}}