{"id":45,"date":"2022-09-16T12:45:34","date_gmt":"2022-09-16T12:45:34","guid":{"rendered":"https:\/\/macite.info\/?p=45"},"modified":"2022-09-16T15:41:02","modified_gmt":"2022-09-16T15:41:02","slug":"quandla-divaaicha-kone-soutient-assimi-goita-je-soutiens-assimi-parce-que-cest-un-panafricain-si-le-mali-sort-vainqueur-de-ce-combat-nous-aurons-tous-eu-la-victoire","status":"publish","type":"post","link":"https:\/\/macite.tg\/?p=45","title":{"rendered":"QUAND LA DIVA AICHA KONE SOUTIENT ASSIMI GO\u00cfTA\u00a0: \u00abJe soutiens Assimi parce que c\u2019est un panafricain&#8230; Si le Mali sort vainqueur de ce combat, nous aurons tous eu la victoire\u00bb"},"content":{"rendered":"\n<p class=\"wp-block-paragraph\"><\/p>\n\n\n\n<p class=\"wp-block-paragraph\"><strong><em>La diva de la musique ivoirienne, Aicha Kon\u00e9, a d\u00e9voil\u00e9 les raisons pour lesquelles elle a fait une chanson en hommage au chef de la Junte malienne, Assimi Go\u00efta.<\/em><\/strong><em><\/em><\/p>\n\n\n\n<p class=\"wp-block-paragraph\">En effet, Aicha Kon\u00e9 a d\u00e9voil\u00e9 une chanson faisant les \u00e9loges du chef de la junte malienne, Assimi Goita. Ce qui surprend et choque de nombreux observateurs quand on sait que plusieurs soldats ivoiriens sont d\u00e9tenus \u00e0 Bamako depuis plus d\u2019un mois.<\/p>\n\n\n\n<p class=\"wp-block-paragraph\">Dans un entretien accord\u00e9 \u00e0 un confr\u00e8re malien, elle a donn\u00e9 les raisons pour lesquelles elle a fait cette chanson. <strong><em>\u00ab On ne peut pas plaire \u00e0 tout le monde. Moi je pense que le combat que m\u00e8ne aujourd\u2019hui Assimi Go\u00efta n\u2019est pas celui du Mali seul et je crois que nous allons nous en rendre compte plus tard. Il est sur la voie de continuer un combat men\u00e9 par nos devanciers pour la libert\u00e9 de l\u2019Afrique.<\/em><\/strong><\/p>\n\n\n\n<p class=\"wp-block-paragraph\"><strong><em>Si nous disons que nous sommes panafricains, nous devons comprendre les choses dans ce sens. Moi, je suis une artiste chanteuse et je soutiens Assimi parce que c\u2019est un panafricain. M\u00eame si je ne suis pas du Mali, je pense que c\u2019est un combat collectif. Si le Mali sort vainqueur de ce combat, nous aurons tous eu la victoire\u00bb,<\/em><\/strong> a-t-elle indiqu\u00e9.<\/p>\n\n\n\n<p class=\"wp-block-paragraph\">La diva de la musique ivoirienne a \u00e9galement pr\u00e9cis\u00e9 qu\u2019elle n\u2019 a jamais rencontr\u00e9 Assimi Goita. <strong><em>\u00abJe vois Assimi Go\u00efta \u00e0 la t\u00e9l\u00e9vision, je ne le connais pas physiquement. Mais c\u2019est sa vision pour l\u2019avanc\u00e9e du continent africain que j\u2019ai aim\u00e9e et qui a inspir\u00e9 cette chanson.<\/em><\/strong><\/p>\n\n\n\n<p class=\"wp-block-paragraph\"><strong><em>Nous sommes \u00e0 la recherche de jeunes africains qui connaissent nos valeurs et de dirigeants qui nous aideront \u00e0 sortir de la pr\u00e9carit\u00e9. J\u2019ai fait cette chanson en l\u2019honneur d\u2019Assimi Go\u00efta du Mali, de Mamadi Doumbia de la Guin\u00e9e et Damiba du Burkina Faso.<\/em><\/strong><\/p>\n\n\n\n<p class=\"wp-block-paragraph\"><strong><em>Nous sommes dans le vent du changement. Il faut que les africains ouvrent les yeux. Il y a eu de l\u2019avanc\u00e9e. Des mentalit\u00e9s sont en train de changer. Et Assimi Go\u00efta est sur cette voie.<\/em><\/strong><\/p>\n\n\n\n<p class=\"wp-block-paragraph\"><strong><em>Beaucoup d\u2019africains devraient le suivre dans cette lanc\u00e9e car c\u2019est un enfant du continent et si tout le monde l\u2019aide \u00e0 avancer dans le travail qu\u2019il fait au Mali, tout le continent aura la paix\u00bb,<\/em><\/strong> a-t-elle confi\u00e9.<\/p>\n\n\n\n<p class=\"wp-block-paragraph\">Puis d\u2019ajouter : <strong><em>\u00ab Si je veux retourner dans mes origines, le p\u00e8re de ma m\u00e8re vient de Sikasso au Mali. Il s\u2019appelait Moussa Traor\u00e9 et \u00e9tait de la lign\u00e9e royale. Il est venu en C\u00f4te d\u2019Ivoire et a eu ma m\u00e8re apr\u00e8s avoir \u00e9pous\u00e9 ma grand-m\u00e8re.<\/em><\/strong><\/p>\n\n\n\n<p class=\"wp-block-paragraph\"><strong><em>Mais je connais Sikasso parce que je vais voir les parents de mes grands- parents. Sinon, je suis originaire de Boundiali, non loin de Tengrela en C\u00f4te d\u2019Ivoire\u00bb, <\/em><\/strong>a-t-elle r\u00e9v\u00e9l\u00e9.<\/p>\n\n\n\n<p class=\"wp-block-paragraph\">Dans une autre vid\u00e9o publi\u00e9e sur la toile, A\u00efcha Kon\u00e9 a fait savoir qu\u2019elle est aussi pr\u00e9occup\u00e9e par la situation des soldats ivoiriens d\u00e9tenus au Mali. Elle esp\u00e8re qu\u2019ils seront lib\u00e9r\u00e9s.<\/p>\n\n\n\n<p class=\"wp-block-paragraph\"><strong><u>Source<\/u><\/strong><strong>&nbsp;: @Onvoitout<\/strong><\/p>\n\n\n\n<p class=\"wp-block-paragraph\"><strong><em>@macite.info<\/em><\/strong><\/p>\n\n\n\n<p class=\"wp-block-paragraph\"><strong><em>E-mail&nbsp;: <\/em><\/strong><a href=\"mailto:maciteinfo@gmail.com\"><strong><em>maciteinfo@gmail.com<\/em><\/strong><\/a><strong><em>; <\/em><\/strong><a href=\"mailto:bawela1@gmail.com\"><strong><em>bawela1@gmail.com<\/em><\/strong><\/a><strong><em><\/em><\/strong><\/p>\n\n\n\n<p class=\"wp-block-paragraph\"><strong><em>Pour vos annonces, (publi)reportages, etc., joignez nous au (00228) 91515309\/<\/em><\/strong><strong>79872224<\/strong><em><\/em><\/p>\n\n\n\n<p class=\"wp-block-paragraph\"><a href=\"http:\/\/www.macite.info\"><strong><em>www.macite.info<\/em><\/strong><\/a><strong><em>, l\u2019information, la bonne&nbsp;!<\/em><\/strong><\/p>\n","protected":false},"excerpt":{"rendered":"<p class=\"text-justify mb-2\" >La diva de la musique ivoirienne, Aicha Kon\u00e9, a d\u00e9voil\u00e9 les raisons pour lesquelles elle a fait une chanson en hommage au chef de la Junte malienne, Assimi Go\u00efta. En effet, Aicha Kon\u00e9 a d\u00e9voil\u00e9 une chanson faisant les \u00e9loges du chef de la junte [&hellip;]<\/p>\n","protected":false},"author":1,"featured_media":46,"comment_status":"open","ping_status":"open","sticky":false,"template":"","format":"standard","meta":{"footnotes":""},"categories":[1],"tags":[],"class_list":["post-45","post","type-post","status-publish","format-standard","has-post-thumbnail","hentry","category-politique"],"yoast_head":"<!-- This site is optimized with the Yoast SEO plugin v28.4 - https:\/\/yoast.com\/product\/yoast-seo-wordpress\/ -->\n<title>QUAND LA DIVA AICHA KONE SOUTIENT ASSIMI GO\u00cfTA\u00a0: \u00abJe soutiens Assimi parce que c\u2019est un panafricain... Si le Mali sort vainqueur de ce combat, nous aurons tous eu la victoire\u00bb -<\/title>\n<meta name=\"robots\" content=\"index, follow, max-snippet:-1, max-image-preview:large, max-video-preview:-1\" \/>\n<link rel=\"canonical\" href=\"https:\/\/macite.tg\/?p=45\" \/>\n<meta property=\"og:locale\" content=\"fr_FR\" \/>\n<meta property=\"og:type\" content=\"article\" \/>\n<meta property=\"og:title\" content=\"QUAND LA DIVA AICHA KONE SOUTIENT ASSIMI GO\u00cfTA\u00a0: \u00abJe soutiens Assimi parce que c\u2019est un panafricain... Si le Mali sort vainqueur de ce combat, nous aurons tous eu la victoire\u00bb -\" \/>\n<meta property=\"og:description\" content=\"La diva de la musique ivoirienne, Aicha Kon\u00e9, a d\u00e9voil\u00e9 les raisons pour lesquelles elle a fait une chanson en hommage au chef de la Junte malienne, Assimi Go\u00efta. En effet, Aicha Kon\u00e9 a d\u00e9voil\u00e9 une chanson faisant les \u00e9loges du chef de la junte [&hellip;]\" \/>\n<meta property=\"og:url\" content=\"https:\/\/macite.tg\/?p=45\" \/>\n<meta property=\"article:published_time\" content=\"2022-09-16T12:45:34+00:00\" \/>\n<meta property=\"article:modified_time\" content=\"2022-09-16T15:41:02+00:00\" \/>\n<meta property=\"og:image\" content=\"https:\/\/macite.tg\/wp-content\/uploads\/2022\/09\/image-1.png\" \/>\n\t<meta property=\"og:image:width\" content=\"266\" \/>\n\t<meta property=\"og:image:height\" content=\"150\" \/>\n\t<meta property=\"og:image:type\" content=\"image\/png\" \/>\n<meta name=\"author\" content=\"admin\" \/>\n<meta name=\"twitter:card\" content=\"summary_large_image\" \/>\n<meta name=\"twitter:label1\" content=\"\u00c9crit par\" \/>\n\t<meta name=\"twitter:data1\" content=\"admin\" \/>\n\t<meta name=\"twitter:label2\" content=\"Dur\u00e9e de lecture estim\u00e9e\" \/>\n\t<meta name=\"twitter:data2\" content=\"3 minutes\" \/>\n<script type=\"application\/ld+json\" class=\"yoast-schema-graph\">{\"@context\":\"https:\\\/\\\/schema.org\",\"@graph\":[{\"@type\":\"Article\",\"@id\":\"https:\\\/\\\/macite.tg\\\/?p=45#article\",\"isPartOf\":{\"@id\":\"https:\\\/\\\/macite.tg\\\/?p=45\"},\"author\":{\"name\":\"admin\",\"@id\":\"https:\\\/\\\/macite.tg\\\/#\\\/schema\\\/person\\\/6cd4c8a22a0d133225f39e62808aa0a2\"},\"headline\":\"QUAND LA DIVA AICHA KONE SOUTIENT ASSIMI GO\u00cfTA\u00a0: \u00abJe soutiens Assimi parce que c\u2019est un panafricain&#8230; Si le Mali sort vainqueur de ce combat, nous aurons tous eu la victoire\u00bb\",\"datePublished\":\"2022-09-16T12:45:34+00:00\",\"dateModified\":\"2022-09-16T15:41:02+00:00\",\"mainEntityOfPage\":{\"@id\":\"https:\\\/\\\/macite.tg\\\/?p=45\"},\"wordCount\":596,\"commentCount\":0,\"image\":{\"@id\":\"https:\\\/\\\/macite.tg\\\/?p=45#primaryimage\"},\"thumbnailUrl\":\"https:\\\/\\\/macite.tg\\\/wp-content\\\/uploads\\\/2022\\\/09\\\/image-1.png\",\"articleSection\":[\"POLITIQUE\"],\"inLanguage\":\"fr-FR\",\"potentialAction\":[{\"@type\":\"CommentAction\",\"name\":\"Comment\",\"target\":[\"https:\\\/\\\/macite.tg\\\/?p=45#respond\"]}]},{\"@type\":\"WebPage\",\"@id\":\"https:\\\/\\\/macite.tg\\\/?p=45\",\"url\":\"https:\\\/\\\/macite.tg\\\/?p=45\",\"name\":\"QUAND LA DIVA AICHA KONE SOUTIENT ASSIMI GO\u00cfTA\u00a0: \u00abJe soutiens Assimi parce que c\u2019est un panafricain... Si le Mali sort vainqueur de ce combat, nous aurons tous eu la victoire\u00bb -\",\"isPartOf\":{\"@id\":\"https:\\\/\\\/macite.tg\\\/#website\"},\"primaryImageOfPage\":{\"@id\":\"https:\\\/\\\/macite.tg\\\/?p=45#primaryimage\"},\"image\":{\"@id\":\"https:\\\/\\\/macite.tg\\\/?p=45#primaryimage\"},\"thumbnailUrl\":\"https:\\\/\\\/macite.tg\\\/wp-content\\\/uploads\\\/2022\\\/09\\\/image-1.png\",\"datePublished\":\"2022-09-16T12:45:34+00:00\",\"dateModified\":\"2022-09-16T15:41:02+00:00\",\"author\":{\"@id\":\"https:\\\/\\\/macite.tg\\\/#\\\/schema\\\/person\\\/6cd4c8a22a0d133225f39e62808aa0a2\"},\"breadcrumb\":{\"@id\":\"https:\\\/\\\/macite.tg\\\/?p=45#breadcrumb\"},\"inLanguage\":\"fr-FR\",\"potentialAction\":[{\"@type\":\"ReadAction\",\"target\":[\"https:\\\/\\\/macite.tg\\\/?p=45\"]}]},{\"@type\":\"ImageObject\",\"inLanguage\":\"fr-FR\",\"@id\":\"https:\\\/\\\/macite.tg\\\/?p=45#primaryimage\",\"url\":\"https:\\\/\\\/macite.tg\\\/wp-content\\\/uploads\\\/2022\\\/09\\\/image-1.png\",\"contentUrl\":\"https:\\\/\\\/macite.tg\\\/wp-content\\\/uploads\\\/2022\\\/09\\\/image-1.png\",\"width\":266,\"height\":150},{\"@type\":\"BreadcrumbList\",\"@id\":\"https:\\\/\\\/macite.tg\\\/?p=45#breadcrumb\",\"itemListElement\":[{\"@type\":\"ListItem\",\"position\":1,\"name\":\"Accueil\",\"item\":\"https:\\\/\\\/macite.tg\\\/\"},{\"@type\":\"ListItem\",\"position\":2,\"name\":\"QUAND LA DIVA AICHA KONE SOUTIENT ASSIMI GO\u00cfTA\u00a0: \u00abJe soutiens Assimi parce que c\u2019est un panafricain&#8230; Si le Mali sort vainqueur de ce combat, nous aurons tous eu la victoire\u00bb\"}]},{\"@type\":\"WebSite\",\"@id\":\"https:\\\/\\\/macite.tg\\\/#website\",\"url\":\"https:\\\/\\\/macite.tg\\\/\",\"name\":\"\",\"description\":\"L&#039;information, la bonne!!!\",\"potentialAction\":[{\"@type\":\"SearchAction\",\"target\":{\"@type\":\"EntryPoint\",\"urlTemplate\":\"https:\\\/\\\/macite.tg\\\/?s={search_term_string}\"},\"query-input\":{\"@type\":\"PropertyValueSpecification\",\"valueRequired\":true,\"valueName\":\"search_term_string\"}}],\"inLanguage\":\"fr-FR\"},{\"@type\":\"Person\",\"@id\":\"https:\\\/\\\/macite.tg\\\/#\\\/schema\\\/person\\\/6cd4c8a22a0d133225f39e62808aa0a2\",\"name\":\"admin\",\"image\":{\"@type\":\"ImageObject\",\"inLanguage\":\"fr-FR\",\"@id\":\"https:\\\/\\\/macite.tg\\\/wp-content\\\/uploads\\\/2023\\\/09\\\/WhatsApp-Image-2023-09-19-at-14.44.41-122x122.jpeg\",\"url\":\"https:\\\/\\\/macite.tg\\\/wp-content\\\/uploads\\\/2023\\\/09\\\/WhatsApp-Image-2023-09-19-at-14.44.41-122x122.jpeg\",\"contentUrl\":\"https:\\\/\\\/macite.tg\\\/wp-content\\\/uploads\\\/2023\\\/09\\\/WhatsApp-Image-2023-09-19-at-14.44.41-122x122.jpeg\",\"caption\":\"admin\"},\"sameAs\":[\"https:\\\/\\\/macite.tg\"],\"url\":\"https:\\\/\\\/macite.tg\\\/?author=1\"}]}<\/script>\n<!-- \/ Yoast SEO plugin. -->","yoast_head_json":{"title":"QUAND LA DIVA AICHA KONE SOUTIENT ASSIMI GO\u00cfTA\u00a0: \u00abJe soutiens Assimi parce que c\u2019est un panafricain... Si le Mali sort vainqueur de ce combat, nous aurons tous eu la victoire\u00bb -","robots":{"index":"index","follow":"follow","max-snippet":"max-snippet:-1","max-image-preview":"max-image-preview:large","max-video-preview":"max-video-preview:-1"},"canonical":"https:\/\/macite.tg\/?p=45","og_locale":"fr_FR","og_type":"article","og_title":"QUAND LA DIVA AICHA KONE SOUTIENT ASSIMI GO\u00cfTA\u00a0: \u00abJe soutiens Assimi parce que c\u2019est un panafricain... Si le Mali sort vainqueur de ce combat, nous aurons tous eu la victoire\u00bb -","og_description":"La diva de la musique ivoirienne, Aicha Kon\u00e9, a d\u00e9voil\u00e9 les raisons pour lesquelles elle a fait une chanson en hommage au chef de la Junte malienne, Assimi Go\u00efta. En effet, Aicha Kon\u00e9 a d\u00e9voil\u00e9 une chanson faisant les \u00e9loges du chef de la junte [&hellip;]","og_url":"https:\/\/macite.tg\/?p=45","article_published_time":"2022-09-16T12:45:34+00:00","article_modified_time":"2022-09-16T15:41:02+00:00","og_image":[{"width":266,"height":150,"url":"https:\/\/macite.tg\/wp-content\/uploads\/2022\/09\/image-1.png","type":"image\/png"}],"author":"admin","twitter_card":"summary_large_image","twitter_misc":{"\u00c9crit par":"admin","Dur\u00e9e de lecture estim\u00e9e":"3 minutes"},"schema":{"@context":"https:\/\/schema.org","@graph":[{"@type":"Article","@id":"https:\/\/macite.tg\/?p=45#article","isPartOf":{"@id":"https:\/\/macite.tg\/?p=45"},"author":{"name":"admin","@id":"https:\/\/macite.tg\/#\/schema\/person\/6cd4c8a22a0d133225f39e62808aa0a2"},"headline":"QUAND LA DIVA AICHA KONE SOUTIENT ASSIMI GO\u00cfTA\u00a0: \u00abJe soutiens Assimi parce que c\u2019est un panafricain&#8230; Si le Mali sort vainqueur de ce combat, nous aurons tous eu la victoire\u00bb","datePublished":"2022-09-16T12:45:34+00:00","dateModified":"2022-09-16T15:41:02+00:00","mainEntityOfPage":{"@id":"https:\/\/macite.tg\/?p=45"},"wordCount":596,"commentCount":0,"image":{"@id":"https:\/\/macite.tg\/?p=45#primaryimage"},"thumbnailUrl":"https:\/\/macite.tg\/wp-content\/uploads\/2022\/09\/image-1.png","articleSection":["POLITIQUE"],"inLanguage":"fr-FR","potentialAction":[{"@type":"CommentAction","name":"Comment","target":["https:\/\/macite.tg\/?p=45#respond"]}]},{"@type":"WebPage","@id":"https:\/\/macite.tg\/?p=45","url":"https:\/\/macite.tg\/?p=45","name":"QUAND LA DIVA AICHA KONE SOUTIENT ASSIMI GO\u00cfTA\u00a0: \u00abJe soutiens Assimi parce que c\u2019est un panafricain... Si le Mali sort vainqueur de ce combat, nous aurons tous eu la victoire\u00bb -","isPartOf":{"@id":"https:\/\/macite.tg\/#website"},"primaryImageOfPage":{"@id":"https:\/\/macite.tg\/?p=45#primaryimage"},"image":{"@id":"https:\/\/macite.tg\/?p=45#primaryimage"},"thumbnailUrl":"https:\/\/macite.tg\/wp-content\/uploads\/2022\/09\/image-1.png","datePublished":"2022-09-16T12:45:34+00:00","dateModified":"2022-09-16T15:41:02+00:00","author":{"@id":"https:\/\/macite.tg\/#\/schema\/person\/6cd4c8a22a0d133225f39e62808aa0a2"},"breadcrumb":{"@id":"https:\/\/macite.tg\/?p=45#breadcrumb"},"inLanguage":"fr-FR","potentialAction":[{"@type":"ReadAction","target":["https:\/\/macite.tg\/?p=45"]}]},{"@type":"ImageObject","inLanguage":"fr-FR","@id":"https:\/\/macite.tg\/?p=45#primaryimage","url":"https:\/\/macite.tg\/wp-content\/uploads\/2022\/09\/image-1.png","contentUrl":"https:\/\/macite.tg\/wp-content\/uploads\/2022\/09\/image-1.png","width":266,"height":150},{"@type":"BreadcrumbList","@id":"https:\/\/macite.tg\/?p=45#breadcrumb","itemListElement":[{"@type":"ListItem","position":1,"name":"Accueil","item":"https:\/\/macite.tg\/"},{"@type":"ListItem","position":2,"name":"QUAND LA DIVA AICHA KONE SOUTIENT ASSIMI GO\u00cfTA\u00a0: \u00abJe soutiens Assimi parce que c\u2019est un panafricain&#8230; Si le Mali sort vainqueur de ce combat, nous aurons tous eu la victoire\u00bb"}]},{"@type":"WebSite","@id":"https:\/\/macite.tg\/#website","url":"https:\/\/macite.tg\/","name":"","description":"L&#039;information, la bonne!!!","potentialAction":[{"@type":"SearchAction","target":{"@type":"EntryPoint","urlTemplate":"https:\/\/macite.tg\/?s={search_term_string}"},"query-input":{"@type":"PropertyValueSpecification","valueRequired":true,"valueName":"search_term_string"}}],"inLanguage":"fr-FR"},{"@type":"Person","@id":"https:\/\/macite.tg\/#\/schema\/person\/6cd4c8a22a0d133225f39e62808aa0a2","name":"admin","image":{"@type":"ImageObject","inLanguage":"fr-FR","@id":"https:\/\/macite.tg\/wp-content\/uploads\/2023\/09\/WhatsApp-Image-2023-09-19-at-14.44.41-122x122.jpeg","url":"https:\/\/macite.tg\/wp-content\/uploads\/2023\/09\/WhatsApp-Image-2023-09-19-at-14.44.41-122x122.jpeg","contentUrl":"https:\/\/macite.tg\/wp-content\/uploads\/2023\/09\/WhatsApp-Image-2023-09-19-at-14.44.41-122x122.jpeg","caption":"admin"},"sameAs":["https:\/\/macite.tg"],"url":"https:\/\/macite.tg\/?author=1"}]}},"_links":{"self":[{"href":"https:\/\/macite.tg\/index.php?rest_route=\/wp\/v2\/posts\/45","targetHints":{"allow":["GET"]}}],"collection":[{"href":"https:\/\/macite.tg\/index.php?rest_route=\/wp\/v2\/posts"}],"about":[{"href":"https:\/\/macite.tg\/index.php?rest_route=\/wp\/v2\/types\/post"}],"author":[{"embeddable":true,"href":"https:\/\/macite.tg\/index.php?rest_route=\/wp\/v2\/users\/1"}],"replies":[{"embeddable":true,"href":"https:\/\/macite.tg\/index.php?rest_route=%2Fwp%2Fv2%2Fcomments&post=45"}],"version-history":[{"count":0,"href":"https:\/\/macite.tg\/index.php?rest_route=\/wp\/v2\/posts\/45\/revisions"}],"wp:featuredmedia":[{"embeddable":true,"href":"https:\/\/macite.tg\/index.php?rest_route=\/wp\/v2\/media\/46"}],"wp:attachment":[{"href":"https:\/\/macite.tg\/index.php?rest_route=%2Fwp%2Fv2%2Fmedia&parent=45"}],"wp:term":[{"taxonomy":"category","embeddable":true,"href":"https:\/\/macite.tg\/index.php?rest_route=%2Fwp%2Fv2%2Fcategories&post=45"},{"taxonomy":"post_tag","embeddable":true,"href":"https:\/\/macite.tg\/index.php?rest_route=%2Fwp%2Fv2%2Ftags&post=45"}],"curies":[{"name":"wp","href":"https:\/\/api.w.org\/{rel}","templated":true}]}}